{"id":43251,"date":"2022-09-07T14:46:15","date_gmt":"2022-09-07T18:46:15","guid":{"rendered":"https:\/\/blog.canadamotorjobs.com\/nostalgiques-du-microbus-vous-devrez-encore-patientez\/"},"modified":"2022-09-07T14:58:37","modified_gmt":"2022-09-07T18:58:37","slug":"nostalgiques-du-microbus-vous-devrez-encore-patientez","status":"publish","type":"post","link":"https:\/\/news.canadamotorjobs.com\/fr\/nostalgiques-du-microbus-vous-devrez-encore-patientez\/","title":{"rendered":"Nostalgiques du Microbus, vous devrez encore patientez"},"content":{"rendered":"<\/p>\n<p>Le petit fourgon \u00e9lectrique ID Buzz de Volkswagen a fait un pas de plus vers les routes nord-am\u00e9ricaines la semaine derni\u00e8re alors que le constructeur allemand a organis\u00e9 un premier \u00e9v\u00e9nement mondial permettant aux m\u00e9dias sp\u00e9cialis\u00e9s de voir de plus pr\u00e8s et m\u00eame de conduire ce petit v\u00e9hicule qui, si vraiment on le veut, remonte sa filiation jusqu\u2019\u00e0 la premi\u00e8re petite fourgonnette de Volkswagen, le Microbus, une des ic\u00f4nes de l\u2019\u00e9poque hippie aux \u00c9tats-Unis et m\u00eame chez nous il y une cinquantaine d\u2019ann\u00e9es.<br \/> En 2024 comme mod\u00e8le 2025<br \/> Le ID Buzz a donc pu \u00eatre observ\u00e9 de plus pr\u00e8s lors d\u2019un d\u00e9voilement au Danemark. On y retrouvait un v\u00e9hicule con\u00e7u pour l\u2019Europe, o\u00f9 il sera vendu au cours des prochains mois en une version d\u00e9finitive qui ressemble beaucoup au v\u00e9hicule concept du m\u00eame nom qu\u2019on a pu voir dans les salons automobiles aussit\u00f4t qu\u2019en 2017.<br \/> 400 kilom\u00e8tres europ\u00e9en<br \/> Ce v\u00e9hicule tout \u00e9lectrique a une batterie de 82 kilowatts-heure bonne pour 400 kilom\u00e8tres d\u2019autonomie selon les normes WLTP ou autour de 350 chez nous. Il peut accueillir quatre passagers mais sa portion arri\u00e8re est modulaire et peut aussi convenir pour un usage commercial. Il va d\u2019ailleurs y avoir une \u00e9dition \u00ab ID Buzz Cargo Van \u00bb qui ressemblera carr\u00e9ment \u00e0 un fourgon commercial.<br \/> Un prix \u00e9lev\u00e9<br \/> Il va se vendre en Europe entre 70 000 et 85 000 dollars canadiens. Imaginez maintenant que ce mod\u00e8le soit vendu chez nous, avec ce qu\u2019il en co\u00fbtera pour en transporter quelques milliers d\u2019exemplaires en<\/p>\n","protected":false},"excerpt":{"rendered":"<p>Le petit fourgon \u00e9lectrique ID Buzz de Volkswagen a fait un pas de plus vers les routes nord-am\u00e9ricaines la semaine derni\u00e8re alors que le constructeur allemand a organis\u00e9 un premier \u00e9v\u00e9nement mondial permettant aux m\u00e9dias sp\u00e9cialis\u00e9s de voir de plus pr\u00e8s et m\u00eame de conduire ce petit v\u00e9hicule qui, si vraiment on le veut, remonte [&hellip;]<\/p>\n","protected":false},"author":8,"featured_media":43255,"comment_status":"close","ping_status":"closed","sticky":false,"template":"","format":"standard","meta":{"_monsterinsights_skip_tracking":false,"_monsterinsights_sitenote_active":false,"_monsterinsights_sitenote_note":"","_monsterinsights_sitenote_category":0,"footnotes":""},"categories":[101],"tags":[],"yoast_head":"<!-- This site is optimized with the Yoast SEO plugin v23.2 - https:\/\/yoast.com\/wordpress\/plugins\/seo\/ -->\n<title>Nostalgiques du Microbus, vous devrez encore patientez - CanadaMotorJobs.com<\/title>\n<meta name=\"description\" content=\"Nostalgiques du Microbus, vous devrez encore patientez - Benoit Charette - Annuel automobile - CanadaMotorJobs.com.\" \/>\n<meta name=\"robots\" content=\"index, follow, max-snippet:-1, max-image-preview:large, max-video-preview:-1\" \/>\n<meta property=\"og:locale\" content=\"fr_CA\" \/>\n<meta property=\"og:type\" content=\"article\" \/>\n<meta property=\"og:title\" content=\"Nostalgiques du Microbus, vous devrez encore patientez - CanadaMotorJobs.com\" \/>\n<meta property=\"og:description\" content=\"Nostalgiques du Microbus, vous devrez encore patientez - Benoit Charette - Annuel automobile - CanadaMotorJobs.com.\" \/>\n<meta property=\"og:url\" content=\"https:\/\/news.canadamotorjobs.com\/fr\/nostalgiques-du-microbus-vous-devrez-encore-patientez\/\" \/>\n<meta property=\"og:site_name\" content=\"CanadaMotorJobs.com\" \/>\n<meta property=\"article:publisher\" content=\"https:\/\/www.facebook.com\/canadamotorjobs\/\" \/>\n<meta property=\"article:published_time\" content=\"2022-09-07T18:46:15+00:00\" \/>\n<meta property=\"article:modified_time\" content=\"2022-09-07T18:58:37+00:00\" \/>\n<meta property=\"og:image\" content=\"https:\/\/news.canadamotorjobs.com\/wp-content\/uploads\/2022\/09\/Large-15919-ID.BuzzEuropeanmodel-1.jpg\" \/>\n\t<meta property=\"og:image:width\" content=\"1499\" \/>\n\t<meta property=\"og:image:height\" content=\"1000\" \/>\n\t<meta property=\"og:image:type\" content=\"image\/jpeg\" \/>\n<meta name=\"author\" content=\"Benoit Charette\" \/>\n<meta name=\"twitter:card\" content=\"summary_large_image\" \/>\n<meta name=\"twitter:creator\" content=\"@canadamotorjobs\" \/>\n<meta name=\"twitter:site\" content=\"@canadamotorjobs\" \/>\n<meta name=\"twitter:label1\" content=\"\u00c9crit par\" \/>\n\t<meta name=\"twitter:data1\" content=\"Benoit Charette\" \/>\n\t<meta name=\"twitter:label2\" content=\"Estimation du temps de lecture\" \/>\n\t<meta name=\"twitter:data2\" content=\"1 minute\" \/>\n<!-- \/ Yoast SEO plugin. -->","yoast_head_json":{"title":"Nostalgiques du Microbus, vous devrez encore patientez - CanadaMotorJobs.com","description":"Nostalgiques du Microbus, vous devrez encore patientez - Benoit Charette - Annuel automobile - CanadaMotorJobs.com.","robots":{"index":"index","follow":"follow","max-snippet":"max-snippet:-1","max-image-preview":"max-image-preview:large","max-video-preview":"max-video-preview:-1"},"og_locale":"fr_CA","og_type":"article","og_title":"Nostalgiques du Microbus, vous devrez encore patientez - CanadaMotorJobs.com","og_description":"Nostalgiques du Microbus, vous devrez encore patientez - Benoit Charette - Annuel automobile - CanadaMotorJobs.com.","og_url":"https:\/\/news.canadamotorjobs.com\/fr\/nostalgiques-du-microbus-vous-devrez-encore-patientez\/","og_site_name":"CanadaMotorJobs.com","article_publisher":"https:\/\/www.facebook.com\/canadamotorjobs\/","article_published_time":"2022-09-07T18:46:15+00:00","article_modified_time":"2022-09-07T18:58:37+00:00","og_image":[{"width":1499,"height":1000,"url":"https:\/\/news.canadamotorjobs.com\/wp-content\/uploads\/2022\/09\/Large-15919-ID.BuzzEuropeanmodel-1.jpg","type":"image\/jpeg"}],"author":"Benoit Charette","twitter_card":"summary_large_image","twitter_creator":"@canadamotorjobs","twitter_site":"@canadamotorjobs","twitter_misc":{"\u00c9crit par":"Benoit Charette","Estimation du temps de lecture":"1 minute"},"schema":{"@context":"https:\/\/schema.org","@graph":[{"@type":"Article","@id":"https:\/\/news.canadamotorjobs.com\/fr\/nostalgiques-du-microbus-vous-devrez-encore-patientez\/#article","isPartOf":{"@id":"https:\/\/news.canadamotorjobs.com\/fr\/nostalgiques-du-microbus-vous-devrez-encore-patientez\/"},"author":{"name":"Benoit Charette","@id":"https:\/\/news.canadamotorjobs.com\/#\/schema\/person\/51793d1f87d44011d7bcc2ed99269a90"},"headline":"Nostalgiques du Microbus, vous devrez encore patientez","datePublished":"2022-09-07T18:46:15+00:00","dateModified":"2022-09-07T18:58:37+00:00","mainEntityOfPage":{"@id":"https:\/\/news.canadamotorjobs.com\/fr\/nostalgiques-du-microbus-vous-devrez-encore-patientez\/"},"wordCount":283,"publisher":{"@id":"https:\/\/news.canadamotorjobs.com\/#organization"},"image":{"@id":"https:\/\/news.canadamotorjobs.com\/fr\/nostalgiques-du-microbus-vous-devrez-encore-patientez\/#primaryimage"},"thumbnailUrl":"https:\/\/news.canadamotorjobs.com\/wp-content\/uploads\/2022\/09\/Large-15919-ID.BuzzEuropeanmodel-1.jpg","articleSection":["Annuel automobile"],"inLanguage":"fr-CA"},{"@type":"WebPage","@id":"https:\/\/news.canadamotorjobs.com\/fr\/nostalgiques-du-microbus-vous-devrez-encore-patientez\/","url":"https:\/\/news.canadamotorjobs.com\/fr\/nostalgiques-du-microbus-vous-devrez-encore-patientez\/","name":"Nostalgiques du Microbus, vous devrez encore patientez - CanadaMotorJobs.com","isPartOf":{"@id":"https:\/\/news.canadamotorjobs.com\/#website"},"primaryImageOfPage":{"@id":"https:\/\/news.canadamotorjobs.com\/fr\/nostalgiques-du-microbus-vous-devrez-encore-patientez\/#primaryimage"},"image":{"@id":"https:\/\/news.canadamotorjobs.com\/fr\/nostalgiques-du-microbus-vous-devrez-encore-patientez\/#primaryimage"},"thumbnailUrl":"https:\/\/news.canadamotorjobs.com\/wp-content\/uploads\/2022\/09\/Large-15919-ID.BuzzEuropeanmodel-1.jpg","datePublished":"2022-09-07T18:46:15+00:00","dateModified":"2022-09-07T18:58:37+00:00","description":"Nostalgiques du Microbus, vous devrez encore patientez - Benoit Charette - Annuel automobile - CanadaMotorJobs.com.","breadcrumb":{"@id":"https:\/\/news.canadamotorjobs.com\/fr\/nostalgiques-du-microbus-vous-devrez-encore-patientez\/#breadcrumb"},"inLanguage":"fr-CA","potentialAction":[{"@type":"ReadAction","target":["https:\/\/news.canadamotorjobs.com\/fr\/nostalgiques-du-microbus-vous-devrez-encore-patientez\/"]}]},{"@type":"ImageObject","inLanguage":"fr-CA","@id":"https:\/\/news.canadamotorjobs.com\/fr\/nostalgiques-du-microbus-vous-devrez-encore-patientez\/#primaryimage","url":"https:\/\/news.canadamotorjobs.com\/wp-content\/uploads\/2022\/09\/Large-15919-ID.BuzzEuropeanmodel-1.jpg","contentUrl":"https:\/\/news.canadamotorjobs.com\/wp-content\/uploads\/2022\/09\/Large-15919-ID.BuzzEuropeanmodel-1.jpg","width":1499,"height":1000},{"@type":"BreadcrumbList","@id":"https:\/\/news.canadamotorjobs.com\/fr\/nostalgiques-du-microbus-vous-devrez-encore-patientez\/#breadcrumb","itemListElement":[{"@type":"ListItem","position":1,"name":"Home","item":"https:\/\/news.canadamotorjobs.com\/fr\/blog\/"},{"@type":"ListItem","position":2,"name":"Nostalgiques du Microbus, vous devrez encore patientez"}]},{"@type":"WebSite","@id":"https:\/\/news.canadamotorjobs.com\/#website","url":"https:\/\/news.canadamotorjobs.com\/","name":"CanadaMotorJobs.com","description":"Automotive Jobs","publisher":{"@id":"https:\/\/news.canadamotorjobs.com\/#organization"},"potentialAction":[{"@type":"SearchAction","target":{"@type":"EntryPoint","urlTemplate":"https:\/\/news.canadamotorjobs.com\/?s={search_term_string}"},"query-input":"required name=search_term_string"}],"inLanguage":"fr-CA"},{"@type":"Organization","@id":"https:\/\/news.canadamotorjobs.com\/#organization","name":"Canada Motor Jobs","url":"https:\/\/news.canadamotorjobs.com\/","logo":{"@type":"ImageObject","inLanguage":"fr-CA","@id":"https:\/\/news.canadamotorjobs.com\/#\/schema\/logo\/image\/","url":"https:\/\/news.canadamotorjobs.com\/wp-content\/uploads\/2022\/10\/logo-canada-motor-jobs-1.png","contentUrl":"https:\/\/news.canadamotorjobs.com\/wp-content\/uploads\/2022\/10\/logo-canada-motor-jobs-1.png","width":800,"height":400,"caption":"Canada Motor Jobs"},"image":{"@id":"https:\/\/news.canadamotorjobs.com\/#\/schema\/logo\/image\/"},"sameAs":["https:\/\/www.facebook.com\/canadamotorjobs\/","https:\/\/x.com\/canadamotorjobs","https:\/\/www.instagram.com\/canadamotorjobs\/","https:\/\/www.linkedin.com\/company\/canadamotorjobs"]},{"@type":"Person","@id":"https:\/\/news.canadamotorjobs.com\/#\/schema\/person\/51793d1f87d44011d7bcc2ed99269a90","name":"Benoit Charette","image":{"@type":"ImageObject","inLanguage":"fr-CA","@id":"https:\/\/news.canadamotorjobs.com\/#\/schema\/person\/image\/","url":"https:\/\/secure.gravatar.com\/avatar\/45f3d2eebcccd909668d7ce7ea7267b6?s=96&d=mm&r=g","contentUrl":"https:\/\/secure.gravatar.com\/avatar\/45f3d2eebcccd909668d7ce7ea7267b6?s=96&d=mm&r=g","caption":"Benoit Charette"},"description":"Benoit Charette \/ Propri\u00e9taire et r\u00e9dacteur en chef Benoit Charette pratique le journalisme automobile depuis bient\u00f4t 30 ans. Il a fait ses classes au c\u00f4t\u00e9 de Daniel H\u00e9raud et au Carnet de route de 1992 \u00e0 2001. Il est fondateur, copropri\u00e9taire et r\u00e9dacteur en chef de L\u2019Annuel de l\u2019automobile, qu\u2019il publie depuis 2001. Il a anim\u00e9 les \u00e9missions RPM et RPM+ sur V et les L\u00e9gendes de la route sur Historia. \u00c0 la radio depuis 1986, il reprend l\u2019antenne cette ann\u00e9e sur les ondes de Cogeco et participe pour la deuxi\u00e8me ann\u00e9e \u00e0 l\u2019\u00e9mission Passion Auto sur RDS en plus de mettre en ligne le site Web officiel de L\u2019Annuel de l\u2019automobile sur annuelauto.ca.","sameAs":["https:\/\/annuelauto.ca\/"],"url":"https:\/\/news.canadamotorjobs.com\/fr\/author\/benoit-charette\/"}]}},"_links":{"self":[{"href":"https:\/\/news.canadamotorjobs.com\/fr\/wp-json\/wp\/v2\/posts\/43251"}],"collection":[{"href":"https:\/\/news.canadamotorjobs.com\/fr\/wp-json\/wp\/v2\/posts"}],"about":[{"href":"https:\/\/news.canadamotorjobs.com\/fr\/wp-json\/wp\/v2\/types\/post"}],"author":[{"embeddable":true,"href":"https:\/\/news.canadamotorjobs.com\/fr\/wp-json\/wp\/v2\/users\/8"}],"replies":[{"embeddable":true,"href":"https:\/\/news.canadamotorjobs.com\/fr\/wp-json\/wp\/v2\/comments?post=43251"}],"version-history":[{"count":0,"href":"https:\/\/news.canadamotorjobs.com\/fr\/wp-json\/wp\/v2\/posts\/43251\/revisions"}],"wp:featuredmedia":[{"embeddable":true,"href":"https:\/\/news.canadamotorjobs.com\/fr\/wp-json\/wp\/v2\/media\/43255"}],"wp:attachment":[{"href":"https:\/\/news.canadamotorjobs.com\/fr\/wp-json\/wp\/v2\/media?parent=43251"}],"wp:term":[{"taxonomy":"category","embeddable":true,"href":"https:\/\/news.canadamotorjobs.com\/fr\/wp-json\/wp\/v2\/categories?post=43251"},{"taxonomy":"post_tag","embeddable":true,"href":"https:\/\/news.canadamotorjobs.com\/fr\/wp-json\/wp\/v2\/tags?post=43251"}],"curies":[{"name":"wp","href":"https:\/\/api.w.org\/{rel}","templated":true}]}}