{"id":43243,"date":"2022-09-07T14:28:54","date_gmt":"2022-09-07T18:28:54","guid":{"rendered":"https:\/\/blog.canadamotorjobs.com\/tesla-serait-tout-pres-dune-voiture-electrique-a-25-000\/"},"modified":"2022-09-07T14:29:04","modified_gmt":"2022-09-07T18:29:04","slug":"tesla-serait-tout-pres-dune-voiture-electrique-a-25-000","status":"publish","type":"post","link":"https:\/\/news.canadamotorjobs.com\/fr\/tesla-serait-tout-pres-dune-voiture-electrique-a-25-000\/","title":{"rendered":"Tesla serait tout pr\u00e8s d\u2019une voiture \u00e9lectrique \u00e0 25\u00a0000 $"},"content":{"rendered":"<\/p>\n<p>Si vous vous souvenez, l\u2019\u00e9mergence des premi\u00e8res g\u00e9n\u00e9rations de la voiture \u00e9lectrique telle qu\u2019on la conna\u00eet ces jours-ci a d\u2019abord pris la forme d\u2019une guerre de chiffres entre Tesla et General Motors. La question \u00e0 (litt\u00e9ralement) 35\u00a0000 $\u00a0: qui serait le premier constructeur \u00e0 produire une voiture \u00e9lectrique \u00ab\u00a0abordable\u00a0\u00bb capable d\u2019une autonomie par charge comparable \u00e0 celle d\u2019un plein d\u2019essence?<\/p>\n<p> \u00c7a men\u00e9 \u00e0 la naissance de la Chevrolet Bolt et de la Model 3. Et depuis, on parle beaucoup moins du prix de vente des V\u00c9 que de leur autonomie, et avec les VUS et pickups \u00e9lectriques \u00e0 l\u2019horizon, la question du prix a un peu pris le bord.<\/p>\n<p> Mais \u00e7a n\u2019arr\u00eate pas Tesla, pour un, d\u2019essayer de r\u00e9duire le prix de ses v\u00e9hicules, et dans son cas, le constructeur californien serait bien pr\u00e8s du but. Selon ce que rapportait Reuters plus t\u00f4t cette semaine, Tesla aurait d\u00e9j\u00e0 dans ses labos la prochaine g\u00e9n\u00e9ration de batteries qui vont lui permettre de produire l\u2019\u00e9quivalent d\u2019une Model 3 dont le prix de d\u00e9tail serait de 8 \u00e0 10 pour cent moins \u00e9lev\u00e9 que son prix actuel.<\/p>\n<p> Selon les experts, cela \u00e9quivaudrait \u00e0 vendre la petite berline 5500$US moins cher que son prix actuel, tout le reste \u00e9tant \u00e9gal par ailleurs.<\/p>\n<p> Le seul probl\u00e8me en ce moment est que Tesla n\u2019est pas encore parvenu \u00e0 produire \u00e0 grande \u00e9chelle cette batterie du futur. \u00c9videmment, on imagine que c\u2019est surtout une question de temps avant que \u00e7a se r\u00e8gle. <\/p>\n","protected":false},"excerpt":{"rendered":"<p>Si vous vous souvenez, l\u2019\u00e9mergence des premi\u00e8res g\u00e9n\u00e9rations de la voiture \u00e9lectrique telle qu\u2019on la conna\u00eet ces jours-ci a d\u2019abord pris la forme d\u2019une guerre de chiffres entre Tesla et General Motors. La question \u00e0 (litt\u00e9ralement) 35\u00a0000 $\u00a0: qui serait le premier constructeur \u00e0 produire une voiture \u00e9lectrique \u00ab\u00a0abordable\u00a0\u00bb capable d\u2019une autonomie par charge comparable [&hellip;]<\/p>\n","protected":false},"author":8,"featured_media":43247,"comment_status":"close","ping_status":"closed","sticky":false,"template":"","format":"standard","meta":{"_monsterinsights_skip_tracking":false,"_monsterinsights_sitenote_active":false,"_monsterinsights_sitenote_note":"","_monsterinsights_sitenote_category":0,"footnotes":""},"categories":[101],"tags":[],"yoast_head":"<!-- This site is optimized with the Yoast SEO plugin v23.2 - https:\/\/yoast.com\/wordpress\/plugins\/seo\/ -->\n<title>Tesla serait tout pr\u00e8s d\u2019une voiture \u00e9lectrique \u00e0 25\u00a0000 $ - CanadaMotorJobs.com<\/title>\n<meta name=\"description\" content=\"Tesla serait tout pr\u00e8s d\u2019une voiture \u00e9lectrique \u00e0 25\u00a0000 $ - Benoit Charette - Annuel automobile - CanadaMotorJobs.com.\" \/>\n<meta name=\"robots\" content=\"index, follow, max-snippet:-1, max-image-preview:large, max-video-preview:-1\" \/>\n<meta property=\"og:locale\" content=\"fr_CA\" \/>\n<meta property=\"og:type\" content=\"article\" \/>\n<meta property=\"og:title\" content=\"Tesla serait tout pr\u00e8s d\u2019une voiture \u00e9lectrique \u00e0 25\u00a0000 $ - CanadaMotorJobs.com\" \/>\n<meta property=\"og:description\" content=\"Tesla serait tout pr\u00e8s d\u2019une voiture \u00e9lectrique \u00e0 25\u00a0000 $ - Benoit Charette - Annuel automobile - CanadaMotorJobs.com.\" \/>\n<meta property=\"og:url\" content=\"https:\/\/news.canadamotorjobs.com\/fr\/tesla-serait-tout-pres-dune-voiture-electrique-a-25-000\/\" \/>\n<meta property=\"og:site_name\" content=\"CanadaMotorJobs.com\" \/>\n<meta property=\"article:publisher\" content=\"https:\/\/www.facebook.com\/canadamotorjobs\/\" \/>\n<meta property=\"article:published_time\" content=\"2022-09-07T18:28:54+00:00\" \/>\n<meta property=\"article:modified_time\" content=\"2022-09-07T18:29:04+00:00\" \/>\n<meta property=\"og:image\" content=\"https:\/\/news.canadamotorjobs.com\/wp-content\/uploads\/2022\/09\/Tesla_logo-1.png\" \/>\n\t<meta property=\"og:image:width\" content=\"2500\" \/>\n\t<meta property=\"og:image:height\" content=\"2500\" \/>\n\t<meta property=\"og:image:type\" content=\"image\/png\" \/>\n<meta name=\"author\" content=\"Benoit Charette\" \/>\n<meta name=\"twitter:card\" content=\"summary_large_image\" \/>\n<meta name=\"twitter:creator\" content=\"@canadamotorjobs\" \/>\n<meta name=\"twitter:site\" content=\"@canadamotorjobs\" \/>\n<meta name=\"twitter:label1\" content=\"\u00c9crit par\" \/>\n\t<meta name=\"twitter:data1\" content=\"Benoit Charette\" \/>\n\t<meta name=\"twitter:label2\" content=\"Estimation du temps de lecture\" \/>\n\t<meta name=\"twitter:data2\" content=\"1 minute\" \/>\n<!-- \/ Yoast SEO plugin. -->","yoast_head_json":{"title":"Tesla serait tout pr\u00e8s d\u2019une voiture \u00e9lectrique \u00e0 25\u00a0000 $ - CanadaMotorJobs.com","description":"Tesla serait tout pr\u00e8s d\u2019une voiture \u00e9lectrique \u00e0 25\u00a0000 $ - Benoit Charette - Annuel automobile - CanadaMotorJobs.com.","robots":{"index":"index","follow":"follow","max-snippet":"max-snippet:-1","max-image-preview":"max-image-preview:large","max-video-preview":"max-video-preview:-1"},"og_locale":"fr_CA","og_type":"article","og_title":"Tesla serait tout pr\u00e8s d\u2019une voiture \u00e9lectrique \u00e0 25\u00a0000 $ - CanadaMotorJobs.com","og_description":"Tesla serait tout pr\u00e8s d\u2019une voiture \u00e9lectrique \u00e0 25\u00a0000 $ - Benoit Charette - Annuel automobile - CanadaMotorJobs.com.","og_url":"https:\/\/news.canadamotorjobs.com\/fr\/tesla-serait-tout-pres-dune-voiture-electrique-a-25-000\/","og_site_name":"CanadaMotorJobs.com","article_publisher":"https:\/\/www.facebook.com\/canadamotorjobs\/","article_published_time":"2022-09-07T18:28:54+00:00","article_modified_time":"2022-09-07T18:29:04+00:00","og_image":[{"width":2500,"height":2500,"url":"https:\/\/news.canadamotorjobs.com\/wp-content\/uploads\/2022\/09\/Tesla_logo-1.png","type":"image\/png"}],"author":"Benoit Charette","twitter_card":"summary_large_image","twitter_creator":"@canadamotorjobs","twitter_site":"@canadamotorjobs","twitter_misc":{"\u00c9crit par":"Benoit Charette","Estimation du temps de lecture":"1 minute"},"schema":{"@context":"https:\/\/schema.org","@graph":[{"@type":"Article","@id":"https:\/\/news.canadamotorjobs.com\/fr\/tesla-serait-tout-pres-dune-voiture-electrique-a-25-000\/#article","isPartOf":{"@id":"https:\/\/news.canadamotorjobs.com\/fr\/tesla-serait-tout-pres-dune-voiture-electrique-a-25-000\/"},"author":{"name":"Benoit Charette","@id":"https:\/\/news.canadamotorjobs.com\/#\/schema\/person\/51793d1f87d44011d7bcc2ed99269a90"},"headline":"Tesla serait tout pr\u00e8s d\u2019une voiture \u00e9lectrique \u00e0 25\u00a0000 $","datePublished":"2022-09-07T18:28:54+00:00","dateModified":"2022-09-07T18:29:04+00:00","mainEntityOfPage":{"@id":"https:\/\/news.canadamotorjobs.com\/fr\/tesla-serait-tout-pres-dune-voiture-electrique-a-25-000\/"},"wordCount":269,"publisher":{"@id":"https:\/\/news.canadamotorjobs.com\/#organization"},"image":{"@id":"https:\/\/news.canadamotorjobs.com\/fr\/tesla-serait-tout-pres-dune-voiture-electrique-a-25-000\/#primaryimage"},"thumbnailUrl":"https:\/\/news.canadamotorjobs.com\/wp-content\/uploads\/2022\/09\/Tesla_logo-1.png","articleSection":["Annuel automobile"],"inLanguage":"fr-CA"},{"@type":"WebPage","@id":"https:\/\/news.canadamotorjobs.com\/fr\/tesla-serait-tout-pres-dune-voiture-electrique-a-25-000\/","url":"https:\/\/news.canadamotorjobs.com\/fr\/tesla-serait-tout-pres-dune-voiture-electrique-a-25-000\/","name":"Tesla serait tout pr\u00e8s d\u2019une voiture \u00e9lectrique \u00e0 25\u00a0000 $ - CanadaMotorJobs.com","isPartOf":{"@id":"https:\/\/news.canadamotorjobs.com\/#website"},"primaryImageOfPage":{"@id":"https:\/\/news.canadamotorjobs.com\/fr\/tesla-serait-tout-pres-dune-voiture-electrique-a-25-000\/#primaryimage"},"image":{"@id":"https:\/\/news.canadamotorjobs.com\/fr\/tesla-serait-tout-pres-dune-voiture-electrique-a-25-000\/#primaryimage"},"thumbnailUrl":"https:\/\/news.canadamotorjobs.com\/wp-content\/uploads\/2022\/09\/Tesla_logo-1.png","datePublished":"2022-09-07T18:28:54+00:00","dateModified":"2022-09-07T18:29:04+00:00","description":"Tesla serait tout pr\u00e8s d\u2019une voiture \u00e9lectrique \u00e0 25\u00a0000 $ - Benoit Charette - Annuel automobile - CanadaMotorJobs.com.","breadcrumb":{"@id":"https:\/\/news.canadamotorjobs.com\/fr\/tesla-serait-tout-pres-dune-voiture-electrique-a-25-000\/#breadcrumb"},"inLanguage":"fr-CA","potentialAction":[{"@type":"ReadAction","target":["https:\/\/news.canadamotorjobs.com\/fr\/tesla-serait-tout-pres-dune-voiture-electrique-a-25-000\/"]}]},{"@type":"ImageObject","inLanguage":"fr-CA","@id":"https:\/\/news.canadamotorjobs.com\/fr\/tesla-serait-tout-pres-dune-voiture-electrique-a-25-000\/#primaryimage","url":"https:\/\/news.canadamotorjobs.com\/wp-content\/uploads\/2022\/09\/Tesla_logo-1.png","contentUrl":"https:\/\/news.canadamotorjobs.com\/wp-content\/uploads\/2022\/09\/Tesla_logo-1.png","width":2500,"height":2500},{"@type":"BreadcrumbList","@id":"https:\/\/news.canadamotorjobs.com\/fr\/tesla-serait-tout-pres-dune-voiture-electrique-a-25-000\/#breadcrumb","itemListElement":[{"@type":"ListItem","position":1,"name":"Home","item":"https:\/\/news.canadamotorjobs.com\/fr\/blog\/"},{"@type":"ListItem","position":2,"name":"Tesla serait tout pr\u00e8s d\u2019une voiture \u00e9lectrique \u00e0 25\u00a0000 $"}]},{"@type":"WebSite","@id":"https:\/\/news.canadamotorjobs.com\/#website","url":"https:\/\/news.canadamotorjobs.com\/","name":"CanadaMotorJobs.com","description":"Automotive Jobs","publisher":{"@id":"https:\/\/news.canadamotorjobs.com\/#organization"},"potentialAction":[{"@type":"SearchAction","target":{"@type":"EntryPoint","urlTemplate":"https:\/\/news.canadamotorjobs.com\/?s={search_term_string}"},"query-input":"required name=search_term_string"}],"inLanguage":"fr-CA"},{"@type":"Organization","@id":"https:\/\/news.canadamotorjobs.com\/#organization","name":"Canada Motor Jobs","url":"https:\/\/news.canadamotorjobs.com\/","logo":{"@type":"ImageObject","inLanguage":"fr-CA","@id":"https:\/\/news.canadamotorjobs.com\/#\/schema\/logo\/image\/","url":"https:\/\/news.canadamotorjobs.com\/wp-content\/uploads\/2022\/10\/logo-canada-motor-jobs-1.png","contentUrl":"https:\/\/news.canadamotorjobs.com\/wp-content\/uploads\/2022\/10\/logo-canada-motor-jobs-1.png","width":800,"height":400,"caption":"Canada Motor Jobs"},"image":{"@id":"https:\/\/news.canadamotorjobs.com\/#\/schema\/logo\/image\/"},"sameAs":["https:\/\/www.facebook.com\/canadamotorjobs\/","https:\/\/x.com\/canadamotorjobs","https:\/\/www.instagram.com\/canadamotorjobs\/","https:\/\/www.linkedin.com\/company\/canadamotorjobs"]},{"@type":"Person","@id":"https:\/\/news.canadamotorjobs.com\/#\/schema\/person\/51793d1f87d44011d7bcc2ed99269a90","name":"Benoit Charette","image":{"@type":"ImageObject","inLanguage":"fr-CA","@id":"https:\/\/news.canadamotorjobs.com\/#\/schema\/person\/image\/","url":"https:\/\/secure.gravatar.com\/avatar\/45f3d2eebcccd909668d7ce7ea7267b6?s=96&d=mm&r=g","contentUrl":"https:\/\/secure.gravatar.com\/avatar\/45f3d2eebcccd909668d7ce7ea7267b6?s=96&d=mm&r=g","caption":"Benoit Charette"},"description":"Benoit Charette \/ Propri\u00e9taire et r\u00e9dacteur en chef Benoit Charette pratique le journalisme automobile depuis bient\u00f4t 30 ans. Il a fait ses classes au c\u00f4t\u00e9 de Daniel H\u00e9raud et au Carnet de route de 1992 \u00e0 2001. Il est fondateur, copropri\u00e9taire et r\u00e9dacteur en chef de L\u2019Annuel de l\u2019automobile, qu\u2019il publie depuis 2001. Il a anim\u00e9 les \u00e9missions RPM et RPM+ sur V et les L\u00e9gendes de la route sur Historia. \u00c0 la radio depuis 1986, il reprend l\u2019antenne cette ann\u00e9e sur les ondes de Cogeco et participe pour la deuxi\u00e8me ann\u00e9e \u00e0 l\u2019\u00e9mission Passion Auto sur RDS en plus de mettre en ligne le site Web officiel de L\u2019Annuel de l\u2019automobile sur annuelauto.ca.","sameAs":["https:\/\/annuelauto.ca\/"],"url":"https:\/\/news.canadamotorjobs.com\/fr\/author\/benoit-charette\/"}]}},"_links":{"self":[{"href":"https:\/\/news.canadamotorjobs.com\/fr\/wp-json\/wp\/v2\/posts\/43243"}],"collection":[{"href":"https:\/\/news.canadamotorjobs.com\/fr\/wp-json\/wp\/v2\/posts"}],"about":[{"href":"https:\/\/news.canadamotorjobs.com\/fr\/wp-json\/wp\/v2\/types\/post"}],"author":[{"embeddable":true,"href":"https:\/\/news.canadamotorjobs.com\/fr\/wp-json\/wp\/v2\/users\/8"}],"replies":[{"embeddable":true,"href":"https:\/\/news.canadamotorjobs.com\/fr\/wp-json\/wp\/v2\/comments?post=43243"}],"version-history":[{"count":0,"href":"https:\/\/news.canadamotorjobs.com\/fr\/wp-json\/wp\/v2\/posts\/43243\/revisions"}],"wp:featuredmedia":[{"embeddable":true,"href":"https:\/\/news.canadamotorjobs.com\/fr\/wp-json\/wp\/v2\/media\/43247"}],"wp:attachment":[{"href":"https:\/\/news.canadamotorjobs.com\/fr\/wp-json\/wp\/v2\/media?parent=43243"}],"wp:term":[{"taxonomy":"category","embeddable":true,"href":"https:\/\/news.canadamotorjobs.com\/fr\/wp-json\/wp\/v2\/categories?post=43243"},{"taxonomy":"post_tag","embeddable":true,"href":"https:\/\/news.canadamotorjobs.com\/fr\/wp-json\/wp\/v2\/tags?post=43243"}],"curies":[{"name":"wp","href":"https:\/\/api.w.org\/{rel}","templated":true}]}}