{"id":43219,"date":"2022-09-06T18:58:07","date_gmt":"2022-09-06T22:58:07","guid":{"rendered":"https:\/\/blog.canadamotorjobs.com\/le-prix-moyen-des-vehicules-doccasion-a-legerement-baisse-pour-la-premiere-fois-en-18-mois\/"},"modified":"2022-09-06T18:58:55","modified_gmt":"2022-09-06T22:58:55","slug":"le-prix-moyen-des-vehicules-doccasion-a-legerement-baisse-pour-la-premiere-fois-en-18-mois","status":"publish","type":"post","link":"https:\/\/news.canadamotorjobs.com\/fr\/le-prix-moyen-des-vehicules-doccasion-a-legerement-baisse-pour-la-premiere-fois-en-18-mois\/","title":{"rendered":"Le prix moyen des v\u00e9hicules d\u2019occasion a l\u00e9g\u00e8rement baiss\u00e9 pour la premi\u00e8re fois en 18 mois"},"content":{"rendered":"<\/p>\n<p>Le prix des v\u00e9hicules d\u2019occasion a enregistr\u00e9 un l\u00e9ger ralentissement pour la premi\u00e8re fois en plus de 18 mois, en juillet dernier. La p\u00e9nurie de micropuces et les perturbations sur les cha\u00eenes d\u2019approvisionnement demeurent les principaux facteurs ayant contribu\u00e9 \u00e0 la hausse soutenue du prix des v\u00e9hicules neufs. Le prix des camions usag\u00e9s se rapproche des niveaux de l\u2019an dernier en raison de la hausse graduelle des inventaires. Voil\u00e0 une des conclusions d\u2019une \u00e9tude men\u00e9 par AutoHebdo entre juillet 2021 et juillet 2022.<br \/> Tout n\u2019est pas rose<br \/> En juillet 2022, le prix moyen d\u2019un v\u00e9hicule d\u2019occasion a augment\u00e9 de 32% par rapport \u00e0 la m\u00eame p\u00e9riode l\u2019an dernier, se fixant \u00e0 pr\u00e8s de 38 000$. Le prix des v\u00e9hicules neufs a pour sa part augment\u00e9 de 18,1% comparativement \u00e0 la m\u00eame p\u00e9riode en 2021, atteignant par le fait m\u00eame le prix moyen le plus \u00e9lev\u00e9 jamais enregistr\u00e9, \u00e0 plus de 55 000$.<br \/> Une lueur d\u2019espoir<br \/> Le prix des v\u00e9hicules d\u2019occasion a de son c\u00f4t\u00e9 l\u00e9g\u00e8rement diminu\u00e9 d\u2019un mois \u00e0 l\u2019autre, pour la premi\u00e8re fois en 18 mois. Alors que les inventaires de v\u00e9hicules d\u2019occasion reprennent du poil de la b\u00eate. \u00a0Le prix des v\u00e9hicules neufs a augment\u00e9 dans toutes les provinces, de +12.7% en Colombie- Britannique \u00e0 +19,6% au Qu\u00e9bec d\u2019une ann\u00e9e \u00e0 l\u2019autre, en raison du manque d\u2019inventaire.<br \/> Un march\u00e9 qui se stabilise<br \/> Le prix des v\u00e9hicules neufs des constructeurs d\u2019Am\u00e9rique du Nord montre des signes de stabilisation en juillet 2022. Le principal facteur expliquant cette pause est l\u2019augmentation<\/p>\n","protected":false},"excerpt":{"rendered":"<p>Le prix des v\u00e9hicules d\u2019occasion a enregistr\u00e9 un l\u00e9ger ralentissement pour la premi\u00e8re fois en plus de 18 mois, en juillet dernier. La p\u00e9nurie de micropuces et les perturbations sur les cha\u00eenes d\u2019approvisionnement demeurent les principaux facteurs ayant contribu\u00e9 \u00e0 la hausse soutenue du prix des v\u00e9hicules neufs. Le prix des camions usag\u00e9s se rapproche [&hellip;]<\/p>\n","protected":false},"author":8,"featured_media":43223,"comment_status":"close","ping_status":"closed","sticky":false,"template":"","format":"standard","meta":{"_monsterinsights_skip_tracking":false,"_monsterinsights_sitenote_active":false,"_monsterinsights_sitenote_note":"","_monsterinsights_sitenote_category":0,"footnotes":""},"categories":[101],"tags":[],"yoast_head":"<!-- This site is optimized with the Yoast SEO plugin v23.2 - https:\/\/yoast.com\/wordpress\/plugins\/seo\/ -->\n<title>Le prix moyen des v\u00e9hicules d\u2019occasion a l\u00e9g\u00e8rement baiss\u00e9 pour la premi\u00e8re fois en 18 mois - CanadaMotorJobs.com<\/title>\n<meta name=\"description\" content=\"Le prix moyen des v\u00e9hicules d\u2019occasion a l\u00e9g\u00e8rement baiss\u00e9 pour la premi\u00e8re fois en 18 mois - Benoit Charette - Annuel automobile - CanadaMotorJobs.com.\" \/>\n<meta name=\"robots\" content=\"index, follow, max-snippet:-1, max-image-preview:large, max-video-preview:-1\" \/>\n<meta property=\"og:locale\" content=\"fr_CA\" \/>\n<meta property=\"og:type\" content=\"article\" \/>\n<meta property=\"og:title\" content=\"Le prix moyen des v\u00e9hicules d\u2019occasion a l\u00e9g\u00e8rement baiss\u00e9 pour la premi\u00e8re fois en 18 mois - CanadaMotorJobs.com\" \/>\n<meta property=\"og:description\" content=\"Le prix moyen des v\u00e9hicules d\u2019occasion a l\u00e9g\u00e8rement baiss\u00e9 pour la premi\u00e8re fois en 18 mois - Benoit Charette - Annuel automobile - CanadaMotorJobs.com.\" \/>\n<meta property=\"og:url\" content=\"https:\/\/news.canadamotorjobs.com\/fr\/le-prix-moyen-des-vehicules-doccasion-a-legerement-baisse-pour-la-premiere-fois-en-18-mois\/\" \/>\n<meta property=\"og:site_name\" content=\"CanadaMotorJobs.com\" \/>\n<meta property=\"article:publisher\" content=\"https:\/\/www.facebook.com\/canadamotorjobs\/\" \/>\n<meta property=\"article:published_time\" content=\"2022-09-06T22:58:07+00:00\" \/>\n<meta property=\"article:modified_time\" content=\"2022-09-06T22:58:55+00:00\" \/>\n<meta property=\"og:image\" content=\"https:\/\/news.canadamotorjobs.com\/wp-content\/uploads\/2022\/09\/new-car-dealership1-1.jpg\" \/>\n\t<meta property=\"og:image:width\" content=\"1000\" \/>\n\t<meta property=\"og:image:height\" content=\"550\" \/>\n\t<meta property=\"og:image:type\" content=\"image\/jpeg\" \/>\n<meta name=\"author\" content=\"Benoit Charette\" \/>\n<meta name=\"twitter:card\" content=\"summary_large_image\" \/>\n<meta name=\"twitter:creator\" content=\"@canadamotorjobs\" \/>\n<meta name=\"twitter:site\" content=\"@canadamotorjobs\" \/>\n<meta name=\"twitter:label1\" content=\"\u00c9crit par\" \/>\n\t<meta name=\"twitter:data1\" content=\"Benoit Charette\" \/>\n\t<meta name=\"twitter:label2\" content=\"Estimation du temps de lecture\" \/>\n\t<meta name=\"twitter:data2\" content=\"1 minute\" \/>\n<!-- \/ Yoast SEO plugin. -->","yoast_head_json":{"title":"Le prix moyen des v\u00e9hicules d\u2019occasion a l\u00e9g\u00e8rement baiss\u00e9 pour la premi\u00e8re fois en 18 mois - CanadaMotorJobs.com","description":"Le prix moyen des v\u00e9hicules d\u2019occasion a l\u00e9g\u00e8rement baiss\u00e9 pour la premi\u00e8re fois en 18 mois - Benoit Charette - Annuel automobile - CanadaMotorJobs.com.","robots":{"index":"index","follow":"follow","max-snippet":"max-snippet:-1","max-image-preview":"max-image-preview:large","max-video-preview":"max-video-preview:-1"},"og_locale":"fr_CA","og_type":"article","og_title":"Le prix moyen des v\u00e9hicules d\u2019occasion a l\u00e9g\u00e8rement baiss\u00e9 pour la premi\u00e8re fois en 18 mois - CanadaMotorJobs.com","og_description":"Le prix moyen des v\u00e9hicules d\u2019occasion a l\u00e9g\u00e8rement baiss\u00e9 pour la premi\u00e8re fois en 18 mois - Benoit Charette - Annuel automobile - CanadaMotorJobs.com.","og_url":"https:\/\/news.canadamotorjobs.com\/fr\/le-prix-moyen-des-vehicules-doccasion-a-legerement-baisse-pour-la-premiere-fois-en-18-mois\/","og_site_name":"CanadaMotorJobs.com","article_publisher":"https:\/\/www.facebook.com\/canadamotorjobs\/","article_published_time":"2022-09-06T22:58:07+00:00","article_modified_time":"2022-09-06T22:58:55+00:00","og_image":[{"width":1000,"height":550,"url":"https:\/\/news.canadamotorjobs.com\/wp-content\/uploads\/2022\/09\/new-car-dealership1-1.jpg","type":"image\/jpeg"}],"author":"Benoit Charette","twitter_card":"summary_large_image","twitter_creator":"@canadamotorjobs","twitter_site":"@canadamotorjobs","twitter_misc":{"\u00c9crit par":"Benoit Charette","Estimation du temps de lecture":"1 minute"},"schema":{"@context":"https:\/\/schema.org","@graph":[{"@type":"Article","@id":"https:\/\/news.canadamotorjobs.com\/fr\/le-prix-moyen-des-vehicules-doccasion-a-legerement-baisse-pour-la-premiere-fois-en-18-mois\/#article","isPartOf":{"@id":"https:\/\/news.canadamotorjobs.com\/fr\/le-prix-moyen-des-vehicules-doccasion-a-legerement-baisse-pour-la-premiere-fois-en-18-mois\/"},"author":{"name":"Benoit Charette","@id":"https:\/\/news.canadamotorjobs.com\/#\/schema\/person\/51793d1f87d44011d7bcc2ed99269a90"},"headline":"Le prix moyen des v\u00e9hicules d\u2019occasion a l\u00e9g\u00e8rement baiss\u00e9 pour la premi\u00e8re fois en 18 mois","datePublished":"2022-09-06T22:58:07+00:00","dateModified":"2022-09-06T22:58:55+00:00","mainEntityOfPage":{"@id":"https:\/\/news.canadamotorjobs.com\/fr\/le-prix-moyen-des-vehicules-doccasion-a-legerement-baisse-pour-la-premiere-fois-en-18-mois\/"},"wordCount":292,"publisher":{"@id":"https:\/\/news.canadamotorjobs.com\/#organization"},"image":{"@id":"https:\/\/news.canadamotorjobs.com\/fr\/le-prix-moyen-des-vehicules-doccasion-a-legerement-baisse-pour-la-premiere-fois-en-18-mois\/#primaryimage"},"thumbnailUrl":"https:\/\/news.canadamotorjobs.com\/wp-content\/uploads\/2022\/09\/new-car-dealership1-1.jpg","articleSection":["Annuel automobile"],"inLanguage":"fr-CA"},{"@type":"WebPage","@id":"https:\/\/news.canadamotorjobs.com\/fr\/le-prix-moyen-des-vehicules-doccasion-a-legerement-baisse-pour-la-premiere-fois-en-18-mois\/","url":"https:\/\/news.canadamotorjobs.com\/fr\/le-prix-moyen-des-vehicules-doccasion-a-legerement-baisse-pour-la-premiere-fois-en-18-mois\/","name":"Le prix moyen des v\u00e9hicules d\u2019occasion a l\u00e9g\u00e8rement baiss\u00e9 pour la premi\u00e8re fois en 18 mois - CanadaMotorJobs.com","isPartOf":{"@id":"https:\/\/news.canadamotorjobs.com\/#website"},"primaryImageOfPage":{"@id":"https:\/\/news.canadamotorjobs.com\/fr\/le-prix-moyen-des-vehicules-doccasion-a-legerement-baisse-pour-la-premiere-fois-en-18-mois\/#primaryimage"},"image":{"@id":"https:\/\/news.canadamotorjobs.com\/fr\/le-prix-moyen-des-vehicules-doccasion-a-legerement-baisse-pour-la-premiere-fois-en-18-mois\/#primaryimage"},"thumbnailUrl":"https:\/\/news.canadamotorjobs.com\/wp-content\/uploads\/2022\/09\/new-car-dealership1-1.jpg","datePublished":"2022-09-06T22:58:07+00:00","dateModified":"2022-09-06T22:58:55+00:00","description":"Le prix moyen des v\u00e9hicules d\u2019occasion a l\u00e9g\u00e8rement baiss\u00e9 pour la premi\u00e8re fois en 18 mois - Benoit Charette - Annuel automobile - CanadaMotorJobs.com.","breadcrumb":{"@id":"https:\/\/news.canadamotorjobs.com\/fr\/le-prix-moyen-des-vehicules-doccasion-a-legerement-baisse-pour-la-premiere-fois-en-18-mois\/#breadcrumb"},"inLanguage":"fr-CA","potentialAction":[{"@type":"ReadAction","target":["https:\/\/news.canadamotorjobs.com\/fr\/le-prix-moyen-des-vehicules-doccasion-a-legerement-baisse-pour-la-premiere-fois-en-18-mois\/"]}]},{"@type":"ImageObject","inLanguage":"fr-CA","@id":"https:\/\/news.canadamotorjobs.com\/fr\/le-prix-moyen-des-vehicules-doccasion-a-legerement-baisse-pour-la-premiere-fois-en-18-mois\/#primaryimage","url":"https:\/\/news.canadamotorjobs.com\/wp-content\/uploads\/2022\/09\/new-car-dealership1-1.jpg","contentUrl":"https:\/\/news.canadamotorjobs.com\/wp-content\/uploads\/2022\/09\/new-car-dealership1-1.jpg","width":1000,"height":550},{"@type":"BreadcrumbList","@id":"https:\/\/news.canadamotorjobs.com\/fr\/le-prix-moyen-des-vehicules-doccasion-a-legerement-baisse-pour-la-premiere-fois-en-18-mois\/#breadcrumb","itemListElement":[{"@type":"ListItem","position":1,"name":"Home","item":"https:\/\/news.canadamotorjobs.com\/fr\/blog\/"},{"@type":"ListItem","position":2,"name":"Le prix moyen des v\u00e9hicules d\u2019occasion a l\u00e9g\u00e8rement baiss\u00e9 pour la premi\u00e8re fois en 18 mois"}]},{"@type":"WebSite","@id":"https:\/\/news.canadamotorjobs.com\/#website","url":"https:\/\/news.canadamotorjobs.com\/","name":"CanadaMotorJobs.com","description":"Automotive Jobs","publisher":{"@id":"https:\/\/news.canadamotorjobs.com\/#organization"},"potentialAction":[{"@type":"SearchAction","target":{"@type":"EntryPoint","urlTemplate":"https:\/\/news.canadamotorjobs.com\/?s={search_term_string}"},"query-input":"required name=search_term_string"}],"inLanguage":"fr-CA"},{"@type":"Organization","@id":"https:\/\/news.canadamotorjobs.com\/#organization","name":"Canada Motor Jobs","url":"https:\/\/news.canadamotorjobs.com\/","logo":{"@type":"ImageObject","inLanguage":"fr-CA","@id":"https:\/\/news.canadamotorjobs.com\/#\/schema\/logo\/image\/","url":"https:\/\/news.canadamotorjobs.com\/wp-content\/uploads\/2022\/10\/logo-canada-motor-jobs-1.png","contentUrl":"https:\/\/news.canadamotorjobs.com\/wp-content\/uploads\/2022\/10\/logo-canada-motor-jobs-1.png","width":800,"height":400,"caption":"Canada Motor Jobs"},"image":{"@id":"https:\/\/news.canadamotorjobs.com\/#\/schema\/logo\/image\/"},"sameAs":["https:\/\/www.facebook.com\/canadamotorjobs\/","https:\/\/x.com\/canadamotorjobs","https:\/\/www.instagram.com\/canadamotorjobs\/","https:\/\/www.linkedin.com\/company\/canadamotorjobs"]},{"@type":"Person","@id":"https:\/\/news.canadamotorjobs.com\/#\/schema\/person\/51793d1f87d44011d7bcc2ed99269a90","name":"Benoit Charette","image":{"@type":"ImageObject","inLanguage":"fr-CA","@id":"https:\/\/news.canadamotorjobs.com\/#\/schema\/person\/image\/","url":"https:\/\/secure.gravatar.com\/avatar\/45f3d2eebcccd909668d7ce7ea7267b6?s=96&d=mm&r=g","contentUrl":"https:\/\/secure.gravatar.com\/avatar\/45f3d2eebcccd909668d7ce7ea7267b6?s=96&d=mm&r=g","caption":"Benoit Charette"},"description":"Benoit Charette \/ Propri\u00e9taire et r\u00e9dacteur en chef Benoit Charette pratique le journalisme automobile depuis bient\u00f4t 30 ans. Il a fait ses classes au c\u00f4t\u00e9 de Daniel H\u00e9raud et au Carnet de route de 1992 \u00e0 2001. Il est fondateur, copropri\u00e9taire et r\u00e9dacteur en chef de L\u2019Annuel de l\u2019automobile, qu\u2019il publie depuis 2001. Il a anim\u00e9 les \u00e9missions RPM et RPM+ sur V et les L\u00e9gendes de la route sur Historia. \u00c0 la radio depuis 1986, il reprend l\u2019antenne cette ann\u00e9e sur les ondes de Cogeco et participe pour la deuxi\u00e8me ann\u00e9e \u00e0 l\u2019\u00e9mission Passion Auto sur RDS en plus de mettre en ligne le site Web officiel de L\u2019Annuel de l\u2019automobile sur annuelauto.ca.","sameAs":["https:\/\/annuelauto.ca\/"],"url":"https:\/\/news.canadamotorjobs.com\/fr\/author\/benoit-charette\/"}]}},"_links":{"self":[{"href":"https:\/\/news.canadamotorjobs.com\/fr\/wp-json\/wp\/v2\/posts\/43219"}],"collection":[{"href":"https:\/\/news.canadamotorjobs.com\/fr\/wp-json\/wp\/v2\/posts"}],"about":[{"href":"https:\/\/news.canadamotorjobs.com\/fr\/wp-json\/wp\/v2\/types\/post"}],"author":[{"embeddable":true,"href":"https:\/\/news.canadamotorjobs.com\/fr\/wp-json\/wp\/v2\/users\/8"}],"replies":[{"embeddable":true,"href":"https:\/\/news.canadamotorjobs.com\/fr\/wp-json\/wp\/v2\/comments?post=43219"}],"version-history":[{"count":0,"href":"https:\/\/news.canadamotorjobs.com\/fr\/wp-json\/wp\/v2\/posts\/43219\/revisions"}],"wp:featuredmedia":[{"embeddable":true,"href":"https:\/\/news.canadamotorjobs.com\/fr\/wp-json\/wp\/v2\/media\/43223"}],"wp:attachment":[{"href":"https:\/\/news.canadamotorjobs.com\/fr\/wp-json\/wp\/v2\/media?parent=43219"}],"wp:term":[{"taxonomy":"category","embeddable":true,"href":"https:\/\/news.canadamotorjobs.com\/fr\/wp-json\/wp\/v2\/categories?post=43219"},{"taxonomy":"post_tag","embeddable":true,"href":"https:\/\/news.canadamotorjobs.com\/fr\/wp-json\/wp\/v2\/tags?post=43219"}],"curies":[{"name":"wp","href":"https:\/\/api.w.org\/{rel}","templated":true}]}}