{"id":43211,"date":"2022-09-06T15:09:07","date_gmt":"2022-09-06T19:09:07","guid":{"rendered":"https:\/\/blog.canadamotorjobs.com\/une-hausse-moyenne-des-prix-de-pres-de-5-pour-les-vehicules-en-2023\/"},"modified":"2022-09-06T15:14:05","modified_gmt":"2022-09-06T19:14:05","slug":"une-hausse-moyenne-des-prix-de-pres-de-5-pour-les-vehicules-en-2023","status":"publish","type":"post","link":"https:\/\/news.canadamotorjobs.com\/fr\/une-hausse-moyenne-des-prix-de-pres-de-5-pour-les-vehicules-en-2023\/","title":{"rendered":"Une hausse moyenne des prix de pr\u00e8s de 5\u00a0% pour les v\u00e9hicules en 2023"},"content":{"rendered":"<\/p>\n<p>Si vous \u00eates en attente d\u2019une voiture \u00e9lectrique ou \u00e0 essence, il faut non seulement \u00eatre patient, mais aussi savoir combien vous allez payer une fois que vous aurez enfin mis la main sur votre v\u00e9hicule.<br \/> Le retour \u00e0 la normale sera long<br \/> Selon le Canadian Black Book, il faudra \u00eatre pr\u00eat \u00e0 faire \u00e0 des prix \u00e9lev\u00e9s jusqu\u2019en 2026. Automotive News Canada pr\u00e9dit que la p\u00e9nurie de nouveaux stocks, qui d\u00e9coule de la p\u00e9nurie de semi-conducteurs, se poursuivra jusqu&#8217;\u00e0 la mi-2023 au plus t\u00f4t. La hausse moyenne des v\u00e9hicules va osciller autour de 5\u00a0% pour 2023 et parfois plus. Ford a d\u00e9j\u00e0 annonc\u00e9 une hausse de 8 000\u00a0$ pour le F-150 Lightning. BMW a annonc\u00e9 une hausse de prix sur tous les mod\u00e8les. Cela peut jouer des mauvais tours. Une BMW i4 qui se vendait 54 990\u00a0$ en 2022 va se vendre 61 390\u00a0$. Il y a non seulement une diff\u00e9rence de 6 400\u00a0$ pour le m\u00eame v\u00e9hicule, mais cette voiture n\u2019est plus admissible aux rabais gouvernementaux. C\u2019est donc une perte suppl\u00e9mentaire de 12 000\u00a0$. Son propri\u00e9taire va d\u00e9bourser pr\u00e8s de 18 000\u00a0$ de plus. Et ce cas n\u2019est pas unique.<br \/> M\u00eame approche pour les v\u00e9hicules d\u2019occasions<br \/> Avec moins de v\u00e9hicules neufs \u00e0 vendre, il y aura moins de v\u00e9hicules d&#8217;occasion, qu&#8217;il s&#8217;agisse de retours de location ou de reprises, sur le march\u00e9 en 2024, 2025 et 2026. Les concessionnaires devront donc continuer \u00e0 acheter \u00e0 prix d\u2019or et \u00e0 les revendre tr\u00e8s cher. Il faut donc \u00eatre patient<\/p>\n","protected":false},"excerpt":{"rendered":"<p>Si vous \u00eates en attente d\u2019une voiture \u00e9lectrique ou \u00e0 essence, il faut non seulement \u00eatre patient, mais aussi savoir combien vous allez payer une fois que vous aurez enfin mis la main sur votre v\u00e9hicule. Le retour \u00e0 la normale sera long Selon le Canadian Black Book, il faudra \u00eatre pr\u00eat \u00e0 faire \u00e0 [&hellip;]<\/p>\n","protected":false},"author":8,"featured_media":43215,"comment_status":"close","ping_status":"closed","sticky":false,"template":"","format":"standard","meta":{"_monsterinsights_skip_tracking":false,"_monsterinsights_sitenote_active":false,"_monsterinsights_sitenote_note":"","_monsterinsights_sitenote_category":0,"footnotes":""},"categories":[101],"tags":[],"yoast_head":"<!-- This site is optimized with the Yoast SEO plugin v23.2 - https:\/\/yoast.com\/wordpress\/plugins\/seo\/ -->\n<title>Une hausse moyenne des prix de pr\u00e8s de 5\u00a0% pour les v\u00e9hicules en 2023 - CanadaMotorJobs.com<\/title>\n<meta name=\"description\" content=\"Une hausse moyenne des prix de pr\u00e8s de 5\u00a0% pour les v\u00e9hicules en 2023 - Benoit Charette - Annuel automobile - CanadaMotorJobs.com.\" \/>\n<meta name=\"robots\" content=\"index, follow, max-snippet:-1, max-image-preview:large, max-video-preview:-1\" \/>\n<meta property=\"og:locale\" content=\"fr_CA\" \/>\n<meta property=\"og:type\" content=\"article\" \/>\n<meta property=\"og:title\" content=\"Une hausse moyenne des prix de pr\u00e8s de 5\u00a0% pour les v\u00e9hicules en 2023 - CanadaMotorJobs.com\" \/>\n<meta property=\"og:description\" content=\"Une hausse moyenne des prix de pr\u00e8s de 5\u00a0% pour les v\u00e9hicules en 2023 - Benoit Charette - Annuel automobile - CanadaMotorJobs.com.\" \/>\n<meta property=\"og:url\" content=\"https:\/\/news.canadamotorjobs.com\/fr\/une-hausse-moyenne-des-prix-de-pres-de-5-pour-les-vehicules-en-2023\/\" \/>\n<meta property=\"og:site_name\" content=\"CanadaMotorJobs.com\" \/>\n<meta property=\"article:publisher\" content=\"https:\/\/www.facebook.com\/canadamotorjobs\/\" \/>\n<meta property=\"article:published_time\" content=\"2022-09-06T19:09:07+00:00\" \/>\n<meta property=\"article:modified_time\" content=\"2022-09-06T19:14:05+00:00\" \/>\n<meta property=\"og:image\" content=\"https:\/\/news.canadamotorjobs.com\/wp-content\/uploads\/2022\/09\/bmw_i4_m50_m_performance_parts_09-1.jpg\" \/>\n\t<meta property=\"og:image:width\" content=\"1920\" \/>\n\t<meta property=\"og:image:height\" content=\"1280\" \/>\n\t<meta property=\"og:image:type\" content=\"image\/jpeg\" \/>\n<meta name=\"author\" content=\"Benoit Charette\" \/>\n<meta name=\"twitter:card\" content=\"summary_large_image\" \/>\n<meta name=\"twitter:creator\" content=\"@canadamotorjobs\" \/>\n<meta name=\"twitter:site\" content=\"@canadamotorjobs\" \/>\n<meta name=\"twitter:label1\" content=\"\u00c9crit par\" \/>\n\t<meta name=\"twitter:data1\" content=\"Benoit Charette\" \/>\n\t<meta name=\"twitter:label2\" content=\"Estimation du temps de lecture\" \/>\n\t<meta name=\"twitter:data2\" content=\"1 minute\" \/>\n<!-- \/ Yoast SEO plugin. -->","yoast_head_json":{"title":"Une hausse moyenne des prix de pr\u00e8s de 5\u00a0% pour les v\u00e9hicules en 2023 - CanadaMotorJobs.com","description":"Une hausse moyenne des prix de pr\u00e8s de 5\u00a0% pour les v\u00e9hicules en 2023 - Benoit Charette - Annuel automobile - CanadaMotorJobs.com.","robots":{"index":"index","follow":"follow","max-snippet":"max-snippet:-1","max-image-preview":"max-image-preview:large","max-video-preview":"max-video-preview:-1"},"og_locale":"fr_CA","og_type":"article","og_title":"Une hausse moyenne des prix de pr\u00e8s de 5\u00a0% pour les v\u00e9hicules en 2023 - CanadaMotorJobs.com","og_description":"Une hausse moyenne des prix de pr\u00e8s de 5\u00a0% pour les v\u00e9hicules en 2023 - Benoit Charette - Annuel automobile - CanadaMotorJobs.com.","og_url":"https:\/\/news.canadamotorjobs.com\/fr\/une-hausse-moyenne-des-prix-de-pres-de-5-pour-les-vehicules-en-2023\/","og_site_name":"CanadaMotorJobs.com","article_publisher":"https:\/\/www.facebook.com\/canadamotorjobs\/","article_published_time":"2022-09-06T19:09:07+00:00","article_modified_time":"2022-09-06T19:14:05+00:00","og_image":[{"width":1920,"height":1280,"url":"https:\/\/news.canadamotorjobs.com\/wp-content\/uploads\/2022\/09\/bmw_i4_m50_m_performance_parts_09-1.jpg","type":"image\/jpeg"}],"author":"Benoit Charette","twitter_card":"summary_large_image","twitter_creator":"@canadamotorjobs","twitter_site":"@canadamotorjobs","twitter_misc":{"\u00c9crit par":"Benoit Charette","Estimation du temps de lecture":"1 minute"},"schema":{"@context":"https:\/\/schema.org","@graph":[{"@type":"Article","@id":"https:\/\/news.canadamotorjobs.com\/fr\/une-hausse-moyenne-des-prix-de-pres-de-5-pour-les-vehicules-en-2023\/#article","isPartOf":{"@id":"https:\/\/news.canadamotorjobs.com\/fr\/une-hausse-moyenne-des-prix-de-pres-de-5-pour-les-vehicules-en-2023\/"},"author":{"name":"Benoit Charette","@id":"https:\/\/news.canadamotorjobs.com\/#\/schema\/person\/51793d1f87d44011d7bcc2ed99269a90"},"headline":"Une hausse moyenne des prix de pr\u00e8s de 5\u00a0% pour les v\u00e9hicules en 2023","datePublished":"2022-09-06T19:09:07+00:00","dateModified":"2022-09-06T19:14:05+00:00","mainEntityOfPage":{"@id":"https:\/\/news.canadamotorjobs.com\/fr\/une-hausse-moyenne-des-prix-de-pres-de-5-pour-les-vehicules-en-2023\/"},"wordCount":270,"publisher":{"@id":"https:\/\/news.canadamotorjobs.com\/#organization"},"image":{"@id":"https:\/\/news.canadamotorjobs.com\/fr\/une-hausse-moyenne-des-prix-de-pres-de-5-pour-les-vehicules-en-2023\/#primaryimage"},"thumbnailUrl":"https:\/\/news.canadamotorjobs.com\/wp-content\/uploads\/2022\/09\/bmw_i4_m50_m_performance_parts_09-1.jpg","articleSection":["Annuel automobile"],"inLanguage":"fr-CA"},{"@type":"WebPage","@id":"https:\/\/news.canadamotorjobs.com\/fr\/une-hausse-moyenne-des-prix-de-pres-de-5-pour-les-vehicules-en-2023\/","url":"https:\/\/news.canadamotorjobs.com\/fr\/une-hausse-moyenne-des-prix-de-pres-de-5-pour-les-vehicules-en-2023\/","name":"Une hausse moyenne des prix de pr\u00e8s de 5\u00a0% pour les v\u00e9hicules en 2023 - CanadaMotorJobs.com","isPartOf":{"@id":"https:\/\/news.canadamotorjobs.com\/#website"},"primaryImageOfPage":{"@id":"https:\/\/news.canadamotorjobs.com\/fr\/une-hausse-moyenne-des-prix-de-pres-de-5-pour-les-vehicules-en-2023\/#primaryimage"},"image":{"@id":"https:\/\/news.canadamotorjobs.com\/fr\/une-hausse-moyenne-des-prix-de-pres-de-5-pour-les-vehicules-en-2023\/#primaryimage"},"thumbnailUrl":"https:\/\/news.canadamotorjobs.com\/wp-content\/uploads\/2022\/09\/bmw_i4_m50_m_performance_parts_09-1.jpg","datePublished":"2022-09-06T19:09:07+00:00","dateModified":"2022-09-06T19:14:05+00:00","description":"Une hausse moyenne des prix de pr\u00e8s de 5\u00a0% pour les v\u00e9hicules en 2023 - Benoit Charette - Annuel automobile - CanadaMotorJobs.com.","breadcrumb":{"@id":"https:\/\/news.canadamotorjobs.com\/fr\/une-hausse-moyenne-des-prix-de-pres-de-5-pour-les-vehicules-en-2023\/#breadcrumb"},"inLanguage":"fr-CA","potentialAction":[{"@type":"ReadAction","target":["https:\/\/news.canadamotorjobs.com\/fr\/une-hausse-moyenne-des-prix-de-pres-de-5-pour-les-vehicules-en-2023\/"]}]},{"@type":"ImageObject","inLanguage":"fr-CA","@id":"https:\/\/news.canadamotorjobs.com\/fr\/une-hausse-moyenne-des-prix-de-pres-de-5-pour-les-vehicules-en-2023\/#primaryimage","url":"https:\/\/news.canadamotorjobs.com\/wp-content\/uploads\/2022\/09\/bmw_i4_m50_m_performance_parts_09-1.jpg","contentUrl":"https:\/\/news.canadamotorjobs.com\/wp-content\/uploads\/2022\/09\/bmw_i4_m50_m_performance_parts_09-1.jpg","width":1920,"height":1280},{"@type":"BreadcrumbList","@id":"https:\/\/news.canadamotorjobs.com\/fr\/une-hausse-moyenne-des-prix-de-pres-de-5-pour-les-vehicules-en-2023\/#breadcrumb","itemListElement":[{"@type":"ListItem","position":1,"name":"Home","item":"https:\/\/news.canadamotorjobs.com\/fr\/blog\/"},{"@type":"ListItem","position":2,"name":"Une hausse moyenne des prix de pr\u00e8s de 5\u00a0% pour les v\u00e9hicules en 2023"}]},{"@type":"WebSite","@id":"https:\/\/news.canadamotorjobs.com\/#website","url":"https:\/\/news.canadamotorjobs.com\/","name":"CanadaMotorJobs.com","description":"Automotive Jobs","publisher":{"@id":"https:\/\/news.canadamotorjobs.com\/#organization"},"potentialAction":[{"@type":"SearchAction","target":{"@type":"EntryPoint","urlTemplate":"https:\/\/news.canadamotorjobs.com\/?s={search_term_string}"},"query-input":"required name=search_term_string"}],"inLanguage":"fr-CA"},{"@type":"Organization","@id":"https:\/\/news.canadamotorjobs.com\/#organization","name":"Canada Motor Jobs","url":"https:\/\/news.canadamotorjobs.com\/","logo":{"@type":"ImageObject","inLanguage":"fr-CA","@id":"https:\/\/news.canadamotorjobs.com\/#\/schema\/logo\/image\/","url":"https:\/\/news.canadamotorjobs.com\/wp-content\/uploads\/2022\/10\/logo-canada-motor-jobs-1.png","contentUrl":"https:\/\/news.canadamotorjobs.com\/wp-content\/uploads\/2022\/10\/logo-canada-motor-jobs-1.png","width":800,"height":400,"caption":"Canada Motor Jobs"},"image":{"@id":"https:\/\/news.canadamotorjobs.com\/#\/schema\/logo\/image\/"},"sameAs":["https:\/\/www.facebook.com\/canadamotorjobs\/","https:\/\/x.com\/canadamotorjobs","https:\/\/www.instagram.com\/canadamotorjobs\/","https:\/\/www.linkedin.com\/company\/canadamotorjobs"]},{"@type":"Person","@id":"https:\/\/news.canadamotorjobs.com\/#\/schema\/person\/51793d1f87d44011d7bcc2ed99269a90","name":"Benoit Charette","image":{"@type":"ImageObject","inLanguage":"fr-CA","@id":"https:\/\/news.canadamotorjobs.com\/#\/schema\/person\/image\/","url":"https:\/\/secure.gravatar.com\/avatar\/45f3d2eebcccd909668d7ce7ea7267b6?s=96&d=mm&r=g","contentUrl":"https:\/\/secure.gravatar.com\/avatar\/45f3d2eebcccd909668d7ce7ea7267b6?s=96&d=mm&r=g","caption":"Benoit Charette"},"description":"Benoit Charette \/ Propri\u00e9taire et r\u00e9dacteur en chef Benoit Charette pratique le journalisme automobile depuis bient\u00f4t 30 ans. Il a fait ses classes au c\u00f4t\u00e9 de Daniel H\u00e9raud et au Carnet de route de 1992 \u00e0 2001. Il est fondateur, copropri\u00e9taire et r\u00e9dacteur en chef de L\u2019Annuel de l\u2019automobile, qu\u2019il publie depuis 2001. Il a anim\u00e9 les \u00e9missions RPM et RPM+ sur V et les L\u00e9gendes de la route sur Historia. \u00c0 la radio depuis 1986, il reprend l\u2019antenne cette ann\u00e9e sur les ondes de Cogeco et participe pour la deuxi\u00e8me ann\u00e9e \u00e0 l\u2019\u00e9mission Passion Auto sur RDS en plus de mettre en ligne le site Web officiel de L\u2019Annuel de l\u2019automobile sur annuelauto.ca.","sameAs":["https:\/\/annuelauto.ca\/"],"url":"https:\/\/news.canadamotorjobs.com\/fr\/author\/benoit-charette\/"}]}},"_links":{"self":[{"href":"https:\/\/news.canadamotorjobs.com\/fr\/wp-json\/wp\/v2\/posts\/43211"}],"collection":[{"href":"https:\/\/news.canadamotorjobs.com\/fr\/wp-json\/wp\/v2\/posts"}],"about":[{"href":"https:\/\/news.canadamotorjobs.com\/fr\/wp-json\/wp\/v2\/types\/post"}],"author":[{"embeddable":true,"href":"https:\/\/news.canadamotorjobs.com\/fr\/wp-json\/wp\/v2\/users\/8"}],"replies":[{"embeddable":true,"href":"https:\/\/news.canadamotorjobs.com\/fr\/wp-json\/wp\/v2\/comments?post=43211"}],"version-history":[{"count":0,"href":"https:\/\/news.canadamotorjobs.com\/fr\/wp-json\/wp\/v2\/posts\/43211\/revisions"}],"wp:featuredmedia":[{"embeddable":true,"href":"https:\/\/news.canadamotorjobs.com\/fr\/wp-json\/wp\/v2\/media\/43215"}],"wp:attachment":[{"href":"https:\/\/news.canadamotorjobs.com\/fr\/wp-json\/wp\/v2\/media?parent=43211"}],"wp:term":[{"taxonomy":"category","embeddable":true,"href":"https:\/\/news.canadamotorjobs.com\/fr\/wp-json\/wp\/v2\/categories?post=43211"},{"taxonomy":"post_tag","embeddable":true,"href":"https:\/\/news.canadamotorjobs.com\/fr\/wp-json\/wp\/v2\/tags?post=43211"}],"curies":[{"name":"wp","href":"https:\/\/api.w.org\/{rel}","templated":true}]}}