{"id":43203,"date":"2022-09-06T13:27:15","date_gmt":"2022-09-06T17:27:15","guid":{"rendered":"https:\/\/blog.canadamotorjobs.com\/la-toyota-corolla-gr-debutera-a-45-850\/"},"modified":"2022-09-06T13:28:47","modified_gmt":"2022-09-06T17:28:47","slug":"la-toyota-corolla-gr-debutera-a-45-850","status":"publish","type":"post","link":"https:\/\/news.canadamotorjobs.com\/fr\/la-toyota-corolla-gr-debutera-a-45-850\/","title":{"rendered":"La Toyota Corolla GR d\u00e9butera \u00e0 45 850\u00a0$"},"content":{"rendered":"<\/p>\n<p>Jamais vous n\u2019aurez vu une Corolla aussi nerveuse. Inspir\u00e9e de la Yaris GR, la Corolla GR 2023 arrive chez nous d\u2019ici la fin de l\u2019ann\u00e9e avec 300 chevaux et 273\u00a0lb-pi sous le capot. Elle emprunte son moteur turbo trois cylindres de 1,6 litre \u00e0 la Yaris associ\u00e9 \u00e0 une transmission \u00e0 six rapports et \u00e0 un rouage int\u00e9gral. Pour ceux qui croyaient que la Corolla \u00e9tait sans envergure, voici un mod\u00e8le qui vous fera changer d\u2019id\u00e9e.<br \/> R\u00e9partition de la puissance<br \/> Il est possible de r\u00e9partir la puissance en diff\u00e9rents modes, allant d&#8217;un rapport de 60\/40 entre l&#8217;avant et l&#8217;arri\u00e8re pour une utilisation normale \u00e0 30\/70 pour permettre des d\u00e9rapages contr\u00f4l\u00e9s ; un rapport de 50\/50 est cens\u00e9 offrir la meilleure traction pour la course. La version Circuit Edition sera livr\u00e9e avec des diff\u00e9rentiels \u00e0 glissement limit\u00e9 \u00e0 l&#8217;avant et \u00e0 l&#8217;arri\u00e8re ; la version Core de base les propose en option. La version limit\u00e9e Morizo est une version destin\u00e9e \u00e0 la piste qui incorpore des roues moul\u00e9es plus l\u00e9g\u00e8res, un moteur r\u00e9ajust\u00e9 qui produit un couple de 295 lb-pi (au lieu de 273 lb-pi), une suspension calibr\u00e9e de fa\u00e7on unique et des pneus Michelin Pilot Sport Cup 2.<br \/> Une structure plus solide<br \/> La carrosserie de la GR a des soudures suppl\u00e9mentaires pour renforcer les joints et une plus grande quantit\u00e9 d&#8217;adh\u00e9sif structurel utilis\u00e9 parmi les composants coll\u00e9s. La suspension avant fait appel \u00e0 des jambes de force adapt\u00e9es, tandis que la suspension arri\u00e8re est un syst\u00e8me multibras con\u00e7u pour le<\/p>\n","protected":false},"excerpt":{"rendered":"<p>Jamais vous n\u2019aurez vu une Corolla aussi nerveuse. Inspir\u00e9e de la Yaris GR, la Corolla GR 2023 arrive chez nous d\u2019ici la fin de l\u2019ann\u00e9e avec 300 chevaux et 273\u00a0lb-pi sous le capot. Elle emprunte son moteur turbo trois cylindres de 1,6 litre \u00e0 la Yaris associ\u00e9 \u00e0 une transmission \u00e0 six rapports et \u00e0 [&hellip;]<\/p>\n","protected":false},"author":8,"featured_media":43207,"comment_status":"close","ping_status":"closed","sticky":false,"template":"","format":"standard","meta":{"_monsterinsights_skip_tracking":false,"_monsterinsights_sitenote_active":false,"_monsterinsights_sitenote_note":"","_monsterinsights_sitenote_category":0,"footnotes":""},"categories":[101],"tags":[],"yoast_head":"<!-- This site is optimized with the Yoast SEO plugin v23.2 - https:\/\/yoast.com\/wordpress\/plugins\/seo\/ -->\n<title>La Toyota Corolla GR d\u00e9butera \u00e0 45 850\u00a0$ - CanadaMotorJobs.com<\/title>\n<meta name=\"description\" content=\"La Toyota Corolla GR d\u00e9butera \u00e0 45 850\u00a0$ - Benoit Charette - Annuel automobile - CanadaMotorJobs.com.\" \/>\n<meta name=\"robots\" content=\"index, follow, max-snippet:-1, max-image-preview:large, max-video-preview:-1\" \/>\n<meta property=\"og:locale\" content=\"fr_CA\" \/>\n<meta property=\"og:type\" content=\"article\" \/>\n<meta property=\"og:title\" content=\"La Toyota Corolla GR d\u00e9butera \u00e0 45 850\u00a0$ - CanadaMotorJobs.com\" \/>\n<meta property=\"og:description\" content=\"La Toyota Corolla GR d\u00e9butera \u00e0 45 850\u00a0$ - Benoit Charette - Annuel automobile - CanadaMotorJobs.com.\" \/>\n<meta property=\"og:url\" content=\"https:\/\/news.canadamotorjobs.com\/fr\/la-toyota-corolla-gr-debutera-a-45-850\/\" \/>\n<meta property=\"og:site_name\" content=\"CanadaMotorJobs.com\" \/>\n<meta property=\"article:publisher\" content=\"https:\/\/www.facebook.com\/canadamotorjobs\/\" \/>\n<meta property=\"article:published_time\" content=\"2022-09-06T17:27:15+00:00\" \/>\n<meta property=\"article:modified_time\" content=\"2022-09-06T17:28:47+00:00\" \/>\n<meta property=\"og:image\" content=\"https:\/\/news.canadamotorjobs.com\/wp-content\/uploads\/2022\/09\/MY23_GR-Corolla_Circuit-Edition_027-1.jpg\" \/>\n\t<meta property=\"og:image:width\" content=\"1388\" \/>\n\t<meta property=\"og:image:height\" content=\"1000\" \/>\n\t<meta property=\"og:image:type\" content=\"image\/jpeg\" \/>\n<meta name=\"author\" content=\"Benoit Charette\" \/>\n<meta name=\"twitter:card\" content=\"summary_large_image\" \/>\n<meta name=\"twitter:creator\" content=\"@canadamotorjobs\" \/>\n<meta name=\"twitter:site\" content=\"@canadamotorjobs\" \/>\n<meta name=\"twitter:label1\" content=\"\u00c9crit par\" \/>\n\t<meta name=\"twitter:data1\" content=\"Benoit Charette\" \/>\n\t<meta name=\"twitter:label2\" content=\"Estimation du temps de lecture\" \/>\n\t<meta name=\"twitter:data2\" content=\"1 minute\" \/>\n<!-- \/ Yoast SEO plugin. -->","yoast_head_json":{"title":"La Toyota Corolla GR d\u00e9butera \u00e0 45 850\u00a0$ - CanadaMotorJobs.com","description":"La Toyota Corolla GR d\u00e9butera \u00e0 45 850\u00a0$ - Benoit Charette - Annuel automobile - CanadaMotorJobs.com.","robots":{"index":"index","follow":"follow","max-snippet":"max-snippet:-1","max-image-preview":"max-image-preview:large","max-video-preview":"max-video-preview:-1"},"og_locale":"fr_CA","og_type":"article","og_title":"La Toyota Corolla GR d\u00e9butera \u00e0 45 850\u00a0$ - CanadaMotorJobs.com","og_description":"La Toyota Corolla GR d\u00e9butera \u00e0 45 850\u00a0$ - Benoit Charette - Annuel automobile - CanadaMotorJobs.com.","og_url":"https:\/\/news.canadamotorjobs.com\/fr\/la-toyota-corolla-gr-debutera-a-45-850\/","og_site_name":"CanadaMotorJobs.com","article_publisher":"https:\/\/www.facebook.com\/canadamotorjobs\/","article_published_time":"2022-09-06T17:27:15+00:00","article_modified_time":"2022-09-06T17:28:47+00:00","og_image":[{"width":1388,"height":1000,"url":"https:\/\/news.canadamotorjobs.com\/wp-content\/uploads\/2022\/09\/MY23_GR-Corolla_Circuit-Edition_027-1.jpg","type":"image\/jpeg"}],"author":"Benoit Charette","twitter_card":"summary_large_image","twitter_creator":"@canadamotorjobs","twitter_site":"@canadamotorjobs","twitter_misc":{"\u00c9crit par":"Benoit Charette","Estimation du temps de lecture":"1 minute"},"schema":{"@context":"https:\/\/schema.org","@graph":[{"@type":"Article","@id":"https:\/\/news.canadamotorjobs.com\/fr\/la-toyota-corolla-gr-debutera-a-45-850\/#article","isPartOf":{"@id":"https:\/\/news.canadamotorjobs.com\/fr\/la-toyota-corolla-gr-debutera-a-45-850\/"},"author":{"name":"Benoit Charette","@id":"https:\/\/news.canadamotorjobs.com\/#\/schema\/person\/51793d1f87d44011d7bcc2ed99269a90"},"headline":"La Toyota Corolla GR d\u00e9butera \u00e0 45 850\u00a0$","datePublished":"2022-09-06T17:27:15+00:00","dateModified":"2022-09-06T17:28:47+00:00","mainEntityOfPage":{"@id":"https:\/\/news.canadamotorjobs.com\/fr\/la-toyota-corolla-gr-debutera-a-45-850\/"},"wordCount":275,"publisher":{"@id":"https:\/\/news.canadamotorjobs.com\/#organization"},"image":{"@id":"https:\/\/news.canadamotorjobs.com\/fr\/la-toyota-corolla-gr-debutera-a-45-850\/#primaryimage"},"thumbnailUrl":"https:\/\/news.canadamotorjobs.com\/wp-content\/uploads\/2022\/09\/MY23_GR-Corolla_Circuit-Edition_027-1.jpg","articleSection":["Annuel automobile"],"inLanguage":"fr-CA"},{"@type":"WebPage","@id":"https:\/\/news.canadamotorjobs.com\/fr\/la-toyota-corolla-gr-debutera-a-45-850\/","url":"https:\/\/news.canadamotorjobs.com\/fr\/la-toyota-corolla-gr-debutera-a-45-850\/","name":"La Toyota Corolla GR d\u00e9butera \u00e0 45 850\u00a0$ - CanadaMotorJobs.com","isPartOf":{"@id":"https:\/\/news.canadamotorjobs.com\/#website"},"primaryImageOfPage":{"@id":"https:\/\/news.canadamotorjobs.com\/fr\/la-toyota-corolla-gr-debutera-a-45-850\/#primaryimage"},"image":{"@id":"https:\/\/news.canadamotorjobs.com\/fr\/la-toyota-corolla-gr-debutera-a-45-850\/#primaryimage"},"thumbnailUrl":"https:\/\/news.canadamotorjobs.com\/wp-content\/uploads\/2022\/09\/MY23_GR-Corolla_Circuit-Edition_027-1.jpg","datePublished":"2022-09-06T17:27:15+00:00","dateModified":"2022-09-06T17:28:47+00:00","description":"La Toyota Corolla GR d\u00e9butera \u00e0 45 850\u00a0$ - Benoit Charette - Annuel automobile - CanadaMotorJobs.com.","breadcrumb":{"@id":"https:\/\/news.canadamotorjobs.com\/fr\/la-toyota-corolla-gr-debutera-a-45-850\/#breadcrumb"},"inLanguage":"fr-CA","potentialAction":[{"@type":"ReadAction","target":["https:\/\/news.canadamotorjobs.com\/fr\/la-toyota-corolla-gr-debutera-a-45-850\/"]}]},{"@type":"ImageObject","inLanguage":"fr-CA","@id":"https:\/\/news.canadamotorjobs.com\/fr\/la-toyota-corolla-gr-debutera-a-45-850\/#primaryimage","url":"https:\/\/news.canadamotorjobs.com\/wp-content\/uploads\/2022\/09\/MY23_GR-Corolla_Circuit-Edition_027-1.jpg","contentUrl":"https:\/\/news.canadamotorjobs.com\/wp-content\/uploads\/2022\/09\/MY23_GR-Corolla_Circuit-Edition_027-1.jpg","width":1388,"height":1000},{"@type":"BreadcrumbList","@id":"https:\/\/news.canadamotorjobs.com\/fr\/la-toyota-corolla-gr-debutera-a-45-850\/#breadcrumb","itemListElement":[{"@type":"ListItem","position":1,"name":"Home","item":"https:\/\/news.canadamotorjobs.com\/fr\/blog\/"},{"@type":"ListItem","position":2,"name":"La Toyota Corolla GR d\u00e9butera \u00e0 45 850\u00a0$"}]},{"@type":"WebSite","@id":"https:\/\/news.canadamotorjobs.com\/#website","url":"https:\/\/news.canadamotorjobs.com\/","name":"CanadaMotorJobs.com","description":"Automotive Jobs","publisher":{"@id":"https:\/\/news.canadamotorjobs.com\/#organization"},"potentialAction":[{"@type":"SearchAction","target":{"@type":"EntryPoint","urlTemplate":"https:\/\/news.canadamotorjobs.com\/?s={search_term_string}"},"query-input":"required name=search_term_string"}],"inLanguage":"fr-CA"},{"@type":"Organization","@id":"https:\/\/news.canadamotorjobs.com\/#organization","name":"Canada Motor Jobs","url":"https:\/\/news.canadamotorjobs.com\/","logo":{"@type":"ImageObject","inLanguage":"fr-CA","@id":"https:\/\/news.canadamotorjobs.com\/#\/schema\/logo\/image\/","url":"https:\/\/news.canadamotorjobs.com\/wp-content\/uploads\/2022\/10\/logo-canada-motor-jobs-1.png","contentUrl":"https:\/\/news.canadamotorjobs.com\/wp-content\/uploads\/2022\/10\/logo-canada-motor-jobs-1.png","width":800,"height":400,"caption":"Canada Motor Jobs"},"image":{"@id":"https:\/\/news.canadamotorjobs.com\/#\/schema\/logo\/image\/"},"sameAs":["https:\/\/www.facebook.com\/canadamotorjobs\/","https:\/\/x.com\/canadamotorjobs","https:\/\/www.instagram.com\/canadamotorjobs\/","https:\/\/www.linkedin.com\/company\/canadamotorjobs"]},{"@type":"Person","@id":"https:\/\/news.canadamotorjobs.com\/#\/schema\/person\/51793d1f87d44011d7bcc2ed99269a90","name":"Benoit Charette","image":{"@type":"ImageObject","inLanguage":"fr-CA","@id":"https:\/\/news.canadamotorjobs.com\/#\/schema\/person\/image\/","url":"https:\/\/secure.gravatar.com\/avatar\/45f3d2eebcccd909668d7ce7ea7267b6?s=96&d=mm&r=g","contentUrl":"https:\/\/secure.gravatar.com\/avatar\/45f3d2eebcccd909668d7ce7ea7267b6?s=96&d=mm&r=g","caption":"Benoit Charette"},"description":"Benoit Charette \/ Propri\u00e9taire et r\u00e9dacteur en chef Benoit Charette pratique le journalisme automobile depuis bient\u00f4t 30 ans. Il a fait ses classes au c\u00f4t\u00e9 de Daniel H\u00e9raud et au Carnet de route de 1992 \u00e0 2001. Il est fondateur, copropri\u00e9taire et r\u00e9dacteur en chef de L\u2019Annuel de l\u2019automobile, qu\u2019il publie depuis 2001. Il a anim\u00e9 les \u00e9missions RPM et RPM+ sur V et les L\u00e9gendes de la route sur Historia. \u00c0 la radio depuis 1986, il reprend l\u2019antenne cette ann\u00e9e sur les ondes de Cogeco et participe pour la deuxi\u00e8me ann\u00e9e \u00e0 l\u2019\u00e9mission Passion Auto sur RDS en plus de mettre en ligne le site Web officiel de L\u2019Annuel de l\u2019automobile sur annuelauto.ca.","sameAs":["https:\/\/annuelauto.ca\/"],"url":"https:\/\/news.canadamotorjobs.com\/fr\/author\/benoit-charette\/"}]}},"_links":{"self":[{"href":"https:\/\/news.canadamotorjobs.com\/fr\/wp-json\/wp\/v2\/posts\/43203"}],"collection":[{"href":"https:\/\/news.canadamotorjobs.com\/fr\/wp-json\/wp\/v2\/posts"}],"about":[{"href":"https:\/\/news.canadamotorjobs.com\/fr\/wp-json\/wp\/v2\/types\/post"}],"author":[{"embeddable":true,"href":"https:\/\/news.canadamotorjobs.com\/fr\/wp-json\/wp\/v2\/users\/8"}],"replies":[{"embeddable":true,"href":"https:\/\/news.canadamotorjobs.com\/fr\/wp-json\/wp\/v2\/comments?post=43203"}],"version-history":[{"count":0,"href":"https:\/\/news.canadamotorjobs.com\/fr\/wp-json\/wp\/v2\/posts\/43203\/revisions"}],"wp:featuredmedia":[{"embeddable":true,"href":"https:\/\/news.canadamotorjobs.com\/fr\/wp-json\/wp\/v2\/media\/43207"}],"wp:attachment":[{"href":"https:\/\/news.canadamotorjobs.com\/fr\/wp-json\/wp\/v2\/media?parent=43203"}],"wp:term":[{"taxonomy":"category","embeddable":true,"href":"https:\/\/news.canadamotorjobs.com\/fr\/wp-json\/wp\/v2\/categories?post=43203"},{"taxonomy":"post_tag","embeddable":true,"href":"https:\/\/news.canadamotorjobs.com\/fr\/wp-json\/wp\/v2\/tags?post=43203"}],"curies":[{"name":"wp","href":"https:\/\/api.w.org\/{rel}","templated":true}]}}