{"id":43195,"date":"2022-09-05T10:58:08","date_gmt":"2022-09-05T14:58:08","guid":{"rendered":"https:\/\/blog.canadamotorjobs.com\/saviez-vous-que-pininfarina-a-imagine-une-porsche-911-a-4-vraies-places\/"},"modified":"2022-09-05T10:58:50","modified_gmt":"2022-09-05T14:58:50","slug":"saviez-vous-que-pininfarina-a-imagine-une-porsche-911-a-4-vraies-places","status":"publish","type":"post","link":"https:\/\/news.canadamotorjobs.com\/fr\/saviez-vous-que-pininfarina-a-imagine-une-porsche-911-a-4-vraies-places\/","title":{"rendered":"Saviez-vous que Pininfarina a imagin\u00e9 une Porsche 911 \u00e0 4 vraies places ?"},"content":{"rendered":"<\/p>\n<p>En 1969, Porsche contacte Pininfarina, grand concepteur automobile italien, afin d\u2019imaginer une 911 pouvant accueillir convenablement 4 occupants. Apr\u00e8s avoir entre autres rallong\u00e9 de 192 mm la voiture afin d\u2019offrir plus d\u2019espace pour les passagers \u00e0 l\u2019arri\u00e8re et revu de fa\u00e7on minimale la carrosserie, Pininfarina pr\u00e9sente son r\u00e9sultat \u00e0 Porsche. D\u00e9ception sur toute la ligne ! On lui reproche sa mauvaise finition, ses proportions qui l\u2019enlaidissent par rapport \u00e0 la 911 ainsi qu\u2019une pi\u00e8tre r\u00e9partition des masses, soit de 39 \/ 61. Bref, le projet tombe \u00e0 l\u2019eau et Porsche ne fera jamais \u00e0 nouveau affaire avec Pininfarina. \u00c0 ce jour, apr\u00e8s avoir subi quelques transformations au fil du temps, cette Porsche 911 B17 existe encore et elle appartient \u00e0 un collectionneur su\u00e9dois.<br \/> Saviez-vous que la Porsche 912\u00a0a aussi exist\u00e9 ?<br \/> Comme la diff\u00e9rence de prix \u00e9tait non n\u00e9gligeable entre la Porsche 356 et la 911, Porsche a eu l\u2019id\u00e9e de produire un mod\u00e8le qui repr\u00e9senterait un compromis entre les deux\u00a0: la 912. Bri\u00e8vement, la Porsche 912 est une Porsche 911 propuls\u00e9e non pas par un moteur 6 cylindres, mais par un moteur 4 cylindres \u00e0 plat 1,6 L provenant de la Porsche 356. La 912 a \u00e9t\u00e9 produite cons\u00e9cutivement de 1965 \u00e0 1969. La formule a \u00e9t\u00e9 tent\u00e9e \u00e0 nouveau par Porsche en 1976 alors que la 914 venait de quitter le catalogue. Porsche l\u2019a donc momentan\u00e9ment remplac\u00e9e par la 912E. Encore une fois, il s\u2019agissait d\u2019une 911 dite classique, dot\u00e9e d\u2019un moteur 4 cylindres d\u00e9velopp\u00e9 en partenariat avec<\/p>\n","protected":false},"excerpt":{"rendered":"<p>En 1969, Porsche contacte Pininfarina, grand concepteur automobile italien, afin d\u2019imaginer une 911 pouvant accueillir convenablement 4 occupants. Apr\u00e8s avoir entre autres rallong\u00e9 de 192 mm la voiture afin d\u2019offrir plus d\u2019espace pour les passagers \u00e0 l\u2019arri\u00e8re et revu de fa\u00e7on minimale la carrosserie, Pininfarina pr\u00e9sente son r\u00e9sultat \u00e0 Porsche. D\u00e9ception sur toute la ligne [&hellip;]<\/p>\n","protected":false},"author":8,"featured_media":43199,"comment_status":"close","ping_status":"closed","sticky":false,"template":"","format":"standard","meta":{"_monsterinsights_skip_tracking":false,"_monsterinsights_sitenote_active":false,"_monsterinsights_sitenote_note":"","_monsterinsights_sitenote_category":0,"footnotes":""},"categories":[101],"tags":[],"yoast_head":"<!-- This site is optimized with the Yoast SEO plugin v23.2 - https:\/\/yoast.com\/wordpress\/plugins\/seo\/ -->\n<title>Saviez-vous que Pininfarina a imagin\u00e9 une Porsche 911 \u00e0 4 vraies places ? - CanadaMotorJobs.com<\/title>\n<meta name=\"description\" content=\"Saviez-vous que Pininfarina a imagin\u00e9 une Porsche 911 \u00e0 4 vraies places ? - Benoit Charette - Annuel automobile - CanadaMotorJobs.com.\" \/>\n<meta name=\"robots\" content=\"index, follow, max-snippet:-1, max-image-preview:large, max-video-preview:-1\" \/>\n<meta property=\"og:locale\" content=\"fr_CA\" \/>\n<meta property=\"og:type\" content=\"article\" \/>\n<meta property=\"og:title\" content=\"Saviez-vous que Pininfarina a imagin\u00e9 une Porsche 911 \u00e0 4 vraies places ? - CanadaMotorJobs.com\" \/>\n<meta property=\"og:description\" content=\"Saviez-vous que Pininfarina a imagin\u00e9 une Porsche 911 \u00e0 4 vraies places ? - Benoit Charette - Annuel automobile - CanadaMotorJobs.com.\" \/>\n<meta property=\"og:url\" content=\"https:\/\/news.canadamotorjobs.com\/fr\/saviez-vous-que-pininfarina-a-imagine-une-porsche-911-a-4-vraies-places\/\" \/>\n<meta property=\"og:site_name\" content=\"CanadaMotorJobs.com\" \/>\n<meta property=\"article:publisher\" content=\"https:\/\/www.facebook.com\/canadamotorjobs\/\" \/>\n<meta property=\"article:published_time\" content=\"2022-09-05T14:58:08+00:00\" \/>\n<meta property=\"article:modified_time\" content=\"2022-09-05T14:58:50+00:00\" \/>\n<meta property=\"og:image\" content=\"https:\/\/news.canadamotorjobs.com\/wp-content\/uploads\/2022\/09\/27-saviez-vous-porsche-911-b17-pininfarinawikipedia-Herranderssvensson-copie-1.jpg\" \/>\n\t<meta property=\"og:image:width\" content=\"2404\" \/>\n\t<meta property=\"og:image:height\" content=\"1340\" \/>\n\t<meta property=\"og:image:type\" content=\"image\/jpeg\" \/>\n<meta name=\"author\" content=\"Benoit Charette\" \/>\n<meta name=\"twitter:card\" content=\"summary_large_image\" \/>\n<meta name=\"twitter:creator\" content=\"@canadamotorjobs\" \/>\n<meta name=\"twitter:site\" content=\"@canadamotorjobs\" \/>\n<meta name=\"twitter:label1\" content=\"\u00c9crit par\" \/>\n\t<meta name=\"twitter:data1\" content=\"Benoit Charette\" \/>\n\t<meta name=\"twitter:label2\" content=\"Estimation du temps de lecture\" \/>\n\t<meta name=\"twitter:data2\" content=\"1 minute\" \/>\n<!-- \/ Yoast SEO plugin. -->","yoast_head_json":{"title":"Saviez-vous que Pininfarina a imagin\u00e9 une Porsche 911 \u00e0 4 vraies places ? - CanadaMotorJobs.com","description":"Saviez-vous que Pininfarina a imagin\u00e9 une Porsche 911 \u00e0 4 vraies places ? - Benoit Charette - Annuel automobile - CanadaMotorJobs.com.","robots":{"index":"index","follow":"follow","max-snippet":"max-snippet:-1","max-image-preview":"max-image-preview:large","max-video-preview":"max-video-preview:-1"},"og_locale":"fr_CA","og_type":"article","og_title":"Saviez-vous que Pininfarina a imagin\u00e9 une Porsche 911 \u00e0 4 vraies places ? - CanadaMotorJobs.com","og_description":"Saviez-vous que Pininfarina a imagin\u00e9 une Porsche 911 \u00e0 4 vraies places ? - Benoit Charette - Annuel automobile - CanadaMotorJobs.com.","og_url":"https:\/\/news.canadamotorjobs.com\/fr\/saviez-vous-que-pininfarina-a-imagine-une-porsche-911-a-4-vraies-places\/","og_site_name":"CanadaMotorJobs.com","article_publisher":"https:\/\/www.facebook.com\/canadamotorjobs\/","article_published_time":"2022-09-05T14:58:08+00:00","article_modified_time":"2022-09-05T14:58:50+00:00","og_image":[{"width":2404,"height":1340,"url":"https:\/\/news.canadamotorjobs.com\/wp-content\/uploads\/2022\/09\/27-saviez-vous-porsche-911-b17-pininfarinawikipedia-Herranderssvensson-copie-1.jpg","type":"image\/jpeg"}],"author":"Benoit Charette","twitter_card":"summary_large_image","twitter_creator":"@canadamotorjobs","twitter_site":"@canadamotorjobs","twitter_misc":{"\u00c9crit par":"Benoit Charette","Estimation du temps de lecture":"1 minute"},"schema":{"@context":"https:\/\/schema.org","@graph":[{"@type":"Article","@id":"https:\/\/news.canadamotorjobs.com\/fr\/saviez-vous-que-pininfarina-a-imagine-une-porsche-911-a-4-vraies-places\/#article","isPartOf":{"@id":"https:\/\/news.canadamotorjobs.com\/fr\/saviez-vous-que-pininfarina-a-imagine-une-porsche-911-a-4-vraies-places\/"},"author":{"name":"Benoit Charette","@id":"https:\/\/news.canadamotorjobs.com\/#\/schema\/person\/51793d1f87d44011d7bcc2ed99269a90"},"headline":"Saviez-vous que Pininfarina a imagin\u00e9 une Porsche 911 \u00e0 4 vraies places ?","datePublished":"2022-09-05T14:58:08+00:00","dateModified":"2022-09-05T14:58:50+00:00","mainEntityOfPage":{"@id":"https:\/\/news.canadamotorjobs.com\/fr\/saviez-vous-que-pininfarina-a-imagine-une-porsche-911-a-4-vraies-places\/"},"wordCount":257,"publisher":{"@id":"https:\/\/news.canadamotorjobs.com\/#organization"},"image":{"@id":"https:\/\/news.canadamotorjobs.com\/fr\/saviez-vous-que-pininfarina-a-imagine-une-porsche-911-a-4-vraies-places\/#primaryimage"},"thumbnailUrl":"https:\/\/news.canadamotorjobs.com\/wp-content\/uploads\/2022\/09\/27-saviez-vous-porsche-911-b17-pininfarinawikipedia-Herranderssvensson-copie-1.jpg","articleSection":["Annuel automobile"],"inLanguage":"fr-CA"},{"@type":"WebPage","@id":"https:\/\/news.canadamotorjobs.com\/fr\/saviez-vous-que-pininfarina-a-imagine-une-porsche-911-a-4-vraies-places\/","url":"https:\/\/news.canadamotorjobs.com\/fr\/saviez-vous-que-pininfarina-a-imagine-une-porsche-911-a-4-vraies-places\/","name":"Saviez-vous que Pininfarina a imagin\u00e9 une Porsche 911 \u00e0 4 vraies places ? - CanadaMotorJobs.com","isPartOf":{"@id":"https:\/\/news.canadamotorjobs.com\/#website"},"primaryImageOfPage":{"@id":"https:\/\/news.canadamotorjobs.com\/fr\/saviez-vous-que-pininfarina-a-imagine-une-porsche-911-a-4-vraies-places\/#primaryimage"},"image":{"@id":"https:\/\/news.canadamotorjobs.com\/fr\/saviez-vous-que-pininfarina-a-imagine-une-porsche-911-a-4-vraies-places\/#primaryimage"},"thumbnailUrl":"https:\/\/news.canadamotorjobs.com\/wp-content\/uploads\/2022\/09\/27-saviez-vous-porsche-911-b17-pininfarinawikipedia-Herranderssvensson-copie-1.jpg","datePublished":"2022-09-05T14:58:08+00:00","dateModified":"2022-09-05T14:58:50+00:00","description":"Saviez-vous que Pininfarina a imagin\u00e9 une Porsche 911 \u00e0 4 vraies places ? - Benoit Charette - Annuel automobile - CanadaMotorJobs.com.","breadcrumb":{"@id":"https:\/\/news.canadamotorjobs.com\/fr\/saviez-vous-que-pininfarina-a-imagine-une-porsche-911-a-4-vraies-places\/#breadcrumb"},"inLanguage":"fr-CA","potentialAction":[{"@type":"ReadAction","target":["https:\/\/news.canadamotorjobs.com\/fr\/saviez-vous-que-pininfarina-a-imagine-une-porsche-911-a-4-vraies-places\/"]}]},{"@type":"ImageObject","inLanguage":"fr-CA","@id":"https:\/\/news.canadamotorjobs.com\/fr\/saviez-vous-que-pininfarina-a-imagine-une-porsche-911-a-4-vraies-places\/#primaryimage","url":"https:\/\/news.canadamotorjobs.com\/wp-content\/uploads\/2022\/09\/27-saviez-vous-porsche-911-b17-pininfarinawikipedia-Herranderssvensson-copie-1.jpg","contentUrl":"https:\/\/news.canadamotorjobs.com\/wp-content\/uploads\/2022\/09\/27-saviez-vous-porsche-911-b17-pininfarinawikipedia-Herranderssvensson-copie-1.jpg","width":2404,"height":1340},{"@type":"BreadcrumbList","@id":"https:\/\/news.canadamotorjobs.com\/fr\/saviez-vous-que-pininfarina-a-imagine-une-porsche-911-a-4-vraies-places\/#breadcrumb","itemListElement":[{"@type":"ListItem","position":1,"name":"Home","item":"https:\/\/news.canadamotorjobs.com\/fr\/blog\/"},{"@type":"ListItem","position":2,"name":"Saviez-vous que Pininfarina a imagin\u00e9 une Porsche 911 \u00e0 4 vraies places ?"}]},{"@type":"WebSite","@id":"https:\/\/news.canadamotorjobs.com\/#website","url":"https:\/\/news.canadamotorjobs.com\/","name":"CanadaMotorJobs.com","description":"Automotive Jobs","publisher":{"@id":"https:\/\/news.canadamotorjobs.com\/#organization"},"potentialAction":[{"@type":"SearchAction","target":{"@type":"EntryPoint","urlTemplate":"https:\/\/news.canadamotorjobs.com\/?s={search_term_string}"},"query-input":"required name=search_term_string"}],"inLanguage":"fr-CA"},{"@type":"Organization","@id":"https:\/\/news.canadamotorjobs.com\/#organization","name":"Canada Motor Jobs","url":"https:\/\/news.canadamotorjobs.com\/","logo":{"@type":"ImageObject","inLanguage":"fr-CA","@id":"https:\/\/news.canadamotorjobs.com\/#\/schema\/logo\/image\/","url":"https:\/\/news.canadamotorjobs.com\/wp-content\/uploads\/2022\/10\/logo-canada-motor-jobs-1.png","contentUrl":"https:\/\/news.canadamotorjobs.com\/wp-content\/uploads\/2022\/10\/logo-canada-motor-jobs-1.png","width":800,"height":400,"caption":"Canada Motor Jobs"},"image":{"@id":"https:\/\/news.canadamotorjobs.com\/#\/schema\/logo\/image\/"},"sameAs":["https:\/\/www.facebook.com\/canadamotorjobs\/","https:\/\/x.com\/canadamotorjobs","https:\/\/www.instagram.com\/canadamotorjobs\/","https:\/\/www.linkedin.com\/company\/canadamotorjobs"]},{"@type":"Person","@id":"https:\/\/news.canadamotorjobs.com\/#\/schema\/person\/51793d1f87d44011d7bcc2ed99269a90","name":"Benoit Charette","image":{"@type":"ImageObject","inLanguage":"fr-CA","@id":"https:\/\/news.canadamotorjobs.com\/#\/schema\/person\/image\/","url":"https:\/\/secure.gravatar.com\/avatar\/45f3d2eebcccd909668d7ce7ea7267b6?s=96&d=mm&r=g","contentUrl":"https:\/\/secure.gravatar.com\/avatar\/45f3d2eebcccd909668d7ce7ea7267b6?s=96&d=mm&r=g","caption":"Benoit Charette"},"description":"Benoit Charette \/ Propri\u00e9taire et r\u00e9dacteur en chef Benoit Charette pratique le journalisme automobile depuis bient\u00f4t 30 ans. Il a fait ses classes au c\u00f4t\u00e9 de Daniel H\u00e9raud et au Carnet de route de 1992 \u00e0 2001. Il est fondateur, copropri\u00e9taire et r\u00e9dacteur en chef de L\u2019Annuel de l\u2019automobile, qu\u2019il publie depuis 2001. Il a anim\u00e9 les \u00e9missions RPM et RPM+ sur V et les L\u00e9gendes de la route sur Historia. \u00c0 la radio depuis 1986, il reprend l\u2019antenne cette ann\u00e9e sur les ondes de Cogeco et participe pour la deuxi\u00e8me ann\u00e9e \u00e0 l\u2019\u00e9mission Passion Auto sur RDS en plus de mettre en ligne le site Web officiel de L\u2019Annuel de l\u2019automobile sur annuelauto.ca.","sameAs":["https:\/\/annuelauto.ca\/"],"url":"https:\/\/news.canadamotorjobs.com\/fr\/author\/benoit-charette\/"}]}},"_links":{"self":[{"href":"https:\/\/news.canadamotorjobs.com\/fr\/wp-json\/wp\/v2\/posts\/43195"}],"collection":[{"href":"https:\/\/news.canadamotorjobs.com\/fr\/wp-json\/wp\/v2\/posts"}],"about":[{"href":"https:\/\/news.canadamotorjobs.com\/fr\/wp-json\/wp\/v2\/types\/post"}],"author":[{"embeddable":true,"href":"https:\/\/news.canadamotorjobs.com\/fr\/wp-json\/wp\/v2\/users\/8"}],"replies":[{"embeddable":true,"href":"https:\/\/news.canadamotorjobs.com\/fr\/wp-json\/wp\/v2\/comments?post=43195"}],"version-history":[{"count":0,"href":"https:\/\/news.canadamotorjobs.com\/fr\/wp-json\/wp\/v2\/posts\/43195\/revisions"}],"wp:featuredmedia":[{"embeddable":true,"href":"https:\/\/news.canadamotorjobs.com\/fr\/wp-json\/wp\/v2\/media\/43199"}],"wp:attachment":[{"href":"https:\/\/news.canadamotorjobs.com\/fr\/wp-json\/wp\/v2\/media?parent=43195"}],"wp:term":[{"taxonomy":"category","embeddable":true,"href":"https:\/\/news.canadamotorjobs.com\/fr\/wp-json\/wp\/v2\/categories?post=43195"},{"taxonomy":"post_tag","embeddable":true,"href":"https:\/\/news.canadamotorjobs.com\/fr\/wp-json\/wp\/v2\/tags?post=43195"}],"curies":[{"name":"wp","href":"https:\/\/api.w.org\/{rel}","templated":true}]}}