{"id":43179,"date":"2022-09-04T10:17:56","date_gmt":"2022-09-04T14:17:56","guid":{"rendered":"https:\/\/blog.canadamotorjobs.com\/les-nouvelles-batteries-tesla-auront-une-autonomie-de-pres-de-700-km\/"},"modified":"2022-09-04T10:30:11","modified_gmt":"2022-09-04T14:30:11","slug":"les-nouvelles-batteries-tesla-auront-une-autonomie-de-pres-de-700-km","status":"publish","type":"post","link":"https:\/\/news.canadamotorjobs.com\/fr\/les-nouvelles-batteries-tesla-auront-une-autonomie-de-pres-de-700-km\/","title":{"rendered":"Les nouvelles batteries Tesla auront une autonomie de pr\u00e8s de 700 km"},"content":{"rendered":"<\/p>\n<p>Le fournisseur de batteries chinois de Tesla, CATL, (<em>Contemporary Amperex Technology Co., Limited<\/em> ) travaille sur de nouveaux mat\u00e9riaux de batterie qui am\u00e9lioreront la densit\u00e9 \u00e9nerg\u00e9tique d&#8217;environ 10 \u00e0 20 % et augmenteront l&#8217;autonomie. Ces batteries appel\u00e9es M3P permettront \u00e0 un v\u00e9hicule \u00e9lectrique d&#8217;atteindre une autonomie qui approche les 700 km par charge.<br \/> De nouveaux mat\u00e9riaux<br \/> Les nouveaux mat\u00e9riaux utilis\u00e9s dans la batterie seraient \u00e0 l&#8217;origine de ces chiffres, car ils offrent un plus grand potentiel de stockage dans le m\u00eame espace physique qu&#8217;une batterie existante. \u00c0 titre de r\u00e9f\u00e9rence, le gain d&#8217;environ 20 % est compar\u00e9 aux batteries au phosphate de fer plus traditionnelles. Ces unit\u00e9s au phosphate de fer sont courantes, de grandes marques comme Ford commen\u00e7ant \u00e0 les int\u00e9grer plus largement dans ses cycles de production.<br \/> Il y a aussi les batteries 4680 de Panasonic<br \/> Tesla travaille avec quelques fournisseurs pour obtenir les batteries dont elle a besoin pour des voitures comme la Tesla Model Y. R\u00e9cemment, nous avons beaucoup entendu parler des nouvelles batteries 4680 de Panasonic et Tesla. Celles-ci seront utilis\u00e9es pour rendre (id\u00e9alement) certains mod\u00e8les un peu plus abordables gr\u00e2ce \u00e0 des gains de performance et d&#8217;efficacit\u00e9. CATL a lanc\u00e9 la batterie Qilin en juin et a vant\u00e9 une densit\u00e9 d\u2019\u00e9nergie sup\u00e9rieure de 13 % par rapport \u00e0 la m\u00eame taille de cellules de batterie cylindrique 4680 de Tesla, soit 46 millim\u00e8tres de diam\u00e8tre et 80 millim\u00e8tres de longueur, tout en utilisant le m\u00eame type de mat\u00e9riaux.<br \/> De nouveaux mat\u00e9riaux<br \/> Les nouveaux mat\u00e9riaux utilis\u00e9s<\/p>\n","protected":false},"excerpt":{"rendered":"<p>Le fournisseur de batteries chinois de Tesla, CATL, (Contemporary Amperex Technology Co., Limited ) travaille sur de nouveaux mat\u00e9riaux de batterie qui am\u00e9lioreront la densit\u00e9 \u00e9nerg\u00e9tique d&#8217;environ 10 \u00e0 20 % et augmenteront l&#8217;autonomie. Ces batteries appel\u00e9es M3P permettront \u00e0 un v\u00e9hicule \u00e9lectrique d&#8217;atteindre une autonomie qui approche les 700 km par charge. De nouveaux [&hellip;]<\/p>\n","protected":false},"author":8,"featured_media":43183,"comment_status":"close","ping_status":"closed","sticky":false,"template":"","format":"standard","meta":{"_monsterinsights_skip_tracking":false,"_monsterinsights_sitenote_active":false,"_monsterinsights_sitenote_note":"","_monsterinsights_sitenote_category":0,"footnotes":""},"categories":[101],"tags":[],"yoast_head":"<!-- This site is optimized with the Yoast SEO plugin v23.2 - https:\/\/yoast.com\/wordpress\/plugins\/seo\/ -->\n<title>Les nouvelles batteries Tesla auront une autonomie de pr\u00e8s de 700 km - CanadaMotorJobs.com<\/title>\n<meta name=\"description\" content=\"Les nouvelles batteries Tesla auront une autonomie de pr\u00e8s de 700 km - Benoit Charette - Annuel automobile - CanadaMotorJobs.com.\" \/>\n<meta name=\"robots\" content=\"index, follow, max-snippet:-1, max-image-preview:large, max-video-preview:-1\" \/>\n<meta property=\"og:locale\" content=\"fr_CA\" \/>\n<meta property=\"og:type\" content=\"article\" \/>\n<meta property=\"og:title\" content=\"Les nouvelles batteries Tesla auront une autonomie de pr\u00e8s de 700 km - CanadaMotorJobs.com\" \/>\n<meta property=\"og:description\" content=\"Les nouvelles batteries Tesla auront une autonomie de pr\u00e8s de 700 km - Benoit Charette - Annuel automobile - CanadaMotorJobs.com.\" \/>\n<meta property=\"og:url\" content=\"https:\/\/news.canadamotorjobs.com\/fr\/les-nouvelles-batteries-tesla-auront-une-autonomie-de-pres-de-700-km\/\" \/>\n<meta property=\"og:site_name\" content=\"CanadaMotorJobs.com\" \/>\n<meta property=\"article:publisher\" content=\"https:\/\/www.facebook.com\/canadamotorjobs\/\" \/>\n<meta property=\"article:published_time\" content=\"2022-09-04T14:17:56+00:00\" \/>\n<meta property=\"article:modified_time\" content=\"2022-09-04T14:30:11+00:00\" \/>\n<meta property=\"og:image\" content=\"https:\/\/news.canadamotorjobs.com\/wp-content\/uploads\/2022\/09\/1200x-1-1.jpg\" \/>\n\t<meta property=\"og:image:width\" content=\"1200\" \/>\n\t<meta property=\"og:image:height\" content=\"799\" \/>\n\t<meta property=\"og:image:type\" content=\"image\/jpeg\" \/>\n<meta name=\"author\" content=\"Benoit Charette\" \/>\n<meta name=\"twitter:card\" content=\"summary_large_image\" \/>\n<meta name=\"twitter:creator\" content=\"@canadamotorjobs\" \/>\n<meta name=\"twitter:site\" content=\"@canadamotorjobs\" \/>\n<meta name=\"twitter:label1\" content=\"\u00c9crit par\" \/>\n\t<meta name=\"twitter:data1\" content=\"Benoit Charette\" \/>\n\t<meta name=\"twitter:label2\" content=\"Estimation du temps de lecture\" \/>\n\t<meta name=\"twitter:data2\" content=\"1 minute\" \/>\n<!-- \/ Yoast SEO plugin. -->","yoast_head_json":{"title":"Les nouvelles batteries Tesla auront une autonomie de pr\u00e8s de 700 km - CanadaMotorJobs.com","description":"Les nouvelles batteries Tesla auront une autonomie de pr\u00e8s de 700 km - Benoit Charette - Annuel automobile - CanadaMotorJobs.com.","robots":{"index":"index","follow":"follow","max-snippet":"max-snippet:-1","max-image-preview":"max-image-preview:large","max-video-preview":"max-video-preview:-1"},"og_locale":"fr_CA","og_type":"article","og_title":"Les nouvelles batteries Tesla auront une autonomie de pr\u00e8s de 700 km - CanadaMotorJobs.com","og_description":"Les nouvelles batteries Tesla auront une autonomie de pr\u00e8s de 700 km - Benoit Charette - Annuel automobile - CanadaMotorJobs.com.","og_url":"https:\/\/news.canadamotorjobs.com\/fr\/les-nouvelles-batteries-tesla-auront-une-autonomie-de-pres-de-700-km\/","og_site_name":"CanadaMotorJobs.com","article_publisher":"https:\/\/www.facebook.com\/canadamotorjobs\/","article_published_time":"2022-09-04T14:17:56+00:00","article_modified_time":"2022-09-04T14:30:11+00:00","og_image":[{"width":1200,"height":799,"url":"https:\/\/news.canadamotorjobs.com\/wp-content\/uploads\/2022\/09\/1200x-1-1.jpg","type":"image\/jpeg"}],"author":"Benoit Charette","twitter_card":"summary_large_image","twitter_creator":"@canadamotorjobs","twitter_site":"@canadamotorjobs","twitter_misc":{"\u00c9crit par":"Benoit Charette","Estimation du temps de lecture":"1 minute"},"schema":{"@context":"https:\/\/schema.org","@graph":[{"@type":"Article","@id":"https:\/\/news.canadamotorjobs.com\/fr\/les-nouvelles-batteries-tesla-auront-une-autonomie-de-pres-de-700-km\/#article","isPartOf":{"@id":"https:\/\/news.canadamotorjobs.com\/fr\/les-nouvelles-batteries-tesla-auront-une-autonomie-de-pres-de-700-km\/"},"author":{"name":"Benoit Charette","@id":"https:\/\/news.canadamotorjobs.com\/#\/schema\/person\/51793d1f87d44011d7bcc2ed99269a90"},"headline":"Les nouvelles batteries Tesla auront une autonomie de pr\u00e8s de 700 km","datePublished":"2022-09-04T14:17:56+00:00","dateModified":"2022-09-04T14:30:11+00:00","mainEntityOfPage":{"@id":"https:\/\/news.canadamotorjobs.com\/fr\/les-nouvelles-batteries-tesla-auront-une-autonomie-de-pres-de-700-km\/"},"wordCount":279,"publisher":{"@id":"https:\/\/news.canadamotorjobs.com\/#organization"},"image":{"@id":"https:\/\/news.canadamotorjobs.com\/fr\/les-nouvelles-batteries-tesla-auront-une-autonomie-de-pres-de-700-km\/#primaryimage"},"thumbnailUrl":"https:\/\/news.canadamotorjobs.com\/wp-content\/uploads\/2022\/09\/1200x-1-1.jpg","articleSection":["Annuel automobile"],"inLanguage":"fr-CA"},{"@type":"WebPage","@id":"https:\/\/news.canadamotorjobs.com\/fr\/les-nouvelles-batteries-tesla-auront-une-autonomie-de-pres-de-700-km\/","url":"https:\/\/news.canadamotorjobs.com\/fr\/les-nouvelles-batteries-tesla-auront-une-autonomie-de-pres-de-700-km\/","name":"Les nouvelles batteries Tesla auront une autonomie de pr\u00e8s de 700 km - CanadaMotorJobs.com","isPartOf":{"@id":"https:\/\/news.canadamotorjobs.com\/#website"},"primaryImageOfPage":{"@id":"https:\/\/news.canadamotorjobs.com\/fr\/les-nouvelles-batteries-tesla-auront-une-autonomie-de-pres-de-700-km\/#primaryimage"},"image":{"@id":"https:\/\/news.canadamotorjobs.com\/fr\/les-nouvelles-batteries-tesla-auront-une-autonomie-de-pres-de-700-km\/#primaryimage"},"thumbnailUrl":"https:\/\/news.canadamotorjobs.com\/wp-content\/uploads\/2022\/09\/1200x-1-1.jpg","datePublished":"2022-09-04T14:17:56+00:00","dateModified":"2022-09-04T14:30:11+00:00","description":"Les nouvelles batteries Tesla auront une autonomie de pr\u00e8s de 700 km - Benoit Charette - Annuel automobile - CanadaMotorJobs.com.","breadcrumb":{"@id":"https:\/\/news.canadamotorjobs.com\/fr\/les-nouvelles-batteries-tesla-auront-une-autonomie-de-pres-de-700-km\/#breadcrumb"},"inLanguage":"fr-CA","potentialAction":[{"@type":"ReadAction","target":["https:\/\/news.canadamotorjobs.com\/fr\/les-nouvelles-batteries-tesla-auront-une-autonomie-de-pres-de-700-km\/"]}]},{"@type":"ImageObject","inLanguage":"fr-CA","@id":"https:\/\/news.canadamotorjobs.com\/fr\/les-nouvelles-batteries-tesla-auront-une-autonomie-de-pres-de-700-km\/#primaryimage","url":"https:\/\/news.canadamotorjobs.com\/wp-content\/uploads\/2022\/09\/1200x-1-1.jpg","contentUrl":"https:\/\/news.canadamotorjobs.com\/wp-content\/uploads\/2022\/09\/1200x-1-1.jpg","width":1200,"height":799},{"@type":"BreadcrumbList","@id":"https:\/\/news.canadamotorjobs.com\/fr\/les-nouvelles-batteries-tesla-auront-une-autonomie-de-pres-de-700-km\/#breadcrumb","itemListElement":[{"@type":"ListItem","position":1,"name":"Home","item":"https:\/\/news.canadamotorjobs.com\/fr\/blog\/"},{"@type":"ListItem","position":2,"name":"Les nouvelles batteries Tesla auront une autonomie de pr\u00e8s de 700 km"}]},{"@type":"WebSite","@id":"https:\/\/news.canadamotorjobs.com\/#website","url":"https:\/\/news.canadamotorjobs.com\/","name":"CanadaMotorJobs.com","description":"Automotive Jobs","publisher":{"@id":"https:\/\/news.canadamotorjobs.com\/#organization"},"potentialAction":[{"@type":"SearchAction","target":{"@type":"EntryPoint","urlTemplate":"https:\/\/news.canadamotorjobs.com\/?s={search_term_string}"},"query-input":"required name=search_term_string"}],"inLanguage":"fr-CA"},{"@type":"Organization","@id":"https:\/\/news.canadamotorjobs.com\/#organization","name":"Canada Motor Jobs","url":"https:\/\/news.canadamotorjobs.com\/","logo":{"@type":"ImageObject","inLanguage":"fr-CA","@id":"https:\/\/news.canadamotorjobs.com\/#\/schema\/logo\/image\/","url":"https:\/\/news.canadamotorjobs.com\/wp-content\/uploads\/2022\/10\/logo-canada-motor-jobs-1.png","contentUrl":"https:\/\/news.canadamotorjobs.com\/wp-content\/uploads\/2022\/10\/logo-canada-motor-jobs-1.png","width":800,"height":400,"caption":"Canada Motor Jobs"},"image":{"@id":"https:\/\/news.canadamotorjobs.com\/#\/schema\/logo\/image\/"},"sameAs":["https:\/\/www.facebook.com\/canadamotorjobs\/","https:\/\/x.com\/canadamotorjobs","https:\/\/www.instagram.com\/canadamotorjobs\/","https:\/\/www.linkedin.com\/company\/canadamotorjobs"]},{"@type":"Person","@id":"https:\/\/news.canadamotorjobs.com\/#\/schema\/person\/51793d1f87d44011d7bcc2ed99269a90","name":"Benoit Charette","image":{"@type":"ImageObject","inLanguage":"fr-CA","@id":"https:\/\/news.canadamotorjobs.com\/#\/schema\/person\/image\/","url":"https:\/\/secure.gravatar.com\/avatar\/45f3d2eebcccd909668d7ce7ea7267b6?s=96&d=mm&r=g","contentUrl":"https:\/\/secure.gravatar.com\/avatar\/45f3d2eebcccd909668d7ce7ea7267b6?s=96&d=mm&r=g","caption":"Benoit Charette"},"description":"Benoit Charette \/ Propri\u00e9taire et r\u00e9dacteur en chef Benoit Charette pratique le journalisme automobile depuis bient\u00f4t 30 ans. Il a fait ses classes au c\u00f4t\u00e9 de Daniel H\u00e9raud et au Carnet de route de 1992 \u00e0 2001. Il est fondateur, copropri\u00e9taire et r\u00e9dacteur en chef de L\u2019Annuel de l\u2019automobile, qu\u2019il publie depuis 2001. Il a anim\u00e9 les \u00e9missions RPM et RPM+ sur V et les L\u00e9gendes de la route sur Historia. \u00c0 la radio depuis 1986, il reprend l\u2019antenne cette ann\u00e9e sur les ondes de Cogeco et participe pour la deuxi\u00e8me ann\u00e9e \u00e0 l\u2019\u00e9mission Passion Auto sur RDS en plus de mettre en ligne le site Web officiel de L\u2019Annuel de l\u2019automobile sur annuelauto.ca.","sameAs":["https:\/\/annuelauto.ca\/"],"url":"https:\/\/news.canadamotorjobs.com\/fr\/author\/benoit-charette\/"}]}},"_links":{"self":[{"href":"https:\/\/news.canadamotorjobs.com\/fr\/wp-json\/wp\/v2\/posts\/43179"}],"collection":[{"href":"https:\/\/news.canadamotorjobs.com\/fr\/wp-json\/wp\/v2\/posts"}],"about":[{"href":"https:\/\/news.canadamotorjobs.com\/fr\/wp-json\/wp\/v2\/types\/post"}],"author":[{"embeddable":true,"href":"https:\/\/news.canadamotorjobs.com\/fr\/wp-json\/wp\/v2\/users\/8"}],"replies":[{"embeddable":true,"href":"https:\/\/news.canadamotorjobs.com\/fr\/wp-json\/wp\/v2\/comments?post=43179"}],"version-history":[{"count":0,"href":"https:\/\/news.canadamotorjobs.com\/fr\/wp-json\/wp\/v2\/posts\/43179\/revisions"}],"wp:featuredmedia":[{"embeddable":true,"href":"https:\/\/news.canadamotorjobs.com\/fr\/wp-json\/wp\/v2\/media\/43183"}],"wp:attachment":[{"href":"https:\/\/news.canadamotorjobs.com\/fr\/wp-json\/wp\/v2\/media?parent=43179"}],"wp:term":[{"taxonomy":"category","embeddable":true,"href":"https:\/\/news.canadamotorjobs.com\/fr\/wp-json\/wp\/v2\/categories?post=43179"},{"taxonomy":"post_tag","embeddable":true,"href":"https:\/\/news.canadamotorjobs.com\/fr\/wp-json\/wp\/v2\/tags?post=43179"}],"curies":[{"name":"wp","href":"https:\/\/api.w.org\/{rel}","templated":true}]}}