{"id":43163,"date":"2022-09-03T15:31:28","date_gmt":"2022-09-03T19:31:28","guid":{"rendered":"https:\/\/blog.canadamotorjobs.com\/genesis-electrified-g80\/"},"modified":"2022-09-03T15:43:52","modified_gmt":"2022-09-03T19:43:52","slug":"genesis-electrified-g80","status":"publish","type":"post","link":"https:\/\/news.canadamotorjobs.com\/fr\/genesis-electrified-g80\/","title":{"rendered":"Genesis \u00abElectrified G80 \u00bb"},"content":{"rendered":"<\/p>\n<p>La G80 \u00e9lectrique est non seulement une berline interm\u00e9diaire de luxe tout \u00e9lectrique, c\u2019est aussi en quelque sorte une belle surprise pour le march\u00e9 automobile canadien en g\u00e9n\u00e9ral et qu\u00e9b\u00e9cois en particulier, \u00e9tant donn\u00e9 qu\u2019aux derni\u00e8res nouvelles, ce mod\u00e8le n\u2019est pas encore vendu partout ailleurs en Am\u00e9rique du Nord. C\u2019est donc une rare exclusivit\u00e9 qui d\u00e9barque chez nous, et si vous voulez mon tr\u00e8s humble avis, c\u2019est vraiment la premi\u00e8re berline sign\u00e9e Genesis qui peut figurer sur votre liste de magasinage si vous cherchez \u00e0 remplacer votre vieille Acura ou Lexus par quelque chose de diff\u00e9rent. Et d\u2019\u00e9lectrique, \u00e9videmment.<br \/> \u00c0 essence ou \u00e0 batterie<br \/> Je vous laisse d\u00e9cider si une G80 \u00e0 moteur \u00e0 essence vaut le d\u00e9tour. C\u2019est une question \u00e0 se poser \u00e9tant donn\u00e9 la diff\u00e9rence de prix anticip\u00e9e entre les deux choix de m\u00e9canique. La G80 co\u00fbte au bas mot 67\u00a0000 $. Le prix de la G80 \u00e9lectrique a \u00e9t\u00e9 annonc\u00e9 aux \u00c9tats-Unis \u00e0 81\u00a0000 $US. C\u2019est 106\u00a0000 $ canadiens. H\u00e2te de voir si Genesis Canada, qui r\u00e9pond au groupe Hyundai, fera comme pour la Ioniq 5 en optant pour un prix de d\u00e9tail plus attrayant chez nous que chez nos voisins am\u00e9ricains\u2026<\/p>\n<p> Ce serait tout un coup de circuit pour Genesis, car la G80 \u00e9lectrique est une berline de luxe tr\u00e8s originale. Sous le capot, pour ainsi dire, on trouve une batterie bonne pour 454 km par charge (la mienne indiquait 474 km en mode Eco), tandis que le moteur produit une puissance \u00e9quivalente \u00e0<\/p>\n","protected":false},"excerpt":{"rendered":"<p>La G80 \u00e9lectrique est non seulement une berline interm\u00e9diaire de luxe tout \u00e9lectrique, c\u2019est aussi en quelque sorte une belle surprise pour le march\u00e9 automobile canadien en g\u00e9n\u00e9ral et qu\u00e9b\u00e9cois en particulier, \u00e9tant donn\u00e9 qu\u2019aux derni\u00e8res nouvelles, ce mod\u00e8le n\u2019est pas encore vendu partout ailleurs en Am\u00e9rique du Nord. C\u2019est donc une rare exclusivit\u00e9 qui [&hellip;]<\/p>\n","protected":false},"author":8,"featured_media":43167,"comment_status":"close","ping_status":"closed","sticky":false,"template":"","format":"standard","meta":{"_monsterinsights_skip_tracking":false,"_monsterinsights_sitenote_active":false,"_monsterinsights_sitenote_note":"","_monsterinsights_sitenote_category":0,"footnotes":""},"categories":[101],"tags":[],"yoast_head":"<!-- This site is optimized with the Yoast SEO plugin v23.2 - https:\/\/yoast.com\/wordpress\/plugins\/seo\/ -->\n<title>Genesis \u00abElectrified G80 \u00bb - CanadaMotorJobs.com<\/title>\n<meta name=\"description\" content=\"Genesis \u00abElectrified G80 \u00bb - Benoit Charette - Annuel automobile - CanadaMotorJobs.com.\" \/>\n<meta name=\"robots\" content=\"index, follow, max-snippet:-1, max-image-preview:large, max-video-preview:-1\" \/>\n<meta property=\"og:locale\" content=\"fr_CA\" \/>\n<meta property=\"og:type\" content=\"article\" \/>\n<meta property=\"og:title\" content=\"Genesis \u00abElectrified G80 \u00bb - CanadaMotorJobs.com\" \/>\n<meta property=\"og:description\" content=\"Genesis \u00abElectrified G80 \u00bb - Benoit Charette - Annuel automobile - CanadaMotorJobs.com.\" \/>\n<meta property=\"og:url\" content=\"https:\/\/news.canadamotorjobs.com\/fr\/genesis-electrified-g80\/\" \/>\n<meta property=\"og:site_name\" content=\"CanadaMotorJobs.com\" \/>\n<meta property=\"article:publisher\" content=\"https:\/\/www.facebook.com\/canadamotorjobs\/\" \/>\n<meta property=\"article:published_time\" content=\"2022-09-03T19:31:28+00:00\" \/>\n<meta property=\"article:modified_time\" content=\"2022-09-03T19:43:52+00:00\" \/>\n<meta property=\"og:image\" content=\"https:\/\/news.canadamotorjobs.com\/wp-content\/uploads\/2022\/09\/3097-GenesisElectrifiedG80-1.jpg\" \/>\n\t<meta property=\"og:image:width\" content=\"1500\" \/>\n\t<meta property=\"og:image:height\" content=\"1000\" \/>\n\t<meta property=\"og:image:type\" content=\"image\/jpeg\" \/>\n<meta name=\"author\" content=\"Benoit Charette\" \/>\n<meta name=\"twitter:card\" content=\"summary_large_image\" \/>\n<meta name=\"twitter:creator\" content=\"@canadamotorjobs\" \/>\n<meta name=\"twitter:site\" content=\"@canadamotorjobs\" \/>\n<meta name=\"twitter:label1\" content=\"\u00c9crit par\" \/>\n\t<meta name=\"twitter:data1\" content=\"Benoit Charette\" \/>\n\t<meta name=\"twitter:label2\" content=\"Estimation du temps de lecture\" \/>\n\t<meta name=\"twitter:data2\" content=\"1 minute\" \/>\n<!-- \/ Yoast SEO plugin. -->","yoast_head_json":{"title":"Genesis \u00abElectrified G80 \u00bb - CanadaMotorJobs.com","description":"Genesis \u00abElectrified G80 \u00bb - Benoit Charette - Annuel automobile - CanadaMotorJobs.com.","robots":{"index":"index","follow":"follow","max-snippet":"max-snippet:-1","max-image-preview":"max-image-preview:large","max-video-preview":"max-video-preview:-1"},"og_locale":"fr_CA","og_type":"article","og_title":"Genesis \u00abElectrified G80 \u00bb - CanadaMotorJobs.com","og_description":"Genesis \u00abElectrified G80 \u00bb - Benoit Charette - Annuel automobile - CanadaMotorJobs.com.","og_url":"https:\/\/news.canadamotorjobs.com\/fr\/genesis-electrified-g80\/","og_site_name":"CanadaMotorJobs.com","article_publisher":"https:\/\/www.facebook.com\/canadamotorjobs\/","article_published_time":"2022-09-03T19:31:28+00:00","article_modified_time":"2022-09-03T19:43:52+00:00","og_image":[{"width":1500,"height":1000,"url":"https:\/\/news.canadamotorjobs.com\/wp-content\/uploads\/2022\/09\/3097-GenesisElectrifiedG80-1.jpg","type":"image\/jpeg"}],"author":"Benoit Charette","twitter_card":"summary_large_image","twitter_creator":"@canadamotorjobs","twitter_site":"@canadamotorjobs","twitter_misc":{"\u00c9crit par":"Benoit Charette","Estimation du temps de lecture":"1 minute"},"schema":{"@context":"https:\/\/schema.org","@graph":[{"@type":"Article","@id":"https:\/\/news.canadamotorjobs.com\/fr\/genesis-electrified-g80\/#article","isPartOf":{"@id":"https:\/\/news.canadamotorjobs.com\/fr\/genesis-electrified-g80\/"},"author":{"name":"Benoit Charette","@id":"https:\/\/news.canadamotorjobs.com\/#\/schema\/person\/51793d1f87d44011d7bcc2ed99269a90"},"headline":"Genesis \u00abElectrified G80 \u00bb","datePublished":"2022-09-03T19:31:28+00:00","dateModified":"2022-09-03T19:43:52+00:00","mainEntityOfPage":{"@id":"https:\/\/news.canadamotorjobs.com\/fr\/genesis-electrified-g80\/"},"wordCount":268,"publisher":{"@id":"https:\/\/news.canadamotorjobs.com\/#organization"},"image":{"@id":"https:\/\/news.canadamotorjobs.com\/fr\/genesis-electrified-g80\/#primaryimage"},"thumbnailUrl":"https:\/\/news.canadamotorjobs.com\/wp-content\/uploads\/2022\/09\/3097-GenesisElectrifiedG80-1.jpg","articleSection":["Annuel automobile"],"inLanguage":"fr-CA"},{"@type":"WebPage","@id":"https:\/\/news.canadamotorjobs.com\/fr\/genesis-electrified-g80\/","url":"https:\/\/news.canadamotorjobs.com\/fr\/genesis-electrified-g80\/","name":"Genesis \u00abElectrified G80 \u00bb - CanadaMotorJobs.com","isPartOf":{"@id":"https:\/\/news.canadamotorjobs.com\/#website"},"primaryImageOfPage":{"@id":"https:\/\/news.canadamotorjobs.com\/fr\/genesis-electrified-g80\/#primaryimage"},"image":{"@id":"https:\/\/news.canadamotorjobs.com\/fr\/genesis-electrified-g80\/#primaryimage"},"thumbnailUrl":"https:\/\/news.canadamotorjobs.com\/wp-content\/uploads\/2022\/09\/3097-GenesisElectrifiedG80-1.jpg","datePublished":"2022-09-03T19:31:28+00:00","dateModified":"2022-09-03T19:43:52+00:00","description":"Genesis \u00abElectrified G80 \u00bb - Benoit Charette - Annuel automobile - CanadaMotorJobs.com.","breadcrumb":{"@id":"https:\/\/news.canadamotorjobs.com\/fr\/genesis-electrified-g80\/#breadcrumb"},"inLanguage":"fr-CA","potentialAction":[{"@type":"ReadAction","target":["https:\/\/news.canadamotorjobs.com\/fr\/genesis-electrified-g80\/"]}]},{"@type":"ImageObject","inLanguage":"fr-CA","@id":"https:\/\/news.canadamotorjobs.com\/fr\/genesis-electrified-g80\/#primaryimage","url":"https:\/\/news.canadamotorjobs.com\/wp-content\/uploads\/2022\/09\/3097-GenesisElectrifiedG80-1.jpg","contentUrl":"https:\/\/news.canadamotorjobs.com\/wp-content\/uploads\/2022\/09\/3097-GenesisElectrifiedG80-1.jpg","width":1500,"height":1000},{"@type":"BreadcrumbList","@id":"https:\/\/news.canadamotorjobs.com\/fr\/genesis-electrified-g80\/#breadcrumb","itemListElement":[{"@type":"ListItem","position":1,"name":"Home","item":"https:\/\/news.canadamotorjobs.com\/fr\/blog\/"},{"@type":"ListItem","position":2,"name":"Genesis \u00abElectrified G80 \u00bb"}]},{"@type":"WebSite","@id":"https:\/\/news.canadamotorjobs.com\/#website","url":"https:\/\/news.canadamotorjobs.com\/","name":"CanadaMotorJobs.com","description":"Automotive Jobs","publisher":{"@id":"https:\/\/news.canadamotorjobs.com\/#organization"},"potentialAction":[{"@type":"SearchAction","target":{"@type":"EntryPoint","urlTemplate":"https:\/\/news.canadamotorjobs.com\/?s={search_term_string}"},"query-input":"required name=search_term_string"}],"inLanguage":"fr-CA"},{"@type":"Organization","@id":"https:\/\/news.canadamotorjobs.com\/#organization","name":"Canada Motor Jobs","url":"https:\/\/news.canadamotorjobs.com\/","logo":{"@type":"ImageObject","inLanguage":"fr-CA","@id":"https:\/\/news.canadamotorjobs.com\/#\/schema\/logo\/image\/","url":"https:\/\/news.canadamotorjobs.com\/wp-content\/uploads\/2022\/10\/logo-canada-motor-jobs-1.png","contentUrl":"https:\/\/news.canadamotorjobs.com\/wp-content\/uploads\/2022\/10\/logo-canada-motor-jobs-1.png","width":800,"height":400,"caption":"Canada Motor Jobs"},"image":{"@id":"https:\/\/news.canadamotorjobs.com\/#\/schema\/logo\/image\/"},"sameAs":["https:\/\/www.facebook.com\/canadamotorjobs\/","https:\/\/x.com\/canadamotorjobs","https:\/\/www.instagram.com\/canadamotorjobs\/","https:\/\/www.linkedin.com\/company\/canadamotorjobs"]},{"@type":"Person","@id":"https:\/\/news.canadamotorjobs.com\/#\/schema\/person\/51793d1f87d44011d7bcc2ed99269a90","name":"Benoit Charette","image":{"@type":"ImageObject","inLanguage":"fr-CA","@id":"https:\/\/news.canadamotorjobs.com\/#\/schema\/person\/image\/","url":"https:\/\/secure.gravatar.com\/avatar\/45f3d2eebcccd909668d7ce7ea7267b6?s=96&d=mm&r=g","contentUrl":"https:\/\/secure.gravatar.com\/avatar\/45f3d2eebcccd909668d7ce7ea7267b6?s=96&d=mm&r=g","caption":"Benoit Charette"},"description":"Benoit Charette \/ Propri\u00e9taire et r\u00e9dacteur en chef Benoit Charette pratique le journalisme automobile depuis bient\u00f4t 30 ans. Il a fait ses classes au c\u00f4t\u00e9 de Daniel H\u00e9raud et au Carnet de route de 1992 \u00e0 2001. Il est fondateur, copropri\u00e9taire et r\u00e9dacteur en chef de L\u2019Annuel de l\u2019automobile, qu\u2019il publie depuis 2001. Il a anim\u00e9 les \u00e9missions RPM et RPM+ sur V et les L\u00e9gendes de la route sur Historia. \u00c0 la radio depuis 1986, il reprend l\u2019antenne cette ann\u00e9e sur les ondes de Cogeco et participe pour la deuxi\u00e8me ann\u00e9e \u00e0 l\u2019\u00e9mission Passion Auto sur RDS en plus de mettre en ligne le site Web officiel de L\u2019Annuel de l\u2019automobile sur annuelauto.ca.","sameAs":["https:\/\/annuelauto.ca\/"],"url":"https:\/\/news.canadamotorjobs.com\/fr\/author\/benoit-charette\/"}]}},"_links":{"self":[{"href":"https:\/\/news.canadamotorjobs.com\/fr\/wp-json\/wp\/v2\/posts\/43163"}],"collection":[{"href":"https:\/\/news.canadamotorjobs.com\/fr\/wp-json\/wp\/v2\/posts"}],"about":[{"href":"https:\/\/news.canadamotorjobs.com\/fr\/wp-json\/wp\/v2\/types\/post"}],"author":[{"embeddable":true,"href":"https:\/\/news.canadamotorjobs.com\/fr\/wp-json\/wp\/v2\/users\/8"}],"replies":[{"embeddable":true,"href":"https:\/\/news.canadamotorjobs.com\/fr\/wp-json\/wp\/v2\/comments?post=43163"}],"version-history":[{"count":0,"href":"https:\/\/news.canadamotorjobs.com\/fr\/wp-json\/wp\/v2\/posts\/43163\/revisions"}],"wp:featuredmedia":[{"embeddable":true,"href":"https:\/\/news.canadamotorjobs.com\/fr\/wp-json\/wp\/v2\/media\/43167"}],"wp:attachment":[{"href":"https:\/\/news.canadamotorjobs.com\/fr\/wp-json\/wp\/v2\/media?parent=43163"}],"wp:term":[{"taxonomy":"category","embeddable":true,"href":"https:\/\/news.canadamotorjobs.com\/fr\/wp-json\/wp\/v2\/categories?post=43163"},{"taxonomy":"post_tag","embeddable":true,"href":"https:\/\/news.canadamotorjobs.com\/fr\/wp-json\/wp\/v2\/tags?post=43163"}],"curies":[{"name":"wp","href":"https:\/\/api.w.org\/{rel}","templated":true}]}}