{"id":43155,"date":"2022-09-02T16:06:09","date_gmt":"2022-09-02T20:06:09","guid":{"rendered":"https:\/\/blog.canadamotorjobs.com\/gm-va-proposer-des-rachats-aux-concessionnaires-buick-americains\/"},"modified":"2022-09-02T16:13:54","modified_gmt":"2022-09-02T20:13:54","slug":"gm-va-proposer-des-rachats-aux-concessionnaires-buick-americains","status":"publish","type":"post","link":"https:\/\/news.canadamotorjobs.com\/fr\/gm-va-proposer-des-rachats-aux-concessionnaires-buick-americains\/","title":{"rendered":"GM va proposer des rachats aux concessionnaires Buick am\u00e9ricains"},"content":{"rendered":"<\/p>\n<p>General Motors a annonc\u00e9 ce matin qu&#8217;il allait proposer \u00e0 l&#8217;ensemble de ses 2\u00a0000 concessionnaires Buick aux \u00c9tats-Unis de racheter leur v\u00e9hicule, afin de rendre la marque enti\u00e8rement \u00e9lectrique d&#8217;ici 2030 aux \u00c9tats-Unis.<br \/> La m\u00eame offre que Cadillac l\u2019an dernier<br \/> C\u2019est le Wall Street Journal qui a rapport\u00e9 la nouvelle plus t\u00f4t, citant le patron de Buick, Duncan Aldred, qui a discut\u00e9 des plans avec les concessionnaires vendredi lors d&#8217;une r\u00e9union virtuelle. Il a not\u00e9 que le passage aux VE n\u00e9cessitera des investissements importants de la part des concessionnaires Buick. On fait donc la m\u00eame offre au concessionnaire Buick qu\u2019aux concessionnaires Cadillac. \u00ab\u00a0Si les propri\u00e9taires veulent se retirer de la franchise Buick, nous leur fournirons une aide financi\u00e8re pour le faire\u00a0\u00bb, a d\u00e9clar\u00e9 M.\u00a0Aldred.<br \/> 40\u00a0% moins de concessionnaires Cadillac aux \u00c9tats-Unis<br \/> L&#8217;ann\u00e9e derni\u00e8re, la marque Cadillac de GM a d\u00e9clar\u00e9 avoir r\u00e9duit son r\u00e9seau de concessionnaires \u00e0 mesure qu&#8217;elle passait aux V\u00c9, affirmant avoir pr\u00e8s de 40\u00a0% de concessionnaires am\u00e9ricains en moins qu&#8217;en 2018. GM a comptabilis\u00e9 un total de 274 millions de dollars de co\u00fbts au cours de 2020 et 2021 li\u00e9s \u00e0 l&#8217;effort de rachat des concessionnaires Cadillac qui n&#8217;\u00e9taient pas pr\u00eats \u00e0 investir 200\u00a0000 \u00e0 500\u00a0000 dollars par magasin dans l&#8217;\u00e9quipement et la formation pour soutenir le passage de la marque \u00e0 une gamme de v\u00e9hicules enti\u00e8rement \u00e9lectriques, pr\u00e9vue d&#8217;ici 2030. Au Canada, le taux d\u2019abandon de concession Cadillac a \u00e9t\u00e9 de seulement 4\u00a0%. La m\u00eame offre sera sans doute faite aux concessionnaires Buick du Canada. <\/p>\n","protected":false},"excerpt":{"rendered":"<p>General Motors a annonc\u00e9 ce matin qu&#8217;il allait proposer \u00e0 l&#8217;ensemble de ses 2\u00a0000 concessionnaires Buick aux \u00c9tats-Unis de racheter leur v\u00e9hicule, afin de rendre la marque enti\u00e8rement \u00e9lectrique d&#8217;ici 2030 aux \u00c9tats-Unis. La m\u00eame offre que Cadillac l\u2019an dernier C\u2019est le Wall Street Journal qui a rapport\u00e9 la nouvelle plus t\u00f4t, citant le patron [&hellip;]<\/p>\n","protected":false},"author":8,"featured_media":43159,"comment_status":"close","ping_status":"closed","sticky":false,"template":"","format":"standard","meta":{"_monsterinsights_skip_tracking":false,"_monsterinsights_sitenote_active":false,"_monsterinsights_sitenote_note":"","_monsterinsights_sitenote_category":0,"footnotes":""},"categories":[101],"tags":[],"yoast_head":"<!-- This site is optimized with the Yoast SEO plugin v23.2 - https:\/\/yoast.com\/wordpress\/plugins\/seo\/ -->\n<title>GM va proposer des rachats aux concessionnaires Buick am\u00e9ricains - CanadaMotorJobs.com<\/title>\n<meta name=\"description\" content=\"GM va proposer des rachats aux concessionnaires Buick am\u00e9ricains - Benoit Charette - Annuel automobile - CanadaMotorJobs.com.\" \/>\n<meta name=\"robots\" content=\"index, follow, max-snippet:-1, max-image-preview:large, max-video-preview:-1\" \/>\n<meta property=\"og:locale\" content=\"fr_CA\" \/>\n<meta property=\"og:type\" content=\"article\" \/>\n<meta property=\"og:title\" content=\"GM va proposer des rachats aux concessionnaires Buick am\u00e9ricains - CanadaMotorJobs.com\" \/>\n<meta property=\"og:description\" content=\"GM va proposer des rachats aux concessionnaires Buick am\u00e9ricains - Benoit Charette - Annuel automobile - CanadaMotorJobs.com.\" \/>\n<meta property=\"og:url\" content=\"https:\/\/news.canadamotorjobs.com\/fr\/gm-va-proposer-des-rachats-aux-concessionnaires-buick-americains\/\" \/>\n<meta property=\"og:site_name\" content=\"CanadaMotorJobs.com\" \/>\n<meta property=\"article:publisher\" content=\"https:\/\/www.facebook.com\/canadamotorjobs\/\" \/>\n<meta property=\"article:published_time\" content=\"2022-09-02T20:06:09+00:00\" \/>\n<meta property=\"article:modified_time\" content=\"2022-09-02T20:13:54+00:00\" \/>\n<meta property=\"og:image\" content=\"https:\/\/news.canadamotorjobs.com\/wp-content\/uploads\/2022\/09\/buick-wildcat-ev-concept-003-scaled-1-1.jpg\" \/>\n\t<meta property=\"og:image:width\" content=\"2560\" \/>\n\t<meta property=\"og:image:height\" content=\"1648\" \/>\n\t<meta property=\"og:image:type\" content=\"image\/jpeg\" \/>\n<meta name=\"author\" content=\"Benoit Charette\" \/>\n<meta name=\"twitter:card\" content=\"summary_large_image\" \/>\n<meta name=\"twitter:creator\" content=\"@canadamotorjobs\" \/>\n<meta name=\"twitter:site\" content=\"@canadamotorjobs\" \/>\n<meta name=\"twitter:label1\" content=\"\u00c9crit par\" \/>\n\t<meta name=\"twitter:data1\" content=\"Benoit Charette\" \/>\n\t<meta name=\"twitter:label2\" content=\"Estimation du temps de lecture\" \/>\n\t<meta name=\"twitter:data2\" content=\"1 minute\" \/>\n<!-- \/ Yoast SEO plugin. -->","yoast_head_json":{"title":"GM va proposer des rachats aux concessionnaires Buick am\u00e9ricains - CanadaMotorJobs.com","description":"GM va proposer des rachats aux concessionnaires Buick am\u00e9ricains - Benoit Charette - Annuel automobile - CanadaMotorJobs.com.","robots":{"index":"index","follow":"follow","max-snippet":"max-snippet:-1","max-image-preview":"max-image-preview:large","max-video-preview":"max-video-preview:-1"},"og_locale":"fr_CA","og_type":"article","og_title":"GM va proposer des rachats aux concessionnaires Buick am\u00e9ricains - CanadaMotorJobs.com","og_description":"GM va proposer des rachats aux concessionnaires Buick am\u00e9ricains - Benoit Charette - Annuel automobile - CanadaMotorJobs.com.","og_url":"https:\/\/news.canadamotorjobs.com\/fr\/gm-va-proposer-des-rachats-aux-concessionnaires-buick-americains\/","og_site_name":"CanadaMotorJobs.com","article_publisher":"https:\/\/www.facebook.com\/canadamotorjobs\/","article_published_time":"2022-09-02T20:06:09+00:00","article_modified_time":"2022-09-02T20:13:54+00:00","og_image":[{"width":2560,"height":1648,"url":"https:\/\/news.canadamotorjobs.com\/wp-content\/uploads\/2022\/09\/buick-wildcat-ev-concept-003-scaled-1-1.jpg","type":"image\/jpeg"}],"author":"Benoit Charette","twitter_card":"summary_large_image","twitter_creator":"@canadamotorjobs","twitter_site":"@canadamotorjobs","twitter_misc":{"\u00c9crit par":"Benoit Charette","Estimation du temps de lecture":"1 minute"},"schema":{"@context":"https:\/\/schema.org","@graph":[{"@type":"Article","@id":"https:\/\/news.canadamotorjobs.com\/fr\/gm-va-proposer-des-rachats-aux-concessionnaires-buick-americains\/#article","isPartOf":{"@id":"https:\/\/news.canadamotorjobs.com\/fr\/gm-va-proposer-des-rachats-aux-concessionnaires-buick-americains\/"},"author":{"name":"Benoit Charette","@id":"https:\/\/news.canadamotorjobs.com\/#\/schema\/person\/51793d1f87d44011d7bcc2ed99269a90"},"headline":"GM va proposer des rachats aux concessionnaires Buick am\u00e9ricains","datePublished":"2022-09-02T20:06:09+00:00","dateModified":"2022-09-02T20:13:54+00:00","mainEntityOfPage":{"@id":"https:\/\/news.canadamotorjobs.com\/fr\/gm-va-proposer-des-rachats-aux-concessionnaires-buick-americains\/"},"wordCount":281,"publisher":{"@id":"https:\/\/news.canadamotorjobs.com\/#organization"},"image":{"@id":"https:\/\/news.canadamotorjobs.com\/fr\/gm-va-proposer-des-rachats-aux-concessionnaires-buick-americains\/#primaryimage"},"thumbnailUrl":"https:\/\/news.canadamotorjobs.com\/wp-content\/uploads\/2022\/09\/buick-wildcat-ev-concept-003-scaled-1-1.jpg","articleSection":["Annuel automobile"],"inLanguage":"fr-CA"},{"@type":"WebPage","@id":"https:\/\/news.canadamotorjobs.com\/fr\/gm-va-proposer-des-rachats-aux-concessionnaires-buick-americains\/","url":"https:\/\/news.canadamotorjobs.com\/fr\/gm-va-proposer-des-rachats-aux-concessionnaires-buick-americains\/","name":"GM va proposer des rachats aux concessionnaires Buick am\u00e9ricains - CanadaMotorJobs.com","isPartOf":{"@id":"https:\/\/news.canadamotorjobs.com\/#website"},"primaryImageOfPage":{"@id":"https:\/\/news.canadamotorjobs.com\/fr\/gm-va-proposer-des-rachats-aux-concessionnaires-buick-americains\/#primaryimage"},"image":{"@id":"https:\/\/news.canadamotorjobs.com\/fr\/gm-va-proposer-des-rachats-aux-concessionnaires-buick-americains\/#primaryimage"},"thumbnailUrl":"https:\/\/news.canadamotorjobs.com\/wp-content\/uploads\/2022\/09\/buick-wildcat-ev-concept-003-scaled-1-1.jpg","datePublished":"2022-09-02T20:06:09+00:00","dateModified":"2022-09-02T20:13:54+00:00","description":"GM va proposer des rachats aux concessionnaires Buick am\u00e9ricains - Benoit Charette - Annuel automobile - CanadaMotorJobs.com.","breadcrumb":{"@id":"https:\/\/news.canadamotorjobs.com\/fr\/gm-va-proposer-des-rachats-aux-concessionnaires-buick-americains\/#breadcrumb"},"inLanguage":"fr-CA","potentialAction":[{"@type":"ReadAction","target":["https:\/\/news.canadamotorjobs.com\/fr\/gm-va-proposer-des-rachats-aux-concessionnaires-buick-americains\/"]}]},{"@type":"ImageObject","inLanguage":"fr-CA","@id":"https:\/\/news.canadamotorjobs.com\/fr\/gm-va-proposer-des-rachats-aux-concessionnaires-buick-americains\/#primaryimage","url":"https:\/\/news.canadamotorjobs.com\/wp-content\/uploads\/2022\/09\/buick-wildcat-ev-concept-003-scaled-1-1.jpg","contentUrl":"https:\/\/news.canadamotorjobs.com\/wp-content\/uploads\/2022\/09\/buick-wildcat-ev-concept-003-scaled-1-1.jpg","width":2560,"height":1648},{"@type":"BreadcrumbList","@id":"https:\/\/news.canadamotorjobs.com\/fr\/gm-va-proposer-des-rachats-aux-concessionnaires-buick-americains\/#breadcrumb","itemListElement":[{"@type":"ListItem","position":1,"name":"Home","item":"https:\/\/news.canadamotorjobs.com\/fr\/blog\/"},{"@type":"ListItem","position":2,"name":"GM va proposer des rachats aux concessionnaires Buick am\u00e9ricains"}]},{"@type":"WebSite","@id":"https:\/\/news.canadamotorjobs.com\/#website","url":"https:\/\/news.canadamotorjobs.com\/","name":"CanadaMotorJobs.com","description":"Automotive Jobs","publisher":{"@id":"https:\/\/news.canadamotorjobs.com\/#organization"},"potentialAction":[{"@type":"SearchAction","target":{"@type":"EntryPoint","urlTemplate":"https:\/\/news.canadamotorjobs.com\/?s={search_term_string}"},"query-input":"required name=search_term_string"}],"inLanguage":"fr-CA"},{"@type":"Organization","@id":"https:\/\/news.canadamotorjobs.com\/#organization","name":"Canada Motor Jobs","url":"https:\/\/news.canadamotorjobs.com\/","logo":{"@type":"ImageObject","inLanguage":"fr-CA","@id":"https:\/\/news.canadamotorjobs.com\/#\/schema\/logo\/image\/","url":"https:\/\/news.canadamotorjobs.com\/wp-content\/uploads\/2022\/10\/logo-canada-motor-jobs-1.png","contentUrl":"https:\/\/news.canadamotorjobs.com\/wp-content\/uploads\/2022\/10\/logo-canada-motor-jobs-1.png","width":800,"height":400,"caption":"Canada Motor Jobs"},"image":{"@id":"https:\/\/news.canadamotorjobs.com\/#\/schema\/logo\/image\/"},"sameAs":["https:\/\/www.facebook.com\/canadamotorjobs\/","https:\/\/x.com\/canadamotorjobs","https:\/\/www.instagram.com\/canadamotorjobs\/","https:\/\/www.linkedin.com\/company\/canadamotorjobs"]},{"@type":"Person","@id":"https:\/\/news.canadamotorjobs.com\/#\/schema\/person\/51793d1f87d44011d7bcc2ed99269a90","name":"Benoit Charette","image":{"@type":"ImageObject","inLanguage":"fr-CA","@id":"https:\/\/news.canadamotorjobs.com\/#\/schema\/person\/image\/","url":"https:\/\/secure.gravatar.com\/avatar\/45f3d2eebcccd909668d7ce7ea7267b6?s=96&d=mm&r=g","contentUrl":"https:\/\/secure.gravatar.com\/avatar\/45f3d2eebcccd909668d7ce7ea7267b6?s=96&d=mm&r=g","caption":"Benoit Charette"},"description":"Benoit Charette \/ Propri\u00e9taire et r\u00e9dacteur en chef Benoit Charette pratique le journalisme automobile depuis bient\u00f4t 30 ans. Il a fait ses classes au c\u00f4t\u00e9 de Daniel H\u00e9raud et au Carnet de route de 1992 \u00e0 2001. Il est fondateur, copropri\u00e9taire et r\u00e9dacteur en chef de L\u2019Annuel de l\u2019automobile, qu\u2019il publie depuis 2001. Il a anim\u00e9 les \u00e9missions RPM et RPM+ sur V et les L\u00e9gendes de la route sur Historia. \u00c0 la radio depuis 1986, il reprend l\u2019antenne cette ann\u00e9e sur les ondes de Cogeco et participe pour la deuxi\u00e8me ann\u00e9e \u00e0 l\u2019\u00e9mission Passion Auto sur RDS en plus de mettre en ligne le site Web officiel de L\u2019Annuel de l\u2019automobile sur annuelauto.ca.","sameAs":["https:\/\/annuelauto.ca\/"],"url":"https:\/\/news.canadamotorjobs.com\/fr\/author\/benoit-charette\/"}]}},"_links":{"self":[{"href":"https:\/\/news.canadamotorjobs.com\/fr\/wp-json\/wp\/v2\/posts\/43155"}],"collection":[{"href":"https:\/\/news.canadamotorjobs.com\/fr\/wp-json\/wp\/v2\/posts"}],"about":[{"href":"https:\/\/news.canadamotorjobs.com\/fr\/wp-json\/wp\/v2\/types\/post"}],"author":[{"embeddable":true,"href":"https:\/\/news.canadamotorjobs.com\/fr\/wp-json\/wp\/v2\/users\/8"}],"replies":[{"embeddable":true,"href":"https:\/\/news.canadamotorjobs.com\/fr\/wp-json\/wp\/v2\/comments?post=43155"}],"version-history":[{"count":0,"href":"https:\/\/news.canadamotorjobs.com\/fr\/wp-json\/wp\/v2\/posts\/43155\/revisions"}],"wp:featuredmedia":[{"embeddable":true,"href":"https:\/\/news.canadamotorjobs.com\/fr\/wp-json\/wp\/v2\/media\/43159"}],"wp:attachment":[{"href":"https:\/\/news.canadamotorjobs.com\/fr\/wp-json\/wp\/v2\/media?parent=43155"}],"wp:term":[{"taxonomy":"category","embeddable":true,"href":"https:\/\/news.canadamotorjobs.com\/fr\/wp-json\/wp\/v2\/categories?post=43155"},{"taxonomy":"post_tag","embeddable":true,"href":"https:\/\/news.canadamotorjobs.com\/fr\/wp-json\/wp\/v2\/tags?post=43155"}],"curies":[{"name":"wp","href":"https:\/\/api.w.org\/{rel}","templated":true}]}}