{"id":43146,"date":"2022-09-02T11:01:05","date_gmt":"2022-09-02T15:01:05","guid":{"rendered":"https:\/\/blog.canadamotorjobs.com\/ford-bronco-raptor-et-everglades\/"},"modified":"2022-09-02T11:14:18","modified_gmt":"2022-09-02T15:14:18","slug":"ford-bronco-raptor-et-everglades","status":"publish","type":"post","link":"https:\/\/news.canadamotorjobs.com\/fr\/ford-bronco-raptor-et-everglades\/","title":{"rendered":"Ford Bronco Raptor et Everglades"},"content":{"rendered":"<\/p>\n<p>St-Andrew\u2019s- Nouveau-Brunswick. Ford continue dans sa s\u00e9rie de versions du Bronco en ajoutant cette fois une version Everglades et le tr\u00e8s attendu mod\u00e8le Raptor. C\u2019est au Nouveau-Brunswick que nous avions rendez-vous dans des sentiers hors route pour mettre \u00e0 l\u2019\u00e9preuve ces nouvelles montures.<br \/> Non, il n\u2019y a pas de V8<br \/> Commen\u00e7ons avec le mod\u00e8le Raptor qui cache sous son capot avec un renflement un V6 de 3,0 litres turbo qui fait 400 chevaux. Ford nous confirme que dans l\u2019espace donn\u00e9, on ne pouvait pas mettre un plus gros moteur. Cela dit, la puissance est bonne et la bo\u00eete \u00e0 10 rapports fonctionne tr\u00e8s bien. Avec ses voies plus larges, c\u2019est aussi le plus confortable des Bronco sur la route.<br \/> Le Traitement Raptor<br \/> Comme v\u00e9hicule le plus comp\u00e9tent de Ford, la marque n\u2019a pas l\u00e9sin\u00e9 sur l\u2019\u00e9quipement. Un syst\u00e8me de suspension Hoss 4.0 pr\u00eat pour la course hors route est de s\u00e9rie, ainsi que des essieux d\u00e9velopp\u00e9s par Ford Performance.<br \/> Un syst\u00e8me 4\u00d74 avanc\u00e9 \u00e0 trois modes avec une bo\u00eete de transfert am\u00e9lior\u00e9e, des pneus TKO de 37 pouces de s\u00e9rie, une cr\u00e9maill\u00e8re et un bo\u00eetier de direction \u00e0 assistance \u00e9lectrique inspir\u00e9s du F-150 Raptor, ainsi que des embouts de biellettes internes et externes de plus grand diam\u00e8tre, ont \u00e9t\u00e9 ajout\u00e9s pour am\u00e9liorer encore le Bronco Raptor.<br \/> Plus imposant<br \/> Le Bronco Raptor est presque 10 pouces plus large qu&#8217;un Bronco quatre porte de base. On le sent sur la route avec son aplomb suppl\u00e9mentaire. Les essieux avant et arri\u00e8re am\u00e9lior\u00e9s augmentent<\/p>\n","protected":false},"excerpt":{"rendered":"<p>St-Andrew\u2019s- Nouveau-Brunswick. Ford continue dans sa s\u00e9rie de versions du Bronco en ajoutant cette fois une version Everglades et le tr\u00e8s attendu mod\u00e8le Raptor. C\u2019est au Nouveau-Brunswick que nous avions rendez-vous dans des sentiers hors route pour mettre \u00e0 l\u2019\u00e9preuve ces nouvelles montures. Non, il n\u2019y a pas de V8 Commen\u00e7ons avec le mod\u00e8le Raptor [&hellip;]<\/p>\n","protected":false},"author":8,"featured_media":43150,"comment_status":"close","ping_status":"closed","sticky":false,"template":"","format":"standard","meta":{"_monsterinsights_skip_tracking":false,"_monsterinsights_sitenote_active":false,"_monsterinsights_sitenote_note":"","_monsterinsights_sitenote_category":0,"footnotes":""},"categories":[101],"tags":[],"yoast_head":"<!-- This site is optimized with the Yoast SEO plugin v23.2 - https:\/\/yoast.com\/wordpress\/plugins\/seo\/ -->\n<title>Ford Bronco Raptor et Everglades - CanadaMotorJobs.com<\/title>\n<meta name=\"description\" content=\"Ford Bronco Raptor et Everglades - Benoit Charette - Annuel automobile - CanadaMotorJobs.com.\" \/>\n<meta name=\"robots\" content=\"index, follow, max-snippet:-1, max-image-preview:large, max-video-preview:-1\" \/>\n<meta property=\"og:locale\" content=\"fr_CA\" \/>\n<meta property=\"og:type\" content=\"article\" \/>\n<meta property=\"og:title\" content=\"Ford Bronco Raptor et Everglades - CanadaMotorJobs.com\" \/>\n<meta property=\"og:description\" content=\"Ford Bronco Raptor et Everglades - Benoit Charette - Annuel automobile - CanadaMotorJobs.com.\" \/>\n<meta property=\"og:url\" content=\"https:\/\/news.canadamotorjobs.com\/fr\/ford-bronco-raptor-et-everglades\/\" \/>\n<meta property=\"og:site_name\" content=\"CanadaMotorJobs.com\" \/>\n<meta property=\"article:publisher\" content=\"https:\/\/www.facebook.com\/canadamotorjobs\/\" \/>\n<meta property=\"article:published_time\" content=\"2022-09-02T15:01:05+00:00\" \/>\n<meta property=\"article:modified_time\" content=\"2022-09-02T15:14:18+00:00\" \/>\n<meta property=\"og:image\" content=\"https:\/\/news.canadamotorjobs.com\/wp-content\/uploads\/2022\/09\/1-1.jpeg\" \/>\n\t<meta property=\"og:image:width\" content=\"1498\" \/>\n\t<meta property=\"og:image:height\" content=\"1000\" \/>\n\t<meta property=\"og:image:type\" content=\"image\/jpeg\" \/>\n<meta name=\"author\" content=\"Benoit Charette\" \/>\n<meta name=\"twitter:card\" content=\"summary_large_image\" \/>\n<meta name=\"twitter:creator\" content=\"@canadamotorjobs\" \/>\n<meta name=\"twitter:site\" content=\"@canadamotorjobs\" \/>\n<meta name=\"twitter:label1\" content=\"\u00c9crit par\" \/>\n\t<meta name=\"twitter:data1\" content=\"Benoit Charette\" \/>\n\t<meta name=\"twitter:label2\" content=\"Estimation du temps de lecture\" \/>\n\t<meta name=\"twitter:data2\" content=\"1 minute\" \/>\n<!-- \/ Yoast SEO plugin. -->","yoast_head_json":{"title":"Ford Bronco Raptor et Everglades - CanadaMotorJobs.com","description":"Ford Bronco Raptor et Everglades - Benoit Charette - Annuel automobile - CanadaMotorJobs.com.","robots":{"index":"index","follow":"follow","max-snippet":"max-snippet:-1","max-image-preview":"max-image-preview:large","max-video-preview":"max-video-preview:-1"},"og_locale":"fr_CA","og_type":"article","og_title":"Ford Bronco Raptor et Everglades - CanadaMotorJobs.com","og_description":"Ford Bronco Raptor et Everglades - Benoit Charette - Annuel automobile - CanadaMotorJobs.com.","og_url":"https:\/\/news.canadamotorjobs.com\/fr\/ford-bronco-raptor-et-everglades\/","og_site_name":"CanadaMotorJobs.com","article_publisher":"https:\/\/www.facebook.com\/canadamotorjobs\/","article_published_time":"2022-09-02T15:01:05+00:00","article_modified_time":"2022-09-02T15:14:18+00:00","og_image":[{"width":1498,"height":1000,"url":"https:\/\/news.canadamotorjobs.com\/wp-content\/uploads\/2022\/09\/1-1.jpeg","type":"image\/jpeg"}],"author":"Benoit Charette","twitter_card":"summary_large_image","twitter_creator":"@canadamotorjobs","twitter_site":"@canadamotorjobs","twitter_misc":{"\u00c9crit par":"Benoit Charette","Estimation du temps de lecture":"1 minute"},"schema":{"@context":"https:\/\/schema.org","@graph":[{"@type":"Article","@id":"https:\/\/news.canadamotorjobs.com\/fr\/ford-bronco-raptor-et-everglades\/#article","isPartOf":{"@id":"https:\/\/news.canadamotorjobs.com\/fr\/ford-bronco-raptor-et-everglades\/"},"author":{"name":"Benoit Charette","@id":"https:\/\/news.canadamotorjobs.com\/#\/schema\/person\/51793d1f87d44011d7bcc2ed99269a90"},"headline":"Ford Bronco Raptor et Everglades","datePublished":"2022-09-02T15:01:05+00:00","dateModified":"2022-09-02T15:14:18+00:00","mainEntityOfPage":{"@id":"https:\/\/news.canadamotorjobs.com\/fr\/ford-bronco-raptor-et-everglades\/"},"wordCount":284,"publisher":{"@id":"https:\/\/news.canadamotorjobs.com\/#organization"},"image":{"@id":"https:\/\/news.canadamotorjobs.com\/fr\/ford-bronco-raptor-et-everglades\/#primaryimage"},"thumbnailUrl":"https:\/\/news.canadamotorjobs.com\/wp-content\/uploads\/2022\/09\/1-1.jpeg","articleSection":["Annuel automobile"],"inLanguage":"fr-CA"},{"@type":"WebPage","@id":"https:\/\/news.canadamotorjobs.com\/fr\/ford-bronco-raptor-et-everglades\/","url":"https:\/\/news.canadamotorjobs.com\/fr\/ford-bronco-raptor-et-everglades\/","name":"Ford Bronco Raptor et Everglades - CanadaMotorJobs.com","isPartOf":{"@id":"https:\/\/news.canadamotorjobs.com\/#website"},"primaryImageOfPage":{"@id":"https:\/\/news.canadamotorjobs.com\/fr\/ford-bronco-raptor-et-everglades\/#primaryimage"},"image":{"@id":"https:\/\/news.canadamotorjobs.com\/fr\/ford-bronco-raptor-et-everglades\/#primaryimage"},"thumbnailUrl":"https:\/\/news.canadamotorjobs.com\/wp-content\/uploads\/2022\/09\/1-1.jpeg","datePublished":"2022-09-02T15:01:05+00:00","dateModified":"2022-09-02T15:14:18+00:00","description":"Ford Bronco Raptor et Everglades - Benoit Charette - Annuel automobile - CanadaMotorJobs.com.","breadcrumb":{"@id":"https:\/\/news.canadamotorjobs.com\/fr\/ford-bronco-raptor-et-everglades\/#breadcrumb"},"inLanguage":"fr-CA","potentialAction":[{"@type":"ReadAction","target":["https:\/\/news.canadamotorjobs.com\/fr\/ford-bronco-raptor-et-everglades\/"]}]},{"@type":"ImageObject","inLanguage":"fr-CA","@id":"https:\/\/news.canadamotorjobs.com\/fr\/ford-bronco-raptor-et-everglades\/#primaryimage","url":"https:\/\/news.canadamotorjobs.com\/wp-content\/uploads\/2022\/09\/1-1.jpeg","contentUrl":"https:\/\/news.canadamotorjobs.com\/wp-content\/uploads\/2022\/09\/1-1.jpeg","width":1498,"height":1000},{"@type":"BreadcrumbList","@id":"https:\/\/news.canadamotorjobs.com\/fr\/ford-bronco-raptor-et-everglades\/#breadcrumb","itemListElement":[{"@type":"ListItem","position":1,"name":"Home","item":"https:\/\/news.canadamotorjobs.com\/fr\/blog\/"},{"@type":"ListItem","position":2,"name":"Ford Bronco Raptor et Everglades"}]},{"@type":"WebSite","@id":"https:\/\/news.canadamotorjobs.com\/#website","url":"https:\/\/news.canadamotorjobs.com\/","name":"CanadaMotorJobs.com","description":"Automotive Jobs","publisher":{"@id":"https:\/\/news.canadamotorjobs.com\/#organization"},"potentialAction":[{"@type":"SearchAction","target":{"@type":"EntryPoint","urlTemplate":"https:\/\/news.canadamotorjobs.com\/?s={search_term_string}"},"query-input":"required name=search_term_string"}],"inLanguage":"fr-CA"},{"@type":"Organization","@id":"https:\/\/news.canadamotorjobs.com\/#organization","name":"Canada Motor Jobs","url":"https:\/\/news.canadamotorjobs.com\/","logo":{"@type":"ImageObject","inLanguage":"fr-CA","@id":"https:\/\/news.canadamotorjobs.com\/#\/schema\/logo\/image\/","url":"https:\/\/news.canadamotorjobs.com\/wp-content\/uploads\/2022\/10\/logo-canada-motor-jobs-1.png","contentUrl":"https:\/\/news.canadamotorjobs.com\/wp-content\/uploads\/2022\/10\/logo-canada-motor-jobs-1.png","width":800,"height":400,"caption":"Canada Motor Jobs"},"image":{"@id":"https:\/\/news.canadamotorjobs.com\/#\/schema\/logo\/image\/"},"sameAs":["https:\/\/www.facebook.com\/canadamotorjobs\/","https:\/\/x.com\/canadamotorjobs","https:\/\/www.instagram.com\/canadamotorjobs\/","https:\/\/www.linkedin.com\/company\/canadamotorjobs"]},{"@type":"Person","@id":"https:\/\/news.canadamotorjobs.com\/#\/schema\/person\/51793d1f87d44011d7bcc2ed99269a90","name":"Benoit Charette","image":{"@type":"ImageObject","inLanguage":"fr-CA","@id":"https:\/\/news.canadamotorjobs.com\/#\/schema\/person\/image\/","url":"https:\/\/secure.gravatar.com\/avatar\/45f3d2eebcccd909668d7ce7ea7267b6?s=96&d=mm&r=g","contentUrl":"https:\/\/secure.gravatar.com\/avatar\/45f3d2eebcccd909668d7ce7ea7267b6?s=96&d=mm&r=g","caption":"Benoit Charette"},"description":"Benoit Charette \/ Propri\u00e9taire et r\u00e9dacteur en chef Benoit Charette pratique le journalisme automobile depuis bient\u00f4t 30 ans. Il a fait ses classes au c\u00f4t\u00e9 de Daniel H\u00e9raud et au Carnet de route de 1992 \u00e0 2001. Il est fondateur, copropri\u00e9taire et r\u00e9dacteur en chef de L\u2019Annuel de l\u2019automobile, qu\u2019il publie depuis 2001. Il a anim\u00e9 les \u00e9missions RPM et RPM+ sur V et les L\u00e9gendes de la route sur Historia. \u00c0 la radio depuis 1986, il reprend l\u2019antenne cette ann\u00e9e sur les ondes de Cogeco et participe pour la deuxi\u00e8me ann\u00e9e \u00e0 l\u2019\u00e9mission Passion Auto sur RDS en plus de mettre en ligne le site Web officiel de L\u2019Annuel de l\u2019automobile sur annuelauto.ca.","sameAs":["https:\/\/annuelauto.ca\/"],"url":"https:\/\/news.canadamotorjobs.com\/fr\/author\/benoit-charette\/"}]}},"_links":{"self":[{"href":"https:\/\/news.canadamotorjobs.com\/fr\/wp-json\/wp\/v2\/posts\/43146"}],"collection":[{"href":"https:\/\/news.canadamotorjobs.com\/fr\/wp-json\/wp\/v2\/posts"}],"about":[{"href":"https:\/\/news.canadamotorjobs.com\/fr\/wp-json\/wp\/v2\/types\/post"}],"author":[{"embeddable":true,"href":"https:\/\/news.canadamotorjobs.com\/fr\/wp-json\/wp\/v2\/users\/8"}],"replies":[{"embeddable":true,"href":"https:\/\/news.canadamotorjobs.com\/fr\/wp-json\/wp\/v2\/comments?post=43146"}],"version-history":[{"count":0,"href":"https:\/\/news.canadamotorjobs.com\/fr\/wp-json\/wp\/v2\/posts\/43146\/revisions"}],"wp:featuredmedia":[{"embeddable":true,"href":"https:\/\/news.canadamotorjobs.com\/fr\/wp-json\/wp\/v2\/media\/43150"}],"wp:attachment":[{"href":"https:\/\/news.canadamotorjobs.com\/fr\/wp-json\/wp\/v2\/media?parent=43146"}],"wp:term":[{"taxonomy":"category","embeddable":true,"href":"https:\/\/news.canadamotorjobs.com\/fr\/wp-json\/wp\/v2\/categories?post=43146"},{"taxonomy":"post_tag","embeddable":true,"href":"https:\/\/news.canadamotorjobs.com\/fr\/wp-json\/wp\/v2\/tags?post=43146"}],"curies":[{"name":"wp","href":"https:\/\/api.w.org\/{rel}","templated":true}]}}