{"id":43137,"date":"2022-09-02T07:12:59","date_gmt":"2022-09-02T11:12:59","guid":{"rendered":"https:\/\/blog.canadamotorjobs.com\/le-2-septembre-1959-ford-presente-la-falcon\/"},"modified":"2022-09-02T07:13:50","modified_gmt":"2022-09-02T11:13:50","slug":"le-2-septembre-1959-ford-presente-la-falcon","status":"publish","type":"post","link":"https:\/\/news.canadamotorjobs.com\/fr\/le-2-septembre-1959-ford-presente-la-falcon\/","title":{"rendered":"Le 2 septembre 1959\u00a0: Ford pr\u00e9sente la Falcon"},"content":{"rendered":"<\/p>\n<p>C\u2019est en ce jour que Henry Ford II pr\u00e9sente le tout nouveau mod\u00e8le de sa soci\u00e9t\u00e9, la Ford Falcon de 80 chevaux capable de faire moins de 8 litres aux 100 km au chapitre de la consommation.<br \/> Une annonce t\u00e9l\u00e9vis\u00e9e<br \/> Le mod\u00e8le avait \u00e9t\u00e9 annonc\u00e9 lors de la premi\u00e8re conf\u00e9rence de presse nationale t\u00e9l\u00e9vis\u00e9e en circuit ferm\u00e9 aux \u00c9tats-Unis. Surnomm\u00e9e &#8220;la petite voiture avec la sensation d&#8217;une grande voiture&#8221;, la Falcon a connu un succ\u00e8s imm\u00e9diat. Con\u00e7u \u00e0 l&#8217;origine comme une voiture \u00e9conomique compacte, le nom Falcon s&#8217;est \u00e9tendu \u00e0 tous les mod\u00e8les, des cabriolets sportifs \u00e0 la camionnette Ranchero, bien que toutes les Falcon soient rest\u00e9es de petites voitures \u00e9conomes en carburant.<br \/> Le mod\u00e8le qui a servi de base \u00e0 la Mustang<br \/> Lorsque la Mustang a \u00e9t\u00e9 lanc\u00e9e en 1964, Ford a utilis\u00e9 le ch\u00e2ssis de la Falcon, ainsi que des \u00e9l\u00e9ments du groupe motopropulseur de la Falcon comme base et fondation de la Mustang. La Mustang a connu un succ\u00e8s imm\u00e9diat, laissant la Falcon dans l&#8217;ombre de sa cousine plus puissante. La Ford Falcon a \u00e9t\u00e9 abandonn\u00e9e en 1971.<\/p>\n<p> &nbsp;<\/p>\n<p>Le texte <a rel=\"nofollow\" href=\"https:\/\/annuelauto.ca\/le-2-septembre-1959-ford-presente-le-falcon\/\">Le 2 septembre 1959\u00a0: Ford pr\u00e9sente la Falcon<\/a> provient de <a rel=\"nofollow\" href=\"https:\/\/annuelauto.ca\">L&#039;annuel de l&#039;automobile &#8211; Actualit\u00e9 automobile<\/a><\/p>\n<p> <\/p>\n","protected":false},"excerpt":{"rendered":"<p>C\u2019est en ce jour que Henry Ford II pr\u00e9sente le tout nouveau mod\u00e8le de sa soci\u00e9t\u00e9, la Ford Falcon de 80 chevaux capable de faire moins de 8 litres aux 100 km au chapitre de la consommation. Une annonce t\u00e9l\u00e9vis\u00e9e Le mod\u00e8le avait \u00e9t\u00e9 annonc\u00e9 lors de la premi\u00e8re conf\u00e9rence de presse nationale t\u00e9l\u00e9vis\u00e9e en [&hellip;]<\/p>\n","protected":false},"author":8,"featured_media":43141,"comment_status":"close","ping_status":"closed","sticky":false,"template":"","format":"standard","meta":{"_monsterinsights_skip_tracking":false,"_monsterinsights_sitenote_active":false,"_monsterinsights_sitenote_note":"","_monsterinsights_sitenote_category":0,"footnotes":""},"categories":[101],"tags":[],"yoast_head":"<!-- This site is optimized with the Yoast SEO plugin v23.2 - https:\/\/yoast.com\/wordpress\/plugins\/seo\/ -->\n<title>Le 2 septembre 1959\u00a0: Ford pr\u00e9sente la Falcon - CanadaMotorJobs.com<\/title>\n<meta name=\"description\" content=\"Le 2 septembre 1959\u00a0: Ford pr\u00e9sente la Falcon - Benoit Charette - Annuel automobile - CanadaMotorJobs.com.\" \/>\n<meta name=\"robots\" content=\"index, follow, max-snippet:-1, max-image-preview:large, max-video-preview:-1\" \/>\n<meta property=\"og:locale\" content=\"fr_CA\" \/>\n<meta property=\"og:type\" content=\"article\" \/>\n<meta property=\"og:title\" content=\"Le 2 septembre 1959\u00a0: Ford pr\u00e9sente la Falcon - CanadaMotorJobs.com\" \/>\n<meta property=\"og:description\" content=\"Le 2 septembre 1959\u00a0: Ford pr\u00e9sente la Falcon - Benoit Charette - Annuel automobile - CanadaMotorJobs.com.\" \/>\n<meta property=\"og:url\" content=\"https:\/\/news.canadamotorjobs.com\/fr\/le-2-septembre-1959-ford-presente-la-falcon\/\" \/>\n<meta property=\"og:site_name\" content=\"CanadaMotorJobs.com\" \/>\n<meta property=\"article:publisher\" content=\"https:\/\/www.facebook.com\/canadamotorjobs\/\" \/>\n<meta property=\"article:published_time\" content=\"2022-09-02T11:12:59+00:00\" \/>\n<meta property=\"article:modified_time\" content=\"2022-09-02T11:13:50+00:00\" \/>\n<meta property=\"og:image\" content=\"https:\/\/news.canadamotorjobs.com\/wp-content\/uploads\/2022\/09\/1-1960-Ford-Falcon-4dr-Sed-1.jpg\" \/>\n\t<meta property=\"og:image:width\" content=\"1280\" \/>\n\t<meta property=\"og:image:height\" content=\"696\" \/>\n\t<meta property=\"og:image:type\" content=\"image\/jpeg\" \/>\n<meta name=\"author\" content=\"Benoit Charette\" \/>\n<meta name=\"twitter:card\" content=\"summary_large_image\" \/>\n<meta name=\"twitter:creator\" content=\"@canadamotorjobs\" \/>\n<meta name=\"twitter:site\" content=\"@canadamotorjobs\" \/>\n<meta name=\"twitter:label1\" content=\"\u00c9crit par\" \/>\n\t<meta name=\"twitter:data1\" content=\"Benoit Charette\" \/>\n\t<meta name=\"twitter:label2\" content=\"Estimation du temps de lecture\" \/>\n\t<meta name=\"twitter:data2\" content=\"1 minute\" \/>\n<!-- \/ Yoast SEO plugin. -->","yoast_head_json":{"title":"Le 2 septembre 1959\u00a0: Ford pr\u00e9sente la Falcon - CanadaMotorJobs.com","description":"Le 2 septembre 1959\u00a0: Ford pr\u00e9sente la Falcon - Benoit Charette - Annuel automobile - CanadaMotorJobs.com.","robots":{"index":"index","follow":"follow","max-snippet":"max-snippet:-1","max-image-preview":"max-image-preview:large","max-video-preview":"max-video-preview:-1"},"og_locale":"fr_CA","og_type":"article","og_title":"Le 2 septembre 1959\u00a0: Ford pr\u00e9sente la Falcon - CanadaMotorJobs.com","og_description":"Le 2 septembre 1959\u00a0: Ford pr\u00e9sente la Falcon - Benoit Charette - Annuel automobile - CanadaMotorJobs.com.","og_url":"https:\/\/news.canadamotorjobs.com\/fr\/le-2-septembre-1959-ford-presente-la-falcon\/","og_site_name":"CanadaMotorJobs.com","article_publisher":"https:\/\/www.facebook.com\/canadamotorjobs\/","article_published_time":"2022-09-02T11:12:59+00:00","article_modified_time":"2022-09-02T11:13:50+00:00","og_image":[{"width":1280,"height":696,"url":"https:\/\/news.canadamotorjobs.com\/wp-content\/uploads\/2022\/09\/1-1960-Ford-Falcon-4dr-Sed-1.jpg","type":"image\/jpeg"}],"author":"Benoit Charette","twitter_card":"summary_large_image","twitter_creator":"@canadamotorjobs","twitter_site":"@canadamotorjobs","twitter_misc":{"\u00c9crit par":"Benoit Charette","Estimation du temps de lecture":"1 minute"},"schema":{"@context":"https:\/\/schema.org","@graph":[{"@type":"Article","@id":"https:\/\/news.canadamotorjobs.com\/fr\/le-2-septembre-1959-ford-presente-la-falcon\/#article","isPartOf":{"@id":"https:\/\/news.canadamotorjobs.com\/fr\/le-2-septembre-1959-ford-presente-la-falcon\/"},"author":{"name":"Benoit Charette","@id":"https:\/\/news.canadamotorjobs.com\/#\/schema\/person\/51793d1f87d44011d7bcc2ed99269a90"},"headline":"Le 2 septembre 1959\u00a0: Ford pr\u00e9sente la Falcon","datePublished":"2022-09-02T11:12:59+00:00","dateModified":"2022-09-02T11:13:50+00:00","mainEntityOfPage":{"@id":"https:\/\/news.canadamotorjobs.com\/fr\/le-2-septembre-1959-ford-presente-la-falcon\/"},"wordCount":229,"publisher":{"@id":"https:\/\/news.canadamotorjobs.com\/#organization"},"image":{"@id":"https:\/\/news.canadamotorjobs.com\/fr\/le-2-septembre-1959-ford-presente-la-falcon\/#primaryimage"},"thumbnailUrl":"https:\/\/news.canadamotorjobs.com\/wp-content\/uploads\/2022\/09\/1-1960-Ford-Falcon-4dr-Sed-1.jpg","articleSection":["Annuel automobile"],"inLanguage":"fr-CA"},{"@type":"WebPage","@id":"https:\/\/news.canadamotorjobs.com\/fr\/le-2-septembre-1959-ford-presente-la-falcon\/","url":"https:\/\/news.canadamotorjobs.com\/fr\/le-2-septembre-1959-ford-presente-la-falcon\/","name":"Le 2 septembre 1959\u00a0: Ford pr\u00e9sente la Falcon - CanadaMotorJobs.com","isPartOf":{"@id":"https:\/\/news.canadamotorjobs.com\/#website"},"primaryImageOfPage":{"@id":"https:\/\/news.canadamotorjobs.com\/fr\/le-2-septembre-1959-ford-presente-la-falcon\/#primaryimage"},"image":{"@id":"https:\/\/news.canadamotorjobs.com\/fr\/le-2-septembre-1959-ford-presente-la-falcon\/#primaryimage"},"thumbnailUrl":"https:\/\/news.canadamotorjobs.com\/wp-content\/uploads\/2022\/09\/1-1960-Ford-Falcon-4dr-Sed-1.jpg","datePublished":"2022-09-02T11:12:59+00:00","dateModified":"2022-09-02T11:13:50+00:00","description":"Le 2 septembre 1959\u00a0: Ford pr\u00e9sente la Falcon - Benoit Charette - Annuel automobile - CanadaMotorJobs.com.","breadcrumb":{"@id":"https:\/\/news.canadamotorjobs.com\/fr\/le-2-septembre-1959-ford-presente-la-falcon\/#breadcrumb"},"inLanguage":"fr-CA","potentialAction":[{"@type":"ReadAction","target":["https:\/\/news.canadamotorjobs.com\/fr\/le-2-septembre-1959-ford-presente-la-falcon\/"]}]},{"@type":"ImageObject","inLanguage":"fr-CA","@id":"https:\/\/news.canadamotorjobs.com\/fr\/le-2-septembre-1959-ford-presente-la-falcon\/#primaryimage","url":"https:\/\/news.canadamotorjobs.com\/wp-content\/uploads\/2022\/09\/1-1960-Ford-Falcon-4dr-Sed-1.jpg","contentUrl":"https:\/\/news.canadamotorjobs.com\/wp-content\/uploads\/2022\/09\/1-1960-Ford-Falcon-4dr-Sed-1.jpg","width":1280,"height":696},{"@type":"BreadcrumbList","@id":"https:\/\/news.canadamotorjobs.com\/fr\/le-2-septembre-1959-ford-presente-la-falcon\/#breadcrumb","itemListElement":[{"@type":"ListItem","position":1,"name":"Home","item":"https:\/\/news.canadamotorjobs.com\/fr\/blog\/"},{"@type":"ListItem","position":2,"name":"Le 2 septembre 1959\u00a0: Ford pr\u00e9sente la Falcon"}]},{"@type":"WebSite","@id":"https:\/\/news.canadamotorjobs.com\/#website","url":"https:\/\/news.canadamotorjobs.com\/","name":"CanadaMotorJobs.com","description":"Automotive Jobs","publisher":{"@id":"https:\/\/news.canadamotorjobs.com\/#organization"},"potentialAction":[{"@type":"SearchAction","target":{"@type":"EntryPoint","urlTemplate":"https:\/\/news.canadamotorjobs.com\/?s={search_term_string}"},"query-input":"required name=search_term_string"}],"inLanguage":"fr-CA"},{"@type":"Organization","@id":"https:\/\/news.canadamotorjobs.com\/#organization","name":"Canada Motor Jobs","url":"https:\/\/news.canadamotorjobs.com\/","logo":{"@type":"ImageObject","inLanguage":"fr-CA","@id":"https:\/\/news.canadamotorjobs.com\/#\/schema\/logo\/image\/","url":"https:\/\/news.canadamotorjobs.com\/wp-content\/uploads\/2022\/10\/logo-canada-motor-jobs-1.png","contentUrl":"https:\/\/news.canadamotorjobs.com\/wp-content\/uploads\/2022\/10\/logo-canada-motor-jobs-1.png","width":800,"height":400,"caption":"Canada Motor Jobs"},"image":{"@id":"https:\/\/news.canadamotorjobs.com\/#\/schema\/logo\/image\/"},"sameAs":["https:\/\/www.facebook.com\/canadamotorjobs\/","https:\/\/x.com\/canadamotorjobs","https:\/\/www.instagram.com\/canadamotorjobs\/","https:\/\/www.linkedin.com\/company\/canadamotorjobs"]},{"@type":"Person","@id":"https:\/\/news.canadamotorjobs.com\/#\/schema\/person\/51793d1f87d44011d7bcc2ed99269a90","name":"Benoit Charette","image":{"@type":"ImageObject","inLanguage":"fr-CA","@id":"https:\/\/news.canadamotorjobs.com\/#\/schema\/person\/image\/","url":"https:\/\/secure.gravatar.com\/avatar\/45f3d2eebcccd909668d7ce7ea7267b6?s=96&d=mm&r=g","contentUrl":"https:\/\/secure.gravatar.com\/avatar\/45f3d2eebcccd909668d7ce7ea7267b6?s=96&d=mm&r=g","caption":"Benoit Charette"},"description":"Benoit Charette \/ Propri\u00e9taire et r\u00e9dacteur en chef Benoit Charette pratique le journalisme automobile depuis bient\u00f4t 30 ans. Il a fait ses classes au c\u00f4t\u00e9 de Daniel H\u00e9raud et au Carnet de route de 1992 \u00e0 2001. Il est fondateur, copropri\u00e9taire et r\u00e9dacteur en chef de L\u2019Annuel de l\u2019automobile, qu\u2019il publie depuis 2001. Il a anim\u00e9 les \u00e9missions RPM et RPM+ sur V et les L\u00e9gendes de la route sur Historia. \u00c0 la radio depuis 1986, il reprend l\u2019antenne cette ann\u00e9e sur les ondes de Cogeco et participe pour la deuxi\u00e8me ann\u00e9e \u00e0 l\u2019\u00e9mission Passion Auto sur RDS en plus de mettre en ligne le site Web officiel de L\u2019Annuel de l\u2019automobile sur annuelauto.ca.","sameAs":["https:\/\/annuelauto.ca\/"],"url":"https:\/\/news.canadamotorjobs.com\/fr\/author\/benoit-charette\/"}]}},"_links":{"self":[{"href":"https:\/\/news.canadamotorjobs.com\/fr\/wp-json\/wp\/v2\/posts\/43137"}],"collection":[{"href":"https:\/\/news.canadamotorjobs.com\/fr\/wp-json\/wp\/v2\/posts"}],"about":[{"href":"https:\/\/news.canadamotorjobs.com\/fr\/wp-json\/wp\/v2\/types\/post"}],"author":[{"embeddable":true,"href":"https:\/\/news.canadamotorjobs.com\/fr\/wp-json\/wp\/v2\/users\/8"}],"replies":[{"embeddable":true,"href":"https:\/\/news.canadamotorjobs.com\/fr\/wp-json\/wp\/v2\/comments?post=43137"}],"version-history":[{"count":0,"href":"https:\/\/news.canadamotorjobs.com\/fr\/wp-json\/wp\/v2\/posts\/43137\/revisions"}],"wp:featuredmedia":[{"embeddable":true,"href":"https:\/\/news.canadamotorjobs.com\/fr\/wp-json\/wp\/v2\/media\/43141"}],"wp:attachment":[{"href":"https:\/\/news.canadamotorjobs.com\/fr\/wp-json\/wp\/v2\/media?parent=43137"}],"wp:term":[{"taxonomy":"category","embeddable":true,"href":"https:\/\/news.canadamotorjobs.com\/fr\/wp-json\/wp\/v2\/categories?post=43137"},{"taxonomy":"post_tag","embeddable":true,"href":"https:\/\/news.canadamotorjobs.com\/fr\/wp-json\/wp\/v2\/tags?post=43137"}],"curies":[{"name":"wp","href":"https:\/\/api.w.org\/{rel}","templated":true}]}}