{"id":43121,"date":"2022-09-01T10:56:38","date_gmt":"2022-09-01T14:56:38","guid":{"rendered":"https:\/\/blog.canadamotorjobs.com\/cest-a-compter-daujourdhui-que-votre-vehicule-de-luxe-va-couter-plus-cher\/"},"modified":"2022-09-02T09:54:25","modified_gmt":"2022-09-02T13:54:25","slug":"cest-a-compter-daujourdhui-que-votre-vehicule-de-luxe-va-couter-plus-cher","status":"publish","type":"post","link":"https:\/\/news.canadamotorjobs.com\/fr\/cest-a-compter-daujourdhui-que-votre-vehicule-de-luxe-va-couter-plus-cher\/","title":{"rendered":"C\u2019est \u00e0 compter d\u2019aujourd\u2019hui que votre v\u00e9hicule de luxe va co\u00fbter plus cher"},"content":{"rendered":"<p>Dans le budget f\u00e9d\u00e9ral du printemps dernier, le gouvernement canadien annon\u00e7ait qu\u2019il instaurerait d\u00e8s le 1er septembre 2022 une taxe de luxe sur les nouvelles voitures et les avions priv\u00e9s d\u2019une valeur de plus de 100 000 $ et sur les bateaux de plaisance d\u2019une valeur sup\u00e9rieure \u00e0 250 000 $.<\/p>\n<h3>Une taxe qui va toucher environ 30\u00a0000 v\u00e9hicules par ann\u00e9e au Canada<\/h3>\n<p>La CADA (Canadian Automobile Dealer association) estime que cette taxe vise environ 92 mod\u00e8les de v\u00e9hicules au Canada pour environ 30\u00a0000 unit\u00e9s vendues. Les concessionnaires envisagent que la taxe de luxe aura un effet consid\u00e9rable sur les r\u00e9sultats nets et les emplois des concessions et menace de d\u00e9truire les investissements r\u00e9alis\u00e9s par les concessionnaires de ce segment. Le gouvernement devrait mettre dans ses poches environ 683 millions de dollars par ann\u00e9e avec cette nouvelle taxe.<\/p>\n<h3>Comment fonctionne cette taxe\u2009?<\/h3>\n<p>La taxe repr\u00e9senterait 10\u00a0% du prix total ou 20\u00a0% du prix exc\u00e9dant 100\u00a0000\u00a0$, selon la formule qui serait la plus avantageuse pour le consommateur. La taxe de luxe serait appliqu\u00e9e avant le calcul des taxes de vente. Prenons par exemple le prix d\u2019une Porsche 911, un mod\u00e8le assez populaire. Son prix d\u00e9bute \u00e0 125\u00a0000\u00a0$. Si vous prenez 10\u00a0% du prix total, vous arrivez \u00e0 12\u00a0500\u00a0$. Si vous prenez 20\u00a0% su prix exc\u00e9dentaire de 100\u00a0000\u00a0$ ( soit 25\u00a0000\u00a0$) vous arrivez \u00e0 5 000\u00a0$. C\u2019est donc le 5 000\u00a0$ qui s\u2019applique. Si votre choix se porte vers une Bentley Continental \u00e0 250\u00a0000\u00a0$ le 10\u00a0% du prix total est<\/p>\n","protected":false},"excerpt":{"rendered":"<p>Dans le budget f\u00e9d\u00e9ral du printemps dernier, le gouvernement canadien annon\u00e7ait qu\u2019il instaurerait d\u00e8s le 1er septembre 2022 une taxe de luxe sur les nouvelles voitures et les avions priv\u00e9s d\u2019une valeur de plus de 100 000 $ et sur les bateaux de plaisance d\u2019une valeur sup\u00e9rieure \u00e0 250 000 $. Une taxe qui va [&hellip;]<\/p>\n","protected":false},"author":8,"featured_media":43125,"comment_status":"close","ping_status":"closed","sticky":false,"template":"","format":"standard","meta":{"_monsterinsights_skip_tracking":false,"_monsterinsights_sitenote_active":false,"_monsterinsights_sitenote_note":"","_monsterinsights_sitenote_category":0,"footnotes":""},"categories":[101],"tags":[131],"yoast_head":"<!-- This site is optimized with the Yoast SEO plugin v23.2 - https:\/\/yoast.com\/wordpress\/plugins\/seo\/ -->\n<title>C\u2019est \u00e0 compter d\u2019aujourd\u2019hui que votre v\u00e9hicule de luxe va co\u00fbter plus cher - CanadaMotorJobs.com<\/title>\n<meta name=\"description\" content=\"C\u2019est \u00e0 compter d\u2019aujourd\u2019hui que votre v\u00e9hicule de luxe va co\u00fbter plus cher - Benoit Charette - Annuel automobile - CanadaMotorJobs.com.\" \/>\n<meta name=\"robots\" content=\"index, follow, max-snippet:-1, max-image-preview:large, max-video-preview:-1\" \/>\n<meta property=\"og:locale\" content=\"fr_CA\" \/>\n<meta property=\"og:type\" content=\"article\" \/>\n<meta property=\"og:title\" content=\"C\u2019est \u00e0 compter d\u2019aujourd\u2019hui que votre v\u00e9hicule de luxe va co\u00fbter plus cher - CanadaMotorJobs.com\" \/>\n<meta property=\"og:description\" content=\"C\u2019est \u00e0 compter d\u2019aujourd\u2019hui que votre v\u00e9hicule de luxe va co\u00fbter plus cher - Benoit Charette - Annuel automobile - CanadaMotorJobs.com.\" \/>\n<meta property=\"og:url\" content=\"https:\/\/news.canadamotorjobs.com\/fr\/cest-a-compter-daujourdhui-que-votre-vehicule-de-luxe-va-couter-plus-cher\/\" \/>\n<meta property=\"og:site_name\" content=\"CanadaMotorJobs.com\" \/>\n<meta property=\"article:publisher\" content=\"https:\/\/www.facebook.com\/canadamotorjobs\/\" \/>\n<meta property=\"article:published_time\" content=\"2022-09-01T14:56:38+00:00\" \/>\n<meta property=\"article:modified_time\" content=\"2022-09-02T13:54:25+00:00\" \/>\n<meta property=\"og:image\" content=\"https:\/\/news.canadamotorjobs.com\/wp-content\/uploads\/2022\/09\/MF908569-Edit-1.jpg\" \/>\n\t<meta property=\"og:image:width\" content=\"1920\" \/>\n\t<meta property=\"og:image:height\" content=\"1080\" \/>\n\t<meta property=\"og:image:type\" content=\"image\/jpeg\" \/>\n<meta name=\"author\" content=\"Benoit Charette\" \/>\n<meta name=\"twitter:card\" content=\"summary_large_image\" \/>\n<meta name=\"twitter:creator\" content=\"@canadamotorjobs\" \/>\n<meta name=\"twitter:site\" content=\"@canadamotorjobs\" \/>\n<meta name=\"twitter:label1\" content=\"\u00c9crit par\" \/>\n\t<meta name=\"twitter:data1\" content=\"Benoit Charette\" \/>\n\t<meta name=\"twitter:label2\" content=\"Estimation du temps de lecture\" \/>\n\t<meta name=\"twitter:data2\" content=\"2 minutes\" \/>\n<!-- \/ Yoast SEO plugin. -->","yoast_head_json":{"title":"C\u2019est \u00e0 compter d\u2019aujourd\u2019hui que votre v\u00e9hicule de luxe va co\u00fbter plus cher - CanadaMotorJobs.com","description":"C\u2019est \u00e0 compter d\u2019aujourd\u2019hui que votre v\u00e9hicule de luxe va co\u00fbter plus cher - Benoit Charette - Annuel automobile - CanadaMotorJobs.com.","robots":{"index":"index","follow":"follow","max-snippet":"max-snippet:-1","max-image-preview":"max-image-preview:large","max-video-preview":"max-video-preview:-1"},"og_locale":"fr_CA","og_type":"article","og_title":"C\u2019est \u00e0 compter d\u2019aujourd\u2019hui que votre v\u00e9hicule de luxe va co\u00fbter plus cher - CanadaMotorJobs.com","og_description":"C\u2019est \u00e0 compter d\u2019aujourd\u2019hui que votre v\u00e9hicule de luxe va co\u00fbter plus cher - Benoit Charette - Annuel automobile - CanadaMotorJobs.com.","og_url":"https:\/\/news.canadamotorjobs.com\/fr\/cest-a-compter-daujourdhui-que-votre-vehicule-de-luxe-va-couter-plus-cher\/","og_site_name":"CanadaMotorJobs.com","article_publisher":"https:\/\/www.facebook.com\/canadamotorjobs\/","article_published_time":"2022-09-01T14:56:38+00:00","article_modified_time":"2022-09-02T13:54:25+00:00","og_image":[{"width":1920,"height":1080,"url":"https:\/\/news.canadamotorjobs.com\/wp-content\/uploads\/2022\/09\/MF908569-Edit-1.jpg","type":"image\/jpeg"}],"author":"Benoit Charette","twitter_card":"summary_large_image","twitter_creator":"@canadamotorjobs","twitter_site":"@canadamotorjobs","twitter_misc":{"\u00c9crit par":"Benoit Charette","Estimation du temps de lecture":"2 minutes"},"schema":{"@context":"https:\/\/schema.org","@graph":[{"@type":"Article","@id":"https:\/\/news.canadamotorjobs.com\/fr\/cest-a-compter-daujourdhui-que-votre-vehicule-de-luxe-va-couter-plus-cher\/#article","isPartOf":{"@id":"https:\/\/news.canadamotorjobs.com\/fr\/cest-a-compter-daujourdhui-que-votre-vehicule-de-luxe-va-couter-plus-cher\/"},"author":{"name":"Benoit Charette","@id":"https:\/\/news.canadamotorjobs.com\/#\/schema\/person\/51793d1f87d44011d7bcc2ed99269a90"},"headline":"C\u2019est \u00e0 compter d\u2019aujourd\u2019hui que votre v\u00e9hicule de luxe va co\u00fbter plus cher","datePublished":"2022-09-01T14:56:38+00:00","dateModified":"2022-09-02T13:54:25+00:00","mainEntityOfPage":{"@id":"https:\/\/news.canadamotorjobs.com\/fr\/cest-a-compter-daujourdhui-que-votre-vehicule-de-luxe-va-couter-plus-cher\/"},"wordCount":261,"publisher":{"@id":"https:\/\/news.canadamotorjobs.com\/#organization"},"image":{"@id":"https:\/\/news.canadamotorjobs.com\/fr\/cest-a-compter-daujourdhui-que-votre-vehicule-de-luxe-va-couter-plus-cher\/#primaryimage"},"thumbnailUrl":"https:\/\/news.canadamotorjobs.com\/wp-content\/uploads\/2022\/09\/MF908569-Edit-1.jpg","keywords":["Newsletter"],"articleSection":["Annuel automobile"],"inLanguage":"fr-CA"},{"@type":"WebPage","@id":"https:\/\/news.canadamotorjobs.com\/fr\/cest-a-compter-daujourdhui-que-votre-vehicule-de-luxe-va-couter-plus-cher\/","url":"https:\/\/news.canadamotorjobs.com\/fr\/cest-a-compter-daujourdhui-que-votre-vehicule-de-luxe-va-couter-plus-cher\/","name":"C\u2019est \u00e0 compter d\u2019aujourd\u2019hui que votre v\u00e9hicule de luxe va co\u00fbter plus cher - CanadaMotorJobs.com","isPartOf":{"@id":"https:\/\/news.canadamotorjobs.com\/#website"},"primaryImageOfPage":{"@id":"https:\/\/news.canadamotorjobs.com\/fr\/cest-a-compter-daujourdhui-que-votre-vehicule-de-luxe-va-couter-plus-cher\/#primaryimage"},"image":{"@id":"https:\/\/news.canadamotorjobs.com\/fr\/cest-a-compter-daujourdhui-que-votre-vehicule-de-luxe-va-couter-plus-cher\/#primaryimage"},"thumbnailUrl":"https:\/\/news.canadamotorjobs.com\/wp-content\/uploads\/2022\/09\/MF908569-Edit-1.jpg","datePublished":"2022-09-01T14:56:38+00:00","dateModified":"2022-09-02T13:54:25+00:00","description":"C\u2019est \u00e0 compter d\u2019aujourd\u2019hui que votre v\u00e9hicule de luxe va co\u00fbter plus cher - Benoit Charette - Annuel automobile - CanadaMotorJobs.com.","breadcrumb":{"@id":"https:\/\/news.canadamotorjobs.com\/fr\/cest-a-compter-daujourdhui-que-votre-vehicule-de-luxe-va-couter-plus-cher\/#breadcrumb"},"inLanguage":"fr-CA","potentialAction":[{"@type":"ReadAction","target":["https:\/\/news.canadamotorjobs.com\/fr\/cest-a-compter-daujourdhui-que-votre-vehicule-de-luxe-va-couter-plus-cher\/"]}]},{"@type":"ImageObject","inLanguage":"fr-CA","@id":"https:\/\/news.canadamotorjobs.com\/fr\/cest-a-compter-daujourdhui-que-votre-vehicule-de-luxe-va-couter-plus-cher\/#primaryimage","url":"https:\/\/news.canadamotorjobs.com\/wp-content\/uploads\/2022\/09\/MF908569-Edit-1.jpg","contentUrl":"https:\/\/news.canadamotorjobs.com\/wp-content\/uploads\/2022\/09\/MF908569-Edit-1.jpg","width":1920,"height":1080},{"@type":"BreadcrumbList","@id":"https:\/\/news.canadamotorjobs.com\/fr\/cest-a-compter-daujourdhui-que-votre-vehicule-de-luxe-va-couter-plus-cher\/#breadcrumb","itemListElement":[{"@type":"ListItem","position":1,"name":"Home","item":"https:\/\/news.canadamotorjobs.com\/fr\/blog\/"},{"@type":"ListItem","position":2,"name":"C\u2019est \u00e0 compter d\u2019aujourd\u2019hui que votre v\u00e9hicule de luxe va co\u00fbter plus cher"}]},{"@type":"WebSite","@id":"https:\/\/news.canadamotorjobs.com\/#website","url":"https:\/\/news.canadamotorjobs.com\/","name":"CanadaMotorJobs.com","description":"Automotive Jobs","publisher":{"@id":"https:\/\/news.canadamotorjobs.com\/#organization"},"potentialAction":[{"@type":"SearchAction","target":{"@type":"EntryPoint","urlTemplate":"https:\/\/news.canadamotorjobs.com\/?s={search_term_string}"},"query-input":"required name=search_term_string"}],"inLanguage":"fr-CA"},{"@type":"Organization","@id":"https:\/\/news.canadamotorjobs.com\/#organization","name":"Canada Motor Jobs","url":"https:\/\/news.canadamotorjobs.com\/","logo":{"@type":"ImageObject","inLanguage":"fr-CA","@id":"https:\/\/news.canadamotorjobs.com\/#\/schema\/logo\/image\/","url":"https:\/\/news.canadamotorjobs.com\/wp-content\/uploads\/2022\/10\/logo-canada-motor-jobs-1.png","contentUrl":"https:\/\/news.canadamotorjobs.com\/wp-content\/uploads\/2022\/10\/logo-canada-motor-jobs-1.png","width":800,"height":400,"caption":"Canada Motor Jobs"},"image":{"@id":"https:\/\/news.canadamotorjobs.com\/#\/schema\/logo\/image\/"},"sameAs":["https:\/\/www.facebook.com\/canadamotorjobs\/","https:\/\/x.com\/canadamotorjobs","https:\/\/www.instagram.com\/canadamotorjobs\/","https:\/\/www.linkedin.com\/company\/canadamotorjobs"]},{"@type":"Person","@id":"https:\/\/news.canadamotorjobs.com\/#\/schema\/person\/51793d1f87d44011d7bcc2ed99269a90","name":"Benoit Charette","image":{"@type":"ImageObject","inLanguage":"fr-CA","@id":"https:\/\/news.canadamotorjobs.com\/#\/schema\/person\/image\/","url":"https:\/\/secure.gravatar.com\/avatar\/45f3d2eebcccd909668d7ce7ea7267b6?s=96&d=mm&r=g","contentUrl":"https:\/\/secure.gravatar.com\/avatar\/45f3d2eebcccd909668d7ce7ea7267b6?s=96&d=mm&r=g","caption":"Benoit Charette"},"description":"Benoit Charette \/ Propri\u00e9taire et r\u00e9dacteur en chef Benoit Charette pratique le journalisme automobile depuis bient\u00f4t 30 ans. Il a fait ses classes au c\u00f4t\u00e9 de Daniel H\u00e9raud et au Carnet de route de 1992 \u00e0 2001. Il est fondateur, copropri\u00e9taire et r\u00e9dacteur en chef de L\u2019Annuel de l\u2019automobile, qu\u2019il publie depuis 2001. Il a anim\u00e9 les \u00e9missions RPM et RPM+ sur V et les L\u00e9gendes de la route sur Historia. \u00c0 la radio depuis 1986, il reprend l\u2019antenne cette ann\u00e9e sur les ondes de Cogeco et participe pour la deuxi\u00e8me ann\u00e9e \u00e0 l\u2019\u00e9mission Passion Auto sur RDS en plus de mettre en ligne le site Web officiel de L\u2019Annuel de l\u2019automobile sur annuelauto.ca.","sameAs":["https:\/\/annuelauto.ca\/"],"url":"https:\/\/news.canadamotorjobs.com\/fr\/author\/benoit-charette\/"}]}},"_links":{"self":[{"href":"https:\/\/news.canadamotorjobs.com\/fr\/wp-json\/wp\/v2\/posts\/43121"}],"collection":[{"href":"https:\/\/news.canadamotorjobs.com\/fr\/wp-json\/wp\/v2\/posts"}],"about":[{"href":"https:\/\/news.canadamotorjobs.com\/fr\/wp-json\/wp\/v2\/types\/post"}],"author":[{"embeddable":true,"href":"https:\/\/news.canadamotorjobs.com\/fr\/wp-json\/wp\/v2\/users\/8"}],"replies":[{"embeddable":true,"href":"https:\/\/news.canadamotorjobs.com\/fr\/wp-json\/wp\/v2\/comments?post=43121"}],"version-history":[{"count":0,"href":"https:\/\/news.canadamotorjobs.com\/fr\/wp-json\/wp\/v2\/posts\/43121\/revisions"}],"wp:featuredmedia":[{"embeddable":true,"href":"https:\/\/news.canadamotorjobs.com\/fr\/wp-json\/wp\/v2\/media\/43125"}],"wp:attachment":[{"href":"https:\/\/news.canadamotorjobs.com\/fr\/wp-json\/wp\/v2\/media?parent=43121"}],"wp:term":[{"taxonomy":"category","embeddable":true,"href":"https:\/\/news.canadamotorjobs.com\/fr\/wp-json\/wp\/v2\/categories?post=43121"},{"taxonomy":"post_tag","embeddable":true,"href":"https:\/\/news.canadamotorjobs.com\/fr\/wp-json\/wp\/v2\/tags?post=43121"}],"curies":[{"name":"wp","href":"https:\/\/api.w.org\/{rel}","templated":true}]}}