{"id":43113,"date":"2022-09-01T08:07:36","date_gmt":"2022-09-01T12:07:36","guid":{"rendered":"https:\/\/blog.canadamotorjobs.com\/general-motors-a-la-recherche-de-fournisseurs-au-quebec\/"},"modified":"2022-09-02T15:05:13","modified_gmt":"2022-09-02T19:05:13","slug":"general-motors-a-la-recherche-de-fournisseurs-au-quebec","status":"publish","type":"post","link":"https:\/\/news.canadamotorjobs.com\/fr\/general-motors-a-la-recherche-de-fournisseurs-au-quebec\/","title":{"rendered":"General Motors \u00e0 la recherche de fournisseurs au Qu\u00e9bec"},"content":{"rendered":"<p>Apr\u00e8s Mercedes-Benz et Volkswagen qui ont envoy\u00e9 une d\u00e9l\u00e9gation officielle pour annoncer un partenariat dans les mines canadiennes et surtout qu\u00e9b\u00e9coises, c\u2019est maintenant au tour de GM de regarder du c\u00f4t\u00e9 du Qu\u00e9bec<\/p>\n<h3>Une usine de mat\u00e9riaux de batteries<\/h3>\n<p>General Motors est en pourparlers avec des fournisseurs potentiels pour sa future usine de mat\u00e9riaux de batterie au Qu\u00e9bec. GM recherche des entreprises susceptibles de lui fournir les min\u00e9raux n\u00e9cessaires pour une usine qui devrait ouvrir d\u2019ici 2025. En plus de construire son usine au Qu\u00e9bec, GM voudrait aussi avoir des fournisseurs locaux. Il semble que certaines le\u00e7ons de la pand\u00e9mie commencent \u00e0 porter fruit. Cette nouvelle usine, exploit\u00e9e en partenariat avec Posco Chemical, produira les mat\u00e9riaux de cathode et d&#8217;anode utilis\u00e9s dans les batteries de v\u00e9hicules \u00e9lectriques install\u00e9es dans les v\u00e9hicules fabriqu\u00e9s en Ontario. On recherche donc du lithium, du nickel, du cobalt et du mangan\u00e8se, qui sont tous exploit\u00e9s au Qu\u00e9bec ou dans les provinces voisines.<\/p>\n<h3>Des mat\u00e9riaux qui se dirigeront vers B\u00e9cacour<\/h3>\n<p>\u00c0 l&#8217;heure actuelle, GM est en train d&#8217;acheter le terrain et d&#8217;obtenir les permis n\u00e9cessaires pour cette future installation pr\u00e8s de B\u00e9cancour, \u00e0 mi-chemin entre Montr\u00e9al et Qu\u00e9bec. General Motors a d\u00e9clar\u00e9 que sa cha\u00eene d&#8217;approvisionnement actuelle lui permettra de construire jusqu&#8217;\u00e0 1 million de v\u00e9hicules \u00e9lectriques d&#8217;ici la fin de 2025, ann\u00e9e \u00e0 laquelle la future usine qu\u00e9b\u00e9coise devrait entrer en service, ce qui renforcera encore la capacit\u00e9 de production du constructeur automobile. Les mines qu\u00e9b\u00e9coises vont tourner \u00e0 plein r\u00e9gime dans les prochaines ann\u00e9es.<\/p>\n","protected":false},"excerpt":{"rendered":"<p>Apr\u00e8s Mercedes-Benz et Volkswagen qui ont envoy\u00e9 une d\u00e9l\u00e9gation officielle pour annoncer un partenariat dans les mines canadiennes et surtout qu\u00e9b\u00e9coises, c\u2019est maintenant au tour de GM de regarder du c\u00f4t\u00e9 du Qu\u00e9bec Une usine de mat\u00e9riaux de batteries General Motors est en pourparlers avec des fournisseurs potentiels pour sa future usine de mat\u00e9riaux de [&hellip;]<\/p>\n","protected":false},"author":8,"featured_media":43117,"comment_status":"close","ping_status":"closed","sticky":false,"template":"","format":"standard","meta":{"_monsterinsights_skip_tracking":false,"_monsterinsights_sitenote_active":false,"_monsterinsights_sitenote_note":"","_monsterinsights_sitenote_category":0,"footnotes":""},"categories":[101],"tags":[131],"yoast_head":"<!-- This site is optimized with the Yoast SEO plugin v23.2 - https:\/\/yoast.com\/wordpress\/plugins\/seo\/ -->\n<title>General Motors \u00e0 la recherche de fournisseurs au Qu\u00e9bec - CanadaMotorJobs.com<\/title>\n<meta name=\"description\" content=\"General Motors \u00e0 la recherche de fournisseurs au Qu\u00e9bec - Benoit Charette - Annuel automobile - CanadaMotorJobs.com.\" \/>\n<meta name=\"robots\" content=\"index, follow, max-snippet:-1, max-image-preview:large, max-video-preview:-1\" \/>\n<meta property=\"og:locale\" content=\"fr_CA\" \/>\n<meta property=\"og:type\" content=\"article\" \/>\n<meta property=\"og:title\" content=\"General Motors \u00e0 la recherche de fournisseurs au Qu\u00e9bec - CanadaMotorJobs.com\" \/>\n<meta property=\"og:description\" content=\"General Motors \u00e0 la recherche de fournisseurs au Qu\u00e9bec - Benoit Charette - Annuel automobile - CanadaMotorJobs.com.\" \/>\n<meta property=\"og:url\" content=\"https:\/\/news.canadamotorjobs.com\/fr\/general-motors-a-la-recherche-de-fournisseurs-au-quebec\/\" \/>\n<meta property=\"og:site_name\" content=\"CanadaMotorJobs.com\" \/>\n<meta property=\"article:publisher\" content=\"https:\/\/www.facebook.com\/canadamotorjobs\/\" \/>\n<meta property=\"article:published_time\" content=\"2022-09-01T12:07:36+00:00\" \/>\n<meta property=\"article:modified_time\" content=\"2022-09-02T19:05:13+00:00\" \/>\n<meta property=\"og:image\" content=\"https:\/\/news.canadamotorjobs.com\/wp-content\/uploads\/2022\/09\/Screen-Shot-2021-12-13-at-10.08.37-AM-copy-1.jpg\" \/>\n\t<meta property=\"og:image:width\" content=\"660\" \/>\n\t<meta property=\"og:image:height\" content=\"420\" \/>\n\t<meta property=\"og:image:type\" content=\"image\/jpeg\" \/>\n<meta name=\"author\" content=\"Benoit Charette\" \/>\n<meta name=\"twitter:card\" content=\"summary_large_image\" \/>\n<meta name=\"twitter:creator\" content=\"@canadamotorjobs\" \/>\n<meta name=\"twitter:site\" content=\"@canadamotorjobs\" \/>\n<meta name=\"twitter:label1\" content=\"\u00c9crit par\" \/>\n\t<meta name=\"twitter:data1\" content=\"Benoit Charette\" \/>\n\t<meta name=\"twitter:label2\" content=\"Estimation du temps de lecture\" \/>\n\t<meta name=\"twitter:data2\" content=\"2 minutes\" \/>\n<!-- \/ Yoast SEO plugin. -->","yoast_head_json":{"title":"General Motors \u00e0 la recherche de fournisseurs au Qu\u00e9bec - CanadaMotorJobs.com","description":"General Motors \u00e0 la recherche de fournisseurs au Qu\u00e9bec - Benoit Charette - Annuel automobile - CanadaMotorJobs.com.","robots":{"index":"index","follow":"follow","max-snippet":"max-snippet:-1","max-image-preview":"max-image-preview:large","max-video-preview":"max-video-preview:-1"},"og_locale":"fr_CA","og_type":"article","og_title":"General Motors \u00e0 la recherche de fournisseurs au Qu\u00e9bec - CanadaMotorJobs.com","og_description":"General Motors \u00e0 la recherche de fournisseurs au Qu\u00e9bec - Benoit Charette - Annuel automobile - CanadaMotorJobs.com.","og_url":"https:\/\/news.canadamotorjobs.com\/fr\/general-motors-a-la-recherche-de-fournisseurs-au-quebec\/","og_site_name":"CanadaMotorJobs.com","article_publisher":"https:\/\/www.facebook.com\/canadamotorjobs\/","article_published_time":"2022-09-01T12:07:36+00:00","article_modified_time":"2022-09-02T19:05:13+00:00","og_image":[{"width":660,"height":420,"url":"https:\/\/news.canadamotorjobs.com\/wp-content\/uploads\/2022\/09\/Screen-Shot-2021-12-13-at-10.08.37-AM-copy-1.jpg","type":"image\/jpeg"}],"author":"Benoit Charette","twitter_card":"summary_large_image","twitter_creator":"@canadamotorjobs","twitter_site":"@canadamotorjobs","twitter_misc":{"\u00c9crit par":"Benoit Charette","Estimation du temps de lecture":"2 minutes"},"schema":{"@context":"https:\/\/schema.org","@graph":[{"@type":"Article","@id":"https:\/\/news.canadamotorjobs.com\/fr\/general-motors-a-la-recherche-de-fournisseurs-au-quebec\/#article","isPartOf":{"@id":"https:\/\/news.canadamotorjobs.com\/fr\/general-motors-a-la-recherche-de-fournisseurs-au-quebec\/"},"author":{"name":"Benoit Charette","@id":"https:\/\/news.canadamotorjobs.com\/#\/schema\/person\/51793d1f87d44011d7bcc2ed99269a90"},"headline":"General Motors \u00e0 la recherche de fournisseurs au Qu\u00e9bec","datePublished":"2022-09-01T12:07:36+00:00","dateModified":"2022-09-02T19:05:13+00:00","mainEntityOfPage":{"@id":"https:\/\/news.canadamotorjobs.com\/fr\/general-motors-a-la-recherche-de-fournisseurs-au-quebec\/"},"wordCount":301,"publisher":{"@id":"https:\/\/news.canadamotorjobs.com\/#organization"},"image":{"@id":"https:\/\/news.canadamotorjobs.com\/fr\/general-motors-a-la-recherche-de-fournisseurs-au-quebec\/#primaryimage"},"thumbnailUrl":"https:\/\/news.canadamotorjobs.com\/wp-content\/uploads\/2022\/09\/Screen-Shot-2021-12-13-at-10.08.37-AM-copy-1.jpg","keywords":["Newsletter"],"articleSection":["Annuel automobile"],"inLanguage":"fr-CA"},{"@type":"WebPage","@id":"https:\/\/news.canadamotorjobs.com\/fr\/general-motors-a-la-recherche-de-fournisseurs-au-quebec\/","url":"https:\/\/news.canadamotorjobs.com\/fr\/general-motors-a-la-recherche-de-fournisseurs-au-quebec\/","name":"General Motors \u00e0 la recherche de fournisseurs au Qu\u00e9bec - CanadaMotorJobs.com","isPartOf":{"@id":"https:\/\/news.canadamotorjobs.com\/#website"},"primaryImageOfPage":{"@id":"https:\/\/news.canadamotorjobs.com\/fr\/general-motors-a-la-recherche-de-fournisseurs-au-quebec\/#primaryimage"},"image":{"@id":"https:\/\/news.canadamotorjobs.com\/fr\/general-motors-a-la-recherche-de-fournisseurs-au-quebec\/#primaryimage"},"thumbnailUrl":"https:\/\/news.canadamotorjobs.com\/wp-content\/uploads\/2022\/09\/Screen-Shot-2021-12-13-at-10.08.37-AM-copy-1.jpg","datePublished":"2022-09-01T12:07:36+00:00","dateModified":"2022-09-02T19:05:13+00:00","description":"General Motors \u00e0 la recherche de fournisseurs au Qu\u00e9bec - Benoit Charette - Annuel automobile - CanadaMotorJobs.com.","breadcrumb":{"@id":"https:\/\/news.canadamotorjobs.com\/fr\/general-motors-a-la-recherche-de-fournisseurs-au-quebec\/#breadcrumb"},"inLanguage":"fr-CA","potentialAction":[{"@type":"ReadAction","target":["https:\/\/news.canadamotorjobs.com\/fr\/general-motors-a-la-recherche-de-fournisseurs-au-quebec\/"]}]},{"@type":"ImageObject","inLanguage":"fr-CA","@id":"https:\/\/news.canadamotorjobs.com\/fr\/general-motors-a-la-recherche-de-fournisseurs-au-quebec\/#primaryimage","url":"https:\/\/news.canadamotorjobs.com\/wp-content\/uploads\/2022\/09\/Screen-Shot-2021-12-13-at-10.08.37-AM-copy-1.jpg","contentUrl":"https:\/\/news.canadamotorjobs.com\/wp-content\/uploads\/2022\/09\/Screen-Shot-2021-12-13-at-10.08.37-AM-copy-1.jpg","width":660,"height":420},{"@type":"BreadcrumbList","@id":"https:\/\/news.canadamotorjobs.com\/fr\/general-motors-a-la-recherche-de-fournisseurs-au-quebec\/#breadcrumb","itemListElement":[{"@type":"ListItem","position":1,"name":"Home","item":"https:\/\/news.canadamotorjobs.com\/fr\/blog\/"},{"@type":"ListItem","position":2,"name":"General Motors \u00e0 la recherche de fournisseurs au Qu\u00e9bec"}]},{"@type":"WebSite","@id":"https:\/\/news.canadamotorjobs.com\/#website","url":"https:\/\/news.canadamotorjobs.com\/","name":"CanadaMotorJobs.com","description":"Automotive Jobs","publisher":{"@id":"https:\/\/news.canadamotorjobs.com\/#organization"},"potentialAction":[{"@type":"SearchAction","target":{"@type":"EntryPoint","urlTemplate":"https:\/\/news.canadamotorjobs.com\/?s={search_term_string}"},"query-input":"required name=search_term_string"}],"inLanguage":"fr-CA"},{"@type":"Organization","@id":"https:\/\/news.canadamotorjobs.com\/#organization","name":"Canada Motor Jobs","url":"https:\/\/news.canadamotorjobs.com\/","logo":{"@type":"ImageObject","inLanguage":"fr-CA","@id":"https:\/\/news.canadamotorjobs.com\/#\/schema\/logo\/image\/","url":"https:\/\/news.canadamotorjobs.com\/wp-content\/uploads\/2022\/10\/logo-canada-motor-jobs-1.png","contentUrl":"https:\/\/news.canadamotorjobs.com\/wp-content\/uploads\/2022\/10\/logo-canada-motor-jobs-1.png","width":800,"height":400,"caption":"Canada Motor Jobs"},"image":{"@id":"https:\/\/news.canadamotorjobs.com\/#\/schema\/logo\/image\/"},"sameAs":["https:\/\/www.facebook.com\/canadamotorjobs\/","https:\/\/x.com\/canadamotorjobs","https:\/\/www.instagram.com\/canadamotorjobs\/","https:\/\/www.linkedin.com\/company\/canadamotorjobs"]},{"@type":"Person","@id":"https:\/\/news.canadamotorjobs.com\/#\/schema\/person\/51793d1f87d44011d7bcc2ed99269a90","name":"Benoit Charette","image":{"@type":"ImageObject","inLanguage":"fr-CA","@id":"https:\/\/news.canadamotorjobs.com\/#\/schema\/person\/image\/","url":"https:\/\/secure.gravatar.com\/avatar\/45f3d2eebcccd909668d7ce7ea7267b6?s=96&d=mm&r=g","contentUrl":"https:\/\/secure.gravatar.com\/avatar\/45f3d2eebcccd909668d7ce7ea7267b6?s=96&d=mm&r=g","caption":"Benoit Charette"},"description":"Benoit Charette \/ Propri\u00e9taire et r\u00e9dacteur en chef Benoit Charette pratique le journalisme automobile depuis bient\u00f4t 30 ans. Il a fait ses classes au c\u00f4t\u00e9 de Daniel H\u00e9raud et au Carnet de route de 1992 \u00e0 2001. Il est fondateur, copropri\u00e9taire et r\u00e9dacteur en chef de L\u2019Annuel de l\u2019automobile, qu\u2019il publie depuis 2001. Il a anim\u00e9 les \u00e9missions RPM et RPM+ sur V et les L\u00e9gendes de la route sur Historia. \u00c0 la radio depuis 1986, il reprend l\u2019antenne cette ann\u00e9e sur les ondes de Cogeco et participe pour la deuxi\u00e8me ann\u00e9e \u00e0 l\u2019\u00e9mission Passion Auto sur RDS en plus de mettre en ligne le site Web officiel de L\u2019Annuel de l\u2019automobile sur annuelauto.ca.","sameAs":["https:\/\/annuelauto.ca\/"],"url":"https:\/\/news.canadamotorjobs.com\/fr\/author\/benoit-charette\/"}]}},"_links":{"self":[{"href":"https:\/\/news.canadamotorjobs.com\/fr\/wp-json\/wp\/v2\/posts\/43113"}],"collection":[{"href":"https:\/\/news.canadamotorjobs.com\/fr\/wp-json\/wp\/v2\/posts"}],"about":[{"href":"https:\/\/news.canadamotorjobs.com\/fr\/wp-json\/wp\/v2\/types\/post"}],"author":[{"embeddable":true,"href":"https:\/\/news.canadamotorjobs.com\/fr\/wp-json\/wp\/v2\/users\/8"}],"replies":[{"embeddable":true,"href":"https:\/\/news.canadamotorjobs.com\/fr\/wp-json\/wp\/v2\/comments?post=43113"}],"version-history":[{"count":0,"href":"https:\/\/news.canadamotorjobs.com\/fr\/wp-json\/wp\/v2\/posts\/43113\/revisions"}],"wp:featuredmedia":[{"embeddable":true,"href":"https:\/\/news.canadamotorjobs.com\/fr\/wp-json\/wp\/v2\/media\/43117"}],"wp:attachment":[{"href":"https:\/\/news.canadamotorjobs.com\/fr\/wp-json\/wp\/v2\/media?parent=43113"}],"wp:term":[{"taxonomy":"category","embeddable":true,"href":"https:\/\/news.canadamotorjobs.com\/fr\/wp-json\/wp\/v2\/categories?post=43113"},{"taxonomy":"post_tag","embeddable":true,"href":"https:\/\/news.canadamotorjobs.com\/fr\/wp-json\/wp\/v2\/tags?post=43113"}],"curies":[{"name":"wp","href":"https:\/\/api.w.org\/{rel}","templated":true}]}}