{"id":43105,"date":"2022-09-01T07:43:26","date_gmt":"2022-09-01T11:43:26","guid":{"rendered":"https:\/\/blog.canadamotorjobs.com\/la-californie-demande-a-ses-citoyens-de-ralentir-la-recharge-des-vehicules-electriques\/"},"modified":"2022-09-01T07:44:04","modified_gmt":"2022-09-01T11:44:04","slug":"la-californie-demande-a-ses-citoyens-de-ralentir-la-recharge-des-vehicules-electriques","status":"publish","type":"post","link":"https:\/\/news.canadamotorjobs.com\/fr\/la-californie-demande-a-ses-citoyens-de-ralentir-la-recharge-des-vehicules-electriques\/","title":{"rendered":"La Californie demande \u00e0 ses citoyens de ralentir la recharge des v\u00e9hicules \u00e9lectriques"},"content":{"rendered":"<\/p>\n<p>Un peu plus d&#8217;une semaine apr\u00e8s avoir annonc\u00e9 l&#8217;interdiction des ventes de v\u00e9hicules \u00e0 essence en 2035, la Californie souhaite que les propri\u00e9taires de VE ne chargent pas autant leur voiture, car le r\u00e9seau \u00e9lectrique est incapable de le supporter. Une nouvelle qui arrive une semaine apr\u00e8s que la Chine a ferm\u00e9 une partie de son r\u00e9seau de recharge publique en raison d\u2019une grande s\u00e9cheresse qui r\u00e9duit la quantit\u00e9 d\u2019Hydro-\u00e9lectricit\u00e9 disponible dans le pays.<br \/> Comment arriver \u00e0 ses fins ?<br \/> Il semble qu\u2019il va y avoir un certain nombre d\u2019obstacles pour que la Californie r\u00e9alise son projet d&#8217;\u00eatre le premier \u00c9tat am\u00e9ricain \u00e0 interdire les v\u00e9hicules \u00e0 essence d&#8217;ici 2035. Les responsables du r\u00e9seau d\u2019\u00e9lectricit\u00e9 ont pris conscience que le r\u00e9seau \u00e9lectrique de l&#8217;\u00c9tat n\u2019est pas encore \u00e0 la hauteur de la t\u00e2che. De nombreux m\u00e9dias rapportent que les r\u00e9gulateurs de l&#8217;\u00e9nergie de l&#8217;\u00c9tat demandent aux propri\u00e9taires de VE de ne pas charger autant leurs v\u00e9hicules pendant que certaines parties de l&#8217;\u00c9tat traversent une vague de chaleur. La Californie depuis un mois est aux prises avec une forte vague de chaleur et les gens veulent rester aux frais avec des climatiseurs qui fonctionnent \u00e0 plein r\u00e9gime, ce qui met le r\u00e9seau \u00e9lectrique \u00e0 rude \u00e9preuve.<br \/> Le plus fort pourcentage de V\u00c9 aux \u00c9tats-Unis<br \/> La Californie est l\u2019endroit o\u00f9 les v\u00e9hicules \u00e9lectriques sont les plus utilis\u00e9s. Les gens ont besoin de se d\u00e9placer, donc ils rechargent leurs v\u00e9hicules &#8211; et beaucoup de gens se pr\u00e9parent \u00e0 partir en voyage pour la<\/p>\n","protected":false},"excerpt":{"rendered":"<p>Un peu plus d&#8217;une semaine apr\u00e8s avoir annonc\u00e9 l&#8217;interdiction des ventes de v\u00e9hicules \u00e0 essence en 2035, la Californie souhaite que les propri\u00e9taires de VE ne chargent pas autant leur voiture, car le r\u00e9seau \u00e9lectrique est incapable de le supporter. Une nouvelle qui arrive une semaine apr\u00e8s que la Chine a ferm\u00e9 une partie de [&hellip;]<\/p>\n","protected":false},"author":8,"featured_media":43109,"comment_status":"close","ping_status":"closed","sticky":false,"template":"","format":"standard","meta":{"_monsterinsights_skip_tracking":false,"_monsterinsights_sitenote_active":false,"_monsterinsights_sitenote_note":"","_monsterinsights_sitenote_category":0,"footnotes":""},"categories":[101],"tags":[],"yoast_head":"<!-- This site is optimized with the Yoast SEO plugin v23.2 - https:\/\/yoast.com\/wordpress\/plugins\/seo\/ -->\n<title>La Californie demande \u00e0 ses citoyens de ralentir la recharge des v\u00e9hicules \u00e9lectriques - CanadaMotorJobs.com<\/title>\n<meta name=\"description\" content=\"La Californie demande \u00e0 ses citoyens de ralentir la recharge des v\u00e9hicules \u00e9lectriques - Benoit Charette - Annuel automobile - CanadaMotorJobs.com.\" \/>\n<meta name=\"robots\" content=\"index, follow, max-snippet:-1, max-image-preview:large, max-video-preview:-1\" \/>\n<meta property=\"og:locale\" content=\"fr_CA\" \/>\n<meta property=\"og:type\" content=\"article\" \/>\n<meta property=\"og:title\" content=\"La Californie demande \u00e0 ses citoyens de ralentir la recharge des v\u00e9hicules \u00e9lectriques - CanadaMotorJobs.com\" \/>\n<meta property=\"og:description\" content=\"La Californie demande \u00e0 ses citoyens de ralentir la recharge des v\u00e9hicules \u00e9lectriques - Benoit Charette - Annuel automobile - CanadaMotorJobs.com.\" \/>\n<meta property=\"og:url\" content=\"https:\/\/news.canadamotorjobs.com\/fr\/la-californie-demande-a-ses-citoyens-de-ralentir-la-recharge-des-vehicules-electriques\/\" \/>\n<meta property=\"og:site_name\" content=\"CanadaMotorJobs.com\" \/>\n<meta property=\"article:publisher\" content=\"https:\/\/www.facebook.com\/canadamotorjobs\/\" \/>\n<meta property=\"article:published_time\" content=\"2022-09-01T11:43:26+00:00\" \/>\n<meta property=\"article:modified_time\" content=\"2022-09-01T11:44:04+00:00\" \/>\n<meta property=\"og:image\" content=\"https:\/\/news.canadamotorjobs.com\/wp-content\/uploads\/2022\/09\/electrify_america_chargers_by_btc_power_1-scaled-1-1.jpg\" \/>\n\t<meta property=\"og:image:width\" content=\"2560\" \/>\n\t<meta property=\"og:image:height\" content=\"1708\" \/>\n\t<meta property=\"og:image:type\" content=\"image\/jpeg\" \/>\n<meta name=\"author\" content=\"Benoit Charette\" \/>\n<meta name=\"twitter:card\" content=\"summary_large_image\" \/>\n<meta name=\"twitter:creator\" content=\"@canadamotorjobs\" \/>\n<meta name=\"twitter:site\" content=\"@canadamotorjobs\" \/>\n<meta name=\"twitter:label1\" content=\"\u00c9crit par\" \/>\n\t<meta name=\"twitter:data1\" content=\"Benoit Charette\" \/>\n\t<meta name=\"twitter:label2\" content=\"Estimation du temps de lecture\" \/>\n\t<meta name=\"twitter:data2\" content=\"1 minute\" \/>\n<!-- \/ Yoast SEO plugin. -->","yoast_head_json":{"title":"La Californie demande \u00e0 ses citoyens de ralentir la recharge des v\u00e9hicules \u00e9lectriques - CanadaMotorJobs.com","description":"La Californie demande \u00e0 ses citoyens de ralentir la recharge des v\u00e9hicules \u00e9lectriques - Benoit Charette - Annuel automobile - CanadaMotorJobs.com.","robots":{"index":"index","follow":"follow","max-snippet":"max-snippet:-1","max-image-preview":"max-image-preview:large","max-video-preview":"max-video-preview:-1"},"og_locale":"fr_CA","og_type":"article","og_title":"La Californie demande \u00e0 ses citoyens de ralentir la recharge des v\u00e9hicules \u00e9lectriques - CanadaMotorJobs.com","og_description":"La Californie demande \u00e0 ses citoyens de ralentir la recharge des v\u00e9hicules \u00e9lectriques - Benoit Charette - Annuel automobile - CanadaMotorJobs.com.","og_url":"https:\/\/news.canadamotorjobs.com\/fr\/la-californie-demande-a-ses-citoyens-de-ralentir-la-recharge-des-vehicules-electriques\/","og_site_name":"CanadaMotorJobs.com","article_publisher":"https:\/\/www.facebook.com\/canadamotorjobs\/","article_published_time":"2022-09-01T11:43:26+00:00","article_modified_time":"2022-09-01T11:44:04+00:00","og_image":[{"width":2560,"height":1708,"url":"https:\/\/news.canadamotorjobs.com\/wp-content\/uploads\/2022\/09\/electrify_america_chargers_by_btc_power_1-scaled-1-1.jpg","type":"image\/jpeg"}],"author":"Benoit Charette","twitter_card":"summary_large_image","twitter_creator":"@canadamotorjobs","twitter_site":"@canadamotorjobs","twitter_misc":{"\u00c9crit par":"Benoit Charette","Estimation du temps de lecture":"1 minute"},"schema":{"@context":"https:\/\/schema.org","@graph":[{"@type":"Article","@id":"https:\/\/news.canadamotorjobs.com\/fr\/la-californie-demande-a-ses-citoyens-de-ralentir-la-recharge-des-vehicules-electriques\/#article","isPartOf":{"@id":"https:\/\/news.canadamotorjobs.com\/fr\/la-californie-demande-a-ses-citoyens-de-ralentir-la-recharge-des-vehicules-electriques\/"},"author":{"name":"Benoit Charette","@id":"https:\/\/news.canadamotorjobs.com\/#\/schema\/person\/51793d1f87d44011d7bcc2ed99269a90"},"headline":"La Californie demande \u00e0 ses citoyens de ralentir la recharge des v\u00e9hicules \u00e9lectriques","datePublished":"2022-09-01T11:43:26+00:00","dateModified":"2022-09-01T11:44:04+00:00","mainEntityOfPage":{"@id":"https:\/\/news.canadamotorjobs.com\/fr\/la-californie-demande-a-ses-citoyens-de-ralentir-la-recharge-des-vehicules-electriques\/"},"wordCount":293,"publisher":{"@id":"https:\/\/news.canadamotorjobs.com\/#organization"},"image":{"@id":"https:\/\/news.canadamotorjobs.com\/fr\/la-californie-demande-a-ses-citoyens-de-ralentir-la-recharge-des-vehicules-electriques\/#primaryimage"},"thumbnailUrl":"https:\/\/news.canadamotorjobs.com\/wp-content\/uploads\/2022\/09\/electrify_america_chargers_by_btc_power_1-scaled-1-1.jpg","articleSection":["Annuel automobile"],"inLanguage":"fr-CA"},{"@type":"WebPage","@id":"https:\/\/news.canadamotorjobs.com\/fr\/la-californie-demande-a-ses-citoyens-de-ralentir-la-recharge-des-vehicules-electriques\/","url":"https:\/\/news.canadamotorjobs.com\/fr\/la-californie-demande-a-ses-citoyens-de-ralentir-la-recharge-des-vehicules-electriques\/","name":"La Californie demande \u00e0 ses citoyens de ralentir la recharge des v\u00e9hicules \u00e9lectriques - CanadaMotorJobs.com","isPartOf":{"@id":"https:\/\/news.canadamotorjobs.com\/#website"},"primaryImageOfPage":{"@id":"https:\/\/news.canadamotorjobs.com\/fr\/la-californie-demande-a-ses-citoyens-de-ralentir-la-recharge-des-vehicules-electriques\/#primaryimage"},"image":{"@id":"https:\/\/news.canadamotorjobs.com\/fr\/la-californie-demande-a-ses-citoyens-de-ralentir-la-recharge-des-vehicules-electriques\/#primaryimage"},"thumbnailUrl":"https:\/\/news.canadamotorjobs.com\/wp-content\/uploads\/2022\/09\/electrify_america_chargers_by_btc_power_1-scaled-1-1.jpg","datePublished":"2022-09-01T11:43:26+00:00","dateModified":"2022-09-01T11:44:04+00:00","description":"La Californie demande \u00e0 ses citoyens de ralentir la recharge des v\u00e9hicules \u00e9lectriques - Benoit Charette - Annuel automobile - CanadaMotorJobs.com.","breadcrumb":{"@id":"https:\/\/news.canadamotorjobs.com\/fr\/la-californie-demande-a-ses-citoyens-de-ralentir-la-recharge-des-vehicules-electriques\/#breadcrumb"},"inLanguage":"fr-CA","potentialAction":[{"@type":"ReadAction","target":["https:\/\/news.canadamotorjobs.com\/fr\/la-californie-demande-a-ses-citoyens-de-ralentir-la-recharge-des-vehicules-electriques\/"]}]},{"@type":"ImageObject","inLanguage":"fr-CA","@id":"https:\/\/news.canadamotorjobs.com\/fr\/la-californie-demande-a-ses-citoyens-de-ralentir-la-recharge-des-vehicules-electriques\/#primaryimage","url":"https:\/\/news.canadamotorjobs.com\/wp-content\/uploads\/2022\/09\/electrify_america_chargers_by_btc_power_1-scaled-1-1.jpg","contentUrl":"https:\/\/news.canadamotorjobs.com\/wp-content\/uploads\/2022\/09\/electrify_america_chargers_by_btc_power_1-scaled-1-1.jpg","width":2560,"height":1708},{"@type":"BreadcrumbList","@id":"https:\/\/news.canadamotorjobs.com\/fr\/la-californie-demande-a-ses-citoyens-de-ralentir-la-recharge-des-vehicules-electriques\/#breadcrumb","itemListElement":[{"@type":"ListItem","position":1,"name":"Home","item":"https:\/\/news.canadamotorjobs.com\/fr\/blog\/"},{"@type":"ListItem","position":2,"name":"La Californie demande \u00e0 ses citoyens de ralentir la recharge des v\u00e9hicules \u00e9lectriques"}]},{"@type":"WebSite","@id":"https:\/\/news.canadamotorjobs.com\/#website","url":"https:\/\/news.canadamotorjobs.com\/","name":"CanadaMotorJobs.com","description":"Automotive Jobs","publisher":{"@id":"https:\/\/news.canadamotorjobs.com\/#organization"},"potentialAction":[{"@type":"SearchAction","target":{"@type":"EntryPoint","urlTemplate":"https:\/\/news.canadamotorjobs.com\/?s={search_term_string}"},"query-input":"required name=search_term_string"}],"inLanguage":"fr-CA"},{"@type":"Organization","@id":"https:\/\/news.canadamotorjobs.com\/#organization","name":"Canada Motor Jobs","url":"https:\/\/news.canadamotorjobs.com\/","logo":{"@type":"ImageObject","inLanguage":"fr-CA","@id":"https:\/\/news.canadamotorjobs.com\/#\/schema\/logo\/image\/","url":"https:\/\/news.canadamotorjobs.com\/wp-content\/uploads\/2022\/10\/logo-canada-motor-jobs-1.png","contentUrl":"https:\/\/news.canadamotorjobs.com\/wp-content\/uploads\/2022\/10\/logo-canada-motor-jobs-1.png","width":800,"height":400,"caption":"Canada Motor Jobs"},"image":{"@id":"https:\/\/news.canadamotorjobs.com\/#\/schema\/logo\/image\/"},"sameAs":["https:\/\/www.facebook.com\/canadamotorjobs\/","https:\/\/x.com\/canadamotorjobs","https:\/\/www.instagram.com\/canadamotorjobs\/","https:\/\/www.linkedin.com\/company\/canadamotorjobs"]},{"@type":"Person","@id":"https:\/\/news.canadamotorjobs.com\/#\/schema\/person\/51793d1f87d44011d7bcc2ed99269a90","name":"Benoit Charette","image":{"@type":"ImageObject","inLanguage":"fr-CA","@id":"https:\/\/news.canadamotorjobs.com\/#\/schema\/person\/image\/","url":"https:\/\/secure.gravatar.com\/avatar\/45f3d2eebcccd909668d7ce7ea7267b6?s=96&d=mm&r=g","contentUrl":"https:\/\/secure.gravatar.com\/avatar\/45f3d2eebcccd909668d7ce7ea7267b6?s=96&d=mm&r=g","caption":"Benoit Charette"},"description":"Benoit Charette \/ Propri\u00e9taire et r\u00e9dacteur en chef Benoit Charette pratique le journalisme automobile depuis bient\u00f4t 30 ans. Il a fait ses classes au c\u00f4t\u00e9 de Daniel H\u00e9raud et au Carnet de route de 1992 \u00e0 2001. Il est fondateur, copropri\u00e9taire et r\u00e9dacteur en chef de L\u2019Annuel de l\u2019automobile, qu\u2019il publie depuis 2001. Il a anim\u00e9 les \u00e9missions RPM et RPM+ sur V et les L\u00e9gendes de la route sur Historia. \u00c0 la radio depuis 1986, il reprend l\u2019antenne cette ann\u00e9e sur les ondes de Cogeco et participe pour la deuxi\u00e8me ann\u00e9e \u00e0 l\u2019\u00e9mission Passion Auto sur RDS en plus de mettre en ligne le site Web officiel de L\u2019Annuel de l\u2019automobile sur annuelauto.ca.","sameAs":["https:\/\/annuelauto.ca\/"],"url":"https:\/\/news.canadamotorjobs.com\/fr\/author\/benoit-charette\/"}]}},"_links":{"self":[{"href":"https:\/\/news.canadamotorjobs.com\/fr\/wp-json\/wp\/v2\/posts\/43105"}],"collection":[{"href":"https:\/\/news.canadamotorjobs.com\/fr\/wp-json\/wp\/v2\/posts"}],"about":[{"href":"https:\/\/news.canadamotorjobs.com\/fr\/wp-json\/wp\/v2\/types\/post"}],"author":[{"embeddable":true,"href":"https:\/\/news.canadamotorjobs.com\/fr\/wp-json\/wp\/v2\/users\/8"}],"replies":[{"embeddable":true,"href":"https:\/\/news.canadamotorjobs.com\/fr\/wp-json\/wp\/v2\/comments?post=43105"}],"version-history":[{"count":0,"href":"https:\/\/news.canadamotorjobs.com\/fr\/wp-json\/wp\/v2\/posts\/43105\/revisions"}],"wp:featuredmedia":[{"embeddable":true,"href":"https:\/\/news.canadamotorjobs.com\/fr\/wp-json\/wp\/v2\/media\/43109"}],"wp:attachment":[{"href":"https:\/\/news.canadamotorjobs.com\/fr\/wp-json\/wp\/v2\/media?parent=43105"}],"wp:term":[{"taxonomy":"category","embeddable":true,"href":"https:\/\/news.canadamotorjobs.com\/fr\/wp-json\/wp\/v2\/categories?post=43105"},{"taxonomy":"post_tag","embeddable":true,"href":"https:\/\/news.canadamotorjobs.com\/fr\/wp-json\/wp\/v2\/tags?post=43105"}],"curies":[{"name":"wp","href":"https:\/\/api.w.org\/{rel}","templated":true}]}}