{"id":43097,"date":"2022-09-01T06:56:19","date_gmt":"2022-09-01T10:56:19","guid":{"rendered":"https:\/\/blog.canadamotorjobs.com\/la-honda-civic-type-r-2023-va-avoir-315-chevaux\/"},"modified":"2022-09-01T06:59:22","modified_gmt":"2022-09-01T10:59:22","slug":"la-honda-civic-type-r-2023-va-avoir-315-chevaux","status":"publish","type":"post","link":"https:\/\/news.canadamotorjobs.com\/fr\/la-honda-civic-type-r-2023-va-avoir-315-chevaux\/","title":{"rendered":"La Honda Civic Type R 2023 va avoir 315 chevaux"},"content":{"rendered":"<\/p>\n<p>C\u2019est officiel, Honda a enfin d\u00e9voil\u00e9 les d\u00e9tails de la prochaine Civic Type R. Un mod\u00e8le tr\u00e8s attendu des amateurs. Les rumeurs circulent depuis quelques semaines d\u00e9j\u00e0 \u00e0 propos de la puissance du moteur et des d\u00e9tails de finition.<br \/> Commen\u00e7ons par le moteur<br \/> Il s\u2019agit toujours d\u2019un moteur 2 litres turbo qui voit sa puissance pass\u00e9e \u00e0 315 chevaux et une ligne rouge \u00e0 6 500 tr\/min pour 310 lb-pi de couple. Cela repr\u00e9sente une augmentation de 9 chevaux face aux 306 chevaux de la pr\u00e9c\u00e9dente g\u00e9n\u00e9ration. Le moteur, baptis\u00e9 K20C1, re\u00e7oit un turbo redessin\u00e9 avec un d\u00e9bit d&#8217;admission plus \u00e9lev\u00e9 et un nouveau syst\u00e8me d&#8217;\u00e9chappement pour atteindre les puissances accrues. Vous avez toujours la bo\u00eete manuelle \u00e0 six rapports, avec un volant d&#8217;inertie plus l\u00e9ger, une adaptation r\u00e9vis\u00e9e du r\u00e9gime et un diff\u00e9rentiel \u00e0 glissement limit\u00e9 de type h\u00e9lico\u00efdal pour aider \u00e0 transmettre efficacement la puissance. Le levier de vitesses, qui est d\u00e9j\u00e0 l&#8217;un des meilleurs du march\u00e9, est renforc\u00e9 par un nouveau levier \u00e0 haute rigidit\u00e9 qui am\u00e9liore la qualit\u00e9 du passage des vitesses<br \/> Une suspension r\u00e9vis\u00e9e<br \/> La suspension utilise des jambes de force \u00e0 double axe \u00e0 l&#8217;avant et des r\u00e9glages multibras \u00e0 l&#8217;arri\u00e8re pour am\u00e9liorer la tenue de route et la stabilit\u00e9 de la voiture. Les roues en alliage noir mat de 19 pouces, chauss\u00e9es de pneus Michelin Pilot Sport 4S, sont \u00e9quip\u00e9es de disques de frein en deux parties de 13,8 pouces \u00e0 l&#8217;avant et de disques pleins de 12 pouces \u00e0 l&#8217;arri\u00e8re. Les \u00e9triers<\/p>\n","protected":false},"excerpt":{"rendered":"<p>C\u2019est officiel, Honda a enfin d\u00e9voil\u00e9 les d\u00e9tails de la prochaine Civic Type R. Un mod\u00e8le tr\u00e8s attendu des amateurs. Les rumeurs circulent depuis quelques semaines d\u00e9j\u00e0 \u00e0 propos de la puissance du moteur et des d\u00e9tails de finition. Commen\u00e7ons par le moteur Il s\u2019agit toujours d\u2019un moteur 2 litres turbo qui voit sa puissance [&hellip;]<\/p>\n","protected":false},"author":8,"featured_media":43101,"comment_status":"close","ping_status":"closed","sticky":false,"template":"","format":"standard","meta":{"_monsterinsights_skip_tracking":false,"_monsterinsights_sitenote_active":false,"_monsterinsights_sitenote_note":"","_monsterinsights_sitenote_category":0,"footnotes":""},"categories":[101],"tags":[],"yoast_head":"<!-- This site is optimized with the Yoast SEO plugin v23.2 - https:\/\/yoast.com\/wordpress\/plugins\/seo\/ -->\n<title>La Honda Civic Type R 2023 va avoir 315 chevaux - CanadaMotorJobs.com<\/title>\n<meta name=\"description\" content=\"La Honda Civic Type R 2023 va avoir 315 chevaux - Benoit Charette - Annuel automobile - CanadaMotorJobs.com.\" \/>\n<meta name=\"robots\" content=\"index, follow, max-snippet:-1, max-image-preview:large, max-video-preview:-1\" \/>\n<meta property=\"og:locale\" content=\"fr_CA\" \/>\n<meta property=\"og:type\" content=\"article\" \/>\n<meta property=\"og:title\" content=\"La Honda Civic Type R 2023 va avoir 315 chevaux - CanadaMotorJobs.com\" \/>\n<meta property=\"og:description\" content=\"La Honda Civic Type R 2023 va avoir 315 chevaux - Benoit Charette - Annuel automobile - CanadaMotorJobs.com.\" \/>\n<meta property=\"og:url\" content=\"https:\/\/news.canadamotorjobs.com\/fr\/la-honda-civic-type-r-2023-va-avoir-315-chevaux\/\" \/>\n<meta property=\"og:site_name\" content=\"CanadaMotorJobs.com\" \/>\n<meta property=\"article:publisher\" content=\"https:\/\/www.facebook.com\/canadamotorjobs\/\" \/>\n<meta property=\"article:published_time\" content=\"2022-09-01T10:56:19+00:00\" \/>\n<meta property=\"article:modified_time\" content=\"2022-09-01T10:59:22+00:00\" \/>\n<meta property=\"og:image\" content=\"https:\/\/news.canadamotorjobs.com\/wp-content\/uploads\/2022\/09\/2023_Civic_TypeR_0001-1.jpg\" \/>\n\t<meta property=\"og:image:width\" content=\"1200\" \/>\n\t<meta property=\"og:image:height\" content=\"800\" \/>\n\t<meta property=\"og:image:type\" content=\"image\/jpeg\" \/>\n<meta name=\"author\" content=\"Benoit Charette\" \/>\n<meta name=\"twitter:card\" content=\"summary_large_image\" \/>\n<meta name=\"twitter:creator\" content=\"@canadamotorjobs\" \/>\n<meta name=\"twitter:site\" content=\"@canadamotorjobs\" \/>\n<meta name=\"twitter:label1\" content=\"\u00c9crit par\" \/>\n\t<meta name=\"twitter:data1\" content=\"Benoit Charette\" \/>\n\t<meta name=\"twitter:label2\" content=\"Estimation du temps de lecture\" \/>\n\t<meta name=\"twitter:data2\" content=\"1 minute\" \/>\n<!-- \/ Yoast SEO plugin. -->","yoast_head_json":{"title":"La Honda Civic Type R 2023 va avoir 315 chevaux - CanadaMotorJobs.com","description":"La Honda Civic Type R 2023 va avoir 315 chevaux - Benoit Charette - Annuel automobile - CanadaMotorJobs.com.","robots":{"index":"index","follow":"follow","max-snippet":"max-snippet:-1","max-image-preview":"max-image-preview:large","max-video-preview":"max-video-preview:-1"},"og_locale":"fr_CA","og_type":"article","og_title":"La Honda Civic Type R 2023 va avoir 315 chevaux - CanadaMotorJobs.com","og_description":"La Honda Civic Type R 2023 va avoir 315 chevaux - Benoit Charette - Annuel automobile - CanadaMotorJobs.com.","og_url":"https:\/\/news.canadamotorjobs.com\/fr\/la-honda-civic-type-r-2023-va-avoir-315-chevaux\/","og_site_name":"CanadaMotorJobs.com","article_publisher":"https:\/\/www.facebook.com\/canadamotorjobs\/","article_published_time":"2022-09-01T10:56:19+00:00","article_modified_time":"2022-09-01T10:59:22+00:00","og_image":[{"width":1200,"height":800,"url":"https:\/\/news.canadamotorjobs.com\/wp-content\/uploads\/2022\/09\/2023_Civic_TypeR_0001-1.jpg","type":"image\/jpeg"}],"author":"Benoit Charette","twitter_card":"summary_large_image","twitter_creator":"@canadamotorjobs","twitter_site":"@canadamotorjobs","twitter_misc":{"\u00c9crit par":"Benoit Charette","Estimation du temps de lecture":"1 minute"},"schema":{"@context":"https:\/\/schema.org","@graph":[{"@type":"Article","@id":"https:\/\/news.canadamotorjobs.com\/fr\/la-honda-civic-type-r-2023-va-avoir-315-chevaux\/#article","isPartOf":{"@id":"https:\/\/news.canadamotorjobs.com\/fr\/la-honda-civic-type-r-2023-va-avoir-315-chevaux\/"},"author":{"name":"Benoit Charette","@id":"https:\/\/news.canadamotorjobs.com\/#\/schema\/person\/51793d1f87d44011d7bcc2ed99269a90"},"headline":"La Honda Civic Type R 2023 va avoir 315 chevaux","datePublished":"2022-09-01T10:56:19+00:00","dateModified":"2022-09-01T10:59:22+00:00","mainEntityOfPage":{"@id":"https:\/\/news.canadamotorjobs.com\/fr\/la-honda-civic-type-r-2023-va-avoir-315-chevaux\/"},"wordCount":283,"publisher":{"@id":"https:\/\/news.canadamotorjobs.com\/#organization"},"image":{"@id":"https:\/\/news.canadamotorjobs.com\/fr\/la-honda-civic-type-r-2023-va-avoir-315-chevaux\/#primaryimage"},"thumbnailUrl":"https:\/\/news.canadamotorjobs.com\/wp-content\/uploads\/2022\/09\/2023_Civic_TypeR_0001-1.jpg","articleSection":["Annuel automobile"],"inLanguage":"fr-CA"},{"@type":"WebPage","@id":"https:\/\/news.canadamotorjobs.com\/fr\/la-honda-civic-type-r-2023-va-avoir-315-chevaux\/","url":"https:\/\/news.canadamotorjobs.com\/fr\/la-honda-civic-type-r-2023-va-avoir-315-chevaux\/","name":"La Honda Civic Type R 2023 va avoir 315 chevaux - CanadaMotorJobs.com","isPartOf":{"@id":"https:\/\/news.canadamotorjobs.com\/#website"},"primaryImageOfPage":{"@id":"https:\/\/news.canadamotorjobs.com\/fr\/la-honda-civic-type-r-2023-va-avoir-315-chevaux\/#primaryimage"},"image":{"@id":"https:\/\/news.canadamotorjobs.com\/fr\/la-honda-civic-type-r-2023-va-avoir-315-chevaux\/#primaryimage"},"thumbnailUrl":"https:\/\/news.canadamotorjobs.com\/wp-content\/uploads\/2022\/09\/2023_Civic_TypeR_0001-1.jpg","datePublished":"2022-09-01T10:56:19+00:00","dateModified":"2022-09-01T10:59:22+00:00","description":"La Honda Civic Type R 2023 va avoir 315 chevaux - Benoit Charette - Annuel automobile - CanadaMotorJobs.com.","breadcrumb":{"@id":"https:\/\/news.canadamotorjobs.com\/fr\/la-honda-civic-type-r-2023-va-avoir-315-chevaux\/#breadcrumb"},"inLanguage":"fr-CA","potentialAction":[{"@type":"ReadAction","target":["https:\/\/news.canadamotorjobs.com\/fr\/la-honda-civic-type-r-2023-va-avoir-315-chevaux\/"]}]},{"@type":"ImageObject","inLanguage":"fr-CA","@id":"https:\/\/news.canadamotorjobs.com\/fr\/la-honda-civic-type-r-2023-va-avoir-315-chevaux\/#primaryimage","url":"https:\/\/news.canadamotorjobs.com\/wp-content\/uploads\/2022\/09\/2023_Civic_TypeR_0001-1.jpg","contentUrl":"https:\/\/news.canadamotorjobs.com\/wp-content\/uploads\/2022\/09\/2023_Civic_TypeR_0001-1.jpg","width":1200,"height":800},{"@type":"BreadcrumbList","@id":"https:\/\/news.canadamotorjobs.com\/fr\/la-honda-civic-type-r-2023-va-avoir-315-chevaux\/#breadcrumb","itemListElement":[{"@type":"ListItem","position":1,"name":"Home","item":"https:\/\/news.canadamotorjobs.com\/fr\/blog\/"},{"@type":"ListItem","position":2,"name":"La Honda Civic Type R 2023 va avoir 315 chevaux"}]},{"@type":"WebSite","@id":"https:\/\/news.canadamotorjobs.com\/#website","url":"https:\/\/news.canadamotorjobs.com\/","name":"CanadaMotorJobs.com","description":"Automotive Jobs","publisher":{"@id":"https:\/\/news.canadamotorjobs.com\/#organization"},"potentialAction":[{"@type":"SearchAction","target":{"@type":"EntryPoint","urlTemplate":"https:\/\/news.canadamotorjobs.com\/?s={search_term_string}"},"query-input":"required name=search_term_string"}],"inLanguage":"fr-CA"},{"@type":"Organization","@id":"https:\/\/news.canadamotorjobs.com\/#organization","name":"Canada Motor Jobs","url":"https:\/\/news.canadamotorjobs.com\/","logo":{"@type":"ImageObject","inLanguage":"fr-CA","@id":"https:\/\/news.canadamotorjobs.com\/#\/schema\/logo\/image\/","url":"https:\/\/news.canadamotorjobs.com\/wp-content\/uploads\/2022\/10\/logo-canada-motor-jobs-1.png","contentUrl":"https:\/\/news.canadamotorjobs.com\/wp-content\/uploads\/2022\/10\/logo-canada-motor-jobs-1.png","width":800,"height":400,"caption":"Canada Motor Jobs"},"image":{"@id":"https:\/\/news.canadamotorjobs.com\/#\/schema\/logo\/image\/"},"sameAs":["https:\/\/www.facebook.com\/canadamotorjobs\/","https:\/\/x.com\/canadamotorjobs","https:\/\/www.instagram.com\/canadamotorjobs\/","https:\/\/www.linkedin.com\/company\/canadamotorjobs"]},{"@type":"Person","@id":"https:\/\/news.canadamotorjobs.com\/#\/schema\/person\/51793d1f87d44011d7bcc2ed99269a90","name":"Benoit Charette","image":{"@type":"ImageObject","inLanguage":"fr-CA","@id":"https:\/\/news.canadamotorjobs.com\/#\/schema\/person\/image\/","url":"https:\/\/secure.gravatar.com\/avatar\/45f3d2eebcccd909668d7ce7ea7267b6?s=96&d=mm&r=g","contentUrl":"https:\/\/secure.gravatar.com\/avatar\/45f3d2eebcccd909668d7ce7ea7267b6?s=96&d=mm&r=g","caption":"Benoit Charette"},"description":"Benoit Charette \/ Propri\u00e9taire et r\u00e9dacteur en chef Benoit Charette pratique le journalisme automobile depuis bient\u00f4t 30 ans. Il a fait ses classes au c\u00f4t\u00e9 de Daniel H\u00e9raud et au Carnet de route de 1992 \u00e0 2001. Il est fondateur, copropri\u00e9taire et r\u00e9dacteur en chef de L\u2019Annuel de l\u2019automobile, qu\u2019il publie depuis 2001. Il a anim\u00e9 les \u00e9missions RPM et RPM+ sur V et les L\u00e9gendes de la route sur Historia. \u00c0 la radio depuis 1986, il reprend l\u2019antenne cette ann\u00e9e sur les ondes de Cogeco et participe pour la deuxi\u00e8me ann\u00e9e \u00e0 l\u2019\u00e9mission Passion Auto sur RDS en plus de mettre en ligne le site Web officiel de L\u2019Annuel de l\u2019automobile sur annuelauto.ca.","sameAs":["https:\/\/annuelauto.ca\/"],"url":"https:\/\/news.canadamotorjobs.com\/fr\/author\/benoit-charette\/"}]}},"_links":{"self":[{"href":"https:\/\/news.canadamotorjobs.com\/fr\/wp-json\/wp\/v2\/posts\/43097"}],"collection":[{"href":"https:\/\/news.canadamotorjobs.com\/fr\/wp-json\/wp\/v2\/posts"}],"about":[{"href":"https:\/\/news.canadamotorjobs.com\/fr\/wp-json\/wp\/v2\/types\/post"}],"author":[{"embeddable":true,"href":"https:\/\/news.canadamotorjobs.com\/fr\/wp-json\/wp\/v2\/users\/8"}],"replies":[{"embeddable":true,"href":"https:\/\/news.canadamotorjobs.com\/fr\/wp-json\/wp\/v2\/comments?post=43097"}],"version-history":[{"count":0,"href":"https:\/\/news.canadamotorjobs.com\/fr\/wp-json\/wp\/v2\/posts\/43097\/revisions"}],"wp:featuredmedia":[{"embeddable":true,"href":"https:\/\/news.canadamotorjobs.com\/fr\/wp-json\/wp\/v2\/media\/43101"}],"wp:attachment":[{"href":"https:\/\/news.canadamotorjobs.com\/fr\/wp-json\/wp\/v2\/media?parent=43097"}],"wp:term":[{"taxonomy":"category","embeddable":true,"href":"https:\/\/news.canadamotorjobs.com\/fr\/wp-json\/wp\/v2\/categories?post=43097"},{"taxonomy":"post_tag","embeddable":true,"href":"https:\/\/news.canadamotorjobs.com\/fr\/wp-json\/wp\/v2\/tags?post=43097"}],"curies":[{"name":"wp","href":"https:\/\/api.w.org\/{rel}","templated":true}]}}