{"id":43073,"date":"2022-08-31T10:04:09","date_gmt":"2022-08-31T14:04:09","guid":{"rendered":"https:\/\/blog.canadamotorjobs.com\/tesla-fait-lobjet-dun-recours-collectif-concernant-le-probleme-de-freinage-fantome-du-systeme-autopilot\/"},"modified":"2022-08-31T10:14:05","modified_gmt":"2022-08-31T14:14:05","slug":"tesla-fait-lobjet-dun-recours-collectif-concernant-le-probleme-de-freinage-fantome-du-systeme-autopilot","status":"publish","type":"post","link":"https:\/\/news.canadamotorjobs.com\/fr\/tesla-fait-lobjet-dun-recours-collectif-concernant-le-probleme-de-freinage-fantome-du-systeme-autopilot\/","title":{"rendered":"Tesla fait l\u2019objet d\u2019un recours collectif concernant le probl\u00e8me de freinage fant\u00f4me du syst\u00e8me Autopilot"},"content":{"rendered":"<\/p>\n<p>Les probl\u00e8mes ont commenc\u00e9 l\u2019an dernier au moment o\u00f9 le syst\u00e8me avanc\u00e9 d&#8217;aide au \u00e0 la conduite (ADAS) freine sans raison valable. Le syst\u00e8me peut d\u00e9tecter \u00e0 tort un objet sur la route ou anticiper une collision qui ne se produira pas r\u00e9ellement et freiner pour tenter de l&#8217;\u00e9viter. Un probl\u00e8me qui cause de s\u00e9rieux d\u00e9sagr\u00e9ments aux conducteurs.<br \/> Un probl\u00e8me qui n\u2019est pas nouveau<br \/> L\u2019augmentation des plaintes aupr\u00e8s de la NHTSA a forc\u00e9 l\u2019organisme \u00e0 ouvrir une enqu\u00eate sur le sujet. L\u2019agence Reuters rapporte qu\u2019un propri\u00e9taire californien d&#8217;une Tesla Model 3 a poursuivi le constructeur de v\u00e9hicules \u00e9lectriques dans le cadre d&#8217;une proposition de recours collectif concernant les voitures qui s&#8217;arr\u00eatent soudainement pour des obstacles inexistants, qualifiant ce ph\u00e9nom\u00e8ne de &#8220;cauchemar effrayant et dangereux&#8221;, selon la poursuite. Le propri\u00e9taire de la Tesla 3, Jose Alvarez Toledo, cherche \u00e0 repr\u00e9senter tous les propri\u00e9taires de Tesla avec Autopilot, devant le tribunal f\u00e9d\u00e9ral du district nord de la Californie.<br \/> Il ne s\u2019agit pas du premier recours collectif<br \/> Ce n&#8217;est pas la premi\u00e8re fois que les propri\u00e9taires de Tesla ont recours \u00e0 une action collective pour faire payer la soci\u00e9t\u00e9 pour la mauvaise gestion des fonctions \u00e0 l&#8217;int\u00e9rieur de leurs v\u00e9hicules. L&#8217;ann\u00e9e derni\u00e8re, Tesla a accept\u00e9 de verser 625 dollars \u00e0 chacun de ses propri\u00e9taires pour des probl\u00e8mes d&#8217;acc\u00e9l\u00e9ration de la batterie, \u00e0 la suite d&#8217;un recours collectif.<\/p>\n<p> &nbsp;<\/p>\n<p> Avec des renseignements de Reuters<\/p>\n<p> &nbsp;<\/p>\n<p>Le texte <a rel=\"nofollow\" href=\"https:\/\/annuelauto.ca\/tesla-fait-lobjet-dun-recours-collectif-concernant-le-probleme-de-freinage-fantome-du-systeme-autopilot\/\">Tesla fait l&rsquo;objet d&rsquo;un recours collectif concernant le probl\u00e8me de freinage fant\u00f4me du syst\u00e8me Autopilot<\/p>\n<p><\/a><\/p>\n","protected":false},"excerpt":{"rendered":"<p>Les probl\u00e8mes ont commenc\u00e9 l\u2019an dernier au moment o\u00f9 le syst\u00e8me avanc\u00e9 d&#8217;aide au \u00e0 la conduite (ADAS) freine sans raison valable. Le syst\u00e8me peut d\u00e9tecter \u00e0 tort un objet sur la route ou anticiper une collision qui ne se produira pas r\u00e9ellement et freiner pour tenter de l&#8217;\u00e9viter. Un probl\u00e8me qui cause de s\u00e9rieux [&hellip;]<\/p>\n","protected":false},"author":8,"featured_media":43077,"comment_status":"close","ping_status":"closed","sticky":false,"template":"","format":"standard","meta":{"_monsterinsights_skip_tracking":false,"_monsterinsights_sitenote_active":false,"_monsterinsights_sitenote_note":"","_monsterinsights_sitenote_category":0,"footnotes":""},"categories":[101],"tags":[],"yoast_head":"<!-- This site is optimized with the Yoast SEO plugin v23.2 - https:\/\/yoast.com\/wordpress\/plugins\/seo\/ -->\n<title>Tesla fait l\u2019objet d\u2019un recours collectif concernant le probl\u00e8me de freinage fant\u00f4me du syst\u00e8me Autopilot - CanadaMotorJobs.com<\/title>\n<meta name=\"description\" content=\"Tesla fait l\u2019objet d\u2019un recours collectif concernant le probl\u00e8me de freinage fant\u00f4me du syst\u00e8me Autopilot - Benoit Charette - Annuel automobile - CanadaMotorJobs.com.\" \/>\n<meta name=\"robots\" content=\"index, follow, max-snippet:-1, max-image-preview:large, max-video-preview:-1\" \/>\n<meta property=\"og:locale\" content=\"fr_CA\" \/>\n<meta property=\"og:type\" content=\"article\" \/>\n<meta property=\"og:title\" content=\"Tesla fait l\u2019objet d\u2019un recours collectif concernant le probl\u00e8me de freinage fant\u00f4me du syst\u00e8me Autopilot - CanadaMotorJobs.com\" \/>\n<meta property=\"og:description\" content=\"Tesla fait l\u2019objet d\u2019un recours collectif concernant le probl\u00e8me de freinage fant\u00f4me du syst\u00e8me Autopilot - Benoit Charette - Annuel automobile - CanadaMotorJobs.com.\" \/>\n<meta property=\"og:url\" content=\"https:\/\/news.canadamotorjobs.com\/fr\/tesla-fait-lobjet-dun-recours-collectif-concernant-le-probleme-de-freinage-fantome-du-systeme-autopilot\/\" \/>\n<meta property=\"og:site_name\" content=\"CanadaMotorJobs.com\" \/>\n<meta property=\"article:publisher\" content=\"https:\/\/www.facebook.com\/canadamotorjobs\/\" \/>\n<meta property=\"article:published_time\" content=\"2022-08-31T14:04:09+00:00\" \/>\n<meta property=\"article:modified_time\" content=\"2022-08-31T14:14:05+00:00\" \/>\n<meta property=\"og:image\" content=\"https:\/\/news.canadamotorjobs.com\/wp-content\/uploads\/2022\/08\/JDP_2022-Tesla-Model-3-Red-Front-Quarter-View-1.jpg\" \/>\n\t<meta property=\"og:image:width\" content=\"1200\" \/>\n\t<meta property=\"og:image:height\" content=\"900\" \/>\n\t<meta property=\"og:image:type\" content=\"image\/jpeg\" \/>\n<meta name=\"author\" content=\"Benoit Charette\" \/>\n<meta name=\"twitter:card\" content=\"summary_large_image\" \/>\n<meta name=\"twitter:creator\" content=\"@canadamotorjobs\" \/>\n<meta name=\"twitter:site\" content=\"@canadamotorjobs\" \/>\n<meta name=\"twitter:label1\" content=\"\u00c9crit par\" \/>\n\t<meta name=\"twitter:data1\" content=\"Benoit Charette\" \/>\n\t<meta name=\"twitter:label2\" content=\"Estimation du temps de lecture\" \/>\n\t<meta name=\"twitter:data2\" content=\"1 minute\" \/>\n<!-- \/ Yoast SEO plugin. -->","yoast_head_json":{"title":"Tesla fait l\u2019objet d\u2019un recours collectif concernant le probl\u00e8me de freinage fant\u00f4me du syst\u00e8me Autopilot - CanadaMotorJobs.com","description":"Tesla fait l\u2019objet d\u2019un recours collectif concernant le probl\u00e8me de freinage fant\u00f4me du syst\u00e8me Autopilot - Benoit Charette - Annuel automobile - CanadaMotorJobs.com.","robots":{"index":"index","follow":"follow","max-snippet":"max-snippet:-1","max-image-preview":"max-image-preview:large","max-video-preview":"max-video-preview:-1"},"og_locale":"fr_CA","og_type":"article","og_title":"Tesla fait l\u2019objet d\u2019un recours collectif concernant le probl\u00e8me de freinage fant\u00f4me du syst\u00e8me Autopilot - CanadaMotorJobs.com","og_description":"Tesla fait l\u2019objet d\u2019un recours collectif concernant le probl\u00e8me de freinage fant\u00f4me du syst\u00e8me Autopilot - Benoit Charette - Annuel automobile - CanadaMotorJobs.com.","og_url":"https:\/\/news.canadamotorjobs.com\/fr\/tesla-fait-lobjet-dun-recours-collectif-concernant-le-probleme-de-freinage-fantome-du-systeme-autopilot\/","og_site_name":"CanadaMotorJobs.com","article_publisher":"https:\/\/www.facebook.com\/canadamotorjobs\/","article_published_time":"2022-08-31T14:04:09+00:00","article_modified_time":"2022-08-31T14:14:05+00:00","og_image":[{"width":1200,"height":900,"url":"https:\/\/news.canadamotorjobs.com\/wp-content\/uploads\/2022\/08\/JDP_2022-Tesla-Model-3-Red-Front-Quarter-View-1.jpg","type":"image\/jpeg"}],"author":"Benoit Charette","twitter_card":"summary_large_image","twitter_creator":"@canadamotorjobs","twitter_site":"@canadamotorjobs","twitter_misc":{"\u00c9crit par":"Benoit Charette","Estimation du temps de lecture":"1 minute"},"schema":{"@context":"https:\/\/schema.org","@graph":[{"@type":"Article","@id":"https:\/\/news.canadamotorjobs.com\/fr\/tesla-fait-lobjet-dun-recours-collectif-concernant-le-probleme-de-freinage-fantome-du-systeme-autopilot\/#article","isPartOf":{"@id":"https:\/\/news.canadamotorjobs.com\/fr\/tesla-fait-lobjet-dun-recours-collectif-concernant-le-probleme-de-freinage-fantome-du-systeme-autopilot\/"},"author":{"name":"Benoit Charette","@id":"https:\/\/news.canadamotorjobs.com\/#\/schema\/person\/51793d1f87d44011d7bcc2ed99269a90"},"headline":"Tesla fait l\u2019objet d\u2019un recours collectif concernant le probl\u00e8me de freinage fant\u00f4me du syst\u00e8me Autopilot","datePublished":"2022-08-31T14:04:09+00:00","dateModified":"2022-08-31T14:14:05+00:00","mainEntityOfPage":{"@id":"https:\/\/news.canadamotorjobs.com\/fr\/tesla-fait-lobjet-dun-recours-collectif-concernant-le-probleme-de-freinage-fantome-du-systeme-autopilot\/"},"wordCount":314,"publisher":{"@id":"https:\/\/news.canadamotorjobs.com\/#organization"},"image":{"@id":"https:\/\/news.canadamotorjobs.com\/fr\/tesla-fait-lobjet-dun-recours-collectif-concernant-le-probleme-de-freinage-fantome-du-systeme-autopilot\/#primaryimage"},"thumbnailUrl":"https:\/\/news.canadamotorjobs.com\/wp-content\/uploads\/2022\/08\/JDP_2022-Tesla-Model-3-Red-Front-Quarter-View-1.jpg","articleSection":["Annuel automobile"],"inLanguage":"fr-CA"},{"@type":"WebPage","@id":"https:\/\/news.canadamotorjobs.com\/fr\/tesla-fait-lobjet-dun-recours-collectif-concernant-le-probleme-de-freinage-fantome-du-systeme-autopilot\/","url":"https:\/\/news.canadamotorjobs.com\/fr\/tesla-fait-lobjet-dun-recours-collectif-concernant-le-probleme-de-freinage-fantome-du-systeme-autopilot\/","name":"Tesla fait l\u2019objet d\u2019un recours collectif concernant le probl\u00e8me de freinage fant\u00f4me du syst\u00e8me Autopilot - CanadaMotorJobs.com","isPartOf":{"@id":"https:\/\/news.canadamotorjobs.com\/#website"},"primaryImageOfPage":{"@id":"https:\/\/news.canadamotorjobs.com\/fr\/tesla-fait-lobjet-dun-recours-collectif-concernant-le-probleme-de-freinage-fantome-du-systeme-autopilot\/#primaryimage"},"image":{"@id":"https:\/\/news.canadamotorjobs.com\/fr\/tesla-fait-lobjet-dun-recours-collectif-concernant-le-probleme-de-freinage-fantome-du-systeme-autopilot\/#primaryimage"},"thumbnailUrl":"https:\/\/news.canadamotorjobs.com\/wp-content\/uploads\/2022\/08\/JDP_2022-Tesla-Model-3-Red-Front-Quarter-View-1.jpg","datePublished":"2022-08-31T14:04:09+00:00","dateModified":"2022-08-31T14:14:05+00:00","description":"Tesla fait l\u2019objet d\u2019un recours collectif concernant le probl\u00e8me de freinage fant\u00f4me du syst\u00e8me Autopilot - Benoit Charette - Annuel automobile - CanadaMotorJobs.com.","breadcrumb":{"@id":"https:\/\/news.canadamotorjobs.com\/fr\/tesla-fait-lobjet-dun-recours-collectif-concernant-le-probleme-de-freinage-fantome-du-systeme-autopilot\/#breadcrumb"},"inLanguage":"fr-CA","potentialAction":[{"@type":"ReadAction","target":["https:\/\/news.canadamotorjobs.com\/fr\/tesla-fait-lobjet-dun-recours-collectif-concernant-le-probleme-de-freinage-fantome-du-systeme-autopilot\/"]}]},{"@type":"ImageObject","inLanguage":"fr-CA","@id":"https:\/\/news.canadamotorjobs.com\/fr\/tesla-fait-lobjet-dun-recours-collectif-concernant-le-probleme-de-freinage-fantome-du-systeme-autopilot\/#primaryimage","url":"https:\/\/news.canadamotorjobs.com\/wp-content\/uploads\/2022\/08\/JDP_2022-Tesla-Model-3-Red-Front-Quarter-View-1.jpg","contentUrl":"https:\/\/news.canadamotorjobs.com\/wp-content\/uploads\/2022\/08\/JDP_2022-Tesla-Model-3-Red-Front-Quarter-View-1.jpg","width":1200,"height":900},{"@type":"BreadcrumbList","@id":"https:\/\/news.canadamotorjobs.com\/fr\/tesla-fait-lobjet-dun-recours-collectif-concernant-le-probleme-de-freinage-fantome-du-systeme-autopilot\/#breadcrumb","itemListElement":[{"@type":"ListItem","position":1,"name":"Home","item":"https:\/\/news.canadamotorjobs.com\/fr\/blog\/"},{"@type":"ListItem","position":2,"name":"Tesla fait l\u2019objet d\u2019un recours collectif concernant le probl\u00e8me de freinage fant\u00f4me du syst\u00e8me Autopilot"}]},{"@type":"WebSite","@id":"https:\/\/news.canadamotorjobs.com\/#website","url":"https:\/\/news.canadamotorjobs.com\/","name":"CanadaMotorJobs.com","description":"Automotive Jobs","publisher":{"@id":"https:\/\/news.canadamotorjobs.com\/#organization"},"potentialAction":[{"@type":"SearchAction","target":{"@type":"EntryPoint","urlTemplate":"https:\/\/news.canadamotorjobs.com\/?s={search_term_string}"},"query-input":"required name=search_term_string"}],"inLanguage":"fr-CA"},{"@type":"Organization","@id":"https:\/\/news.canadamotorjobs.com\/#organization","name":"Canada Motor Jobs","url":"https:\/\/news.canadamotorjobs.com\/","logo":{"@type":"ImageObject","inLanguage":"fr-CA","@id":"https:\/\/news.canadamotorjobs.com\/#\/schema\/logo\/image\/","url":"https:\/\/news.canadamotorjobs.com\/wp-content\/uploads\/2022\/10\/logo-canada-motor-jobs-1.png","contentUrl":"https:\/\/news.canadamotorjobs.com\/wp-content\/uploads\/2022\/10\/logo-canada-motor-jobs-1.png","width":800,"height":400,"caption":"Canada Motor Jobs"},"image":{"@id":"https:\/\/news.canadamotorjobs.com\/#\/schema\/logo\/image\/"},"sameAs":["https:\/\/www.facebook.com\/canadamotorjobs\/","https:\/\/x.com\/canadamotorjobs","https:\/\/www.instagram.com\/canadamotorjobs\/","https:\/\/www.linkedin.com\/company\/canadamotorjobs"]},{"@type":"Person","@id":"https:\/\/news.canadamotorjobs.com\/#\/schema\/person\/51793d1f87d44011d7bcc2ed99269a90","name":"Benoit Charette","image":{"@type":"ImageObject","inLanguage":"fr-CA","@id":"https:\/\/news.canadamotorjobs.com\/#\/schema\/person\/image\/","url":"https:\/\/secure.gravatar.com\/avatar\/45f3d2eebcccd909668d7ce7ea7267b6?s=96&d=mm&r=g","contentUrl":"https:\/\/secure.gravatar.com\/avatar\/45f3d2eebcccd909668d7ce7ea7267b6?s=96&d=mm&r=g","caption":"Benoit Charette"},"description":"Benoit Charette \/ Propri\u00e9taire et r\u00e9dacteur en chef Benoit Charette pratique le journalisme automobile depuis bient\u00f4t 30 ans. Il a fait ses classes au c\u00f4t\u00e9 de Daniel H\u00e9raud et au Carnet de route de 1992 \u00e0 2001. Il est fondateur, copropri\u00e9taire et r\u00e9dacteur en chef de L\u2019Annuel de l\u2019automobile, qu\u2019il publie depuis 2001. Il a anim\u00e9 les \u00e9missions RPM et RPM+ sur V et les L\u00e9gendes de la route sur Historia. \u00c0 la radio depuis 1986, il reprend l\u2019antenne cette ann\u00e9e sur les ondes de Cogeco et participe pour la deuxi\u00e8me ann\u00e9e \u00e0 l\u2019\u00e9mission Passion Auto sur RDS en plus de mettre en ligne le site Web officiel de L\u2019Annuel de l\u2019automobile sur annuelauto.ca.","sameAs":["https:\/\/annuelauto.ca\/"],"url":"https:\/\/news.canadamotorjobs.com\/fr\/author\/benoit-charette\/"}]}},"_links":{"self":[{"href":"https:\/\/news.canadamotorjobs.com\/fr\/wp-json\/wp\/v2\/posts\/43073"}],"collection":[{"href":"https:\/\/news.canadamotorjobs.com\/fr\/wp-json\/wp\/v2\/posts"}],"about":[{"href":"https:\/\/news.canadamotorjobs.com\/fr\/wp-json\/wp\/v2\/types\/post"}],"author":[{"embeddable":true,"href":"https:\/\/news.canadamotorjobs.com\/fr\/wp-json\/wp\/v2\/users\/8"}],"replies":[{"embeddable":true,"href":"https:\/\/news.canadamotorjobs.com\/fr\/wp-json\/wp\/v2\/comments?post=43073"}],"version-history":[{"count":0,"href":"https:\/\/news.canadamotorjobs.com\/fr\/wp-json\/wp\/v2\/posts\/43073\/revisions"}],"wp:featuredmedia":[{"embeddable":true,"href":"https:\/\/news.canadamotorjobs.com\/fr\/wp-json\/wp\/v2\/media\/43077"}],"wp:attachment":[{"href":"https:\/\/news.canadamotorjobs.com\/fr\/wp-json\/wp\/v2\/media?parent=43073"}],"wp:term":[{"taxonomy":"category","embeddable":true,"href":"https:\/\/news.canadamotorjobs.com\/fr\/wp-json\/wp\/v2\/categories?post=43073"},{"taxonomy":"post_tag","embeddable":true,"href":"https:\/\/news.canadamotorjobs.com\/fr\/wp-json\/wp\/v2\/tags?post=43073"}],"curies":[{"name":"wp","href":"https:\/\/api.w.org\/{rel}","templated":true}]}}