{"id":43062,"date":"2022-08-30T13:23:00","date_gmt":"2022-08-30T17:23:00","guid":{"rendered":"https:\/\/blog.canadamotorjobs.com\/rien-ne-va-plus-chez-honda-au-japon\/"},"modified":"2022-08-30T17:25:54","modified_gmt":"2022-08-30T21:25:54","slug":"rien-ne-va-plus-chez-honda-au-japon","status":"publish","type":"post","link":"https:\/\/news.canadamotorjobs.com\/fr\/rien-ne-va-plus-chez-honda-au-japon\/","title":{"rendered":"Rien ne va plus chez Honda au Japon"},"content":{"rendered":"<p>Honda va r\u00e9duire ses plans de production de 40 % dans ses usines japonaises \u00e0 partir du d\u00e9but du mois de septembre, ce qui signifie que les probl\u00e8mes de production actuels sont loin d&#8217;\u00eatre r\u00e9solus, selon le Financial Post. Honda a annonc\u00e9 ces r\u00e9ductions jeudi et accuse les suspects habituels : les probl\u00e8mes persistants de logistique et de cha\u00eene d&#8217;approvisionnement dus \u00e0 la pand\u00e9mie de COVID-19 et \u00e0 la p\u00e9nurie de semi-conducteurs.<\/p>\n<h3>Des pertes importantes en vue<\/h3>\n<p>Toujours selon le Financial Post, l&#8217;usine d&#8217;assemblage Honda de Saitama r\u00e9duira sa production d&#8217;environ 40 % d\u00e9but septembre, tandis que deux lignes de l&#8217;usine Honda de Suzuka r\u00e9duiront leur production d&#8217;environ 30 % dans le m\u00eame laps de temps. La nouvelle ne concerne que les usines Honda japonaises. La plupart des v\u00e9hicules vendus en Am\u00e9rique du Nord sont fabriqu\u00e9s localement, \u00e0 l&#8217;exception de quelques mod\u00e8les comme la Civic Type R.<\/p>\n<h3>Un \u00e9quilibre pr\u00e9caire en Am\u00e9rique<\/h3>\n<p>Pour le moment les usines de Honda au Canada et aux \u00c9tats-Unis continuent de produire \u00e0 un rythme normal, avec un \u00e9quilibre pr\u00e9caire. Honda suit la situation de pr\u00e8s. \u00c0 ce jour, les probl\u00e8mes de p\u00e9nurie de puces et les autres probl\u00e8mes ont co\u00fbt\u00e9 la production de plus de deux millions de v\u00e9hicules \u00e0 l\u2019\u00e9chelle mondiale dans la premi\u00e8re moiti\u00e9 de 2022.<\/p>\n<p>Avec les renseignements de The Drive<\/p>\n<p>Le texte <a href=\"https:\/\/annuelauto.ca\/rien-ne-vas-plus-chez-honda-au-japon\/\" rel=\"nofollow\">Rien ne va plus chez Honda au Japon<\/a> provient de <a href=\"https:\/\/annuelauto.ca\" rel=\"nofollow\">L&#8217;annuel de l&#8217;automobile &#8211; Actualit\u00e9 automobile<\/a><\/p>\n","protected":false},"excerpt":{"rendered":"<p>Honda va r\u00e9duire ses plans de production de 40 % dans ses usines japonaises \u00e0 partir du d\u00e9but du mois de septembre, ce qui signifie que les probl\u00e8mes de production actuels sont loin d&#8217;\u00eatre r\u00e9solus, selon le Financial Post. Honda a annonc\u00e9 ces r\u00e9ductions jeudi et accuse les suspects habituels : les probl\u00e8mes persistants de [&hellip;]<\/p>\n","protected":false},"author":8,"featured_media":43066,"comment_status":"close","ping_status":"closed","sticky":false,"template":"","format":"standard","meta":{"_monsterinsights_skip_tracking":false,"_monsterinsights_sitenote_active":false,"_monsterinsights_sitenote_note":"","_monsterinsights_sitenote_category":0,"footnotes":""},"categories":[101],"tags":[],"yoast_head":"<!-- This site is optimized with the Yoast SEO plugin v23.2 - https:\/\/yoast.com\/wordpress\/plugins\/seo\/ -->\n<title>Rien ne va plus chez Honda au Japon - CanadaMotorJobs.com<\/title>\n<meta name=\"description\" content=\"Rien ne va plus chez Honda au Japon - Benoit Charette - Annuel automobile - CanadaMotorJobs.com.\" \/>\n<meta name=\"robots\" content=\"index, follow, max-snippet:-1, max-image-preview:large, max-video-preview:-1\" \/>\n<meta property=\"og:locale\" content=\"fr_CA\" \/>\n<meta property=\"og:type\" content=\"article\" \/>\n<meta property=\"og:title\" content=\"Rien ne va plus chez Honda au Japon - CanadaMotorJobs.com\" \/>\n<meta property=\"og:description\" content=\"Rien ne va plus chez Honda au Japon - Benoit Charette - Annuel automobile - CanadaMotorJobs.com.\" \/>\n<meta property=\"og:url\" content=\"https:\/\/news.canadamotorjobs.com\/fr\/rien-ne-va-plus-chez-honda-au-japon\/\" \/>\n<meta property=\"og:site_name\" content=\"CanadaMotorJobs.com\" \/>\n<meta property=\"article:publisher\" content=\"https:\/\/www.facebook.com\/canadamotorjobs\/\" \/>\n<meta property=\"article:published_time\" content=\"2022-08-30T17:23:00+00:00\" \/>\n<meta property=\"article:modified_time\" content=\"2022-08-30T21:25:54+00:00\" \/>\n<meta property=\"og:image\" content=\"https:\/\/news.canadamotorjobs.com\/wp-content\/uploads\/2022\/08\/Cropped-1643690134photo_SXM2021122800003271-1.jpg\" \/>\n\t<meta property=\"og:image:width\" content=\"2476\" \/>\n\t<meta property=\"og:image:height\" content=\"1392\" \/>\n\t<meta property=\"og:image:type\" content=\"image\/jpeg\" \/>\n<meta name=\"author\" content=\"Benoit Charette\" \/>\n<meta name=\"twitter:card\" content=\"summary_large_image\" \/>\n<meta name=\"twitter:creator\" content=\"@canadamotorjobs\" \/>\n<meta name=\"twitter:site\" content=\"@canadamotorjobs\" \/>\n<meta name=\"twitter:label1\" content=\"\u00c9crit par\" \/>\n\t<meta name=\"twitter:data1\" content=\"Benoit Charette\" \/>\n\t<meta name=\"twitter:label2\" content=\"Estimation du temps de lecture\" \/>\n\t<meta name=\"twitter:data2\" content=\"2 minutes\" \/>\n<!-- \/ Yoast SEO plugin. -->","yoast_head_json":{"title":"Rien ne va plus chez Honda au Japon - CanadaMotorJobs.com","description":"Rien ne va plus chez Honda au Japon - Benoit Charette - Annuel automobile - CanadaMotorJobs.com.","robots":{"index":"index","follow":"follow","max-snippet":"max-snippet:-1","max-image-preview":"max-image-preview:large","max-video-preview":"max-video-preview:-1"},"og_locale":"fr_CA","og_type":"article","og_title":"Rien ne va plus chez Honda au Japon - CanadaMotorJobs.com","og_description":"Rien ne va plus chez Honda au Japon - Benoit Charette - Annuel automobile - CanadaMotorJobs.com.","og_url":"https:\/\/news.canadamotorjobs.com\/fr\/rien-ne-va-plus-chez-honda-au-japon\/","og_site_name":"CanadaMotorJobs.com","article_publisher":"https:\/\/www.facebook.com\/canadamotorjobs\/","article_published_time":"2022-08-30T17:23:00+00:00","article_modified_time":"2022-08-30T21:25:54+00:00","og_image":[{"width":2476,"height":1392,"url":"https:\/\/news.canadamotorjobs.com\/wp-content\/uploads\/2022\/08\/Cropped-1643690134photo_SXM2021122800003271-1.jpg","type":"image\/jpeg"}],"author":"Benoit Charette","twitter_card":"summary_large_image","twitter_creator":"@canadamotorjobs","twitter_site":"@canadamotorjobs","twitter_misc":{"\u00c9crit par":"Benoit Charette","Estimation du temps de lecture":"2 minutes"},"schema":{"@context":"https:\/\/schema.org","@graph":[{"@type":"Article","@id":"https:\/\/news.canadamotorjobs.com\/fr\/rien-ne-va-plus-chez-honda-au-japon\/#article","isPartOf":{"@id":"https:\/\/news.canadamotorjobs.com\/fr\/rien-ne-va-plus-chez-honda-au-japon\/"},"author":{"name":"Benoit Charette","@id":"https:\/\/news.canadamotorjobs.com\/#\/schema\/person\/51793d1f87d44011d7bcc2ed99269a90"},"headline":"Rien ne va plus chez Honda au Japon","datePublished":"2022-08-30T17:23:00+00:00","dateModified":"2022-08-30T21:25:54+00:00","mainEntityOfPage":{"@id":"https:\/\/news.canadamotorjobs.com\/fr\/rien-ne-va-plus-chez-honda-au-japon\/"},"wordCount":269,"publisher":{"@id":"https:\/\/news.canadamotorjobs.com\/#organization"},"image":{"@id":"https:\/\/news.canadamotorjobs.com\/fr\/rien-ne-va-plus-chez-honda-au-japon\/#primaryimage"},"thumbnailUrl":"https:\/\/news.canadamotorjobs.com\/wp-content\/uploads\/2022\/08\/Cropped-1643690134photo_SXM2021122800003271-1.jpg","articleSection":["Annuel automobile"],"inLanguage":"fr-CA"},{"@type":"WebPage","@id":"https:\/\/news.canadamotorjobs.com\/fr\/rien-ne-va-plus-chez-honda-au-japon\/","url":"https:\/\/news.canadamotorjobs.com\/fr\/rien-ne-va-plus-chez-honda-au-japon\/","name":"Rien ne va plus chez Honda au Japon - CanadaMotorJobs.com","isPartOf":{"@id":"https:\/\/news.canadamotorjobs.com\/#website"},"primaryImageOfPage":{"@id":"https:\/\/news.canadamotorjobs.com\/fr\/rien-ne-va-plus-chez-honda-au-japon\/#primaryimage"},"image":{"@id":"https:\/\/news.canadamotorjobs.com\/fr\/rien-ne-va-plus-chez-honda-au-japon\/#primaryimage"},"thumbnailUrl":"https:\/\/news.canadamotorjobs.com\/wp-content\/uploads\/2022\/08\/Cropped-1643690134photo_SXM2021122800003271-1.jpg","datePublished":"2022-08-30T17:23:00+00:00","dateModified":"2022-08-30T21:25:54+00:00","description":"Rien ne va plus chez Honda au Japon - Benoit Charette - Annuel automobile - CanadaMotorJobs.com.","breadcrumb":{"@id":"https:\/\/news.canadamotorjobs.com\/fr\/rien-ne-va-plus-chez-honda-au-japon\/#breadcrumb"},"inLanguage":"fr-CA","potentialAction":[{"@type":"ReadAction","target":["https:\/\/news.canadamotorjobs.com\/fr\/rien-ne-va-plus-chez-honda-au-japon\/"]}]},{"@type":"ImageObject","inLanguage":"fr-CA","@id":"https:\/\/news.canadamotorjobs.com\/fr\/rien-ne-va-plus-chez-honda-au-japon\/#primaryimage","url":"https:\/\/news.canadamotorjobs.com\/wp-content\/uploads\/2022\/08\/Cropped-1643690134photo_SXM2021122800003271-1.jpg","contentUrl":"https:\/\/news.canadamotorjobs.com\/wp-content\/uploads\/2022\/08\/Cropped-1643690134photo_SXM2021122800003271-1.jpg","width":2476,"height":1392},{"@type":"BreadcrumbList","@id":"https:\/\/news.canadamotorjobs.com\/fr\/rien-ne-va-plus-chez-honda-au-japon\/#breadcrumb","itemListElement":[{"@type":"ListItem","position":1,"name":"Home","item":"https:\/\/news.canadamotorjobs.com\/fr\/blog\/"},{"@type":"ListItem","position":2,"name":"Rien ne va plus chez Honda au Japon"}]},{"@type":"WebSite","@id":"https:\/\/news.canadamotorjobs.com\/#website","url":"https:\/\/news.canadamotorjobs.com\/","name":"CanadaMotorJobs.com","description":"Automotive Jobs","publisher":{"@id":"https:\/\/news.canadamotorjobs.com\/#organization"},"potentialAction":[{"@type":"SearchAction","target":{"@type":"EntryPoint","urlTemplate":"https:\/\/news.canadamotorjobs.com\/?s={search_term_string}"},"query-input":"required name=search_term_string"}],"inLanguage":"fr-CA"},{"@type":"Organization","@id":"https:\/\/news.canadamotorjobs.com\/#organization","name":"Canada Motor Jobs","url":"https:\/\/news.canadamotorjobs.com\/","logo":{"@type":"ImageObject","inLanguage":"fr-CA","@id":"https:\/\/news.canadamotorjobs.com\/#\/schema\/logo\/image\/","url":"https:\/\/news.canadamotorjobs.com\/wp-content\/uploads\/2022\/10\/logo-canada-motor-jobs-1.png","contentUrl":"https:\/\/news.canadamotorjobs.com\/wp-content\/uploads\/2022\/10\/logo-canada-motor-jobs-1.png","width":800,"height":400,"caption":"Canada Motor Jobs"},"image":{"@id":"https:\/\/news.canadamotorjobs.com\/#\/schema\/logo\/image\/"},"sameAs":["https:\/\/www.facebook.com\/canadamotorjobs\/","https:\/\/x.com\/canadamotorjobs","https:\/\/www.instagram.com\/canadamotorjobs\/","https:\/\/www.linkedin.com\/company\/canadamotorjobs"]},{"@type":"Person","@id":"https:\/\/news.canadamotorjobs.com\/#\/schema\/person\/51793d1f87d44011d7bcc2ed99269a90","name":"Benoit Charette","image":{"@type":"ImageObject","inLanguage":"fr-CA","@id":"https:\/\/news.canadamotorjobs.com\/#\/schema\/person\/image\/","url":"https:\/\/secure.gravatar.com\/avatar\/45f3d2eebcccd909668d7ce7ea7267b6?s=96&d=mm&r=g","contentUrl":"https:\/\/secure.gravatar.com\/avatar\/45f3d2eebcccd909668d7ce7ea7267b6?s=96&d=mm&r=g","caption":"Benoit Charette"},"description":"Benoit Charette \/ Propri\u00e9taire et r\u00e9dacteur en chef Benoit Charette pratique le journalisme automobile depuis bient\u00f4t 30 ans. Il a fait ses classes au c\u00f4t\u00e9 de Daniel H\u00e9raud et au Carnet de route de 1992 \u00e0 2001. Il est fondateur, copropri\u00e9taire et r\u00e9dacteur en chef de L\u2019Annuel de l\u2019automobile, qu\u2019il publie depuis 2001. Il a anim\u00e9 les \u00e9missions RPM et RPM+ sur V et les L\u00e9gendes de la route sur Historia. \u00c0 la radio depuis 1986, il reprend l\u2019antenne cette ann\u00e9e sur les ondes de Cogeco et participe pour la deuxi\u00e8me ann\u00e9e \u00e0 l\u2019\u00e9mission Passion Auto sur RDS en plus de mettre en ligne le site Web officiel de L\u2019Annuel de l\u2019automobile sur annuelauto.ca.","sameAs":["https:\/\/annuelauto.ca\/"],"url":"https:\/\/news.canadamotorjobs.com\/fr\/author\/benoit-charette\/"}]}},"_links":{"self":[{"href":"https:\/\/news.canadamotorjobs.com\/fr\/wp-json\/wp\/v2\/posts\/43062"}],"collection":[{"href":"https:\/\/news.canadamotorjobs.com\/fr\/wp-json\/wp\/v2\/posts"}],"about":[{"href":"https:\/\/news.canadamotorjobs.com\/fr\/wp-json\/wp\/v2\/types\/post"}],"author":[{"embeddable":true,"href":"https:\/\/news.canadamotorjobs.com\/fr\/wp-json\/wp\/v2\/users\/8"}],"replies":[{"embeddable":true,"href":"https:\/\/news.canadamotorjobs.com\/fr\/wp-json\/wp\/v2\/comments?post=43062"}],"version-history":[{"count":0,"href":"https:\/\/news.canadamotorjobs.com\/fr\/wp-json\/wp\/v2\/posts\/43062\/revisions"}],"wp:featuredmedia":[{"embeddable":true,"href":"https:\/\/news.canadamotorjobs.com\/fr\/wp-json\/wp\/v2\/media\/43066"}],"wp:attachment":[{"href":"https:\/\/news.canadamotorjobs.com\/fr\/wp-json\/wp\/v2\/media?parent=43062"}],"wp:term":[{"taxonomy":"category","embeddable":true,"href":"https:\/\/news.canadamotorjobs.com\/fr\/wp-json\/wp\/v2\/categories?post=43062"},{"taxonomy":"post_tag","embeddable":true,"href":"https:\/\/news.canadamotorjobs.com\/fr\/wp-json\/wp\/v2\/tags?post=43062"}],"curies":[{"name":"wp","href":"https:\/\/api.w.org\/{rel}","templated":true}]}}