{"id":43052,"date":"2022-08-30T05:38:36","date_gmt":"2022-08-30T09:38:36","guid":{"rendered":"https:\/\/blog.canadamotorjobs.com\/le-canada-aura-besoin-dun-reseau-de-recharge-de-200-000-bornes-dici-2030\/"},"modified":"2022-08-30T10:29:05","modified_gmt":"2022-08-30T14:29:05","slug":"le-canada-aura-besoin-dun-reseau-de-recharge-de-200-000-bornes-dici-2030","status":"publish","type":"post","link":"https:\/\/news.canadamotorjobs.com\/fr\/le-canada-aura-besoin-dun-reseau-de-recharge-de-200-000-bornes-dici-2030\/","title":{"rendered":"Le Canada aura besoin d\u2019un r\u00e9seau de recharge de 200\u00a0000 bornes d\u2019ici 2030"},"content":{"rendered":"<p>Ce sont des chiffres qui ressortent d\u2019un rapport du minist\u00e8re des ressources naturelles du Canada. Cela repr\u00e9sentera un ratio d&#8217;environ un chargeur pour 24 v\u00e9hicules \u00e9lectriques. Les changements d&#8217;infrastructure n\u00e9cessaires pour les V\u00c9 n\u00e9cessiteront des investissements de 20 milliards de dollars et seront n\u00e9cessaires pour atteindre l&#8217;objectif du gouvernement de faire en sorte que chaque nouveau v\u00e9hicule vendu en 2035 soit \u00e9lectrique.<\/p>\n<h3>O\u00f9 en sommes-nous pour le moment\u00a0?<\/h3>\n<p>\u00c0 l&#8217;heure actuelle, 16\u00a0640 bornes de recharge publiques sont en place dans tout le pays, et il est pr\u00e9vu d&#8217;ajouter 84\u00a0500 chargeurs suppl\u00e9mentaires d&#8217;ici 2027. Ces plans devront \u00eatre bonifi\u00e9s puisqu&#8217;ils ne pr\u00e9voient qu&#8217;environ la moiti\u00e9 du nombre de bornes de recharge n\u00e9cessaires pour soutenir l&#8217;objectif du gouvernement en mati\u00e8re d&#8217;\u00e9lectrification.<\/p>\n<h3>Une progression par \u00e9tape<\/h3>\n<p>Ottawa a pr\u00e9sent\u00e9 ses objectifs en mati\u00e8re d&#8217;\u00e9lectrification du secteur des transports qui visent \u00e0 ce que 15\u00a0% de tous les nouveaux v\u00e9hicules vendus dans le pays soient des v\u00e9hicules \u00e9lectriques en 2025, 60\u00a0% en 2030 et 100\u00a0% en 2035. Pour \u00eatre en mesure de combler les besoins en recharge publique, il faut augmenter la cadence face au rythme actuel. Une des pr\u00e9occupations des acheteurs de V\u00c9 touche le r\u00e9seau de recharge. En mettant davantage de bornes \u00e0 la disposition du public, il sera plus facile de faire des voyages en voiture \u00e9lectrique et les conducteurs qui n&#8217;ont pas acc\u00e8s \u00e0 un syst\u00e8me de recharge \u00e0 la maison pourraient avoir la possibilit\u00e9 de poss\u00e9der un v\u00e9hicule \u00e9lectrique.<\/p>\n","protected":false},"excerpt":{"rendered":"<p>Ce sont des chiffres qui ressortent d\u2019un rapport du minist\u00e8re des ressources naturelles du Canada. Cela repr\u00e9sentera un ratio d&#8217;environ un chargeur pour 24 v\u00e9hicules \u00e9lectriques. Les changements d&#8217;infrastructure n\u00e9cessaires pour les V\u00c9 n\u00e9cessiteront des investissements de 20 milliards de dollars et seront n\u00e9cessaires pour atteindre l&#8217;objectif du gouvernement de faire en sorte que chaque [&hellip;]<\/p>\n","protected":false},"author":8,"featured_media":43056,"comment_status":"close","ping_status":"closed","sticky":false,"template":"","format":"standard","meta":{"_monsterinsights_skip_tracking":false,"_monsterinsights_sitenote_active":false,"_monsterinsights_sitenote_note":"","_monsterinsights_sitenote_category":0,"footnotes":""},"categories":[101],"tags":[131],"yoast_head":"<!-- This site is optimized with the Yoast SEO plugin v23.2 - https:\/\/yoast.com\/wordpress\/plugins\/seo\/ -->\n<title>Le Canada aura besoin d\u2019un r\u00e9seau de recharge de 200\u00a0000 bornes d\u2019ici 2030 - CanadaMotorJobs.com<\/title>\n<meta name=\"description\" content=\"Le Canada aura besoin d\u2019un r\u00e9seau de recharge de 200\u00a0000 bornes d\u2019ici 2030 - Benoit Charette - Annuel automobile - CanadaMotorJobs.com.\" \/>\n<meta name=\"robots\" content=\"index, follow, max-snippet:-1, max-image-preview:large, max-video-preview:-1\" \/>\n<meta property=\"og:locale\" content=\"fr_CA\" \/>\n<meta property=\"og:type\" content=\"article\" \/>\n<meta property=\"og:title\" content=\"Le Canada aura besoin d\u2019un r\u00e9seau de recharge de 200\u00a0000 bornes d\u2019ici 2030 - CanadaMotorJobs.com\" \/>\n<meta property=\"og:description\" content=\"Le Canada aura besoin d\u2019un r\u00e9seau de recharge de 200\u00a0000 bornes d\u2019ici 2030 - Benoit Charette - Annuel automobile - CanadaMotorJobs.com.\" \/>\n<meta property=\"og:url\" content=\"https:\/\/news.canadamotorjobs.com\/fr\/le-canada-aura-besoin-dun-reseau-de-recharge-de-200-000-bornes-dici-2030\/\" \/>\n<meta property=\"og:site_name\" content=\"CanadaMotorJobs.com\" \/>\n<meta property=\"article:publisher\" content=\"https:\/\/www.facebook.com\/canadamotorjobs\/\" \/>\n<meta property=\"article:published_time\" content=\"2022-08-30T09:38:36+00:00\" \/>\n<meta property=\"article:modified_time\" content=\"2022-08-30T14:29:05+00:00\" \/>\n<meta property=\"og:image\" content=\"https:\/\/news.canadamotorjobs.com\/wp-content\/uploads\/2022\/08\/superstation_de_recharge_du_circuit_electrique-1.jpg\" \/>\n\t<meta property=\"og:image:width\" content=\"1200\" \/>\n\t<meta property=\"og:image:height\" content=\"900\" \/>\n\t<meta property=\"og:image:type\" content=\"image\/jpeg\" \/>\n<meta name=\"author\" content=\"Benoit Charette\" \/>\n<meta name=\"twitter:card\" content=\"summary_large_image\" \/>\n<meta name=\"twitter:creator\" content=\"@canadamotorjobs\" \/>\n<meta name=\"twitter:site\" content=\"@canadamotorjobs\" \/>\n<meta name=\"twitter:label1\" content=\"\u00c9crit par\" \/>\n\t<meta name=\"twitter:data1\" content=\"Benoit Charette\" \/>\n\t<meta name=\"twitter:label2\" content=\"Estimation du temps de lecture\" \/>\n\t<meta name=\"twitter:data2\" content=\"2 minutes\" \/>\n<!-- \/ Yoast SEO plugin. -->","yoast_head_json":{"title":"Le Canada aura besoin d\u2019un r\u00e9seau de recharge de 200\u00a0000 bornes d\u2019ici 2030 - CanadaMotorJobs.com","description":"Le Canada aura besoin d\u2019un r\u00e9seau de recharge de 200\u00a0000 bornes d\u2019ici 2030 - Benoit Charette - Annuel automobile - CanadaMotorJobs.com.","robots":{"index":"index","follow":"follow","max-snippet":"max-snippet:-1","max-image-preview":"max-image-preview:large","max-video-preview":"max-video-preview:-1"},"og_locale":"fr_CA","og_type":"article","og_title":"Le Canada aura besoin d\u2019un r\u00e9seau de recharge de 200\u00a0000 bornes d\u2019ici 2030 - CanadaMotorJobs.com","og_description":"Le Canada aura besoin d\u2019un r\u00e9seau de recharge de 200\u00a0000 bornes d\u2019ici 2030 - Benoit Charette - Annuel automobile - CanadaMotorJobs.com.","og_url":"https:\/\/news.canadamotorjobs.com\/fr\/le-canada-aura-besoin-dun-reseau-de-recharge-de-200-000-bornes-dici-2030\/","og_site_name":"CanadaMotorJobs.com","article_publisher":"https:\/\/www.facebook.com\/canadamotorjobs\/","article_published_time":"2022-08-30T09:38:36+00:00","article_modified_time":"2022-08-30T14:29:05+00:00","og_image":[{"width":1200,"height":900,"url":"https:\/\/news.canadamotorjobs.com\/wp-content\/uploads\/2022\/08\/superstation_de_recharge_du_circuit_electrique-1.jpg","type":"image\/jpeg"}],"author":"Benoit Charette","twitter_card":"summary_large_image","twitter_creator":"@canadamotorjobs","twitter_site":"@canadamotorjobs","twitter_misc":{"\u00c9crit par":"Benoit Charette","Estimation du temps de lecture":"2 minutes"},"schema":{"@context":"https:\/\/schema.org","@graph":[{"@type":"Article","@id":"https:\/\/news.canadamotorjobs.com\/fr\/le-canada-aura-besoin-dun-reseau-de-recharge-de-200-000-bornes-dici-2030\/#article","isPartOf":{"@id":"https:\/\/news.canadamotorjobs.com\/fr\/le-canada-aura-besoin-dun-reseau-de-recharge-de-200-000-bornes-dici-2030\/"},"author":{"name":"Benoit Charette","@id":"https:\/\/news.canadamotorjobs.com\/#\/schema\/person\/51793d1f87d44011d7bcc2ed99269a90"},"headline":"Le Canada aura besoin d\u2019un r\u00e9seau de recharge de 200\u00a0000 bornes d\u2019ici 2030","datePublished":"2022-08-30T09:38:36+00:00","dateModified":"2022-08-30T14:29:05+00:00","mainEntityOfPage":{"@id":"https:\/\/news.canadamotorjobs.com\/fr\/le-canada-aura-besoin-dun-reseau-de-recharge-de-200-000-bornes-dici-2030\/"},"wordCount":273,"publisher":{"@id":"https:\/\/news.canadamotorjobs.com\/#organization"},"image":{"@id":"https:\/\/news.canadamotorjobs.com\/fr\/le-canada-aura-besoin-dun-reseau-de-recharge-de-200-000-bornes-dici-2030\/#primaryimage"},"thumbnailUrl":"https:\/\/news.canadamotorjobs.com\/wp-content\/uploads\/2022\/08\/superstation_de_recharge_du_circuit_electrique-1.jpg","keywords":["Newsletter"],"articleSection":["Annuel automobile"],"inLanguage":"fr-CA"},{"@type":"WebPage","@id":"https:\/\/news.canadamotorjobs.com\/fr\/le-canada-aura-besoin-dun-reseau-de-recharge-de-200-000-bornes-dici-2030\/","url":"https:\/\/news.canadamotorjobs.com\/fr\/le-canada-aura-besoin-dun-reseau-de-recharge-de-200-000-bornes-dici-2030\/","name":"Le Canada aura besoin d\u2019un r\u00e9seau de recharge de 200\u00a0000 bornes d\u2019ici 2030 - CanadaMotorJobs.com","isPartOf":{"@id":"https:\/\/news.canadamotorjobs.com\/#website"},"primaryImageOfPage":{"@id":"https:\/\/news.canadamotorjobs.com\/fr\/le-canada-aura-besoin-dun-reseau-de-recharge-de-200-000-bornes-dici-2030\/#primaryimage"},"image":{"@id":"https:\/\/news.canadamotorjobs.com\/fr\/le-canada-aura-besoin-dun-reseau-de-recharge-de-200-000-bornes-dici-2030\/#primaryimage"},"thumbnailUrl":"https:\/\/news.canadamotorjobs.com\/wp-content\/uploads\/2022\/08\/superstation_de_recharge_du_circuit_electrique-1.jpg","datePublished":"2022-08-30T09:38:36+00:00","dateModified":"2022-08-30T14:29:05+00:00","description":"Le Canada aura besoin d\u2019un r\u00e9seau de recharge de 200\u00a0000 bornes d\u2019ici 2030 - Benoit Charette - Annuel automobile - CanadaMotorJobs.com.","breadcrumb":{"@id":"https:\/\/news.canadamotorjobs.com\/fr\/le-canada-aura-besoin-dun-reseau-de-recharge-de-200-000-bornes-dici-2030\/#breadcrumb"},"inLanguage":"fr-CA","potentialAction":[{"@type":"ReadAction","target":["https:\/\/news.canadamotorjobs.com\/fr\/le-canada-aura-besoin-dun-reseau-de-recharge-de-200-000-bornes-dici-2030\/"]}]},{"@type":"ImageObject","inLanguage":"fr-CA","@id":"https:\/\/news.canadamotorjobs.com\/fr\/le-canada-aura-besoin-dun-reseau-de-recharge-de-200-000-bornes-dici-2030\/#primaryimage","url":"https:\/\/news.canadamotorjobs.com\/wp-content\/uploads\/2022\/08\/superstation_de_recharge_du_circuit_electrique-1.jpg","contentUrl":"https:\/\/news.canadamotorjobs.com\/wp-content\/uploads\/2022\/08\/superstation_de_recharge_du_circuit_electrique-1.jpg","width":1200,"height":900},{"@type":"BreadcrumbList","@id":"https:\/\/news.canadamotorjobs.com\/fr\/le-canada-aura-besoin-dun-reseau-de-recharge-de-200-000-bornes-dici-2030\/#breadcrumb","itemListElement":[{"@type":"ListItem","position":1,"name":"Home","item":"https:\/\/news.canadamotorjobs.com\/fr\/blog\/"},{"@type":"ListItem","position":2,"name":"Le Canada aura besoin d\u2019un r\u00e9seau de recharge de 200\u00a0000 bornes d\u2019ici 2030"}]},{"@type":"WebSite","@id":"https:\/\/news.canadamotorjobs.com\/#website","url":"https:\/\/news.canadamotorjobs.com\/","name":"CanadaMotorJobs.com","description":"Automotive Jobs","publisher":{"@id":"https:\/\/news.canadamotorjobs.com\/#organization"},"potentialAction":[{"@type":"SearchAction","target":{"@type":"EntryPoint","urlTemplate":"https:\/\/news.canadamotorjobs.com\/?s={search_term_string}"},"query-input":"required name=search_term_string"}],"inLanguage":"fr-CA"},{"@type":"Organization","@id":"https:\/\/news.canadamotorjobs.com\/#organization","name":"Canada Motor Jobs","url":"https:\/\/news.canadamotorjobs.com\/","logo":{"@type":"ImageObject","inLanguage":"fr-CA","@id":"https:\/\/news.canadamotorjobs.com\/#\/schema\/logo\/image\/","url":"https:\/\/news.canadamotorjobs.com\/wp-content\/uploads\/2022\/10\/logo-canada-motor-jobs-1.png","contentUrl":"https:\/\/news.canadamotorjobs.com\/wp-content\/uploads\/2022\/10\/logo-canada-motor-jobs-1.png","width":800,"height":400,"caption":"Canada Motor Jobs"},"image":{"@id":"https:\/\/news.canadamotorjobs.com\/#\/schema\/logo\/image\/"},"sameAs":["https:\/\/www.facebook.com\/canadamotorjobs\/","https:\/\/x.com\/canadamotorjobs","https:\/\/www.instagram.com\/canadamotorjobs\/","https:\/\/www.linkedin.com\/company\/canadamotorjobs"]},{"@type":"Person","@id":"https:\/\/news.canadamotorjobs.com\/#\/schema\/person\/51793d1f87d44011d7bcc2ed99269a90","name":"Benoit Charette","image":{"@type":"ImageObject","inLanguage":"fr-CA","@id":"https:\/\/news.canadamotorjobs.com\/#\/schema\/person\/image\/","url":"https:\/\/secure.gravatar.com\/avatar\/45f3d2eebcccd909668d7ce7ea7267b6?s=96&d=mm&r=g","contentUrl":"https:\/\/secure.gravatar.com\/avatar\/45f3d2eebcccd909668d7ce7ea7267b6?s=96&d=mm&r=g","caption":"Benoit Charette"},"description":"Benoit Charette \/ Propri\u00e9taire et r\u00e9dacteur en chef Benoit Charette pratique le journalisme automobile depuis bient\u00f4t 30 ans. Il a fait ses classes au c\u00f4t\u00e9 de Daniel H\u00e9raud et au Carnet de route de 1992 \u00e0 2001. Il est fondateur, copropri\u00e9taire et r\u00e9dacteur en chef de L\u2019Annuel de l\u2019automobile, qu\u2019il publie depuis 2001. Il a anim\u00e9 les \u00e9missions RPM et RPM+ sur V et les L\u00e9gendes de la route sur Historia. \u00c0 la radio depuis 1986, il reprend l\u2019antenne cette ann\u00e9e sur les ondes de Cogeco et participe pour la deuxi\u00e8me ann\u00e9e \u00e0 l\u2019\u00e9mission Passion Auto sur RDS en plus de mettre en ligne le site Web officiel de L\u2019Annuel de l\u2019automobile sur annuelauto.ca.","sameAs":["https:\/\/annuelauto.ca\/"],"url":"https:\/\/news.canadamotorjobs.com\/fr\/author\/benoit-charette\/"}]}},"_links":{"self":[{"href":"https:\/\/news.canadamotorjobs.com\/fr\/wp-json\/wp\/v2\/posts\/43052"}],"collection":[{"href":"https:\/\/news.canadamotorjobs.com\/fr\/wp-json\/wp\/v2\/posts"}],"about":[{"href":"https:\/\/news.canadamotorjobs.com\/fr\/wp-json\/wp\/v2\/types\/post"}],"author":[{"embeddable":true,"href":"https:\/\/news.canadamotorjobs.com\/fr\/wp-json\/wp\/v2\/users\/8"}],"replies":[{"embeddable":true,"href":"https:\/\/news.canadamotorjobs.com\/fr\/wp-json\/wp\/v2\/comments?post=43052"}],"version-history":[{"count":0,"href":"https:\/\/news.canadamotorjobs.com\/fr\/wp-json\/wp\/v2\/posts\/43052\/revisions"}],"wp:featuredmedia":[{"embeddable":true,"href":"https:\/\/news.canadamotorjobs.com\/fr\/wp-json\/wp\/v2\/media\/43056"}],"wp:attachment":[{"href":"https:\/\/news.canadamotorjobs.com\/fr\/wp-json\/wp\/v2\/media?parent=43052"}],"wp:term":[{"taxonomy":"category","embeddable":true,"href":"https:\/\/news.canadamotorjobs.com\/fr\/wp-json\/wp\/v2\/categories?post=43052"},{"taxonomy":"post_tag","embeddable":true,"href":"https:\/\/news.canadamotorjobs.com\/fr\/wp-json\/wp\/v2\/tags?post=43052"}],"curies":[{"name":"wp","href":"https:\/\/api.w.org\/{rel}","templated":true}]}}