{"id":43043,"date":"2022-08-29T09:23:07","date_gmt":"2022-08-29T13:23:07","guid":{"rendered":"https:\/\/blog.canadamotorjobs.com\/une-autocaravane-ford-modele-t-1914-pour-les-nostalgiques-des-voyages-dantan\/"},"modified":"2022-08-29T09:58:47","modified_gmt":"2022-08-29T13:58:47","slug":"une-autocaravane-ford-modele-t-1914-pour-les-nostalgiques-des-voyages-dantan","status":"publish","type":"post","link":"https:\/\/news.canadamotorjobs.com\/fr\/une-autocaravane-ford-modele-t-1914-pour-les-nostalgiques-des-voyages-dantan\/","title":{"rendered":"Une autocaravane Ford Mod\u00e8le T 1914 pour les nostalgiques des voyages d\u2019antan"},"content":{"rendered":"<\/p>\n<p>Depuis toujours, les automobilistes cherchent des moyens originaux pour marier automobilisme et tourisme. Cette <a href=\"https:\/\/annuelauto.ca\/honda-n-van-compo\/\" target=\"_blank\" rel=\"noopener noreferrer\">autocaravane<\/a> construite sur la base d\u2019une Ford <a href=\"https:\/\/annuelauto.ca\/12-aout-1908-la-premiere-modele-t-quitte-lusine\/\" target=\"_blank\" rel=\"noopener noreferrer\">Mod\u00e8le\u00a0T<\/a> en 1914 en t\u00e9moigne \u00e9loquemment. R\u00e9alis\u00e9e quatre d\u00e9cennies avant l\u2019apparition des premi\u00e8res Winnebago, en 1958, elle serait l\u2019autocaravane la plus vieille au monde.<\/p>\n<p> Construite \u00e0 une \u00e9poque o\u00f9 l\u2019expression \u00ab\u00a0v\u00e9hicule r\u00e9cr\u00e9atif\u00a0\u00bb n\u2019existait pas, elle sera en vedette lors de la vente aux ench\u00e8res organis\u00e9e par Bonhams au mus\u00e9e automobile de Beaulieu, dans le sud de l\u2019Angleterre, en septembre.<br \/> <strong>Faite sur mesure<\/strong><br \/> C\u2019est \u00e0 la veille du d\u00e9clenchement de la Premi\u00e8re Guerre mondiale que ce <a href=\"https:\/\/annuelauto.ca\/voici-le-vr-quil-faut-pour-aller-jusquau-bout-du-monde\/\" target=\"_blank\" rel=\"noopener noreferrer\">VR<\/a> d\u2019antan a \u00e9t\u00e9 r\u00e9alis\u00e9 pour un membre de la famille Bentall, les propri\u00e9taires du c\u00e9l\u00e8bre Bentalls, un grand magasin de Londres.<\/p>\n<p> Il a \u00e9t\u00e9 construit par Baico\u00a0Patents en 1914, ann\u00e9e de la fondation de cette entreprise londonienne qui s\u2019est longtemps sp\u00e9cialis\u00e9e dans la fabrication de bus, de charabancs et de versions allong\u00e9es de v\u00e9hicules commerciaux.<\/p>\n<p> Pour r\u00e9aliser l\u2019autocaravane des Bentall, Baico a eu recours au ch\u00e2ssis d\u2019une Ford <a href=\"https:\/\/annuelauto.ca\/25-mai-1927-fin-de-la-production-de-la-ford-modele-t\/\" target=\"_blank\" rel=\"noopener noreferrer\">Mod\u00e8le\u00a0T<\/a>, qui a \u00e9t\u00e9 allong\u00e9 et renforc\u00e9. La carrosserie, par ailleurs, a \u00e9t\u00e9 construite par un autre artisan bien connu de l\u2019\u00e9poque\u00a0: Dunton and Sons de Reading. Ce fabricant de voitures hyppomobiles produisait, entre autres, des verdines, un type de voitures que prisaient tout particuli\u00e8rement les boh\u00e9miens (d\u2019o\u00f9 les d\u00e9corations et la forme arrondie du toit de l\u2019autocaravane).<\/p>\n<p> Les historiens de Bonhams croient que les Bentall auraient vendu leur autocaravane dans les ann\u00e9es\u00a020. Elle aurait ensuite \u00e9t\u00e9 abandonn\u00e9e, puis d\u00e9couverte \u00e0<\/p>\n","protected":false},"excerpt":{"rendered":"<p>Depuis toujours, les automobilistes cherchent des moyens originaux pour marier automobilisme et tourisme. Cette autocaravane construite sur la base d\u2019une Ford Mod\u00e8le\u00a0T en 1914 en t\u00e9moigne \u00e9loquemment. R\u00e9alis\u00e9e quatre d\u00e9cennies avant l\u2019apparition des premi\u00e8res Winnebago, en 1958, elle serait l\u2019autocaravane la plus vieille au monde. Construite \u00e0 une \u00e9poque o\u00f9 l\u2019expression \u00ab\u00a0v\u00e9hicule r\u00e9cr\u00e9atif\u00a0\u00bb n\u2019existait pas, [&hellip;]<\/p>\n","protected":false},"author":8,"featured_media":43047,"comment_status":"close","ping_status":"closed","sticky":false,"template":"","format":"standard","meta":{"_monsterinsights_skip_tracking":false,"_monsterinsights_sitenote_active":false,"_monsterinsights_sitenote_note":"","_monsterinsights_sitenote_category":0,"footnotes":""},"categories":[101],"tags":[],"yoast_head":"<!-- This site is optimized with the Yoast SEO plugin v23.2 - https:\/\/yoast.com\/wordpress\/plugins\/seo\/ -->\n<title>Une autocaravane Ford Mod\u00e8le T 1914 pour les nostalgiques des voyages d\u2019antan - CanadaMotorJobs.com<\/title>\n<meta name=\"description\" content=\"Une autocaravane Ford Mod\u00e8le T 1914 pour les nostalgiques des voyages d\u2019antan - Benoit Charette - Annuel automobile - CanadaMotorJobs.com.\" \/>\n<meta name=\"robots\" content=\"index, follow, max-snippet:-1, max-image-preview:large, max-video-preview:-1\" \/>\n<meta property=\"og:locale\" content=\"fr_CA\" \/>\n<meta property=\"og:type\" content=\"article\" \/>\n<meta property=\"og:title\" content=\"Une autocaravane Ford Mod\u00e8le T 1914 pour les nostalgiques des voyages d\u2019antan - CanadaMotorJobs.com\" \/>\n<meta property=\"og:description\" content=\"Une autocaravane Ford Mod\u00e8le T 1914 pour les nostalgiques des voyages d\u2019antan - Benoit Charette - Annuel automobile - CanadaMotorJobs.com.\" \/>\n<meta property=\"og:url\" content=\"https:\/\/news.canadamotorjobs.com\/fr\/une-autocaravane-ford-modele-t-1914-pour-les-nostalgiques-des-voyages-dantan\/\" \/>\n<meta property=\"og:site_name\" content=\"CanadaMotorJobs.com\" \/>\n<meta property=\"article:publisher\" content=\"https:\/\/www.facebook.com\/canadamotorjobs\/\" \/>\n<meta property=\"article:published_time\" content=\"2022-08-29T13:23:07+00:00\" \/>\n<meta property=\"article:modified_time\" content=\"2022-08-29T13:58:47+00:00\" \/>\n<meta property=\"og:image\" content=\"https:\/\/news.canadamotorjobs.com\/wp-content\/uploads\/2022\/08\/Ford-Baico-Mode\u0300le-T-1914-21-1.jpg\" \/>\n\t<meta property=\"og:image:width\" content=\"1500\" \/>\n\t<meta property=\"og:image:height\" content=\"1000\" \/>\n\t<meta property=\"og:image:type\" content=\"image\/jpeg\" \/>\n<meta name=\"author\" content=\"Benoit Charette\" \/>\n<meta name=\"twitter:card\" content=\"summary_large_image\" \/>\n<meta name=\"twitter:creator\" content=\"@canadamotorjobs\" \/>\n<meta name=\"twitter:site\" content=\"@canadamotorjobs\" \/>\n<meta name=\"twitter:label1\" content=\"\u00c9crit par\" \/>\n\t<meta name=\"twitter:data1\" content=\"Benoit Charette\" \/>\n\t<meta name=\"twitter:label2\" content=\"Estimation du temps de lecture\" \/>\n\t<meta name=\"twitter:data2\" content=\"1 minute\" \/>\n<!-- \/ Yoast SEO plugin. -->","yoast_head_json":{"title":"Une autocaravane Ford Mod\u00e8le T 1914 pour les nostalgiques des voyages d\u2019antan - CanadaMotorJobs.com","description":"Une autocaravane Ford Mod\u00e8le T 1914 pour les nostalgiques des voyages d\u2019antan - Benoit Charette - Annuel automobile - CanadaMotorJobs.com.","robots":{"index":"index","follow":"follow","max-snippet":"max-snippet:-1","max-image-preview":"max-image-preview:large","max-video-preview":"max-video-preview:-1"},"og_locale":"fr_CA","og_type":"article","og_title":"Une autocaravane Ford Mod\u00e8le T 1914 pour les nostalgiques des voyages d\u2019antan - CanadaMotorJobs.com","og_description":"Une autocaravane Ford Mod\u00e8le T 1914 pour les nostalgiques des voyages d\u2019antan - Benoit Charette - Annuel automobile - CanadaMotorJobs.com.","og_url":"https:\/\/news.canadamotorjobs.com\/fr\/une-autocaravane-ford-modele-t-1914-pour-les-nostalgiques-des-voyages-dantan\/","og_site_name":"CanadaMotorJobs.com","article_publisher":"https:\/\/www.facebook.com\/canadamotorjobs\/","article_published_time":"2022-08-29T13:23:07+00:00","article_modified_time":"2022-08-29T13:58:47+00:00","og_image":[{"width":1500,"height":1000,"url":"https:\/\/news.canadamotorjobs.com\/wp-content\/uploads\/2022\/08\/Ford-Baico-Mode\u0300le-T-1914-21-1.jpg","type":"image\/jpeg"}],"author":"Benoit Charette","twitter_card":"summary_large_image","twitter_creator":"@canadamotorjobs","twitter_site":"@canadamotorjobs","twitter_misc":{"\u00c9crit par":"Benoit Charette","Estimation du temps de lecture":"1 minute"},"schema":{"@context":"https:\/\/schema.org","@graph":[{"@type":"Article","@id":"https:\/\/news.canadamotorjobs.com\/fr\/une-autocaravane-ford-modele-t-1914-pour-les-nostalgiques-des-voyages-dantan\/#article","isPartOf":{"@id":"https:\/\/news.canadamotorjobs.com\/fr\/une-autocaravane-ford-modele-t-1914-pour-les-nostalgiques-des-voyages-dantan\/"},"author":{"name":"Benoit Charette","@id":"https:\/\/news.canadamotorjobs.com\/#\/schema\/person\/51793d1f87d44011d7bcc2ed99269a90"},"headline":"Une autocaravane Ford Mod\u00e8le T 1914 pour les nostalgiques des voyages d\u2019antan","datePublished":"2022-08-29T13:23:07+00:00","dateModified":"2022-08-29T13:58:47+00:00","mainEntityOfPage":{"@id":"https:\/\/news.canadamotorjobs.com\/fr\/une-autocaravane-ford-modele-t-1914-pour-les-nostalgiques-des-voyages-dantan\/"},"wordCount":302,"publisher":{"@id":"https:\/\/news.canadamotorjobs.com\/#organization"},"image":{"@id":"https:\/\/news.canadamotorjobs.com\/fr\/une-autocaravane-ford-modele-t-1914-pour-les-nostalgiques-des-voyages-dantan\/#primaryimage"},"thumbnailUrl":"https:\/\/news.canadamotorjobs.com\/wp-content\/uploads\/2022\/08\/Ford-Baico-Mode\u0300le-T-1914-21-1.jpg","articleSection":["Annuel automobile"],"inLanguage":"fr-CA"},{"@type":"WebPage","@id":"https:\/\/news.canadamotorjobs.com\/fr\/une-autocaravane-ford-modele-t-1914-pour-les-nostalgiques-des-voyages-dantan\/","url":"https:\/\/news.canadamotorjobs.com\/fr\/une-autocaravane-ford-modele-t-1914-pour-les-nostalgiques-des-voyages-dantan\/","name":"Une autocaravane Ford Mod\u00e8le T 1914 pour les nostalgiques des voyages d\u2019antan - CanadaMotorJobs.com","isPartOf":{"@id":"https:\/\/news.canadamotorjobs.com\/#website"},"primaryImageOfPage":{"@id":"https:\/\/news.canadamotorjobs.com\/fr\/une-autocaravane-ford-modele-t-1914-pour-les-nostalgiques-des-voyages-dantan\/#primaryimage"},"image":{"@id":"https:\/\/news.canadamotorjobs.com\/fr\/une-autocaravane-ford-modele-t-1914-pour-les-nostalgiques-des-voyages-dantan\/#primaryimage"},"thumbnailUrl":"https:\/\/news.canadamotorjobs.com\/wp-content\/uploads\/2022\/08\/Ford-Baico-Mode\u0300le-T-1914-21-1.jpg","datePublished":"2022-08-29T13:23:07+00:00","dateModified":"2022-08-29T13:58:47+00:00","description":"Une autocaravane Ford Mod\u00e8le T 1914 pour les nostalgiques des voyages d\u2019antan - Benoit Charette - Annuel automobile - CanadaMotorJobs.com.","breadcrumb":{"@id":"https:\/\/news.canadamotorjobs.com\/fr\/une-autocaravane-ford-modele-t-1914-pour-les-nostalgiques-des-voyages-dantan\/#breadcrumb"},"inLanguage":"fr-CA","potentialAction":[{"@type":"ReadAction","target":["https:\/\/news.canadamotorjobs.com\/fr\/une-autocaravane-ford-modele-t-1914-pour-les-nostalgiques-des-voyages-dantan\/"]}]},{"@type":"ImageObject","inLanguage":"fr-CA","@id":"https:\/\/news.canadamotorjobs.com\/fr\/une-autocaravane-ford-modele-t-1914-pour-les-nostalgiques-des-voyages-dantan\/#primaryimage","url":"https:\/\/news.canadamotorjobs.com\/wp-content\/uploads\/2022\/08\/Ford-Baico-Mode\u0300le-T-1914-21-1.jpg","contentUrl":"https:\/\/news.canadamotorjobs.com\/wp-content\/uploads\/2022\/08\/Ford-Baico-Mode\u0300le-T-1914-21-1.jpg","width":1500,"height":1000},{"@type":"BreadcrumbList","@id":"https:\/\/news.canadamotorjobs.com\/fr\/une-autocaravane-ford-modele-t-1914-pour-les-nostalgiques-des-voyages-dantan\/#breadcrumb","itemListElement":[{"@type":"ListItem","position":1,"name":"Home","item":"https:\/\/news.canadamotorjobs.com\/fr\/blog\/"},{"@type":"ListItem","position":2,"name":"Une autocaravane Ford Mod\u00e8le T 1914 pour les nostalgiques des voyages d\u2019antan"}]},{"@type":"WebSite","@id":"https:\/\/news.canadamotorjobs.com\/#website","url":"https:\/\/news.canadamotorjobs.com\/","name":"CanadaMotorJobs.com","description":"Automotive Jobs","publisher":{"@id":"https:\/\/news.canadamotorjobs.com\/#organization"},"potentialAction":[{"@type":"SearchAction","target":{"@type":"EntryPoint","urlTemplate":"https:\/\/news.canadamotorjobs.com\/?s={search_term_string}"},"query-input":"required name=search_term_string"}],"inLanguage":"fr-CA"},{"@type":"Organization","@id":"https:\/\/news.canadamotorjobs.com\/#organization","name":"Canada Motor Jobs","url":"https:\/\/news.canadamotorjobs.com\/","logo":{"@type":"ImageObject","inLanguage":"fr-CA","@id":"https:\/\/news.canadamotorjobs.com\/#\/schema\/logo\/image\/","url":"https:\/\/news.canadamotorjobs.com\/wp-content\/uploads\/2022\/10\/logo-canada-motor-jobs-1.png","contentUrl":"https:\/\/news.canadamotorjobs.com\/wp-content\/uploads\/2022\/10\/logo-canada-motor-jobs-1.png","width":800,"height":400,"caption":"Canada Motor Jobs"},"image":{"@id":"https:\/\/news.canadamotorjobs.com\/#\/schema\/logo\/image\/"},"sameAs":["https:\/\/www.facebook.com\/canadamotorjobs\/","https:\/\/x.com\/canadamotorjobs","https:\/\/www.instagram.com\/canadamotorjobs\/","https:\/\/www.linkedin.com\/company\/canadamotorjobs"]},{"@type":"Person","@id":"https:\/\/news.canadamotorjobs.com\/#\/schema\/person\/51793d1f87d44011d7bcc2ed99269a90","name":"Benoit Charette","image":{"@type":"ImageObject","inLanguage":"fr-CA","@id":"https:\/\/news.canadamotorjobs.com\/#\/schema\/person\/image\/","url":"https:\/\/secure.gravatar.com\/avatar\/45f3d2eebcccd909668d7ce7ea7267b6?s=96&d=mm&r=g","contentUrl":"https:\/\/secure.gravatar.com\/avatar\/45f3d2eebcccd909668d7ce7ea7267b6?s=96&d=mm&r=g","caption":"Benoit Charette"},"description":"Benoit Charette \/ Propri\u00e9taire et r\u00e9dacteur en chef Benoit Charette pratique le journalisme automobile depuis bient\u00f4t 30 ans. Il a fait ses classes au c\u00f4t\u00e9 de Daniel H\u00e9raud et au Carnet de route de 1992 \u00e0 2001. Il est fondateur, copropri\u00e9taire et r\u00e9dacteur en chef de L\u2019Annuel de l\u2019automobile, qu\u2019il publie depuis 2001. Il a anim\u00e9 les \u00e9missions RPM et RPM+ sur V et les L\u00e9gendes de la route sur Historia. \u00c0 la radio depuis 1986, il reprend l\u2019antenne cette ann\u00e9e sur les ondes de Cogeco et participe pour la deuxi\u00e8me ann\u00e9e \u00e0 l\u2019\u00e9mission Passion Auto sur RDS en plus de mettre en ligne le site Web officiel de L\u2019Annuel de l\u2019automobile sur annuelauto.ca.","sameAs":["https:\/\/annuelauto.ca\/"],"url":"https:\/\/news.canadamotorjobs.com\/fr\/author\/benoit-charette\/"}]}},"_links":{"self":[{"href":"https:\/\/news.canadamotorjobs.com\/fr\/wp-json\/wp\/v2\/posts\/43043"}],"collection":[{"href":"https:\/\/news.canadamotorjobs.com\/fr\/wp-json\/wp\/v2\/posts"}],"about":[{"href":"https:\/\/news.canadamotorjobs.com\/fr\/wp-json\/wp\/v2\/types\/post"}],"author":[{"embeddable":true,"href":"https:\/\/news.canadamotorjobs.com\/fr\/wp-json\/wp\/v2\/users\/8"}],"replies":[{"embeddable":true,"href":"https:\/\/news.canadamotorjobs.com\/fr\/wp-json\/wp\/v2\/comments?post=43043"}],"version-history":[{"count":0,"href":"https:\/\/news.canadamotorjobs.com\/fr\/wp-json\/wp\/v2\/posts\/43043\/revisions"}],"wp:featuredmedia":[{"embeddable":true,"href":"https:\/\/news.canadamotorjobs.com\/fr\/wp-json\/wp\/v2\/media\/43047"}],"wp:attachment":[{"href":"https:\/\/news.canadamotorjobs.com\/fr\/wp-json\/wp\/v2\/media?parent=43043"}],"wp:term":[{"taxonomy":"category","embeddable":true,"href":"https:\/\/news.canadamotorjobs.com\/fr\/wp-json\/wp\/v2\/categories?post=43043"},{"taxonomy":"post_tag","embeddable":true,"href":"https:\/\/news.canadamotorjobs.com\/fr\/wp-json\/wp\/v2\/tags?post=43043"}],"curies":[{"name":"wp","href":"https:\/\/api.w.org\/{rel}","templated":true}]}}