{"id":43027,"date":"2022-08-29T05:48:09","date_gmt":"2022-08-29T09:48:09","guid":{"rendered":"https:\/\/blog.canadamotorjobs.com\/nissan-met-fin-a-la-production-du-qashqai-en-decembre\/"},"modified":"2022-08-29T05:58:43","modified_gmt":"2022-08-29T09:58:43","slug":"nissan-met-fin-a-la-production-du-qashqai-en-decembre","status":"publish","type":"post","link":"https:\/\/news.canadamotorjobs.com\/fr\/nissan-met-fin-a-la-production-du-qashqai-en-decembre\/","title":{"rendered":"Nissan met fin \u00e0 la production du Qashqai en d\u00e9cembre"},"content":{"rendered":"<\/p>\n<p>Nissan s&#8217;appr\u00eate \u00e0 supprimer le Qashqai (Rogue Sport aux \u00c9tats-Unis) dans le cadre d&#8217;un remaniement de sa gamme. Le constructeur automobile a annonc\u00e9 cette d\u00e9cision dans un m\u00e9mo r\u00e9cemment envoy\u00e9 aux concessionnaires, indiquant que la production du mod\u00e8le prendra fin en d\u00e9cembre.<br \/> Un manque d\u2019int\u00e9r\u00eat<br \/> Avec le renouvellement du Rogue et le Kicks, l\u2019attrait pour le Qashqai a disparu. Le mod\u00e8le arriv\u00e9 en 2017 avait besoin d\u2019une remise \u00e0 niveau et Nissan a simplement d\u00e9cid\u00e9 de passer son tour. Les ventes se poursuivront jusqu&#8217;au d\u00e9but de l&#8217;ann\u00e9e 2023 et Nissan assurera le support des pi\u00e8ces d\u00e9tach\u00e9es jusqu&#8217;en 2033. IL est clair que le Qashqai n&#8217;a jamais vraiment accroch\u00e9 comme l&#8217;entreprise l&#8217;esp\u00e9rait depuis son lancement en 2017.<br \/> Un avenir plus positif pour le kicks<br \/> L&#8217;avenir du Nissan Kicks, plus petit, semble assur\u00e9. Il devrait faire l&#8217;objet d&#8217;une refonte au d\u00e9but de l&#8217;ann\u00e9e 2024, au cours de laquelle il devrait devenir plus long et plus large pour faire le pont avec le Qashqai qui ne sera plus l\u00e0. Le lancement de la nouvelle g\u00e9n\u00e9ration du Rogue l&#8217;ann\u00e9e derni\u00e8re signifie \u00e9galement qu&#8217;il ressemble \u00e0 un v\u00e9hicule beaucoup plus moderne que le Qashqai.<\/p>\n<p> &nbsp;<\/p>\n<p> Avec des informations de Carscoops<\/p>\n<p>Le texte <a rel=\"nofollow\" href=\"https:\/\/annuelauto.ca\/nissan-met-fin-a-la-production-du-qashqai-en-decembre\/\">Nissan met fin \u00e0 la production du Qashqai en d\u00e9cembre<\/a> provient de <a rel=\"nofollow\" href=\"https:\/\/annuelauto.ca\">L&#039;annuel de l&#039;automobile &#8211; Actualit\u00e9 automobile<\/a><\/p>\n<p> <\/p>\n","protected":false},"excerpt":{"rendered":"<p>Nissan s&#8217;appr\u00eate \u00e0 supprimer le Qashqai (Rogue Sport aux \u00c9tats-Unis) dans le cadre d&#8217;un remaniement de sa gamme. Le constructeur automobile a annonc\u00e9 cette d\u00e9cision dans un m\u00e9mo r\u00e9cemment envoy\u00e9 aux concessionnaires, indiquant que la production du mod\u00e8le prendra fin en d\u00e9cembre. Un manque d\u2019int\u00e9r\u00eat Avec le renouvellement du Rogue et le Kicks, l\u2019attrait pour [&hellip;]<\/p>\n","protected":false},"author":8,"featured_media":43031,"comment_status":"close","ping_status":"closed","sticky":false,"template":"","format":"standard","meta":{"_monsterinsights_skip_tracking":false,"_monsterinsights_sitenote_active":false,"_monsterinsights_sitenote_note":"","_monsterinsights_sitenote_category":0,"footnotes":""},"categories":[101],"tags":[],"yoast_head":"<!-- This site is optimized with the Yoast SEO plugin v23.2 - https:\/\/yoast.com\/wordpress\/plugins\/seo\/ -->\n<title>Nissan met fin \u00e0 la production du Qashqai en d\u00e9cembre - CanadaMotorJobs.com<\/title>\n<meta name=\"description\" content=\"Nissan met fin \u00e0 la production du Qashqai en d\u00e9cembre - Benoit Charette - Annuel automobile - CanadaMotorJobs.com.\" \/>\n<meta name=\"robots\" content=\"index, follow, max-snippet:-1, max-image-preview:large, max-video-preview:-1\" \/>\n<meta property=\"og:locale\" content=\"fr_CA\" \/>\n<meta property=\"og:type\" content=\"article\" \/>\n<meta property=\"og:title\" content=\"Nissan met fin \u00e0 la production du Qashqai en d\u00e9cembre - CanadaMotorJobs.com\" \/>\n<meta property=\"og:description\" content=\"Nissan met fin \u00e0 la production du Qashqai en d\u00e9cembre - Benoit Charette - Annuel automobile - CanadaMotorJobs.com.\" \/>\n<meta property=\"og:url\" content=\"https:\/\/news.canadamotorjobs.com\/fr\/nissan-met-fin-a-la-production-du-qashqai-en-decembre\/\" \/>\n<meta property=\"og:site_name\" content=\"CanadaMotorJobs.com\" \/>\n<meta property=\"article:publisher\" content=\"https:\/\/www.facebook.com\/canadamotorjobs\/\" \/>\n<meta property=\"article:published_time\" content=\"2022-08-29T09:48:09+00:00\" \/>\n<meta property=\"article:modified_time\" content=\"2022-08-29T09:58:43+00:00\" \/>\n<meta property=\"og:image\" content=\"https:\/\/news.canadamotorjobs.com\/wp-content\/uploads\/2022\/08\/20_Nis_Rogue_Sport-004-1200x794-1-1.jpg\" \/>\n\t<meta property=\"og:image:width\" content=\"1200\" \/>\n\t<meta property=\"og:image:height\" content=\"794\" \/>\n\t<meta property=\"og:image:type\" content=\"image\/jpeg\" \/>\n<meta name=\"author\" content=\"Benoit Charette\" \/>\n<meta name=\"twitter:card\" content=\"summary_large_image\" \/>\n<meta name=\"twitter:creator\" content=\"@canadamotorjobs\" \/>\n<meta name=\"twitter:site\" content=\"@canadamotorjobs\" \/>\n<meta name=\"twitter:label1\" content=\"\u00c9crit par\" \/>\n\t<meta name=\"twitter:data1\" content=\"Benoit Charette\" \/>\n\t<meta name=\"twitter:label2\" content=\"Estimation du temps de lecture\" \/>\n\t<meta name=\"twitter:data2\" content=\"1 minute\" \/>\n<!-- \/ Yoast SEO plugin. -->","yoast_head_json":{"title":"Nissan met fin \u00e0 la production du Qashqai en d\u00e9cembre - CanadaMotorJobs.com","description":"Nissan met fin \u00e0 la production du Qashqai en d\u00e9cembre - Benoit Charette - Annuel automobile - CanadaMotorJobs.com.","robots":{"index":"index","follow":"follow","max-snippet":"max-snippet:-1","max-image-preview":"max-image-preview:large","max-video-preview":"max-video-preview:-1"},"og_locale":"fr_CA","og_type":"article","og_title":"Nissan met fin \u00e0 la production du Qashqai en d\u00e9cembre - CanadaMotorJobs.com","og_description":"Nissan met fin \u00e0 la production du Qashqai en d\u00e9cembre - Benoit Charette - Annuel automobile - CanadaMotorJobs.com.","og_url":"https:\/\/news.canadamotorjobs.com\/fr\/nissan-met-fin-a-la-production-du-qashqai-en-decembre\/","og_site_name":"CanadaMotorJobs.com","article_publisher":"https:\/\/www.facebook.com\/canadamotorjobs\/","article_published_time":"2022-08-29T09:48:09+00:00","article_modified_time":"2022-08-29T09:58:43+00:00","og_image":[{"width":1200,"height":794,"url":"https:\/\/news.canadamotorjobs.com\/wp-content\/uploads\/2022\/08\/20_Nis_Rogue_Sport-004-1200x794-1-1.jpg","type":"image\/jpeg"}],"author":"Benoit Charette","twitter_card":"summary_large_image","twitter_creator":"@canadamotorjobs","twitter_site":"@canadamotorjobs","twitter_misc":{"\u00c9crit par":"Benoit Charette","Estimation du temps de lecture":"1 minute"},"schema":{"@context":"https:\/\/schema.org","@graph":[{"@type":"Article","@id":"https:\/\/news.canadamotorjobs.com\/fr\/nissan-met-fin-a-la-production-du-qashqai-en-decembre\/#article","isPartOf":{"@id":"https:\/\/news.canadamotorjobs.com\/fr\/nissan-met-fin-a-la-production-du-qashqai-en-decembre\/"},"author":{"name":"Benoit Charette","@id":"https:\/\/news.canadamotorjobs.com\/#\/schema\/person\/51793d1f87d44011d7bcc2ed99269a90"},"headline":"Nissan met fin \u00e0 la production du Qashqai en d\u00e9cembre","datePublished":"2022-08-29T09:48:09+00:00","dateModified":"2022-08-29T09:58:43+00:00","mainEntityOfPage":{"@id":"https:\/\/news.canadamotorjobs.com\/fr\/nissan-met-fin-a-la-production-du-qashqai-en-decembre\/"},"wordCount":258,"publisher":{"@id":"https:\/\/news.canadamotorjobs.com\/#organization"},"image":{"@id":"https:\/\/news.canadamotorjobs.com\/fr\/nissan-met-fin-a-la-production-du-qashqai-en-decembre\/#primaryimage"},"thumbnailUrl":"https:\/\/news.canadamotorjobs.com\/wp-content\/uploads\/2022\/08\/20_Nis_Rogue_Sport-004-1200x794-1-1.jpg","articleSection":["Annuel automobile"],"inLanguage":"fr-CA"},{"@type":"WebPage","@id":"https:\/\/news.canadamotorjobs.com\/fr\/nissan-met-fin-a-la-production-du-qashqai-en-decembre\/","url":"https:\/\/news.canadamotorjobs.com\/fr\/nissan-met-fin-a-la-production-du-qashqai-en-decembre\/","name":"Nissan met fin \u00e0 la production du Qashqai en d\u00e9cembre - CanadaMotorJobs.com","isPartOf":{"@id":"https:\/\/news.canadamotorjobs.com\/#website"},"primaryImageOfPage":{"@id":"https:\/\/news.canadamotorjobs.com\/fr\/nissan-met-fin-a-la-production-du-qashqai-en-decembre\/#primaryimage"},"image":{"@id":"https:\/\/news.canadamotorjobs.com\/fr\/nissan-met-fin-a-la-production-du-qashqai-en-decembre\/#primaryimage"},"thumbnailUrl":"https:\/\/news.canadamotorjobs.com\/wp-content\/uploads\/2022\/08\/20_Nis_Rogue_Sport-004-1200x794-1-1.jpg","datePublished":"2022-08-29T09:48:09+00:00","dateModified":"2022-08-29T09:58:43+00:00","description":"Nissan met fin \u00e0 la production du Qashqai en d\u00e9cembre - Benoit Charette - Annuel automobile - CanadaMotorJobs.com.","breadcrumb":{"@id":"https:\/\/news.canadamotorjobs.com\/fr\/nissan-met-fin-a-la-production-du-qashqai-en-decembre\/#breadcrumb"},"inLanguage":"fr-CA","potentialAction":[{"@type":"ReadAction","target":["https:\/\/news.canadamotorjobs.com\/fr\/nissan-met-fin-a-la-production-du-qashqai-en-decembre\/"]}]},{"@type":"ImageObject","inLanguage":"fr-CA","@id":"https:\/\/news.canadamotorjobs.com\/fr\/nissan-met-fin-a-la-production-du-qashqai-en-decembre\/#primaryimage","url":"https:\/\/news.canadamotorjobs.com\/wp-content\/uploads\/2022\/08\/20_Nis_Rogue_Sport-004-1200x794-1-1.jpg","contentUrl":"https:\/\/news.canadamotorjobs.com\/wp-content\/uploads\/2022\/08\/20_Nis_Rogue_Sport-004-1200x794-1-1.jpg","width":1200,"height":794},{"@type":"BreadcrumbList","@id":"https:\/\/news.canadamotorjobs.com\/fr\/nissan-met-fin-a-la-production-du-qashqai-en-decembre\/#breadcrumb","itemListElement":[{"@type":"ListItem","position":1,"name":"Home","item":"https:\/\/news.canadamotorjobs.com\/fr\/blog\/"},{"@type":"ListItem","position":2,"name":"Nissan met fin \u00e0 la production du Qashqai en d\u00e9cembre"}]},{"@type":"WebSite","@id":"https:\/\/news.canadamotorjobs.com\/#website","url":"https:\/\/news.canadamotorjobs.com\/","name":"CanadaMotorJobs.com","description":"Automotive Jobs","publisher":{"@id":"https:\/\/news.canadamotorjobs.com\/#organization"},"potentialAction":[{"@type":"SearchAction","target":{"@type":"EntryPoint","urlTemplate":"https:\/\/news.canadamotorjobs.com\/?s={search_term_string}"},"query-input":"required name=search_term_string"}],"inLanguage":"fr-CA"},{"@type":"Organization","@id":"https:\/\/news.canadamotorjobs.com\/#organization","name":"Canada Motor Jobs","url":"https:\/\/news.canadamotorjobs.com\/","logo":{"@type":"ImageObject","inLanguage":"fr-CA","@id":"https:\/\/news.canadamotorjobs.com\/#\/schema\/logo\/image\/","url":"https:\/\/news.canadamotorjobs.com\/wp-content\/uploads\/2022\/10\/logo-canada-motor-jobs-1.png","contentUrl":"https:\/\/news.canadamotorjobs.com\/wp-content\/uploads\/2022\/10\/logo-canada-motor-jobs-1.png","width":800,"height":400,"caption":"Canada Motor Jobs"},"image":{"@id":"https:\/\/news.canadamotorjobs.com\/#\/schema\/logo\/image\/"},"sameAs":["https:\/\/www.facebook.com\/canadamotorjobs\/","https:\/\/x.com\/canadamotorjobs","https:\/\/www.instagram.com\/canadamotorjobs\/","https:\/\/www.linkedin.com\/company\/canadamotorjobs"]},{"@type":"Person","@id":"https:\/\/news.canadamotorjobs.com\/#\/schema\/person\/51793d1f87d44011d7bcc2ed99269a90","name":"Benoit Charette","image":{"@type":"ImageObject","inLanguage":"fr-CA","@id":"https:\/\/news.canadamotorjobs.com\/#\/schema\/person\/image\/","url":"https:\/\/secure.gravatar.com\/avatar\/45f3d2eebcccd909668d7ce7ea7267b6?s=96&d=mm&r=g","contentUrl":"https:\/\/secure.gravatar.com\/avatar\/45f3d2eebcccd909668d7ce7ea7267b6?s=96&d=mm&r=g","caption":"Benoit Charette"},"description":"Benoit Charette \/ Propri\u00e9taire et r\u00e9dacteur en chef Benoit Charette pratique le journalisme automobile depuis bient\u00f4t 30 ans. Il a fait ses classes au c\u00f4t\u00e9 de Daniel H\u00e9raud et au Carnet de route de 1992 \u00e0 2001. Il est fondateur, copropri\u00e9taire et r\u00e9dacteur en chef de L\u2019Annuel de l\u2019automobile, qu\u2019il publie depuis 2001. Il a anim\u00e9 les \u00e9missions RPM et RPM+ sur V et les L\u00e9gendes de la route sur Historia. \u00c0 la radio depuis 1986, il reprend l\u2019antenne cette ann\u00e9e sur les ondes de Cogeco et participe pour la deuxi\u00e8me ann\u00e9e \u00e0 l\u2019\u00e9mission Passion Auto sur RDS en plus de mettre en ligne le site Web officiel de L\u2019Annuel de l\u2019automobile sur annuelauto.ca.","sameAs":["https:\/\/annuelauto.ca\/"],"url":"https:\/\/news.canadamotorjobs.com\/fr\/author\/benoit-charette\/"}]}},"_links":{"self":[{"href":"https:\/\/news.canadamotorjobs.com\/fr\/wp-json\/wp\/v2\/posts\/43027"}],"collection":[{"href":"https:\/\/news.canadamotorjobs.com\/fr\/wp-json\/wp\/v2\/posts"}],"about":[{"href":"https:\/\/news.canadamotorjobs.com\/fr\/wp-json\/wp\/v2\/types\/post"}],"author":[{"embeddable":true,"href":"https:\/\/news.canadamotorjobs.com\/fr\/wp-json\/wp\/v2\/users\/8"}],"replies":[{"embeddable":true,"href":"https:\/\/news.canadamotorjobs.com\/fr\/wp-json\/wp\/v2\/comments?post=43027"}],"version-history":[{"count":0,"href":"https:\/\/news.canadamotorjobs.com\/fr\/wp-json\/wp\/v2\/posts\/43027\/revisions"}],"wp:featuredmedia":[{"embeddable":true,"href":"https:\/\/news.canadamotorjobs.com\/fr\/wp-json\/wp\/v2\/media\/43031"}],"wp:attachment":[{"href":"https:\/\/news.canadamotorjobs.com\/fr\/wp-json\/wp\/v2\/media?parent=43027"}],"wp:term":[{"taxonomy":"category","embeddable":true,"href":"https:\/\/news.canadamotorjobs.com\/fr\/wp-json\/wp\/v2\/categories?post=43027"},{"taxonomy":"post_tag","embeddable":true,"href":"https:\/\/news.canadamotorjobs.com\/fr\/wp-json\/wp\/v2\/tags?post=43027"}],"curies":[{"name":"wp","href":"https:\/\/api.w.org\/{rel}","templated":true}]}}