{"id":43011,"date":"2022-08-27T10:08:52","date_gmt":"2022-08-27T14:08:52","guid":{"rendered":"https:\/\/blog.canadamotorjobs.com\/le-prochain-modele-electrique-de-toyota-pourrait-etre-la-bz3\/"},"modified":"2022-08-27T10:14:29","modified_gmt":"2022-08-27T14:14:29","slug":"le-prochain-modele-electrique-de-toyota-pourrait-etre-la-bz3","status":"publish","type":"post","link":"https:\/\/news.canadamotorjobs.com\/fr\/le-prochain-modele-electrique-de-toyota-pourrait-etre-la-bz3\/","title":{"rendered":"Le prochain mod\u00e8le \u00e9lectrique de Toyota pourrait \u00eatre la bZ3"},"content":{"rendered":"<\/p>\n<p>Alors que la commercialisation du premier v\u00e9hicule \u00e9lectrique de Toyota, la bZ4X est retard\u00e9e en raison de probl\u00e8mes de boulonnage de roues, le minist\u00e8re chinois de l&#8217;Industrie et des Technologies de l&#8217;information a divulgu\u00e9 des images de la prochaine berline \u00e9lectrique de la marque la bZ3.<br \/> Elle ressemble \u00e0 une Corolla \u00e9lectrique<br \/> Son format est de la taille d\u2019une Corolla. Nous ne savons pas pour le moment si le mod\u00e8le sera uniquement propos\u00e9 en Chine ou s\u2019il est destin\u00e9 au march\u00e9 international. Ce mod\u00e8le fait d\u00e9j\u00e0 l\u2019objet de certaines rumeurs depuis quelques mois au moment o\u00f9 Toyota a d\u00e9voil\u00e9 15 concepts \u00e9lectriques en une seule fois, dont l&#8217;un \u00e9tait une berline compacte.<br \/> Un bZ4X en plus petit<br \/> Au premier coup d\u2019oeil, il semble que Toyota n&#8217;a pas fait beaucoup de travail de conception sur ce mod\u00e8le entre les images du concept et maintenant puisque la voiture termin\u00e9e dans les images divulgu\u00e9es est presque identique au concept. En effet, les seules diff\u00e9rences apparentes entre le concept et le mod\u00e8le de production sont les roues et un l\u00e9ger remaniement du pare-chocs avant. Sans surprise, la bZ3 partage de nombreux \u00e9l\u00e9ments de design avec la bZ4x, le premier v\u00e9hicule \u00e9lectrique de Toyota. Il s&#8217;agit notamment de la forme des phares et des feux arri\u00e8re.<\/p>\n<p> &nbsp;<\/p>\n<p> Avec des renseignements de Motor Illustrated<\/p>\n<p>Le texte <a rel=\"nofollow\" href=\"https:\/\/annuelauto.ca\/le-prochain-modele-electrique-de-toyota-pourrait-etre-la-bz3\/\">Le prochain mod\u00e8le \u00e9lectrique de Toyota pourrait \u00eatre la bZ3<\/a> provient de <a rel=\"nofollow\" href=\"https:\/\/annuelauto.ca\">L&#039;annuel de l&#039;automobile &#8211; Actualit\u00e9 automobile<\/a><\/p>\n<p> <\/p>\n","protected":false},"excerpt":{"rendered":"<p>Alors que la commercialisation du premier v\u00e9hicule \u00e9lectrique de Toyota, la bZ4X est retard\u00e9e en raison de probl\u00e8mes de boulonnage de roues, le minist\u00e8re chinois de l&#8217;Industrie et des Technologies de l&#8217;information a divulgu\u00e9 des images de la prochaine berline \u00e9lectrique de la marque la bZ3. Elle ressemble \u00e0 une Corolla \u00e9lectrique Son format est [&hellip;]<\/p>\n","protected":false},"author":8,"featured_media":43015,"comment_status":"close","ping_status":"closed","sticky":false,"template":"","format":"standard","meta":{"_monsterinsights_skip_tracking":false,"_monsterinsights_sitenote_active":false,"_monsterinsights_sitenote_note":"","_monsterinsights_sitenote_category":0,"footnotes":""},"categories":[101],"tags":[],"yoast_head":"<!-- This site is optimized with the Yoast SEO plugin v23.2 - https:\/\/yoast.com\/wordpress\/plugins\/seo\/ -->\n<title>Le prochain mod\u00e8le \u00e9lectrique de Toyota pourrait \u00eatre la bZ3 - CanadaMotorJobs.com<\/title>\n<meta name=\"description\" content=\"Le prochain mod\u00e8le \u00e9lectrique de Toyota pourrait \u00eatre la bZ3 - Benoit Charette - Annuel automobile - CanadaMotorJobs.com.\" \/>\n<meta name=\"robots\" content=\"index, follow, max-snippet:-1, max-image-preview:large, max-video-preview:-1\" \/>\n<meta property=\"og:locale\" content=\"fr_CA\" \/>\n<meta property=\"og:type\" content=\"article\" \/>\n<meta property=\"og:title\" content=\"Le prochain mod\u00e8le \u00e9lectrique de Toyota pourrait \u00eatre la bZ3 - CanadaMotorJobs.com\" \/>\n<meta property=\"og:description\" content=\"Le prochain mod\u00e8le \u00e9lectrique de Toyota pourrait \u00eatre la bZ3 - Benoit Charette - Annuel automobile - CanadaMotorJobs.com.\" \/>\n<meta property=\"og:url\" content=\"https:\/\/news.canadamotorjobs.com\/fr\/le-prochain-modele-electrique-de-toyota-pourrait-etre-la-bz3\/\" \/>\n<meta property=\"og:site_name\" content=\"CanadaMotorJobs.com\" \/>\n<meta property=\"article:publisher\" content=\"https:\/\/www.facebook.com\/canadamotorjobs\/\" \/>\n<meta property=\"article:published_time\" content=\"2022-08-27T14:08:52+00:00\" \/>\n<meta property=\"article:modified_time\" content=\"2022-08-27T14:14:29+00:00\" \/>\n<meta property=\"og:image\" content=\"https:\/\/news.canadamotorjobs.com\/wp-content\/uploads\/2022\/08\/toyota-bz3-3-800x454-1-1.jpg\" \/>\n\t<meta property=\"og:image:width\" content=\"800\" \/>\n\t<meta property=\"og:image:height\" content=\"454\" \/>\n\t<meta property=\"og:image:type\" content=\"image\/jpeg\" \/>\n<meta name=\"author\" content=\"Benoit Charette\" \/>\n<meta name=\"twitter:card\" content=\"summary_large_image\" \/>\n<meta name=\"twitter:creator\" content=\"@canadamotorjobs\" \/>\n<meta name=\"twitter:site\" content=\"@canadamotorjobs\" \/>\n<meta name=\"twitter:label1\" content=\"\u00c9crit par\" \/>\n\t<meta name=\"twitter:data1\" content=\"Benoit Charette\" \/>\n\t<meta name=\"twitter:label2\" content=\"Estimation du temps de lecture\" \/>\n\t<meta name=\"twitter:data2\" content=\"1 minute\" \/>\n<!-- \/ Yoast SEO plugin. -->","yoast_head_json":{"title":"Le prochain mod\u00e8le \u00e9lectrique de Toyota pourrait \u00eatre la bZ3 - CanadaMotorJobs.com","description":"Le prochain mod\u00e8le \u00e9lectrique de Toyota pourrait \u00eatre la bZ3 - Benoit Charette - Annuel automobile - CanadaMotorJobs.com.","robots":{"index":"index","follow":"follow","max-snippet":"max-snippet:-1","max-image-preview":"max-image-preview:large","max-video-preview":"max-video-preview:-1"},"og_locale":"fr_CA","og_type":"article","og_title":"Le prochain mod\u00e8le \u00e9lectrique de Toyota pourrait \u00eatre la bZ3 - CanadaMotorJobs.com","og_description":"Le prochain mod\u00e8le \u00e9lectrique de Toyota pourrait \u00eatre la bZ3 - Benoit Charette - Annuel automobile - CanadaMotorJobs.com.","og_url":"https:\/\/news.canadamotorjobs.com\/fr\/le-prochain-modele-electrique-de-toyota-pourrait-etre-la-bz3\/","og_site_name":"CanadaMotorJobs.com","article_publisher":"https:\/\/www.facebook.com\/canadamotorjobs\/","article_published_time":"2022-08-27T14:08:52+00:00","article_modified_time":"2022-08-27T14:14:29+00:00","og_image":[{"width":800,"height":454,"url":"https:\/\/news.canadamotorjobs.com\/wp-content\/uploads\/2022\/08\/toyota-bz3-3-800x454-1-1.jpg","type":"image\/jpeg"}],"author":"Benoit Charette","twitter_card":"summary_large_image","twitter_creator":"@canadamotorjobs","twitter_site":"@canadamotorjobs","twitter_misc":{"\u00c9crit par":"Benoit Charette","Estimation du temps de lecture":"1 minute"},"schema":{"@context":"https:\/\/schema.org","@graph":[{"@type":"Article","@id":"https:\/\/news.canadamotorjobs.com\/fr\/le-prochain-modele-electrique-de-toyota-pourrait-etre-la-bz3\/#article","isPartOf":{"@id":"https:\/\/news.canadamotorjobs.com\/fr\/le-prochain-modele-electrique-de-toyota-pourrait-etre-la-bz3\/"},"author":{"name":"Benoit Charette","@id":"https:\/\/news.canadamotorjobs.com\/#\/schema\/person\/51793d1f87d44011d7bcc2ed99269a90"},"headline":"Le prochain mod\u00e8le \u00e9lectrique de Toyota pourrait \u00eatre la bZ3","datePublished":"2022-08-27T14:08:52+00:00","dateModified":"2022-08-27T14:14:29+00:00","mainEntityOfPage":{"@id":"https:\/\/news.canadamotorjobs.com\/fr\/le-prochain-modele-electrique-de-toyota-pourrait-etre-la-bz3\/"},"wordCount":278,"publisher":{"@id":"https:\/\/news.canadamotorjobs.com\/#organization"},"image":{"@id":"https:\/\/news.canadamotorjobs.com\/fr\/le-prochain-modele-electrique-de-toyota-pourrait-etre-la-bz3\/#primaryimage"},"thumbnailUrl":"https:\/\/news.canadamotorjobs.com\/wp-content\/uploads\/2022\/08\/toyota-bz3-3-800x454-1-1.jpg","articleSection":["Annuel automobile"],"inLanguage":"fr-CA"},{"@type":"WebPage","@id":"https:\/\/news.canadamotorjobs.com\/fr\/le-prochain-modele-electrique-de-toyota-pourrait-etre-la-bz3\/","url":"https:\/\/news.canadamotorjobs.com\/fr\/le-prochain-modele-electrique-de-toyota-pourrait-etre-la-bz3\/","name":"Le prochain mod\u00e8le \u00e9lectrique de Toyota pourrait \u00eatre la bZ3 - CanadaMotorJobs.com","isPartOf":{"@id":"https:\/\/news.canadamotorjobs.com\/#website"},"primaryImageOfPage":{"@id":"https:\/\/news.canadamotorjobs.com\/fr\/le-prochain-modele-electrique-de-toyota-pourrait-etre-la-bz3\/#primaryimage"},"image":{"@id":"https:\/\/news.canadamotorjobs.com\/fr\/le-prochain-modele-electrique-de-toyota-pourrait-etre-la-bz3\/#primaryimage"},"thumbnailUrl":"https:\/\/news.canadamotorjobs.com\/wp-content\/uploads\/2022\/08\/toyota-bz3-3-800x454-1-1.jpg","datePublished":"2022-08-27T14:08:52+00:00","dateModified":"2022-08-27T14:14:29+00:00","description":"Le prochain mod\u00e8le \u00e9lectrique de Toyota pourrait \u00eatre la bZ3 - Benoit Charette - Annuel automobile - CanadaMotorJobs.com.","breadcrumb":{"@id":"https:\/\/news.canadamotorjobs.com\/fr\/le-prochain-modele-electrique-de-toyota-pourrait-etre-la-bz3\/#breadcrumb"},"inLanguage":"fr-CA","potentialAction":[{"@type":"ReadAction","target":["https:\/\/news.canadamotorjobs.com\/fr\/le-prochain-modele-electrique-de-toyota-pourrait-etre-la-bz3\/"]}]},{"@type":"ImageObject","inLanguage":"fr-CA","@id":"https:\/\/news.canadamotorjobs.com\/fr\/le-prochain-modele-electrique-de-toyota-pourrait-etre-la-bz3\/#primaryimage","url":"https:\/\/news.canadamotorjobs.com\/wp-content\/uploads\/2022\/08\/toyota-bz3-3-800x454-1-1.jpg","contentUrl":"https:\/\/news.canadamotorjobs.com\/wp-content\/uploads\/2022\/08\/toyota-bz3-3-800x454-1-1.jpg","width":800,"height":454},{"@type":"BreadcrumbList","@id":"https:\/\/news.canadamotorjobs.com\/fr\/le-prochain-modele-electrique-de-toyota-pourrait-etre-la-bz3\/#breadcrumb","itemListElement":[{"@type":"ListItem","position":1,"name":"Home","item":"https:\/\/news.canadamotorjobs.com\/fr\/blog\/"},{"@type":"ListItem","position":2,"name":"Le prochain mod\u00e8le \u00e9lectrique de Toyota pourrait \u00eatre la bZ3"}]},{"@type":"WebSite","@id":"https:\/\/news.canadamotorjobs.com\/#website","url":"https:\/\/news.canadamotorjobs.com\/","name":"CanadaMotorJobs.com","description":"Automotive Jobs","publisher":{"@id":"https:\/\/news.canadamotorjobs.com\/#organization"},"potentialAction":[{"@type":"SearchAction","target":{"@type":"EntryPoint","urlTemplate":"https:\/\/news.canadamotorjobs.com\/?s={search_term_string}"},"query-input":"required name=search_term_string"}],"inLanguage":"fr-CA"},{"@type":"Organization","@id":"https:\/\/news.canadamotorjobs.com\/#organization","name":"Canada Motor Jobs","url":"https:\/\/news.canadamotorjobs.com\/","logo":{"@type":"ImageObject","inLanguage":"fr-CA","@id":"https:\/\/news.canadamotorjobs.com\/#\/schema\/logo\/image\/","url":"https:\/\/news.canadamotorjobs.com\/wp-content\/uploads\/2022\/10\/logo-canada-motor-jobs-1.png","contentUrl":"https:\/\/news.canadamotorjobs.com\/wp-content\/uploads\/2022\/10\/logo-canada-motor-jobs-1.png","width":800,"height":400,"caption":"Canada Motor Jobs"},"image":{"@id":"https:\/\/news.canadamotorjobs.com\/#\/schema\/logo\/image\/"},"sameAs":["https:\/\/www.facebook.com\/canadamotorjobs\/","https:\/\/x.com\/canadamotorjobs","https:\/\/www.instagram.com\/canadamotorjobs\/","https:\/\/www.linkedin.com\/company\/canadamotorjobs"]},{"@type":"Person","@id":"https:\/\/news.canadamotorjobs.com\/#\/schema\/person\/51793d1f87d44011d7bcc2ed99269a90","name":"Benoit Charette","image":{"@type":"ImageObject","inLanguage":"fr-CA","@id":"https:\/\/news.canadamotorjobs.com\/#\/schema\/person\/image\/","url":"https:\/\/secure.gravatar.com\/avatar\/45f3d2eebcccd909668d7ce7ea7267b6?s=96&d=mm&r=g","contentUrl":"https:\/\/secure.gravatar.com\/avatar\/45f3d2eebcccd909668d7ce7ea7267b6?s=96&d=mm&r=g","caption":"Benoit Charette"},"description":"Benoit Charette \/ Propri\u00e9taire et r\u00e9dacteur en chef Benoit Charette pratique le journalisme automobile depuis bient\u00f4t 30 ans. Il a fait ses classes au c\u00f4t\u00e9 de Daniel H\u00e9raud et au Carnet de route de 1992 \u00e0 2001. Il est fondateur, copropri\u00e9taire et r\u00e9dacteur en chef de L\u2019Annuel de l\u2019automobile, qu\u2019il publie depuis 2001. Il a anim\u00e9 les \u00e9missions RPM et RPM+ sur V et les L\u00e9gendes de la route sur Historia. \u00c0 la radio depuis 1986, il reprend l\u2019antenne cette ann\u00e9e sur les ondes de Cogeco et participe pour la deuxi\u00e8me ann\u00e9e \u00e0 l\u2019\u00e9mission Passion Auto sur RDS en plus de mettre en ligne le site Web officiel de L\u2019Annuel de l\u2019automobile sur annuelauto.ca.","sameAs":["https:\/\/annuelauto.ca\/"],"url":"https:\/\/news.canadamotorjobs.com\/fr\/author\/benoit-charette\/"}]}},"_links":{"self":[{"href":"https:\/\/news.canadamotorjobs.com\/fr\/wp-json\/wp\/v2\/posts\/43011"}],"collection":[{"href":"https:\/\/news.canadamotorjobs.com\/fr\/wp-json\/wp\/v2\/posts"}],"about":[{"href":"https:\/\/news.canadamotorjobs.com\/fr\/wp-json\/wp\/v2\/types\/post"}],"author":[{"embeddable":true,"href":"https:\/\/news.canadamotorjobs.com\/fr\/wp-json\/wp\/v2\/users\/8"}],"replies":[{"embeddable":true,"href":"https:\/\/news.canadamotorjobs.com\/fr\/wp-json\/wp\/v2\/comments?post=43011"}],"version-history":[{"count":0,"href":"https:\/\/news.canadamotorjobs.com\/fr\/wp-json\/wp\/v2\/posts\/43011\/revisions"}],"wp:featuredmedia":[{"embeddable":true,"href":"https:\/\/news.canadamotorjobs.com\/fr\/wp-json\/wp\/v2\/media\/43015"}],"wp:attachment":[{"href":"https:\/\/news.canadamotorjobs.com\/fr\/wp-json\/wp\/v2\/media?parent=43011"}],"wp:term":[{"taxonomy":"category","embeddable":true,"href":"https:\/\/news.canadamotorjobs.com\/fr\/wp-json\/wp\/v2\/categories?post=43011"},{"taxonomy":"post_tag","embeddable":true,"href":"https:\/\/news.canadamotorjobs.com\/fr\/wp-json\/wp\/v2\/tags?post=43011"}],"curies":[{"name":"wp","href":"https:\/\/api.w.org\/{rel}","templated":true}]}}