{"id":42986,"date":"2022-08-26T11:16:47","date_gmt":"2022-08-26T15:16:47","guid":{"rendered":"https:\/\/blog.canadamotorjobs.com\/la-californie-interdit-les-moteurs-a-essence-en-2035\/"},"modified":"2022-08-26T11:29:28","modified_gmt":"2022-08-26T15:29:28","slug":"la-californie-interdit-les-moteurs-a-essence-en-2035","status":"publish","type":"post","link":"https:\/\/news.canadamotorjobs.com\/fr\/la-californie-interdit-les-moteurs-a-essence-en-2035\/","title":{"rendered":"La Californie interdit les moteurs \u00e0 essence en 2035"},"content":{"rendered":"<\/p>\n<p>C\u2019est une bonne et une moins bonne nouvelle que la d\u00e9cision annonc\u00e9e plus t\u00f4t cette semaine par la Commission sur la qualit\u00e9 de l\u2019air de Californie, ou \u00ab CARB \u00bb en anglais, d\u2019interdire la vente de v\u00e9hicules \u00e0 moteur \u00e0 essence ou diesel au plus tard en 2035. Cela dit, la Californie est un peu moins obs\u00e9d\u00e9e que le Qu\u00e9bec par les voitures \u00e9lectriques\u00a0: elle parle davantage de v\u00e9hicules z\u00e9ro \u00e9mission car l\u00e0-bas, le d\u00e9veloppement d\u2019une infrastructure de distribution d\u2019hydrog\u00e8ne est pas mal plus avanc\u00e9 qu\u2019ici, et on fait plus de place \u00e0 ce type de v\u00e9hicule dans le \u00ab\u00a0mix\u00a0\u00bb \u00e9nerg\u00e9tique qu\u2019on esp\u00e8re avoir sur la route d\u2019ici 2035.<br \/> La bonne et la moins bonne nouvelle<br \/> C\u2019est donc une bonne nouvelle car \u00e0 elle seule, la Californie repr\u00e9sente quelque chose comme le troisi\u00e8me plus important march\u00e9 automobile sur la plan\u00e8te, apr\u00e8s la Chine et les \u00c9tats-Unis pris au complet (donc en incluant la Californie). Alors quand un march\u00e9 de cette taille prend une d\u00e9cision aussi importante que celle-l\u00e0, \u00e7a force pas mal toute l\u2019industrie \u00e0 s\u2019adapter. Autrement dit, on risque de voir les constructeurs acc\u00e9l\u00e9rer leur virage \u00e9lectrique pour satisfaire les exigences du gouvernement californien. C\u2019est probablement un peu une moins bonne nouvelle plus particuli\u00e8rement pour nous \u00e0 l\u2019autre bout du continent \u00e9tant donn\u00e9 qu\u2019en attendant que la production mondiale de v\u00e9hicules \u00e9lectriques prenne son \u00e9lan pour de bon, les constructeurs risquent de devoir r\u00e9duire les livraisons chez nous pour combler en priorit\u00e9 la demande du c\u00f4t\u00e9 de la Californie<\/p>\n","protected":false},"excerpt":{"rendered":"<p>C\u2019est une bonne et une moins bonne nouvelle que la d\u00e9cision annonc\u00e9e plus t\u00f4t cette semaine par la Commission sur la qualit\u00e9 de l\u2019air de Californie, ou \u00ab CARB \u00bb en anglais, d\u2019interdire la vente de v\u00e9hicules \u00e0 moteur \u00e0 essence ou diesel au plus tard en 2035. Cela dit, la Californie est un peu [&hellip;]<\/p>\n","protected":false},"author":8,"featured_media":42990,"comment_status":"close","ping_status":"closed","sticky":false,"template":"","format":"standard","meta":{"_monsterinsights_skip_tracking":false,"_monsterinsights_sitenote_active":false,"_monsterinsights_sitenote_note":"","_monsterinsights_sitenote_category":0,"footnotes":""},"categories":[101],"tags":[],"yoast_head":"<!-- This site is optimized with the Yoast SEO plugin v23.2 - https:\/\/yoast.com\/wordpress\/plugins\/seo\/ -->\n<title>La Californie interdit les moteurs \u00e0 essence en 2035 - CanadaMotorJobs.com<\/title>\n<meta name=\"description\" content=\"La Californie interdit les moteurs \u00e0 essence en 2035 - Benoit Charette - Annuel automobile - CanadaMotorJobs.com.\" \/>\n<meta name=\"robots\" content=\"index, follow, max-snippet:-1, max-image-preview:large, max-video-preview:-1\" \/>\n<meta property=\"og:locale\" content=\"fr_CA\" \/>\n<meta property=\"og:type\" content=\"article\" \/>\n<meta property=\"og:title\" content=\"La Californie interdit les moteurs \u00e0 essence en 2035 - CanadaMotorJobs.com\" \/>\n<meta property=\"og:description\" content=\"La Californie interdit les moteurs \u00e0 essence en 2035 - Benoit Charette - Annuel automobile - CanadaMotorJobs.com.\" \/>\n<meta property=\"og:url\" content=\"https:\/\/news.canadamotorjobs.com\/fr\/la-californie-interdit-les-moteurs-a-essence-en-2035\/\" \/>\n<meta property=\"og:site_name\" content=\"CanadaMotorJobs.com\" \/>\n<meta property=\"article:publisher\" content=\"https:\/\/www.facebook.com\/canadamotorjobs\/\" \/>\n<meta property=\"article:published_time\" content=\"2022-08-26T15:16:47+00:00\" \/>\n<meta property=\"article:modified_time\" content=\"2022-08-26T15:29:28+00:00\" \/>\n<meta property=\"og:image\" content=\"https:\/\/news.canadamotorjobs.com\/wp-content\/uploads\/2022\/08\/Flag_of_California.svg_-1.png\" \/>\n\t<meta property=\"og:image:width\" content=\"1200\" \/>\n\t<meta property=\"og:image:height\" content=\"800\" \/>\n\t<meta property=\"og:image:type\" content=\"image\/png\" \/>\n<meta name=\"author\" content=\"Benoit Charette\" \/>\n<meta name=\"twitter:card\" content=\"summary_large_image\" \/>\n<meta name=\"twitter:creator\" content=\"@canadamotorjobs\" \/>\n<meta name=\"twitter:site\" content=\"@canadamotorjobs\" \/>\n<meta name=\"twitter:label1\" content=\"\u00c9crit par\" \/>\n\t<meta name=\"twitter:data1\" content=\"Benoit Charette\" \/>\n\t<meta name=\"twitter:label2\" content=\"Estimation du temps de lecture\" \/>\n\t<meta name=\"twitter:data2\" content=\"1 minute\" \/>\n<!-- \/ Yoast SEO plugin. -->","yoast_head_json":{"title":"La Californie interdit les moteurs \u00e0 essence en 2035 - CanadaMotorJobs.com","description":"La Californie interdit les moteurs \u00e0 essence en 2035 - Benoit Charette - Annuel automobile - CanadaMotorJobs.com.","robots":{"index":"index","follow":"follow","max-snippet":"max-snippet:-1","max-image-preview":"max-image-preview:large","max-video-preview":"max-video-preview:-1"},"og_locale":"fr_CA","og_type":"article","og_title":"La Californie interdit les moteurs \u00e0 essence en 2035 - CanadaMotorJobs.com","og_description":"La Californie interdit les moteurs \u00e0 essence en 2035 - Benoit Charette - Annuel automobile - CanadaMotorJobs.com.","og_url":"https:\/\/news.canadamotorjobs.com\/fr\/la-californie-interdit-les-moteurs-a-essence-en-2035\/","og_site_name":"CanadaMotorJobs.com","article_publisher":"https:\/\/www.facebook.com\/canadamotorjobs\/","article_published_time":"2022-08-26T15:16:47+00:00","article_modified_time":"2022-08-26T15:29:28+00:00","og_image":[{"width":1200,"height":800,"url":"https:\/\/news.canadamotorjobs.com\/wp-content\/uploads\/2022\/08\/Flag_of_California.svg_-1.png","type":"image\/png"}],"author":"Benoit Charette","twitter_card":"summary_large_image","twitter_creator":"@canadamotorjobs","twitter_site":"@canadamotorjobs","twitter_misc":{"\u00c9crit par":"Benoit Charette","Estimation du temps de lecture":"1 minute"},"schema":{"@context":"https:\/\/schema.org","@graph":[{"@type":"Article","@id":"https:\/\/news.canadamotorjobs.com\/fr\/la-californie-interdit-les-moteurs-a-essence-en-2035\/#article","isPartOf":{"@id":"https:\/\/news.canadamotorjobs.com\/fr\/la-californie-interdit-les-moteurs-a-essence-en-2035\/"},"author":{"name":"Benoit Charette","@id":"https:\/\/news.canadamotorjobs.com\/#\/schema\/person\/51793d1f87d44011d7bcc2ed99269a90"},"headline":"La Californie interdit les moteurs \u00e0 essence en 2035","datePublished":"2022-08-26T15:16:47+00:00","dateModified":"2022-08-26T15:29:28+00:00","mainEntityOfPage":{"@id":"https:\/\/news.canadamotorjobs.com\/fr\/la-californie-interdit-les-moteurs-a-essence-en-2035\/"},"wordCount":287,"publisher":{"@id":"https:\/\/news.canadamotorjobs.com\/#organization"},"image":{"@id":"https:\/\/news.canadamotorjobs.com\/fr\/la-californie-interdit-les-moteurs-a-essence-en-2035\/#primaryimage"},"thumbnailUrl":"https:\/\/news.canadamotorjobs.com\/wp-content\/uploads\/2022\/08\/Flag_of_California.svg_-1.png","articleSection":["Annuel automobile"],"inLanguage":"fr-CA"},{"@type":"WebPage","@id":"https:\/\/news.canadamotorjobs.com\/fr\/la-californie-interdit-les-moteurs-a-essence-en-2035\/","url":"https:\/\/news.canadamotorjobs.com\/fr\/la-californie-interdit-les-moteurs-a-essence-en-2035\/","name":"La Californie interdit les moteurs \u00e0 essence en 2035 - CanadaMotorJobs.com","isPartOf":{"@id":"https:\/\/news.canadamotorjobs.com\/#website"},"primaryImageOfPage":{"@id":"https:\/\/news.canadamotorjobs.com\/fr\/la-californie-interdit-les-moteurs-a-essence-en-2035\/#primaryimage"},"image":{"@id":"https:\/\/news.canadamotorjobs.com\/fr\/la-californie-interdit-les-moteurs-a-essence-en-2035\/#primaryimage"},"thumbnailUrl":"https:\/\/news.canadamotorjobs.com\/wp-content\/uploads\/2022\/08\/Flag_of_California.svg_-1.png","datePublished":"2022-08-26T15:16:47+00:00","dateModified":"2022-08-26T15:29:28+00:00","description":"La Californie interdit les moteurs \u00e0 essence en 2035 - Benoit Charette - Annuel automobile - CanadaMotorJobs.com.","breadcrumb":{"@id":"https:\/\/news.canadamotorjobs.com\/fr\/la-californie-interdit-les-moteurs-a-essence-en-2035\/#breadcrumb"},"inLanguage":"fr-CA","potentialAction":[{"@type":"ReadAction","target":["https:\/\/news.canadamotorjobs.com\/fr\/la-californie-interdit-les-moteurs-a-essence-en-2035\/"]}]},{"@type":"ImageObject","inLanguage":"fr-CA","@id":"https:\/\/news.canadamotorjobs.com\/fr\/la-californie-interdit-les-moteurs-a-essence-en-2035\/#primaryimage","url":"https:\/\/news.canadamotorjobs.com\/wp-content\/uploads\/2022\/08\/Flag_of_California.svg_-1.png","contentUrl":"https:\/\/news.canadamotorjobs.com\/wp-content\/uploads\/2022\/08\/Flag_of_California.svg_-1.png","width":1200,"height":800},{"@type":"BreadcrumbList","@id":"https:\/\/news.canadamotorjobs.com\/fr\/la-californie-interdit-les-moteurs-a-essence-en-2035\/#breadcrumb","itemListElement":[{"@type":"ListItem","position":1,"name":"Home","item":"https:\/\/news.canadamotorjobs.com\/fr\/blog\/"},{"@type":"ListItem","position":2,"name":"La Californie interdit les moteurs \u00e0 essence en 2035"}]},{"@type":"WebSite","@id":"https:\/\/news.canadamotorjobs.com\/#website","url":"https:\/\/news.canadamotorjobs.com\/","name":"CanadaMotorJobs.com","description":"Automotive Jobs","publisher":{"@id":"https:\/\/news.canadamotorjobs.com\/#organization"},"potentialAction":[{"@type":"SearchAction","target":{"@type":"EntryPoint","urlTemplate":"https:\/\/news.canadamotorjobs.com\/?s={search_term_string}"},"query-input":"required name=search_term_string"}],"inLanguage":"fr-CA"},{"@type":"Organization","@id":"https:\/\/news.canadamotorjobs.com\/#organization","name":"Canada Motor Jobs","url":"https:\/\/news.canadamotorjobs.com\/","logo":{"@type":"ImageObject","inLanguage":"fr-CA","@id":"https:\/\/news.canadamotorjobs.com\/#\/schema\/logo\/image\/","url":"https:\/\/news.canadamotorjobs.com\/wp-content\/uploads\/2022\/10\/logo-canada-motor-jobs-1.png","contentUrl":"https:\/\/news.canadamotorjobs.com\/wp-content\/uploads\/2022\/10\/logo-canada-motor-jobs-1.png","width":800,"height":400,"caption":"Canada Motor Jobs"},"image":{"@id":"https:\/\/news.canadamotorjobs.com\/#\/schema\/logo\/image\/"},"sameAs":["https:\/\/www.facebook.com\/canadamotorjobs\/","https:\/\/x.com\/canadamotorjobs","https:\/\/www.instagram.com\/canadamotorjobs\/","https:\/\/www.linkedin.com\/company\/canadamotorjobs"]},{"@type":"Person","@id":"https:\/\/news.canadamotorjobs.com\/#\/schema\/person\/51793d1f87d44011d7bcc2ed99269a90","name":"Benoit Charette","image":{"@type":"ImageObject","inLanguage":"fr-CA","@id":"https:\/\/news.canadamotorjobs.com\/#\/schema\/person\/image\/","url":"https:\/\/secure.gravatar.com\/avatar\/45f3d2eebcccd909668d7ce7ea7267b6?s=96&d=mm&r=g","contentUrl":"https:\/\/secure.gravatar.com\/avatar\/45f3d2eebcccd909668d7ce7ea7267b6?s=96&d=mm&r=g","caption":"Benoit Charette"},"description":"Benoit Charette \/ Propri\u00e9taire et r\u00e9dacteur en chef Benoit Charette pratique le journalisme automobile depuis bient\u00f4t 30 ans. Il a fait ses classes au c\u00f4t\u00e9 de Daniel H\u00e9raud et au Carnet de route de 1992 \u00e0 2001. Il est fondateur, copropri\u00e9taire et r\u00e9dacteur en chef de L\u2019Annuel de l\u2019automobile, qu\u2019il publie depuis 2001. Il a anim\u00e9 les \u00e9missions RPM et RPM+ sur V et les L\u00e9gendes de la route sur Historia. \u00c0 la radio depuis 1986, il reprend l\u2019antenne cette ann\u00e9e sur les ondes de Cogeco et participe pour la deuxi\u00e8me ann\u00e9e \u00e0 l\u2019\u00e9mission Passion Auto sur RDS en plus de mettre en ligne le site Web officiel de L\u2019Annuel de l\u2019automobile sur annuelauto.ca.","sameAs":["https:\/\/annuelauto.ca\/"],"url":"https:\/\/news.canadamotorjobs.com\/fr\/author\/benoit-charette\/"}]}},"_links":{"self":[{"href":"https:\/\/news.canadamotorjobs.com\/fr\/wp-json\/wp\/v2\/posts\/42986"}],"collection":[{"href":"https:\/\/news.canadamotorjobs.com\/fr\/wp-json\/wp\/v2\/posts"}],"about":[{"href":"https:\/\/news.canadamotorjobs.com\/fr\/wp-json\/wp\/v2\/types\/post"}],"author":[{"embeddable":true,"href":"https:\/\/news.canadamotorjobs.com\/fr\/wp-json\/wp\/v2\/users\/8"}],"replies":[{"embeddable":true,"href":"https:\/\/news.canadamotorjobs.com\/fr\/wp-json\/wp\/v2\/comments?post=42986"}],"version-history":[{"count":0,"href":"https:\/\/news.canadamotorjobs.com\/fr\/wp-json\/wp\/v2\/posts\/42986\/revisions"}],"wp:featuredmedia":[{"embeddable":true,"href":"https:\/\/news.canadamotorjobs.com\/fr\/wp-json\/wp\/v2\/media\/42990"}],"wp:attachment":[{"href":"https:\/\/news.canadamotorjobs.com\/fr\/wp-json\/wp\/v2\/media?parent=42986"}],"wp:term":[{"taxonomy":"category","embeddable":true,"href":"https:\/\/news.canadamotorjobs.com\/fr\/wp-json\/wp\/v2\/categories?post=42986"},{"taxonomy":"post_tag","embeddable":true,"href":"https:\/\/news.canadamotorjobs.com\/fr\/wp-json\/wp\/v2\/tags?post=42986"}],"curies":[{"name":"wp","href":"https:\/\/api.w.org\/{rel}","templated":true}]}}