{"id":42970,"date":"2022-08-26T08:01:53","date_gmt":"2022-08-26T12:01:53","guid":{"rendered":"https:\/\/blog.canadamotorjobs.com\/audi-confirme-sa-presence-en-f1-pour-2026\/"},"modified":"2022-08-26T15:08:34","modified_gmt":"2022-08-26T19:08:34","slug":"audi-confirme-sa-presence-en-f1-pour-2026","status":"publish","type":"post","link":"https:\/\/news.canadamotorjobs.com\/fr\/audi-confirme-sa-presence-en-f1-pour-2026\/","title":{"rendered":"Audi confirme sa pr\u00e9sence en F1 pour 2026"},"content":{"rendered":"<p>C\u2019est maintenant officiel qu&#8217;Audi fera son entr\u00e9e en Formule 1 \u00e0 partir de 2026. Annonc\u00e9e lors d&#8217;une conf\u00e9rence de presse au Grand Prix de Belgique de Formule 1 \u00e0 Spa-Francorchamps, l&#8217;entr\u00e9e de la marque en F1 est principalement motiv\u00e9e par le passage prochain du championnat \u00e0 la durabilit\u00e9 avec de nouvelles r\u00e8gles techniques qui s&#8217;appliqueront \u00e0 partir de 2026. L&#8217;objectif ultime de la Formule 1 est de devenir carbone neutre d&#8217;ici la fin de la d\u00e9cennie, ce qui correspond \u00e0 la strat\u00e9gie d&#8217;Audi.<\/p>\n<h3>Tremplin de technologie et de marketing<\/h3>\n<p>En plus de mettre en valeur les plus r\u00e9cents d\u00e9veloppements technologiques en pratique sur des mod\u00e8les grand public, Audi explique \u00e9galement qu&#8217;elle voit un \u00e9norme potentiel marketing dans la Formule 1. Rien qu&#8217;en 2021, plus de 1,5 milliard de t\u00e9l\u00e9spectateurs ont regard\u00e9 les courses de la s\u00e9rie et sa popularit\u00e9 continue de cro\u00eetre sur des march\u00e9s tels que la Chine et les \u00c9tats-Unis, des r\u00e9gions cl\u00e9s pour Audi. La pr\u00e9sence de la F1 sur les m\u00e9dias sociaux se d\u00e9veloppe \u00e9galement \u00e0 un rythme acc\u00e9l\u00e9r\u00e9.<\/p>\n<h3>Une probable association avec Sauber<\/h3>\n<p>Audi n\u2019a pas fourni de d\u00e9tail sur son partenaire en Formule 1, mais beaucoup d\u2019experts rapportent que le constructeur allemand devrait s&#8217;associer \u00e0 Sauber. Un accord entre les deux parties donnerait \u00e0 Sauber un soutien de niveau usine pour la premi\u00e8re fois depuis que BMW a quitt\u00e9 la F1 \u00e0 la fin de 2009. Audi indique qu&#8217;une annonce officielle sur l&#8217;\u00e9quipe avec laquelle elle travaillera sera faite avant la fin de l&#8217;ann\u00e9e.<\/p>\n","protected":false},"excerpt":{"rendered":"<p>C\u2019est maintenant officiel qu&#8217;Audi fera son entr\u00e9e en Formule 1 \u00e0 partir de 2026. Annonc\u00e9e lors d&#8217;une conf\u00e9rence de presse au Grand Prix de Belgique de Formule 1 \u00e0 Spa-Francorchamps, l&#8217;entr\u00e9e de la marque en F1 est principalement motiv\u00e9e par le passage prochain du championnat \u00e0 la durabilit\u00e9 avec de nouvelles r\u00e8gles techniques qui s&#8217;appliqueront [&hellip;]<\/p>\n","protected":false},"author":8,"featured_media":42974,"comment_status":"close","ping_status":"closed","sticky":false,"template":"","format":"standard","meta":{"_monsterinsights_skip_tracking":false,"_monsterinsights_sitenote_active":false,"_monsterinsights_sitenote_note":"","_monsterinsights_sitenote_category":0,"footnotes":""},"categories":[101],"tags":[131],"yoast_head":"<!-- This site is optimized with the Yoast SEO plugin v23.2 - https:\/\/yoast.com\/wordpress\/plugins\/seo\/ -->\n<title>Audi confirme sa pr\u00e9sence en F1 pour 2026 - CanadaMotorJobs.com<\/title>\n<meta name=\"description\" content=\"Audi confirme sa pr\u00e9sence en F1 pour 2026 - Benoit Charette - Annuel automobile - CanadaMotorJobs.com.\" \/>\n<meta name=\"robots\" content=\"index, follow, max-snippet:-1, max-image-preview:large, max-video-preview:-1\" \/>\n<meta property=\"og:locale\" content=\"fr_CA\" \/>\n<meta property=\"og:type\" content=\"article\" \/>\n<meta property=\"og:title\" content=\"Audi confirme sa pr\u00e9sence en F1 pour 2026 - CanadaMotorJobs.com\" \/>\n<meta property=\"og:description\" content=\"Audi confirme sa pr\u00e9sence en F1 pour 2026 - Benoit Charette - Annuel automobile - CanadaMotorJobs.com.\" \/>\n<meta property=\"og:url\" content=\"https:\/\/news.canadamotorjobs.com\/fr\/audi-confirme-sa-presence-en-f1-pour-2026\/\" \/>\n<meta property=\"og:site_name\" content=\"CanadaMotorJobs.com\" \/>\n<meta property=\"article:publisher\" content=\"https:\/\/www.facebook.com\/canadamotorjobs\/\" \/>\n<meta property=\"article:published_time\" content=\"2022-08-26T12:01:53+00:00\" \/>\n<meta property=\"article:modified_time\" content=\"2022-08-26T19:08:34+00:00\" \/>\n<meta property=\"og:image\" content=\"https:\/\/news.canadamotorjobs.com\/wp-content\/uploads\/2022\/08\/A224489_medium-scaled-1-1.jpg\" \/>\n\t<meta property=\"og:image:width\" content=\"2560\" \/>\n\t<meta property=\"og:image:height\" content=\"1919\" \/>\n\t<meta property=\"og:image:type\" content=\"image\/jpeg\" \/>\n<meta name=\"author\" content=\"Benoit Charette\" \/>\n<meta name=\"twitter:card\" content=\"summary_large_image\" \/>\n<meta name=\"twitter:creator\" content=\"@canadamotorjobs\" \/>\n<meta name=\"twitter:site\" content=\"@canadamotorjobs\" \/>\n<meta name=\"twitter:label1\" content=\"\u00c9crit par\" \/>\n\t<meta name=\"twitter:data1\" content=\"Benoit Charette\" \/>\n\t<meta name=\"twitter:label2\" content=\"Estimation du temps de lecture\" \/>\n\t<meta name=\"twitter:data2\" content=\"2 minutes\" \/>\n<!-- \/ Yoast SEO plugin. -->","yoast_head_json":{"title":"Audi confirme sa pr\u00e9sence en F1 pour 2026 - CanadaMotorJobs.com","description":"Audi confirme sa pr\u00e9sence en F1 pour 2026 - Benoit Charette - Annuel automobile - CanadaMotorJobs.com.","robots":{"index":"index","follow":"follow","max-snippet":"max-snippet:-1","max-image-preview":"max-image-preview:large","max-video-preview":"max-video-preview:-1"},"og_locale":"fr_CA","og_type":"article","og_title":"Audi confirme sa pr\u00e9sence en F1 pour 2026 - CanadaMotorJobs.com","og_description":"Audi confirme sa pr\u00e9sence en F1 pour 2026 - Benoit Charette - Annuel automobile - CanadaMotorJobs.com.","og_url":"https:\/\/news.canadamotorjobs.com\/fr\/audi-confirme-sa-presence-en-f1-pour-2026\/","og_site_name":"CanadaMotorJobs.com","article_publisher":"https:\/\/www.facebook.com\/canadamotorjobs\/","article_published_time":"2022-08-26T12:01:53+00:00","article_modified_time":"2022-08-26T19:08:34+00:00","og_image":[{"width":2560,"height":1919,"url":"https:\/\/news.canadamotorjobs.com\/wp-content\/uploads\/2022\/08\/A224489_medium-scaled-1-1.jpg","type":"image\/jpeg"}],"author":"Benoit Charette","twitter_card":"summary_large_image","twitter_creator":"@canadamotorjobs","twitter_site":"@canadamotorjobs","twitter_misc":{"\u00c9crit par":"Benoit Charette","Estimation du temps de lecture":"2 minutes"},"schema":{"@context":"https:\/\/schema.org","@graph":[{"@type":"Article","@id":"https:\/\/news.canadamotorjobs.com\/fr\/audi-confirme-sa-presence-en-f1-pour-2026\/#article","isPartOf":{"@id":"https:\/\/news.canadamotorjobs.com\/fr\/audi-confirme-sa-presence-en-f1-pour-2026\/"},"author":{"name":"Benoit Charette","@id":"https:\/\/news.canadamotorjobs.com\/#\/schema\/person\/51793d1f87d44011d7bcc2ed99269a90"},"headline":"Audi confirme sa pr\u00e9sence en F1 pour 2026","datePublished":"2022-08-26T12:01:53+00:00","dateModified":"2022-08-26T19:08:34+00:00","mainEntityOfPage":{"@id":"https:\/\/news.canadamotorjobs.com\/fr\/audi-confirme-sa-presence-en-f1-pour-2026\/"},"wordCount":281,"publisher":{"@id":"https:\/\/news.canadamotorjobs.com\/#organization"},"image":{"@id":"https:\/\/news.canadamotorjobs.com\/fr\/audi-confirme-sa-presence-en-f1-pour-2026\/#primaryimage"},"thumbnailUrl":"https:\/\/news.canadamotorjobs.com\/wp-content\/uploads\/2022\/08\/A224489_medium-scaled-1-1.jpg","keywords":["Newsletter"],"articleSection":["Annuel automobile"],"inLanguage":"fr-CA"},{"@type":"WebPage","@id":"https:\/\/news.canadamotorjobs.com\/fr\/audi-confirme-sa-presence-en-f1-pour-2026\/","url":"https:\/\/news.canadamotorjobs.com\/fr\/audi-confirme-sa-presence-en-f1-pour-2026\/","name":"Audi confirme sa pr\u00e9sence en F1 pour 2026 - CanadaMotorJobs.com","isPartOf":{"@id":"https:\/\/news.canadamotorjobs.com\/#website"},"primaryImageOfPage":{"@id":"https:\/\/news.canadamotorjobs.com\/fr\/audi-confirme-sa-presence-en-f1-pour-2026\/#primaryimage"},"image":{"@id":"https:\/\/news.canadamotorjobs.com\/fr\/audi-confirme-sa-presence-en-f1-pour-2026\/#primaryimage"},"thumbnailUrl":"https:\/\/news.canadamotorjobs.com\/wp-content\/uploads\/2022\/08\/A224489_medium-scaled-1-1.jpg","datePublished":"2022-08-26T12:01:53+00:00","dateModified":"2022-08-26T19:08:34+00:00","description":"Audi confirme sa pr\u00e9sence en F1 pour 2026 - Benoit Charette - Annuel automobile - CanadaMotorJobs.com.","breadcrumb":{"@id":"https:\/\/news.canadamotorjobs.com\/fr\/audi-confirme-sa-presence-en-f1-pour-2026\/#breadcrumb"},"inLanguage":"fr-CA","potentialAction":[{"@type":"ReadAction","target":["https:\/\/news.canadamotorjobs.com\/fr\/audi-confirme-sa-presence-en-f1-pour-2026\/"]}]},{"@type":"ImageObject","inLanguage":"fr-CA","@id":"https:\/\/news.canadamotorjobs.com\/fr\/audi-confirme-sa-presence-en-f1-pour-2026\/#primaryimage","url":"https:\/\/news.canadamotorjobs.com\/wp-content\/uploads\/2022\/08\/A224489_medium-scaled-1-1.jpg","contentUrl":"https:\/\/news.canadamotorjobs.com\/wp-content\/uploads\/2022\/08\/A224489_medium-scaled-1-1.jpg","width":2560,"height":1919},{"@type":"BreadcrumbList","@id":"https:\/\/news.canadamotorjobs.com\/fr\/audi-confirme-sa-presence-en-f1-pour-2026\/#breadcrumb","itemListElement":[{"@type":"ListItem","position":1,"name":"Home","item":"https:\/\/news.canadamotorjobs.com\/fr\/blog\/"},{"@type":"ListItem","position":2,"name":"Audi confirme sa pr\u00e9sence en F1 pour 2026"}]},{"@type":"WebSite","@id":"https:\/\/news.canadamotorjobs.com\/#website","url":"https:\/\/news.canadamotorjobs.com\/","name":"CanadaMotorJobs.com","description":"Automotive Jobs","publisher":{"@id":"https:\/\/news.canadamotorjobs.com\/#organization"},"potentialAction":[{"@type":"SearchAction","target":{"@type":"EntryPoint","urlTemplate":"https:\/\/news.canadamotorjobs.com\/?s={search_term_string}"},"query-input":"required name=search_term_string"}],"inLanguage":"fr-CA"},{"@type":"Organization","@id":"https:\/\/news.canadamotorjobs.com\/#organization","name":"Canada Motor Jobs","url":"https:\/\/news.canadamotorjobs.com\/","logo":{"@type":"ImageObject","inLanguage":"fr-CA","@id":"https:\/\/news.canadamotorjobs.com\/#\/schema\/logo\/image\/","url":"https:\/\/news.canadamotorjobs.com\/wp-content\/uploads\/2022\/10\/logo-canada-motor-jobs-1.png","contentUrl":"https:\/\/news.canadamotorjobs.com\/wp-content\/uploads\/2022\/10\/logo-canada-motor-jobs-1.png","width":800,"height":400,"caption":"Canada Motor Jobs"},"image":{"@id":"https:\/\/news.canadamotorjobs.com\/#\/schema\/logo\/image\/"},"sameAs":["https:\/\/www.facebook.com\/canadamotorjobs\/","https:\/\/x.com\/canadamotorjobs","https:\/\/www.instagram.com\/canadamotorjobs\/","https:\/\/www.linkedin.com\/company\/canadamotorjobs"]},{"@type":"Person","@id":"https:\/\/news.canadamotorjobs.com\/#\/schema\/person\/51793d1f87d44011d7bcc2ed99269a90","name":"Benoit Charette","image":{"@type":"ImageObject","inLanguage":"fr-CA","@id":"https:\/\/news.canadamotorjobs.com\/#\/schema\/person\/image\/","url":"https:\/\/secure.gravatar.com\/avatar\/45f3d2eebcccd909668d7ce7ea7267b6?s=96&d=mm&r=g","contentUrl":"https:\/\/secure.gravatar.com\/avatar\/45f3d2eebcccd909668d7ce7ea7267b6?s=96&d=mm&r=g","caption":"Benoit Charette"},"description":"Benoit Charette \/ Propri\u00e9taire et r\u00e9dacteur en chef Benoit Charette pratique le journalisme automobile depuis bient\u00f4t 30 ans. Il a fait ses classes au c\u00f4t\u00e9 de Daniel H\u00e9raud et au Carnet de route de 1992 \u00e0 2001. Il est fondateur, copropri\u00e9taire et r\u00e9dacteur en chef de L\u2019Annuel de l\u2019automobile, qu\u2019il publie depuis 2001. Il a anim\u00e9 les \u00e9missions RPM et RPM+ sur V et les L\u00e9gendes de la route sur Historia. \u00c0 la radio depuis 1986, il reprend l\u2019antenne cette ann\u00e9e sur les ondes de Cogeco et participe pour la deuxi\u00e8me ann\u00e9e \u00e0 l\u2019\u00e9mission Passion Auto sur RDS en plus de mettre en ligne le site Web officiel de L\u2019Annuel de l\u2019automobile sur annuelauto.ca.","sameAs":["https:\/\/annuelauto.ca\/"],"url":"https:\/\/news.canadamotorjobs.com\/fr\/author\/benoit-charette\/"}]}},"_links":{"self":[{"href":"https:\/\/news.canadamotorjobs.com\/fr\/wp-json\/wp\/v2\/posts\/42970"}],"collection":[{"href":"https:\/\/news.canadamotorjobs.com\/fr\/wp-json\/wp\/v2\/posts"}],"about":[{"href":"https:\/\/news.canadamotorjobs.com\/fr\/wp-json\/wp\/v2\/types\/post"}],"author":[{"embeddable":true,"href":"https:\/\/news.canadamotorjobs.com\/fr\/wp-json\/wp\/v2\/users\/8"}],"replies":[{"embeddable":true,"href":"https:\/\/news.canadamotorjobs.com\/fr\/wp-json\/wp\/v2\/comments?post=42970"}],"version-history":[{"count":0,"href":"https:\/\/news.canadamotorjobs.com\/fr\/wp-json\/wp\/v2\/posts\/42970\/revisions"}],"wp:featuredmedia":[{"embeddable":true,"href":"https:\/\/news.canadamotorjobs.com\/fr\/wp-json\/wp\/v2\/media\/42974"}],"wp:attachment":[{"href":"https:\/\/news.canadamotorjobs.com\/fr\/wp-json\/wp\/v2\/media?parent=42970"}],"wp:term":[{"taxonomy":"category","embeddable":true,"href":"https:\/\/news.canadamotorjobs.com\/fr\/wp-json\/wp\/v2\/categories?post=42970"},{"taxonomy":"post_tag","embeddable":true,"href":"https:\/\/news.canadamotorjobs.com\/fr\/wp-json\/wp\/v2\/tags?post=42970"}],"curies":[{"name":"wp","href":"https:\/\/api.w.org\/{rel}","templated":true}]}}