{"id":42962,"date":"2022-08-26T07:42:12","date_gmt":"2022-08-26T11:42:12","guid":{"rendered":"https:\/\/blog.canadamotorjobs.com\/apple-prend-le-controle-complet-de-votre-voiture\/"},"modified":"2022-08-26T07:44:01","modified_gmt":"2022-08-26T11:44:01","slug":"apple-prend-le-controle-complet-de-votre-voiture","status":"publish","type":"post","link":"https:\/\/news.canadamotorjobs.com\/fr\/apple-prend-le-controle-complet-de-votre-voiture\/","title":{"rendered":"Apple prend le contr\u00f4le complet de votre voiture"},"content":{"rendered":"<\/p>\n<p>La compagnie Apple est sur le point de d\u00e9voiler une nouvelle g\u00e9n\u00e9ration de CarPlay avec une version qui va beaucoup plus loin que des simples applications d\u2019iPhone dans votre voiture. Les g\u00e9ants des technologies se livrent une lutte impitoyable pour prendre le contr\u00f4le de votre voiture. Apple est pr\u00eat \u00e0 prendre le contr\u00f4le de tous les \u00e9crans de votre v\u00e9hicule, rempla\u00e7ant les interfaces utilisateurs et les commandes des constructeurs automobiles et donnant acc\u00e8s \u00e0 des donn\u00e9es suppl\u00e9mentaires sur le v\u00e9hicule et le conducteur.<br \/> Au-del\u00e0 des simples fonctions<br \/> La nouvelle version de CarPlay d&#8217;Apple est con\u00e7ue pour prendre le contr\u00f4le de tous les \u00e9crans du tableau de bord, rempla\u00e7ant les interfaces utilisateurs des constructeurs. Une id\u00e9e qui ne pla\u00eet pas trop \u00e0 certains constructeurs qui ne veulent pas d\u2019une telle d\u00e9pendance face \u00e0 un fournisseur de technologie. Les g\u00e9ants comme Apple, Microsoft et Google voient votre voiture une immense banque de donn\u00e9es. McKinsey &amp; Co. estime que les donn\u00e9es relatives aux v\u00e9hicules repr\u00e9senteront jusqu&#8217;\u00e0 400 milliards de dollars par ann\u00e9e d&#8217;ici 2030. Fortune Business Insights pr\u00e9voit que le march\u00e9 mondial des voitures connect\u00e9es passera de pr\u00e8s de 60 milliards de dollars en 2021 \u00e0 plus de 190 milliards en 2028.<br \/> Vendre des services aux utilisateurs<br \/> En prenant le contr\u00f4le de votre voiture, Apple veut aussi vendre des services tels que des assurances avec paiement au kilom\u00e8tre et des offres de marchands bas\u00e9es la localisation. Apple a d\u00e9clar\u00e9 qu&#8217;elle &#8220;travaillait avec les constructeurs automobiles du monde entier&#8221; lorsqu&#8217;elle a pr\u00e9sent\u00e9 la nouvelle<\/p>\n","protected":false},"excerpt":{"rendered":"<p>La compagnie Apple est sur le point de d\u00e9voiler une nouvelle g\u00e9n\u00e9ration de CarPlay avec une version qui va beaucoup plus loin que des simples applications d\u2019iPhone dans votre voiture. Les g\u00e9ants des technologies se livrent une lutte impitoyable pour prendre le contr\u00f4le de votre voiture. Apple est pr\u00eat \u00e0 prendre le contr\u00f4le de tous [&hellip;]<\/p>\n","protected":false},"author":8,"featured_media":42966,"comment_status":"close","ping_status":"closed","sticky":false,"template":"","format":"standard","meta":{"_monsterinsights_skip_tracking":false,"_monsterinsights_sitenote_active":false,"_monsterinsights_sitenote_note":"","_monsterinsights_sitenote_category":0,"footnotes":""},"categories":[101],"tags":[],"yoast_head":"<!-- This site is optimized with the Yoast SEO plugin v23.2 - https:\/\/yoast.com\/wordpress\/plugins\/seo\/ -->\n<title>Apple prend le contr\u00f4le complet de votre voiture - CanadaMotorJobs.com<\/title>\n<meta name=\"description\" content=\"Apple prend le contr\u00f4le complet de votre voiture - Benoit Charette - Annuel automobile - CanadaMotorJobs.com.\" \/>\n<meta name=\"robots\" content=\"index, follow, max-snippet:-1, max-image-preview:large, max-video-preview:-1\" \/>\n<meta property=\"og:locale\" content=\"fr_CA\" \/>\n<meta property=\"og:type\" content=\"article\" \/>\n<meta property=\"og:title\" content=\"Apple prend le contr\u00f4le complet de votre voiture - CanadaMotorJobs.com\" \/>\n<meta property=\"og:description\" content=\"Apple prend le contr\u00f4le complet de votre voiture - Benoit Charette - Annuel automobile - CanadaMotorJobs.com.\" \/>\n<meta property=\"og:url\" content=\"https:\/\/news.canadamotorjobs.com\/fr\/apple-prend-le-controle-complet-de-votre-voiture\/\" \/>\n<meta property=\"og:site_name\" content=\"CanadaMotorJobs.com\" \/>\n<meta property=\"article:publisher\" content=\"https:\/\/www.facebook.com\/canadamotorjobs\/\" \/>\n<meta property=\"article:published_time\" content=\"2022-08-26T11:42:12+00:00\" \/>\n<meta property=\"article:modified_time\" content=\"2022-08-26T11:44:01+00:00\" \/>\n<meta property=\"og:image\" content=\"https:\/\/news.canadamotorjobs.com\/wp-content\/uploads\/2022\/08\/eb783d10-e5c0-11ec-bfbb-0e7c75f9e233-1.jpg\" \/>\n\t<meta property=\"og:image:width\" content=\"1200\" \/>\n\t<meta property=\"og:image:height\" content=\"732\" \/>\n\t<meta property=\"og:image:type\" content=\"image\/jpeg\" \/>\n<meta name=\"author\" content=\"Benoit Charette\" \/>\n<meta name=\"twitter:card\" content=\"summary_large_image\" \/>\n<meta name=\"twitter:creator\" content=\"@canadamotorjobs\" \/>\n<meta name=\"twitter:site\" content=\"@canadamotorjobs\" \/>\n<meta name=\"twitter:label1\" content=\"\u00c9crit par\" \/>\n\t<meta name=\"twitter:data1\" content=\"Benoit Charette\" \/>\n\t<meta name=\"twitter:label2\" content=\"Estimation du temps de lecture\" \/>\n\t<meta name=\"twitter:data2\" content=\"1 minute\" \/>\n<!-- \/ Yoast SEO plugin. -->","yoast_head_json":{"title":"Apple prend le contr\u00f4le complet de votre voiture - CanadaMotorJobs.com","description":"Apple prend le contr\u00f4le complet de votre voiture - Benoit Charette - Annuel automobile - CanadaMotorJobs.com.","robots":{"index":"index","follow":"follow","max-snippet":"max-snippet:-1","max-image-preview":"max-image-preview:large","max-video-preview":"max-video-preview:-1"},"og_locale":"fr_CA","og_type":"article","og_title":"Apple prend le contr\u00f4le complet de votre voiture - CanadaMotorJobs.com","og_description":"Apple prend le contr\u00f4le complet de votre voiture - Benoit Charette - Annuel automobile - CanadaMotorJobs.com.","og_url":"https:\/\/news.canadamotorjobs.com\/fr\/apple-prend-le-controle-complet-de-votre-voiture\/","og_site_name":"CanadaMotorJobs.com","article_publisher":"https:\/\/www.facebook.com\/canadamotorjobs\/","article_published_time":"2022-08-26T11:42:12+00:00","article_modified_time":"2022-08-26T11:44:01+00:00","og_image":[{"width":1200,"height":732,"url":"https:\/\/news.canadamotorjobs.com\/wp-content\/uploads\/2022\/08\/eb783d10-e5c0-11ec-bfbb-0e7c75f9e233-1.jpg","type":"image\/jpeg"}],"author":"Benoit Charette","twitter_card":"summary_large_image","twitter_creator":"@canadamotorjobs","twitter_site":"@canadamotorjobs","twitter_misc":{"\u00c9crit par":"Benoit Charette","Estimation du temps de lecture":"1 minute"},"schema":{"@context":"https:\/\/schema.org","@graph":[{"@type":"Article","@id":"https:\/\/news.canadamotorjobs.com\/fr\/apple-prend-le-controle-complet-de-votre-voiture\/#article","isPartOf":{"@id":"https:\/\/news.canadamotorjobs.com\/fr\/apple-prend-le-controle-complet-de-votre-voiture\/"},"author":{"name":"Benoit Charette","@id":"https:\/\/news.canadamotorjobs.com\/#\/schema\/person\/51793d1f87d44011d7bcc2ed99269a90"},"headline":"Apple prend le contr\u00f4le complet de votre voiture","datePublished":"2022-08-26T11:42:12+00:00","dateModified":"2022-08-26T11:44:01+00:00","mainEntityOfPage":{"@id":"https:\/\/news.canadamotorjobs.com\/fr\/apple-prend-le-controle-complet-de-votre-voiture\/"},"wordCount":287,"publisher":{"@id":"https:\/\/news.canadamotorjobs.com\/#organization"},"image":{"@id":"https:\/\/news.canadamotorjobs.com\/fr\/apple-prend-le-controle-complet-de-votre-voiture\/#primaryimage"},"thumbnailUrl":"https:\/\/news.canadamotorjobs.com\/wp-content\/uploads\/2022\/08\/eb783d10-e5c0-11ec-bfbb-0e7c75f9e233-1.jpg","articleSection":["Annuel automobile"],"inLanguage":"fr-CA"},{"@type":"WebPage","@id":"https:\/\/news.canadamotorjobs.com\/fr\/apple-prend-le-controle-complet-de-votre-voiture\/","url":"https:\/\/news.canadamotorjobs.com\/fr\/apple-prend-le-controle-complet-de-votre-voiture\/","name":"Apple prend le contr\u00f4le complet de votre voiture - CanadaMotorJobs.com","isPartOf":{"@id":"https:\/\/news.canadamotorjobs.com\/#website"},"primaryImageOfPage":{"@id":"https:\/\/news.canadamotorjobs.com\/fr\/apple-prend-le-controle-complet-de-votre-voiture\/#primaryimage"},"image":{"@id":"https:\/\/news.canadamotorjobs.com\/fr\/apple-prend-le-controle-complet-de-votre-voiture\/#primaryimage"},"thumbnailUrl":"https:\/\/news.canadamotorjobs.com\/wp-content\/uploads\/2022\/08\/eb783d10-e5c0-11ec-bfbb-0e7c75f9e233-1.jpg","datePublished":"2022-08-26T11:42:12+00:00","dateModified":"2022-08-26T11:44:01+00:00","description":"Apple prend le contr\u00f4le complet de votre voiture - Benoit Charette - Annuel automobile - CanadaMotorJobs.com.","breadcrumb":{"@id":"https:\/\/news.canadamotorjobs.com\/fr\/apple-prend-le-controle-complet-de-votre-voiture\/#breadcrumb"},"inLanguage":"fr-CA","potentialAction":[{"@type":"ReadAction","target":["https:\/\/news.canadamotorjobs.com\/fr\/apple-prend-le-controle-complet-de-votre-voiture\/"]}]},{"@type":"ImageObject","inLanguage":"fr-CA","@id":"https:\/\/news.canadamotorjobs.com\/fr\/apple-prend-le-controle-complet-de-votre-voiture\/#primaryimage","url":"https:\/\/news.canadamotorjobs.com\/wp-content\/uploads\/2022\/08\/eb783d10-e5c0-11ec-bfbb-0e7c75f9e233-1.jpg","contentUrl":"https:\/\/news.canadamotorjobs.com\/wp-content\/uploads\/2022\/08\/eb783d10-e5c0-11ec-bfbb-0e7c75f9e233-1.jpg","width":1200,"height":732},{"@type":"BreadcrumbList","@id":"https:\/\/news.canadamotorjobs.com\/fr\/apple-prend-le-controle-complet-de-votre-voiture\/#breadcrumb","itemListElement":[{"@type":"ListItem","position":1,"name":"Home","item":"https:\/\/news.canadamotorjobs.com\/fr\/blog\/"},{"@type":"ListItem","position":2,"name":"Apple prend le contr\u00f4le complet de votre voiture"}]},{"@type":"WebSite","@id":"https:\/\/news.canadamotorjobs.com\/#website","url":"https:\/\/news.canadamotorjobs.com\/","name":"CanadaMotorJobs.com","description":"Automotive Jobs","publisher":{"@id":"https:\/\/news.canadamotorjobs.com\/#organization"},"potentialAction":[{"@type":"SearchAction","target":{"@type":"EntryPoint","urlTemplate":"https:\/\/news.canadamotorjobs.com\/?s={search_term_string}"},"query-input":"required name=search_term_string"}],"inLanguage":"fr-CA"},{"@type":"Organization","@id":"https:\/\/news.canadamotorjobs.com\/#organization","name":"Canada Motor Jobs","url":"https:\/\/news.canadamotorjobs.com\/","logo":{"@type":"ImageObject","inLanguage":"fr-CA","@id":"https:\/\/news.canadamotorjobs.com\/#\/schema\/logo\/image\/","url":"https:\/\/news.canadamotorjobs.com\/wp-content\/uploads\/2022\/10\/logo-canada-motor-jobs-1.png","contentUrl":"https:\/\/news.canadamotorjobs.com\/wp-content\/uploads\/2022\/10\/logo-canada-motor-jobs-1.png","width":800,"height":400,"caption":"Canada Motor Jobs"},"image":{"@id":"https:\/\/news.canadamotorjobs.com\/#\/schema\/logo\/image\/"},"sameAs":["https:\/\/www.facebook.com\/canadamotorjobs\/","https:\/\/x.com\/canadamotorjobs","https:\/\/www.instagram.com\/canadamotorjobs\/","https:\/\/www.linkedin.com\/company\/canadamotorjobs"]},{"@type":"Person","@id":"https:\/\/news.canadamotorjobs.com\/#\/schema\/person\/51793d1f87d44011d7bcc2ed99269a90","name":"Benoit Charette","image":{"@type":"ImageObject","inLanguage":"fr-CA","@id":"https:\/\/news.canadamotorjobs.com\/#\/schema\/person\/image\/","url":"https:\/\/secure.gravatar.com\/avatar\/45f3d2eebcccd909668d7ce7ea7267b6?s=96&d=mm&r=g","contentUrl":"https:\/\/secure.gravatar.com\/avatar\/45f3d2eebcccd909668d7ce7ea7267b6?s=96&d=mm&r=g","caption":"Benoit Charette"},"description":"Benoit Charette \/ Propri\u00e9taire et r\u00e9dacteur en chef Benoit Charette pratique le journalisme automobile depuis bient\u00f4t 30 ans. Il a fait ses classes au c\u00f4t\u00e9 de Daniel H\u00e9raud et au Carnet de route de 1992 \u00e0 2001. Il est fondateur, copropri\u00e9taire et r\u00e9dacteur en chef de L\u2019Annuel de l\u2019automobile, qu\u2019il publie depuis 2001. Il a anim\u00e9 les \u00e9missions RPM et RPM+ sur V et les L\u00e9gendes de la route sur Historia. \u00c0 la radio depuis 1986, il reprend l\u2019antenne cette ann\u00e9e sur les ondes de Cogeco et participe pour la deuxi\u00e8me ann\u00e9e \u00e0 l\u2019\u00e9mission Passion Auto sur RDS en plus de mettre en ligne le site Web officiel de L\u2019Annuel de l\u2019automobile sur annuelauto.ca.","sameAs":["https:\/\/annuelauto.ca\/"],"url":"https:\/\/news.canadamotorjobs.com\/fr\/author\/benoit-charette\/"}]}},"_links":{"self":[{"href":"https:\/\/news.canadamotorjobs.com\/fr\/wp-json\/wp\/v2\/posts\/42962"}],"collection":[{"href":"https:\/\/news.canadamotorjobs.com\/fr\/wp-json\/wp\/v2\/posts"}],"about":[{"href":"https:\/\/news.canadamotorjobs.com\/fr\/wp-json\/wp\/v2\/types\/post"}],"author":[{"embeddable":true,"href":"https:\/\/news.canadamotorjobs.com\/fr\/wp-json\/wp\/v2\/users\/8"}],"replies":[{"embeddable":true,"href":"https:\/\/news.canadamotorjobs.com\/fr\/wp-json\/wp\/v2\/comments?post=42962"}],"version-history":[{"count":0,"href":"https:\/\/news.canadamotorjobs.com\/fr\/wp-json\/wp\/v2\/posts\/42962\/revisions"}],"wp:featuredmedia":[{"embeddable":true,"href":"https:\/\/news.canadamotorjobs.com\/fr\/wp-json\/wp\/v2\/media\/42966"}],"wp:attachment":[{"href":"https:\/\/news.canadamotorjobs.com\/fr\/wp-json\/wp\/v2\/media?parent=42962"}],"wp:term":[{"taxonomy":"category","embeddable":true,"href":"https:\/\/news.canadamotorjobs.com\/fr\/wp-json\/wp\/v2\/categories?post=42962"},{"taxonomy":"post_tag","embeddable":true,"href":"https:\/\/news.canadamotorjobs.com\/fr\/wp-json\/wp\/v2\/tags?post=42962"}],"curies":[{"name":"wp","href":"https:\/\/api.w.org\/{rel}","templated":true}]}}