{"id":42954,"date":"2022-08-25T12:40:11","date_gmt":"2022-08-25T16:40:11","guid":{"rendered":"https:\/\/blog.canadamotorjobs.com\/la-canicule-en-chine-empeche-la-recharge-des-vehicules-electriques\/"},"modified":"2022-08-25T12:43:48","modified_gmt":"2022-08-25T16:43:48","slug":"la-canicule-en-chine-empeche-la-recharge-des-vehicules-electriques","status":"publish","type":"post","link":"https:\/\/news.canadamotorjobs.com\/fr\/la-canicule-en-chine-empeche-la-recharge-des-vehicules-electriques\/","title":{"rendered":"La canicule en Chine emp\u00eache la recharge des v\u00e9hicules \u00e9lectriques"},"content":{"rendered":"<\/p>\n<p>La crise de l&#8217;\u00e9lectricit\u00e9 en Chine affecte les propri\u00e9taires de voitures \u00e9lectriques. Les constructeurs automobiles, dont Tesla et Nio ont suspendu certaines installations de recharge. Les applications des utilisateurs indiquent que des stations de recharge sont hors service \u00e0 Chengdu, dans la province du Sichuan, o\u00f9 la pire s\u00e9cheresse qu&#8217;ait connue le pays depuis les ann\u00e9es 1960 a r\u00e9duit la production d&#8217;hydro\u00e9lectricit\u00e9, alors qu&#8217;une vague de chaleur intense a fait grimper la demande d&#8217;\u00e9lectricit\u00e9 et les gouvernants locaux doivent r\u00e9duire la consommation d\u2019\u00e9lectricit\u00e9.<br \/> M\u00eame chose pour les \u00e9changes de batteries<br \/> La compagnie Nio a affich\u00e9 des avis temporaires sur son site internet pour informer les propri\u00e9taires que certaines de ses stations d&#8217;\u00e9change de batteries de Chengdu sont \u00ab\u00a0hors service\u00a0\u00bb en raison de la \u00ab\u00a0surcharge grave du r\u00e9seau due \u00e0 la persistance de temp\u00e9ratures \u00e9lev\u00e9es\u00a0\u00bb. Tesla a d\u00e9sactiv\u00e9 ou restreint les services de plus d&#8217;une douzaine de stations de superchargeurs dans les deux villes, n&#8217;en laissant que deux encore en service et seulement pendant la nuit \u00e0 partir du 17 ao\u00fbt, ont rapport\u00e9 les m\u00e9dias locaux, citant une lettre d&#8217;un conducteur.<br \/> Une crise inqui\u00e9tante<br \/> La s\u00e9cheresse historique en Chine provoque une crise de l&#8217;\u00e9lectricit\u00e9 qui laisse place \u00e0 beaucoup de questions. Les coupures d&#8217;\u00e9lectricit\u00e9 dans le Sichuan ont aggrav\u00e9 les difficult\u00e9s des fabricants, notamment Toyota. et le producteur de batteries Contemporary Amperex Technology Co. qui ont d\u00fb fermer des usines. Teld New Energy, qui exploite environ 300 000 bornes de recharge dans tout le pays, demande aux conducteurs de v\u00e9rifier si<\/p>\n","protected":false},"excerpt":{"rendered":"<p>La crise de l&#8217;\u00e9lectricit\u00e9 en Chine affecte les propri\u00e9taires de voitures \u00e9lectriques. Les constructeurs automobiles, dont Tesla et Nio ont suspendu certaines installations de recharge. Les applications des utilisateurs indiquent que des stations de recharge sont hors service \u00e0 Chengdu, dans la province du Sichuan, o\u00f9 la pire s\u00e9cheresse qu&#8217;ait connue le pays depuis les [&hellip;]<\/p>\n","protected":false},"author":8,"featured_media":42958,"comment_status":"close","ping_status":"closed","sticky":false,"template":"","format":"standard","meta":{"_monsterinsights_skip_tracking":false,"_monsterinsights_sitenote_active":false,"_monsterinsights_sitenote_note":"","_monsterinsights_sitenote_category":0,"footnotes":""},"categories":[101],"tags":[],"yoast_head":"<!-- This site is optimized with the Yoast SEO plugin v23.2 - https:\/\/yoast.com\/wordpress\/plugins\/seo\/ -->\n<title>La canicule en Chine emp\u00eache la recharge des v\u00e9hicules \u00e9lectriques - CanadaMotorJobs.com<\/title>\n<meta name=\"description\" content=\"La canicule en Chine emp\u00eache la recharge des v\u00e9hicules \u00e9lectriques - Benoit Charette - Annuel automobile - CanadaMotorJobs.com.\" \/>\n<meta name=\"robots\" content=\"index, follow, max-snippet:-1, max-image-preview:large, max-video-preview:-1\" \/>\n<meta property=\"og:locale\" content=\"fr_CA\" \/>\n<meta property=\"og:type\" content=\"article\" \/>\n<meta property=\"og:title\" content=\"La canicule en Chine emp\u00eache la recharge des v\u00e9hicules \u00e9lectriques - CanadaMotorJobs.com\" \/>\n<meta property=\"og:description\" content=\"La canicule en Chine emp\u00eache la recharge des v\u00e9hicules \u00e9lectriques - Benoit Charette - Annuel automobile - CanadaMotorJobs.com.\" \/>\n<meta property=\"og:url\" content=\"https:\/\/news.canadamotorjobs.com\/fr\/la-canicule-en-chine-empeche-la-recharge-des-vehicules-electriques\/\" \/>\n<meta property=\"og:site_name\" content=\"CanadaMotorJobs.com\" \/>\n<meta property=\"article:publisher\" content=\"https:\/\/www.facebook.com\/canadamotorjobs\/\" \/>\n<meta property=\"article:published_time\" content=\"2022-08-25T16:40:11+00:00\" \/>\n<meta property=\"article:modified_time\" content=\"2022-08-25T16:43:48+00:00\" \/>\n<meta property=\"og:image\" content=\"https:\/\/news.canadamotorjobs.com\/wp-content\/uploads\/2022\/08\/5d3523bca310d830455210ea-1.jpeg\" \/>\n\t<meta property=\"og:image:width\" content=\"776\" \/>\n\t<meta property=\"og:image:height\" content=\"530\" \/>\n\t<meta property=\"og:image:type\" content=\"image\/jpeg\" \/>\n<meta name=\"author\" content=\"Benoit Charette\" \/>\n<meta name=\"twitter:card\" content=\"summary_large_image\" \/>\n<meta name=\"twitter:creator\" content=\"@canadamotorjobs\" \/>\n<meta name=\"twitter:site\" content=\"@canadamotorjobs\" \/>\n<meta name=\"twitter:label1\" content=\"\u00c9crit par\" \/>\n\t<meta name=\"twitter:data1\" content=\"Benoit Charette\" \/>\n\t<meta name=\"twitter:label2\" content=\"Estimation du temps de lecture\" \/>\n\t<meta name=\"twitter:data2\" content=\"1 minute\" \/>\n<!-- \/ Yoast SEO plugin. -->","yoast_head_json":{"title":"La canicule en Chine emp\u00eache la recharge des v\u00e9hicules \u00e9lectriques - CanadaMotorJobs.com","description":"La canicule en Chine emp\u00eache la recharge des v\u00e9hicules \u00e9lectriques - Benoit Charette - Annuel automobile - CanadaMotorJobs.com.","robots":{"index":"index","follow":"follow","max-snippet":"max-snippet:-1","max-image-preview":"max-image-preview:large","max-video-preview":"max-video-preview:-1"},"og_locale":"fr_CA","og_type":"article","og_title":"La canicule en Chine emp\u00eache la recharge des v\u00e9hicules \u00e9lectriques - CanadaMotorJobs.com","og_description":"La canicule en Chine emp\u00eache la recharge des v\u00e9hicules \u00e9lectriques - Benoit Charette - Annuel automobile - CanadaMotorJobs.com.","og_url":"https:\/\/news.canadamotorjobs.com\/fr\/la-canicule-en-chine-empeche-la-recharge-des-vehicules-electriques\/","og_site_name":"CanadaMotorJobs.com","article_publisher":"https:\/\/www.facebook.com\/canadamotorjobs\/","article_published_time":"2022-08-25T16:40:11+00:00","article_modified_time":"2022-08-25T16:43:48+00:00","og_image":[{"width":776,"height":530,"url":"https:\/\/news.canadamotorjobs.com\/wp-content\/uploads\/2022\/08\/5d3523bca310d830455210ea-1.jpeg","type":"image\/jpeg"}],"author":"Benoit Charette","twitter_card":"summary_large_image","twitter_creator":"@canadamotorjobs","twitter_site":"@canadamotorjobs","twitter_misc":{"\u00c9crit par":"Benoit Charette","Estimation du temps de lecture":"1 minute"},"schema":{"@context":"https:\/\/schema.org","@graph":[{"@type":"Article","@id":"https:\/\/news.canadamotorjobs.com\/fr\/la-canicule-en-chine-empeche-la-recharge-des-vehicules-electriques\/#article","isPartOf":{"@id":"https:\/\/news.canadamotorjobs.com\/fr\/la-canicule-en-chine-empeche-la-recharge-des-vehicules-electriques\/"},"author":{"name":"Benoit Charette","@id":"https:\/\/news.canadamotorjobs.com\/#\/schema\/person\/51793d1f87d44011d7bcc2ed99269a90"},"headline":"La canicule en Chine emp\u00eache la recharge des v\u00e9hicules \u00e9lectriques","datePublished":"2022-08-25T16:40:11+00:00","dateModified":"2022-08-25T16:43:48+00:00","mainEntityOfPage":{"@id":"https:\/\/news.canadamotorjobs.com\/fr\/la-canicule-en-chine-empeche-la-recharge-des-vehicules-electriques\/"},"wordCount":284,"publisher":{"@id":"https:\/\/news.canadamotorjobs.com\/#organization"},"image":{"@id":"https:\/\/news.canadamotorjobs.com\/fr\/la-canicule-en-chine-empeche-la-recharge-des-vehicules-electriques\/#primaryimage"},"thumbnailUrl":"https:\/\/news.canadamotorjobs.com\/wp-content\/uploads\/2022\/08\/5d3523bca310d830455210ea-1.jpeg","articleSection":["Annuel automobile"],"inLanguage":"fr-CA"},{"@type":"WebPage","@id":"https:\/\/news.canadamotorjobs.com\/fr\/la-canicule-en-chine-empeche-la-recharge-des-vehicules-electriques\/","url":"https:\/\/news.canadamotorjobs.com\/fr\/la-canicule-en-chine-empeche-la-recharge-des-vehicules-electriques\/","name":"La canicule en Chine emp\u00eache la recharge des v\u00e9hicules \u00e9lectriques - CanadaMotorJobs.com","isPartOf":{"@id":"https:\/\/news.canadamotorjobs.com\/#website"},"primaryImageOfPage":{"@id":"https:\/\/news.canadamotorjobs.com\/fr\/la-canicule-en-chine-empeche-la-recharge-des-vehicules-electriques\/#primaryimage"},"image":{"@id":"https:\/\/news.canadamotorjobs.com\/fr\/la-canicule-en-chine-empeche-la-recharge-des-vehicules-electriques\/#primaryimage"},"thumbnailUrl":"https:\/\/news.canadamotorjobs.com\/wp-content\/uploads\/2022\/08\/5d3523bca310d830455210ea-1.jpeg","datePublished":"2022-08-25T16:40:11+00:00","dateModified":"2022-08-25T16:43:48+00:00","description":"La canicule en Chine emp\u00eache la recharge des v\u00e9hicules \u00e9lectriques - Benoit Charette - Annuel automobile - CanadaMotorJobs.com.","breadcrumb":{"@id":"https:\/\/news.canadamotorjobs.com\/fr\/la-canicule-en-chine-empeche-la-recharge-des-vehicules-electriques\/#breadcrumb"},"inLanguage":"fr-CA","potentialAction":[{"@type":"ReadAction","target":["https:\/\/news.canadamotorjobs.com\/fr\/la-canicule-en-chine-empeche-la-recharge-des-vehicules-electriques\/"]}]},{"@type":"ImageObject","inLanguage":"fr-CA","@id":"https:\/\/news.canadamotorjobs.com\/fr\/la-canicule-en-chine-empeche-la-recharge-des-vehicules-electriques\/#primaryimage","url":"https:\/\/news.canadamotorjobs.com\/wp-content\/uploads\/2022\/08\/5d3523bca310d830455210ea-1.jpeg","contentUrl":"https:\/\/news.canadamotorjobs.com\/wp-content\/uploads\/2022\/08\/5d3523bca310d830455210ea-1.jpeg","width":776,"height":530},{"@type":"BreadcrumbList","@id":"https:\/\/news.canadamotorjobs.com\/fr\/la-canicule-en-chine-empeche-la-recharge-des-vehicules-electriques\/#breadcrumb","itemListElement":[{"@type":"ListItem","position":1,"name":"Home","item":"https:\/\/news.canadamotorjobs.com\/fr\/blog\/"},{"@type":"ListItem","position":2,"name":"La canicule en Chine emp\u00eache la recharge des v\u00e9hicules \u00e9lectriques"}]},{"@type":"WebSite","@id":"https:\/\/news.canadamotorjobs.com\/#website","url":"https:\/\/news.canadamotorjobs.com\/","name":"CanadaMotorJobs.com","description":"Automotive Jobs","publisher":{"@id":"https:\/\/news.canadamotorjobs.com\/#organization"},"potentialAction":[{"@type":"SearchAction","target":{"@type":"EntryPoint","urlTemplate":"https:\/\/news.canadamotorjobs.com\/?s={search_term_string}"},"query-input":"required name=search_term_string"}],"inLanguage":"fr-CA"},{"@type":"Organization","@id":"https:\/\/news.canadamotorjobs.com\/#organization","name":"Canada Motor Jobs","url":"https:\/\/news.canadamotorjobs.com\/","logo":{"@type":"ImageObject","inLanguage":"fr-CA","@id":"https:\/\/news.canadamotorjobs.com\/#\/schema\/logo\/image\/","url":"https:\/\/news.canadamotorjobs.com\/wp-content\/uploads\/2022\/10\/logo-canada-motor-jobs-1.png","contentUrl":"https:\/\/news.canadamotorjobs.com\/wp-content\/uploads\/2022\/10\/logo-canada-motor-jobs-1.png","width":800,"height":400,"caption":"Canada Motor Jobs"},"image":{"@id":"https:\/\/news.canadamotorjobs.com\/#\/schema\/logo\/image\/"},"sameAs":["https:\/\/www.facebook.com\/canadamotorjobs\/","https:\/\/x.com\/canadamotorjobs","https:\/\/www.instagram.com\/canadamotorjobs\/","https:\/\/www.linkedin.com\/company\/canadamotorjobs"]},{"@type":"Person","@id":"https:\/\/news.canadamotorjobs.com\/#\/schema\/person\/51793d1f87d44011d7bcc2ed99269a90","name":"Benoit Charette","image":{"@type":"ImageObject","inLanguage":"fr-CA","@id":"https:\/\/news.canadamotorjobs.com\/#\/schema\/person\/image\/","url":"https:\/\/secure.gravatar.com\/avatar\/45f3d2eebcccd909668d7ce7ea7267b6?s=96&d=mm&r=g","contentUrl":"https:\/\/secure.gravatar.com\/avatar\/45f3d2eebcccd909668d7ce7ea7267b6?s=96&d=mm&r=g","caption":"Benoit Charette"},"description":"Benoit Charette \/ Propri\u00e9taire et r\u00e9dacteur en chef Benoit Charette pratique le journalisme automobile depuis bient\u00f4t 30 ans. Il a fait ses classes au c\u00f4t\u00e9 de Daniel H\u00e9raud et au Carnet de route de 1992 \u00e0 2001. Il est fondateur, copropri\u00e9taire et r\u00e9dacteur en chef de L\u2019Annuel de l\u2019automobile, qu\u2019il publie depuis 2001. Il a anim\u00e9 les \u00e9missions RPM et RPM+ sur V et les L\u00e9gendes de la route sur Historia. \u00c0 la radio depuis 1986, il reprend l\u2019antenne cette ann\u00e9e sur les ondes de Cogeco et participe pour la deuxi\u00e8me ann\u00e9e \u00e0 l\u2019\u00e9mission Passion Auto sur RDS en plus de mettre en ligne le site Web officiel de L\u2019Annuel de l\u2019automobile sur annuelauto.ca.","sameAs":["https:\/\/annuelauto.ca\/"],"url":"https:\/\/news.canadamotorjobs.com\/fr\/author\/benoit-charette\/"}]}},"_links":{"self":[{"href":"https:\/\/news.canadamotorjobs.com\/fr\/wp-json\/wp\/v2\/posts\/42954"}],"collection":[{"href":"https:\/\/news.canadamotorjobs.com\/fr\/wp-json\/wp\/v2\/posts"}],"about":[{"href":"https:\/\/news.canadamotorjobs.com\/fr\/wp-json\/wp\/v2\/types\/post"}],"author":[{"embeddable":true,"href":"https:\/\/news.canadamotorjobs.com\/fr\/wp-json\/wp\/v2\/users\/8"}],"replies":[{"embeddable":true,"href":"https:\/\/news.canadamotorjobs.com\/fr\/wp-json\/wp\/v2\/comments?post=42954"}],"version-history":[{"count":0,"href":"https:\/\/news.canadamotorjobs.com\/fr\/wp-json\/wp\/v2\/posts\/42954\/revisions"}],"wp:featuredmedia":[{"embeddable":true,"href":"https:\/\/news.canadamotorjobs.com\/fr\/wp-json\/wp\/v2\/media\/42958"}],"wp:attachment":[{"href":"https:\/\/news.canadamotorjobs.com\/fr\/wp-json\/wp\/v2\/media?parent=42954"}],"wp:term":[{"taxonomy":"category","embeddable":true,"href":"https:\/\/news.canadamotorjobs.com\/fr\/wp-json\/wp\/v2\/categories?post=42954"},{"taxonomy":"post_tag","embeddable":true,"href":"https:\/\/news.canadamotorjobs.com\/fr\/wp-json\/wp\/v2\/tags?post=42954"}],"curies":[{"name":"wp","href":"https:\/\/api.w.org\/{rel}","templated":true}]}}