{"id":42946,"date":"2022-08-25T11:48:22","date_gmt":"2022-08-25T15:48:22","guid":{"rendered":"https:\/\/blog.canadamotorjobs.com\/nous-avons-peut-etre-deja-vu-le-dernier-exemplaire-du-mazda-mx-30-electrique\/"},"modified":"2022-08-25T11:59:53","modified_gmt":"2022-08-25T15:59:53","slug":"nous-avons-peut-etre-deja-vu-le-dernier-exemplaire-du-mazda-mx-30-electrique","status":"publish","type":"post","link":"https:\/\/news.canadamotorjobs.com\/fr\/nous-avons-peut-etre-deja-vu-le-dernier-exemplaire-du-mazda-mx-30-electrique\/","title":{"rendered":"Nous avons peut-\u00eatre d\u00e9j\u00e0 vu le dernier exemplaire du Mazda MX-30 \u00e9lectrique"},"content":{"rendered":"<\/p>\n<p>Le mod\u00e8le \u00e9lectrique tout neuf ne reviendrait pas en 2023 selon le site Electrek. Le constructeur japonais n\u2019a vendu que 505 exemplaires aux \u00c9tats-Unis depuis le d\u00e9but de 2022 et 316 au Canada en date du 31 juillet. Mazda dit avoir \u00e9puis\u00e9 les stocks qui avaient \u00e9t\u00e9 mis de c\u00f4t\u00e9 pour l\u2019ann\u00e9e et ne semble pas se pr\u00e9parer \u00e0 en construire d&#8217;autres.<br \/> La th\u00e8se de la voiture de conformit\u00e9<br \/> Il y a plusieurs explications pour mettre en lumi\u00e8re un tel ph\u00e9nom\u00e8ne. Il y a d\u2019abord le prix \u00e0 plus de 42 000\u00a0$ canadien pour un v\u00e9hicule qui donne 160\u00a0km dans des conditions id\u00e9ales. Il y a ensuite les ventes fam\u00e9liques. Seulement 23 ventes en juin pour tout le Canada et seulement 8 aux \u00c9tats-Unis. Mais, le site Electrek mentionne aussi la venue prochaine d\u2019un mod\u00e8le hybride branchable qui risque d\u2019\u00eatre beaucoup plus pertinent. Mazda a mentionn\u00e9 la difficult\u00e9 de production en raison des contraintes de la cha\u00eene d&#8217;approvisionnement, mais il s\u2019agit d\u2019une excuse bien facile.<\/p>\n<p> Pas plus de succ\u00e8s ailleurs dans le monde<br \/> Partout o\u00f9 le MX-30 est vendu, le succ\u00e8s n\u2019a jamais \u00e9t\u00e9 au rendez-vous. Les premiers mod\u00e8les sont arriv\u00e9s en octobre 2021 comme v\u00e9hicules\u00a02022. Logiquement, les mod\u00e8les\u00a02023 devraient arriver d\u2019ici les 60 prochains jours, mais rien ne pr\u00e9sage la venue d\u2019une version 2023. Le mod\u00e8le aura donc fait une seule ann\u00e9e mod\u00e8le et Mazda a perdu son pari du v\u00e9hicule \u00e9lectrique urbain. Nous savions tous qu\u2019un tel v\u00e9hicule \u00e9tait vou\u00e9 \u00e0 l\u2019\u00e9chec d\u00e8s le d\u00e9part. On se<\/p>\n","protected":false},"excerpt":{"rendered":"<p>Le mod\u00e8le \u00e9lectrique tout neuf ne reviendrait pas en 2023 selon le site Electrek. Le constructeur japonais n\u2019a vendu que 505 exemplaires aux \u00c9tats-Unis depuis le d\u00e9but de 2022 et 316 au Canada en date du 31 juillet. Mazda dit avoir \u00e9puis\u00e9 les stocks qui avaient \u00e9t\u00e9 mis de c\u00f4t\u00e9 pour l\u2019ann\u00e9e et ne semble [&hellip;]<\/p>\n","protected":false},"author":8,"featured_media":42950,"comment_status":"close","ping_status":"closed","sticky":false,"template":"","format":"standard","meta":{"_monsterinsights_skip_tracking":false,"_monsterinsights_sitenote_active":false,"_monsterinsights_sitenote_note":"","_monsterinsights_sitenote_category":0,"footnotes":""},"categories":[101],"tags":[],"yoast_head":"<!-- This site is optimized with the Yoast SEO plugin v23.2 - https:\/\/yoast.com\/wordpress\/plugins\/seo\/ -->\n<title>Nous avons peut-\u00eatre d\u00e9j\u00e0 vu le dernier exemplaire du Mazda MX-30 \u00e9lectrique - CanadaMotorJobs.com<\/title>\n<meta name=\"description\" content=\"Nous avons peut-\u00eatre d\u00e9j\u00e0 vu le dernier exemplaire du Mazda MX-30 \u00e9lectrique - Benoit Charette - Annuel automobile - CanadaMotorJobs.com.\" \/>\n<meta name=\"robots\" content=\"index, follow, max-snippet:-1, max-image-preview:large, max-video-preview:-1\" \/>\n<meta property=\"og:locale\" content=\"fr_CA\" \/>\n<meta property=\"og:type\" content=\"article\" \/>\n<meta property=\"og:title\" content=\"Nous avons peut-\u00eatre d\u00e9j\u00e0 vu le dernier exemplaire du Mazda MX-30 \u00e9lectrique - CanadaMotorJobs.com\" \/>\n<meta property=\"og:description\" content=\"Nous avons peut-\u00eatre d\u00e9j\u00e0 vu le dernier exemplaire du Mazda MX-30 \u00e9lectrique - Benoit Charette - Annuel automobile - CanadaMotorJobs.com.\" \/>\n<meta property=\"og:url\" content=\"https:\/\/news.canadamotorjobs.com\/fr\/nous-avons-peut-etre-deja-vu-le-dernier-exemplaire-du-mazda-mx-30-electrique\/\" \/>\n<meta property=\"og:site_name\" content=\"CanadaMotorJobs.com\" \/>\n<meta property=\"article:publisher\" content=\"https:\/\/www.facebook.com\/canadamotorjobs\/\" \/>\n<meta property=\"article:published_time\" content=\"2022-08-25T15:48:22+00:00\" \/>\n<meta property=\"article:modified_time\" content=\"2022-08-25T15:59:53+00:00\" \/>\n<meta property=\"og:image\" content=\"https:\/\/news.canadamotorjobs.com\/wp-content\/uploads\/2022\/08\/IMG_4660-1.jpg\" \/>\n\t<meta property=\"og:image:width\" content=\"1333\" \/>\n\t<meta property=\"og:image:height\" content=\"1000\" \/>\n\t<meta property=\"og:image:type\" content=\"image\/jpeg\" \/>\n<meta name=\"author\" content=\"Benoit Charette\" \/>\n<meta name=\"twitter:card\" content=\"summary_large_image\" \/>\n<meta name=\"twitter:creator\" content=\"@canadamotorjobs\" \/>\n<meta name=\"twitter:site\" content=\"@canadamotorjobs\" \/>\n<meta name=\"twitter:label1\" content=\"\u00c9crit par\" \/>\n\t<meta name=\"twitter:data1\" content=\"Benoit Charette\" \/>\n\t<meta name=\"twitter:label2\" content=\"Estimation du temps de lecture\" \/>\n\t<meta name=\"twitter:data2\" content=\"1 minute\" \/>\n<!-- \/ Yoast SEO plugin. -->","yoast_head_json":{"title":"Nous avons peut-\u00eatre d\u00e9j\u00e0 vu le dernier exemplaire du Mazda MX-30 \u00e9lectrique - CanadaMotorJobs.com","description":"Nous avons peut-\u00eatre d\u00e9j\u00e0 vu le dernier exemplaire du Mazda MX-30 \u00e9lectrique - Benoit Charette - Annuel automobile - CanadaMotorJobs.com.","robots":{"index":"index","follow":"follow","max-snippet":"max-snippet:-1","max-image-preview":"max-image-preview:large","max-video-preview":"max-video-preview:-1"},"og_locale":"fr_CA","og_type":"article","og_title":"Nous avons peut-\u00eatre d\u00e9j\u00e0 vu le dernier exemplaire du Mazda MX-30 \u00e9lectrique - CanadaMotorJobs.com","og_description":"Nous avons peut-\u00eatre d\u00e9j\u00e0 vu le dernier exemplaire du Mazda MX-30 \u00e9lectrique - Benoit Charette - Annuel automobile - CanadaMotorJobs.com.","og_url":"https:\/\/news.canadamotorjobs.com\/fr\/nous-avons-peut-etre-deja-vu-le-dernier-exemplaire-du-mazda-mx-30-electrique\/","og_site_name":"CanadaMotorJobs.com","article_publisher":"https:\/\/www.facebook.com\/canadamotorjobs\/","article_published_time":"2022-08-25T15:48:22+00:00","article_modified_time":"2022-08-25T15:59:53+00:00","og_image":[{"width":1333,"height":1000,"url":"https:\/\/news.canadamotorjobs.com\/wp-content\/uploads\/2022\/08\/IMG_4660-1.jpg","type":"image\/jpeg"}],"author":"Benoit Charette","twitter_card":"summary_large_image","twitter_creator":"@canadamotorjobs","twitter_site":"@canadamotorjobs","twitter_misc":{"\u00c9crit par":"Benoit Charette","Estimation du temps de lecture":"1 minute"},"schema":{"@context":"https:\/\/schema.org","@graph":[{"@type":"Article","@id":"https:\/\/news.canadamotorjobs.com\/fr\/nous-avons-peut-etre-deja-vu-le-dernier-exemplaire-du-mazda-mx-30-electrique\/#article","isPartOf":{"@id":"https:\/\/news.canadamotorjobs.com\/fr\/nous-avons-peut-etre-deja-vu-le-dernier-exemplaire-du-mazda-mx-30-electrique\/"},"author":{"name":"Benoit Charette","@id":"https:\/\/news.canadamotorjobs.com\/#\/schema\/person\/51793d1f87d44011d7bcc2ed99269a90"},"headline":"Nous avons peut-\u00eatre d\u00e9j\u00e0 vu le dernier exemplaire du Mazda MX-30 \u00e9lectrique","datePublished":"2022-08-25T15:48:22+00:00","dateModified":"2022-08-25T15:59:53+00:00","mainEntityOfPage":{"@id":"https:\/\/news.canadamotorjobs.com\/fr\/nous-avons-peut-etre-deja-vu-le-dernier-exemplaire-du-mazda-mx-30-electrique\/"},"wordCount":290,"publisher":{"@id":"https:\/\/news.canadamotorjobs.com\/#organization"},"image":{"@id":"https:\/\/news.canadamotorjobs.com\/fr\/nous-avons-peut-etre-deja-vu-le-dernier-exemplaire-du-mazda-mx-30-electrique\/#primaryimage"},"thumbnailUrl":"https:\/\/news.canadamotorjobs.com\/wp-content\/uploads\/2022\/08\/IMG_4660-1.jpg","articleSection":["Annuel automobile"],"inLanguage":"fr-CA"},{"@type":"WebPage","@id":"https:\/\/news.canadamotorjobs.com\/fr\/nous-avons-peut-etre-deja-vu-le-dernier-exemplaire-du-mazda-mx-30-electrique\/","url":"https:\/\/news.canadamotorjobs.com\/fr\/nous-avons-peut-etre-deja-vu-le-dernier-exemplaire-du-mazda-mx-30-electrique\/","name":"Nous avons peut-\u00eatre d\u00e9j\u00e0 vu le dernier exemplaire du Mazda MX-30 \u00e9lectrique - CanadaMotorJobs.com","isPartOf":{"@id":"https:\/\/news.canadamotorjobs.com\/#website"},"primaryImageOfPage":{"@id":"https:\/\/news.canadamotorjobs.com\/fr\/nous-avons-peut-etre-deja-vu-le-dernier-exemplaire-du-mazda-mx-30-electrique\/#primaryimage"},"image":{"@id":"https:\/\/news.canadamotorjobs.com\/fr\/nous-avons-peut-etre-deja-vu-le-dernier-exemplaire-du-mazda-mx-30-electrique\/#primaryimage"},"thumbnailUrl":"https:\/\/news.canadamotorjobs.com\/wp-content\/uploads\/2022\/08\/IMG_4660-1.jpg","datePublished":"2022-08-25T15:48:22+00:00","dateModified":"2022-08-25T15:59:53+00:00","description":"Nous avons peut-\u00eatre d\u00e9j\u00e0 vu le dernier exemplaire du Mazda MX-30 \u00e9lectrique - Benoit Charette - Annuel automobile - CanadaMotorJobs.com.","breadcrumb":{"@id":"https:\/\/news.canadamotorjobs.com\/fr\/nous-avons-peut-etre-deja-vu-le-dernier-exemplaire-du-mazda-mx-30-electrique\/#breadcrumb"},"inLanguage":"fr-CA","potentialAction":[{"@type":"ReadAction","target":["https:\/\/news.canadamotorjobs.com\/fr\/nous-avons-peut-etre-deja-vu-le-dernier-exemplaire-du-mazda-mx-30-electrique\/"]}]},{"@type":"ImageObject","inLanguage":"fr-CA","@id":"https:\/\/news.canadamotorjobs.com\/fr\/nous-avons-peut-etre-deja-vu-le-dernier-exemplaire-du-mazda-mx-30-electrique\/#primaryimage","url":"https:\/\/news.canadamotorjobs.com\/wp-content\/uploads\/2022\/08\/IMG_4660-1.jpg","contentUrl":"https:\/\/news.canadamotorjobs.com\/wp-content\/uploads\/2022\/08\/IMG_4660-1.jpg","width":1333,"height":1000},{"@type":"BreadcrumbList","@id":"https:\/\/news.canadamotorjobs.com\/fr\/nous-avons-peut-etre-deja-vu-le-dernier-exemplaire-du-mazda-mx-30-electrique\/#breadcrumb","itemListElement":[{"@type":"ListItem","position":1,"name":"Home","item":"https:\/\/news.canadamotorjobs.com\/fr\/blog\/"},{"@type":"ListItem","position":2,"name":"Nous avons peut-\u00eatre d\u00e9j\u00e0 vu le dernier exemplaire du Mazda MX-30 \u00e9lectrique"}]},{"@type":"WebSite","@id":"https:\/\/news.canadamotorjobs.com\/#website","url":"https:\/\/news.canadamotorjobs.com\/","name":"CanadaMotorJobs.com","description":"Automotive Jobs","publisher":{"@id":"https:\/\/news.canadamotorjobs.com\/#organization"},"potentialAction":[{"@type":"SearchAction","target":{"@type":"EntryPoint","urlTemplate":"https:\/\/news.canadamotorjobs.com\/?s={search_term_string}"},"query-input":"required name=search_term_string"}],"inLanguage":"fr-CA"},{"@type":"Organization","@id":"https:\/\/news.canadamotorjobs.com\/#organization","name":"Canada Motor Jobs","url":"https:\/\/news.canadamotorjobs.com\/","logo":{"@type":"ImageObject","inLanguage":"fr-CA","@id":"https:\/\/news.canadamotorjobs.com\/#\/schema\/logo\/image\/","url":"https:\/\/news.canadamotorjobs.com\/wp-content\/uploads\/2022\/10\/logo-canada-motor-jobs-1.png","contentUrl":"https:\/\/news.canadamotorjobs.com\/wp-content\/uploads\/2022\/10\/logo-canada-motor-jobs-1.png","width":800,"height":400,"caption":"Canada Motor Jobs"},"image":{"@id":"https:\/\/news.canadamotorjobs.com\/#\/schema\/logo\/image\/"},"sameAs":["https:\/\/www.facebook.com\/canadamotorjobs\/","https:\/\/x.com\/canadamotorjobs","https:\/\/www.instagram.com\/canadamotorjobs\/","https:\/\/www.linkedin.com\/company\/canadamotorjobs"]},{"@type":"Person","@id":"https:\/\/news.canadamotorjobs.com\/#\/schema\/person\/51793d1f87d44011d7bcc2ed99269a90","name":"Benoit Charette","image":{"@type":"ImageObject","inLanguage":"fr-CA","@id":"https:\/\/news.canadamotorjobs.com\/#\/schema\/person\/image\/","url":"https:\/\/secure.gravatar.com\/avatar\/45f3d2eebcccd909668d7ce7ea7267b6?s=96&d=mm&r=g","contentUrl":"https:\/\/secure.gravatar.com\/avatar\/45f3d2eebcccd909668d7ce7ea7267b6?s=96&d=mm&r=g","caption":"Benoit Charette"},"description":"Benoit Charette \/ Propri\u00e9taire et r\u00e9dacteur en chef Benoit Charette pratique le journalisme automobile depuis bient\u00f4t 30 ans. Il a fait ses classes au c\u00f4t\u00e9 de Daniel H\u00e9raud et au Carnet de route de 1992 \u00e0 2001. Il est fondateur, copropri\u00e9taire et r\u00e9dacteur en chef de L\u2019Annuel de l\u2019automobile, qu\u2019il publie depuis 2001. Il a anim\u00e9 les \u00e9missions RPM et RPM+ sur V et les L\u00e9gendes de la route sur Historia. \u00c0 la radio depuis 1986, il reprend l\u2019antenne cette ann\u00e9e sur les ondes de Cogeco et participe pour la deuxi\u00e8me ann\u00e9e \u00e0 l\u2019\u00e9mission Passion Auto sur RDS en plus de mettre en ligne le site Web officiel de L\u2019Annuel de l\u2019automobile sur annuelauto.ca.","sameAs":["https:\/\/annuelauto.ca\/"],"url":"https:\/\/news.canadamotorjobs.com\/fr\/author\/benoit-charette\/"}]}},"_links":{"self":[{"href":"https:\/\/news.canadamotorjobs.com\/fr\/wp-json\/wp\/v2\/posts\/42946"}],"collection":[{"href":"https:\/\/news.canadamotorjobs.com\/fr\/wp-json\/wp\/v2\/posts"}],"about":[{"href":"https:\/\/news.canadamotorjobs.com\/fr\/wp-json\/wp\/v2\/types\/post"}],"author":[{"embeddable":true,"href":"https:\/\/news.canadamotorjobs.com\/fr\/wp-json\/wp\/v2\/users\/8"}],"replies":[{"embeddable":true,"href":"https:\/\/news.canadamotorjobs.com\/fr\/wp-json\/wp\/v2\/comments?post=42946"}],"version-history":[{"count":0,"href":"https:\/\/news.canadamotorjobs.com\/fr\/wp-json\/wp\/v2\/posts\/42946\/revisions"}],"wp:featuredmedia":[{"embeddable":true,"href":"https:\/\/news.canadamotorjobs.com\/fr\/wp-json\/wp\/v2\/media\/42950"}],"wp:attachment":[{"href":"https:\/\/news.canadamotorjobs.com\/fr\/wp-json\/wp\/v2\/media?parent=42946"}],"wp:term":[{"taxonomy":"category","embeddable":true,"href":"https:\/\/news.canadamotorjobs.com\/fr\/wp-json\/wp\/v2\/categories?post=42946"},{"taxonomy":"post_tag","embeddable":true,"href":"https:\/\/news.canadamotorjobs.com\/fr\/wp-json\/wp\/v2\/tags?post=42946"}],"curies":[{"name":"wp","href":"https:\/\/api.w.org\/{rel}","templated":true}]}}