{"id":42922,"date":"2022-08-24T05:53:39","date_gmt":"2022-08-24T09:53:39","guid":{"rendered":"https:\/\/blog.canadamotorjobs.com\/2023-est-la-derniere-annee-de-production-pour-le-ford-transit-connect\/"},"modified":"2022-08-24T05:58:57","modified_gmt":"2022-08-24T09:58:57","slug":"2023-est-la-derniere-annee-de-production-pour-le-ford-transit-connect","status":"publish","type":"post","link":"https:\/\/news.canadamotorjobs.com\/fr\/2023-est-la-derniere-annee-de-production-pour-le-ford-transit-connect\/","title":{"rendered":"2023 est la derni\u00e8re ann\u00e9e de production pour le Ford Transit Connect"},"content":{"rendered":"<\/p>\n<p>Le pratique petit fourgon construit en Europe ne sera plus disponible apr\u00e8s 2023 a appris Automotive News cette semaine. Le plan de d\u00e9part de Ford \u00e9tait de changer la plateforme de la prochaine g\u00e9n\u00e9ration pour utiliser la m\u00eame que le Ford Escape et transf\u00e9rer la production de l\u2019Espagne au Mexique. La demande r\u00e9duite de ces mod\u00e8les depuis quelques ann\u00e9es a sans doute motiv\u00e9 Ford \u00e0 changer ses plans.<br \/> Encore quelques mois<br \/> L&#8217;ann\u00e9e-mod\u00e8le\u00a02023 sera donc la derni\u00e8re pour le mod\u00e8le qui a pris la route en 2010 pour r\u00e9pondre aux besoins des propri\u00e9taires de flottes commerciales, mais aussi \u00e0 ceux des petites entreprises qui n&#8217;ont pas toujours besoin de fourgons de grande taille. On peut supposer que la strat\u00e9gie dans le segment des v\u00e9hicules commerciaux sera de pousser la g\u00e9n\u00e9ration actuelle du Ford Transit, un v\u00e9hicule qui est disponible en plusieurs tailles et m\u00eame avec une variante purement \u00e9lectrique depuis quelques mois seulement. Gageons que d&#8217;autres versions seront ajout\u00e9es \u00e0 la gamme dans les mois \u00e0 venir, notamment un mod\u00e8le \u00e0 quatre roues motrices pour les amateurs de fourgons d&#8217;aventure et de loisirs.<br \/> Ford n\u2019a rien confirm\u00e9 de son c\u00f4t\u00e9<br \/> La d\u00e9cision de Ford, qui n&#8217;a pas \u00e9t\u00e9 officialis\u00e9e par le constructeur \u00e0 l&#8217;heure o\u00f9 nous \u00e9crivons ces lignes, s&#8217;inscrit dans la lign\u00e9e des campagnes r\u00e9centes, avec l&#8217;arr\u00eat par son rival Nissan de la commercialisation de sa fourgonnette NV 200 et son clone chez Chevrolet, le City Express. Il y a fort \u00e0 parier que Ford pourrait nous amener sous peu<\/p>\n","protected":false},"excerpt":{"rendered":"<p>Le pratique petit fourgon construit en Europe ne sera plus disponible apr\u00e8s 2023 a appris Automotive News cette semaine. Le plan de d\u00e9part de Ford \u00e9tait de changer la plateforme de la prochaine g\u00e9n\u00e9ration pour utiliser la m\u00eame que le Ford Escape et transf\u00e9rer la production de l\u2019Espagne au Mexique. La demande r\u00e9duite de ces [&hellip;]<\/p>\n","protected":false},"author":8,"featured_media":42926,"comment_status":"close","ping_status":"closed","sticky":false,"template":"","format":"standard","meta":{"_monsterinsights_skip_tracking":false,"_monsterinsights_sitenote_active":false,"_monsterinsights_sitenote_note":"","_monsterinsights_sitenote_category":0,"footnotes":""},"categories":[101],"tags":[],"yoast_head":"<!-- This site is optimized with the Yoast SEO plugin v23.2 - https:\/\/yoast.com\/wordpress\/plugins\/seo\/ -->\n<title>2023 est la derni\u00e8re ann\u00e9e de production pour le Ford Transit Connect - CanadaMotorJobs.com<\/title>\n<meta name=\"description\" content=\"2023 est la derni\u00e8re ann\u00e9e de production pour le Ford Transit Connect - Benoit Charette - Annuel automobile - CanadaMotorJobs.com.\" \/>\n<meta name=\"robots\" content=\"index, follow, max-snippet:-1, max-image-preview:large, max-video-preview:-1\" \/>\n<meta property=\"og:locale\" content=\"fr_CA\" \/>\n<meta property=\"og:type\" content=\"article\" \/>\n<meta property=\"og:title\" content=\"2023 est la derni\u00e8re ann\u00e9e de production pour le Ford Transit Connect - CanadaMotorJobs.com\" \/>\n<meta property=\"og:description\" content=\"2023 est la derni\u00e8re ann\u00e9e de production pour le Ford Transit Connect - Benoit Charette - Annuel automobile - CanadaMotorJobs.com.\" \/>\n<meta property=\"og:url\" content=\"https:\/\/news.canadamotorjobs.com\/fr\/2023-est-la-derniere-annee-de-production-pour-le-ford-transit-connect\/\" \/>\n<meta property=\"og:site_name\" content=\"CanadaMotorJobs.com\" \/>\n<meta property=\"article:publisher\" content=\"https:\/\/www.facebook.com\/canadamotorjobs\/\" \/>\n<meta property=\"article:published_time\" content=\"2022-08-24T09:53:39+00:00\" \/>\n<meta property=\"article:modified_time\" content=\"2022-08-24T09:58:57+00:00\" \/>\n<meta property=\"og:image\" content=\"https:\/\/news.canadamotorjobs.com\/wp-content\/uploads\/2022\/08\/ford-transit_connect-eu-02_TransitConnectV408_Crops_Central_GUXBBDNP-21x9-2160x925-bb-np3-1.jpg.renditions.original-1.jpg\" \/>\n\t<meta property=\"og:image:width\" content=\"2160\" \/>\n\t<meta property=\"og:image:height\" content=\"925\" \/>\n\t<meta property=\"og:image:type\" content=\"image\/jpeg\" \/>\n<meta name=\"author\" content=\"Benoit Charette\" \/>\n<meta name=\"twitter:card\" content=\"summary_large_image\" \/>\n<meta name=\"twitter:creator\" content=\"@canadamotorjobs\" \/>\n<meta name=\"twitter:site\" content=\"@canadamotorjobs\" \/>\n<meta name=\"twitter:label1\" content=\"\u00c9crit par\" \/>\n\t<meta name=\"twitter:data1\" content=\"Benoit Charette\" \/>\n\t<meta name=\"twitter:label2\" content=\"Estimation du temps de lecture\" \/>\n\t<meta name=\"twitter:data2\" content=\"1 minute\" \/>\n<!-- \/ Yoast SEO plugin. -->","yoast_head_json":{"title":"2023 est la derni\u00e8re ann\u00e9e de production pour le Ford Transit Connect - CanadaMotorJobs.com","description":"2023 est la derni\u00e8re ann\u00e9e de production pour le Ford Transit Connect - Benoit Charette - Annuel automobile - CanadaMotorJobs.com.","robots":{"index":"index","follow":"follow","max-snippet":"max-snippet:-1","max-image-preview":"max-image-preview:large","max-video-preview":"max-video-preview:-1"},"og_locale":"fr_CA","og_type":"article","og_title":"2023 est la derni\u00e8re ann\u00e9e de production pour le Ford Transit Connect - CanadaMotorJobs.com","og_description":"2023 est la derni\u00e8re ann\u00e9e de production pour le Ford Transit Connect - Benoit Charette - Annuel automobile - CanadaMotorJobs.com.","og_url":"https:\/\/news.canadamotorjobs.com\/fr\/2023-est-la-derniere-annee-de-production-pour-le-ford-transit-connect\/","og_site_name":"CanadaMotorJobs.com","article_publisher":"https:\/\/www.facebook.com\/canadamotorjobs\/","article_published_time":"2022-08-24T09:53:39+00:00","article_modified_time":"2022-08-24T09:58:57+00:00","og_image":[{"width":2160,"height":925,"url":"https:\/\/news.canadamotorjobs.com\/wp-content\/uploads\/2022\/08\/ford-transit_connect-eu-02_TransitConnectV408_Crops_Central_GUXBBDNP-21x9-2160x925-bb-np3-1.jpg.renditions.original-1.jpg","type":"image\/jpeg"}],"author":"Benoit Charette","twitter_card":"summary_large_image","twitter_creator":"@canadamotorjobs","twitter_site":"@canadamotorjobs","twitter_misc":{"\u00c9crit par":"Benoit Charette","Estimation du temps de lecture":"1 minute"},"schema":{"@context":"https:\/\/schema.org","@graph":[{"@type":"Article","@id":"https:\/\/news.canadamotorjobs.com\/fr\/2023-est-la-derniere-annee-de-production-pour-le-ford-transit-connect\/#article","isPartOf":{"@id":"https:\/\/news.canadamotorjobs.com\/fr\/2023-est-la-derniere-annee-de-production-pour-le-ford-transit-connect\/"},"author":{"name":"Benoit Charette","@id":"https:\/\/news.canadamotorjobs.com\/#\/schema\/person\/51793d1f87d44011d7bcc2ed99269a90"},"headline":"2023 est la derni\u00e8re ann\u00e9e de production pour le Ford Transit Connect","datePublished":"2022-08-24T09:53:39+00:00","dateModified":"2022-08-24T09:58:57+00:00","mainEntityOfPage":{"@id":"https:\/\/news.canadamotorjobs.com\/fr\/2023-est-la-derniere-annee-de-production-pour-le-ford-transit-connect\/"},"wordCount":292,"publisher":{"@id":"https:\/\/news.canadamotorjobs.com\/#organization"},"image":{"@id":"https:\/\/news.canadamotorjobs.com\/fr\/2023-est-la-derniere-annee-de-production-pour-le-ford-transit-connect\/#primaryimage"},"thumbnailUrl":"https:\/\/news.canadamotorjobs.com\/wp-content\/uploads\/2022\/08\/ford-transit_connect-eu-02_TransitConnectV408_Crops_Central_GUXBBDNP-21x9-2160x925-bb-np3-1.jpg.renditions.original-1.jpg","articleSection":["Annuel automobile"],"inLanguage":"fr-CA"},{"@type":"WebPage","@id":"https:\/\/news.canadamotorjobs.com\/fr\/2023-est-la-derniere-annee-de-production-pour-le-ford-transit-connect\/","url":"https:\/\/news.canadamotorjobs.com\/fr\/2023-est-la-derniere-annee-de-production-pour-le-ford-transit-connect\/","name":"2023 est la derni\u00e8re ann\u00e9e de production pour le Ford Transit Connect - CanadaMotorJobs.com","isPartOf":{"@id":"https:\/\/news.canadamotorjobs.com\/#website"},"primaryImageOfPage":{"@id":"https:\/\/news.canadamotorjobs.com\/fr\/2023-est-la-derniere-annee-de-production-pour-le-ford-transit-connect\/#primaryimage"},"image":{"@id":"https:\/\/news.canadamotorjobs.com\/fr\/2023-est-la-derniere-annee-de-production-pour-le-ford-transit-connect\/#primaryimage"},"thumbnailUrl":"https:\/\/news.canadamotorjobs.com\/wp-content\/uploads\/2022\/08\/ford-transit_connect-eu-02_TransitConnectV408_Crops_Central_GUXBBDNP-21x9-2160x925-bb-np3-1.jpg.renditions.original-1.jpg","datePublished":"2022-08-24T09:53:39+00:00","dateModified":"2022-08-24T09:58:57+00:00","description":"2023 est la derni\u00e8re ann\u00e9e de production pour le Ford Transit Connect - Benoit Charette - Annuel automobile - CanadaMotorJobs.com.","breadcrumb":{"@id":"https:\/\/news.canadamotorjobs.com\/fr\/2023-est-la-derniere-annee-de-production-pour-le-ford-transit-connect\/#breadcrumb"},"inLanguage":"fr-CA","potentialAction":[{"@type":"ReadAction","target":["https:\/\/news.canadamotorjobs.com\/fr\/2023-est-la-derniere-annee-de-production-pour-le-ford-transit-connect\/"]}]},{"@type":"ImageObject","inLanguage":"fr-CA","@id":"https:\/\/news.canadamotorjobs.com\/fr\/2023-est-la-derniere-annee-de-production-pour-le-ford-transit-connect\/#primaryimage","url":"https:\/\/news.canadamotorjobs.com\/wp-content\/uploads\/2022\/08\/ford-transit_connect-eu-02_TransitConnectV408_Crops_Central_GUXBBDNP-21x9-2160x925-bb-np3-1.jpg.renditions.original-1.jpg","contentUrl":"https:\/\/news.canadamotorjobs.com\/wp-content\/uploads\/2022\/08\/ford-transit_connect-eu-02_TransitConnectV408_Crops_Central_GUXBBDNP-21x9-2160x925-bb-np3-1.jpg.renditions.original-1.jpg","width":2160,"height":925},{"@type":"BreadcrumbList","@id":"https:\/\/news.canadamotorjobs.com\/fr\/2023-est-la-derniere-annee-de-production-pour-le-ford-transit-connect\/#breadcrumb","itemListElement":[{"@type":"ListItem","position":1,"name":"Home","item":"https:\/\/news.canadamotorjobs.com\/fr\/blog\/"},{"@type":"ListItem","position":2,"name":"2023 est la derni\u00e8re ann\u00e9e de production pour le Ford Transit Connect"}]},{"@type":"WebSite","@id":"https:\/\/news.canadamotorjobs.com\/#website","url":"https:\/\/news.canadamotorjobs.com\/","name":"CanadaMotorJobs.com","description":"Automotive Jobs","publisher":{"@id":"https:\/\/news.canadamotorjobs.com\/#organization"},"potentialAction":[{"@type":"SearchAction","target":{"@type":"EntryPoint","urlTemplate":"https:\/\/news.canadamotorjobs.com\/?s={search_term_string}"},"query-input":"required name=search_term_string"}],"inLanguage":"fr-CA"},{"@type":"Organization","@id":"https:\/\/news.canadamotorjobs.com\/#organization","name":"Canada Motor Jobs","url":"https:\/\/news.canadamotorjobs.com\/","logo":{"@type":"ImageObject","inLanguage":"fr-CA","@id":"https:\/\/news.canadamotorjobs.com\/#\/schema\/logo\/image\/","url":"https:\/\/news.canadamotorjobs.com\/wp-content\/uploads\/2022\/10\/logo-canada-motor-jobs-1.png","contentUrl":"https:\/\/news.canadamotorjobs.com\/wp-content\/uploads\/2022\/10\/logo-canada-motor-jobs-1.png","width":800,"height":400,"caption":"Canada Motor Jobs"},"image":{"@id":"https:\/\/news.canadamotorjobs.com\/#\/schema\/logo\/image\/"},"sameAs":["https:\/\/www.facebook.com\/canadamotorjobs\/","https:\/\/x.com\/canadamotorjobs","https:\/\/www.instagram.com\/canadamotorjobs\/","https:\/\/www.linkedin.com\/company\/canadamotorjobs"]},{"@type":"Person","@id":"https:\/\/news.canadamotorjobs.com\/#\/schema\/person\/51793d1f87d44011d7bcc2ed99269a90","name":"Benoit Charette","image":{"@type":"ImageObject","inLanguage":"fr-CA","@id":"https:\/\/news.canadamotorjobs.com\/#\/schema\/person\/image\/","url":"https:\/\/secure.gravatar.com\/avatar\/45f3d2eebcccd909668d7ce7ea7267b6?s=96&d=mm&r=g","contentUrl":"https:\/\/secure.gravatar.com\/avatar\/45f3d2eebcccd909668d7ce7ea7267b6?s=96&d=mm&r=g","caption":"Benoit Charette"},"description":"Benoit Charette \/ Propri\u00e9taire et r\u00e9dacteur en chef Benoit Charette pratique le journalisme automobile depuis bient\u00f4t 30 ans. Il a fait ses classes au c\u00f4t\u00e9 de Daniel H\u00e9raud et au Carnet de route de 1992 \u00e0 2001. Il est fondateur, copropri\u00e9taire et r\u00e9dacteur en chef de L\u2019Annuel de l\u2019automobile, qu\u2019il publie depuis 2001. Il a anim\u00e9 les \u00e9missions RPM et RPM+ sur V et les L\u00e9gendes de la route sur Historia. \u00c0 la radio depuis 1986, il reprend l\u2019antenne cette ann\u00e9e sur les ondes de Cogeco et participe pour la deuxi\u00e8me ann\u00e9e \u00e0 l\u2019\u00e9mission Passion Auto sur RDS en plus de mettre en ligne le site Web officiel de L\u2019Annuel de l\u2019automobile sur annuelauto.ca.","sameAs":["https:\/\/annuelauto.ca\/"],"url":"https:\/\/news.canadamotorjobs.com\/fr\/author\/benoit-charette\/"}]}},"_links":{"self":[{"href":"https:\/\/news.canadamotorjobs.com\/fr\/wp-json\/wp\/v2\/posts\/42922"}],"collection":[{"href":"https:\/\/news.canadamotorjobs.com\/fr\/wp-json\/wp\/v2\/posts"}],"about":[{"href":"https:\/\/news.canadamotorjobs.com\/fr\/wp-json\/wp\/v2\/types\/post"}],"author":[{"embeddable":true,"href":"https:\/\/news.canadamotorjobs.com\/fr\/wp-json\/wp\/v2\/users\/8"}],"replies":[{"embeddable":true,"href":"https:\/\/news.canadamotorjobs.com\/fr\/wp-json\/wp\/v2\/comments?post=42922"}],"version-history":[{"count":0,"href":"https:\/\/news.canadamotorjobs.com\/fr\/wp-json\/wp\/v2\/posts\/42922\/revisions"}],"wp:featuredmedia":[{"embeddable":true,"href":"https:\/\/news.canadamotorjobs.com\/fr\/wp-json\/wp\/v2\/media\/42926"}],"wp:attachment":[{"href":"https:\/\/news.canadamotorjobs.com\/fr\/wp-json\/wp\/v2\/media?parent=42922"}],"wp:term":[{"taxonomy":"category","embeddable":true,"href":"https:\/\/news.canadamotorjobs.com\/fr\/wp-json\/wp\/v2\/categories?post=42922"},{"taxonomy":"post_tag","embeddable":true,"href":"https:\/\/news.canadamotorjobs.com\/fr\/wp-json\/wp\/v2\/tags?post=42922"}],"curies":[{"name":"wp","href":"https:\/\/api.w.org\/{rel}","templated":true}]}}