{"id":42914,"date":"2022-08-23T09:53:08","date_gmt":"2022-08-23T13:53:08","guid":{"rendered":"https:\/\/blog.canadamotorjobs.com\/vw-veut-prendre-des-participations-dans-des-mines-et-des-exploitants-miniers-canadiens\/"},"modified":"2022-08-23T09:59:44","modified_gmt":"2022-08-23T13:59:44","slug":"vw-veut-prendre-des-participations-dans-des-mines-et-des-exploitants-miniers-canadiens","status":"publish","type":"post","link":"https:\/\/news.canadamotorjobs.com\/fr\/vw-veut-prendre-des-participations-dans-des-mines-et-des-exploitants-miniers-canadiens\/","title":{"rendered":"VW veut prendre des participations dans des mines et des exploitants miniers canadiens"},"content":{"rendered":"<\/p>\n<p>Cette citation vient de l\u2019\u00e9dition d\u2019aujourd\u2019hui du quotidien allemand Handelsblatt. Volkswagen souhaite entrer dans le secteur minier au Canada afin d&#8217;assurer son approvisionnement en mati\u00e8res premi\u00e8res pour la production de batteries, a d\u00e9clar\u00e9 un membre du conseil d&#8217;administration du constructeur automobile allemand au quotidien Handelsblatt.<br \/> Plus d\u2019information cet apr\u00e8s-midi<br \/> Volkswagen a soulign\u00e9 qu\u2019elle n&#8217;ouvrira pas de mines au Canada, mais a l\u2019intention de prendre des participations dans des mines et des exploitants miniers canadiens&#8221;, a d\u00e9clar\u00e9 Thomas Schmall au quotidien mardi. Schmall a ajout\u00e9 que le Canada disposait de pratiquement toutes les mati\u00e8res premi\u00e8res n\u00e9cessaires \u00e0 la production de batteries. Le mardi 23 ao\u00fbt, le groupe mondial Volkswagen (Volkswagen AG) et le gouvernement du Canada ont l&#8217;intention d&#8217;annoncer un protocole d&#8217;accord \u00e0 Toronto pour faire progresser conjointement la mobilit\u00e9 \u00e9lectrique dans le pays. Thomas Schmall, membre du conseil d&#8217;administration du groupe pour la technologie et Pierre Boutin, pr\u00e9sident et chef de la direction, Volkswagen Group Canada Inc. partageront des id\u00e9es strat\u00e9giques sur les implications de la strat\u00e9gie mondiale NEW AUTO de Volkswagen et sa transformation \u00e9lectrique en Am\u00e9rique du Nord.<br \/> Une usine de batteries<br \/> Un domaine d&#8217;int\u00e9r\u00eat particulier est d&#8217;explorer la cr\u00e9ation de valeur des batteries pour V\u00c9 au Canada, y compris les nouvelles cha\u00eenes d&#8217;approvisionnement en mati\u00e8res premi\u00e8res et la production de mat\u00e9riaux cathodiques ; une activit\u00e9 regroup\u00e9e et dirig\u00e9e par PowerCo, la nouvelle entreprise de batteries de Volkswagen, pour soutenir la pouss\u00e9e du Groupe Volkswagen en faveur de la mobilit\u00e9 \u00e9lectrique. Avec son usine de Chattanooga au Tennessee<\/p>\n","protected":false},"excerpt":{"rendered":"<p>Cette citation vient de l\u2019\u00e9dition d\u2019aujourd\u2019hui du quotidien allemand Handelsblatt. Volkswagen souhaite entrer dans le secteur minier au Canada afin d&#8217;assurer son approvisionnement en mati\u00e8res premi\u00e8res pour la production de batteries, a d\u00e9clar\u00e9 un membre du conseil d&#8217;administration du constructeur automobile allemand au quotidien Handelsblatt. Plus d\u2019information cet apr\u00e8s-midi Volkswagen a soulign\u00e9 qu\u2019elle n&#8217;ouvrira pas [&hellip;]<\/p>\n","protected":false},"author":8,"featured_media":42918,"comment_status":"close","ping_status":"closed","sticky":false,"template":"","format":"standard","meta":{"_monsterinsights_skip_tracking":false,"_monsterinsights_sitenote_active":false,"_monsterinsights_sitenote_note":"","_monsterinsights_sitenote_category":0,"footnotes":""},"categories":[101],"tags":[],"yoast_head":"<!-- This site is optimized with the Yoast SEO plugin v23.2 - https:\/\/yoast.com\/wordpress\/plugins\/seo\/ -->\n<title>VW veut prendre des participations dans des mines et des exploitants miniers canadiens - CanadaMotorJobs.com<\/title>\n<meta name=\"description\" content=\"VW veut prendre des participations dans des mines et des exploitants miniers canadiens - Benoit Charette - Annuel automobile - CanadaMotorJobs.com.\" \/>\n<meta name=\"robots\" content=\"index, follow, max-snippet:-1, max-image-preview:large, max-video-preview:-1\" \/>\n<meta property=\"og:locale\" content=\"fr_CA\" \/>\n<meta property=\"og:type\" content=\"article\" \/>\n<meta property=\"og:title\" content=\"VW veut prendre des participations dans des mines et des exploitants miniers canadiens - CanadaMotorJobs.com\" \/>\n<meta property=\"og:description\" content=\"VW veut prendre des participations dans des mines et des exploitants miniers canadiens - Benoit Charette - Annuel automobile - CanadaMotorJobs.com.\" \/>\n<meta property=\"og:url\" content=\"https:\/\/news.canadamotorjobs.com\/fr\/vw-veut-prendre-des-participations-dans-des-mines-et-des-exploitants-miniers-canadiens\/\" \/>\n<meta property=\"og:site_name\" content=\"CanadaMotorJobs.com\" \/>\n<meta property=\"article:publisher\" content=\"https:\/\/www.facebook.com\/canadamotorjobs\/\" \/>\n<meta property=\"article:published_time\" content=\"2022-08-23T13:53:08+00:00\" \/>\n<meta property=\"article:modified_time\" content=\"2022-08-23T13:59:44+00:00\" \/>\n<meta property=\"og:image\" content=\"https:\/\/news.canadamotorjobs.com\/wp-content\/uploads\/2022\/08\/volkswagen-electric-id-rebrand-design_dezeen_2364_col_12-1.gif\" \/>\n\t<meta property=\"og:image:width\" content=\"2364\" \/>\n\t<meta property=\"og:image:height\" content=\"2364\" \/>\n\t<meta property=\"og:image:type\" content=\"image\/gif\" \/>\n<meta name=\"author\" content=\"Benoit Charette\" \/>\n<meta name=\"twitter:card\" content=\"summary_large_image\" \/>\n<meta name=\"twitter:creator\" content=\"@canadamotorjobs\" \/>\n<meta name=\"twitter:site\" content=\"@canadamotorjobs\" \/>\n<meta name=\"twitter:label1\" content=\"\u00c9crit par\" \/>\n\t<meta name=\"twitter:data1\" content=\"Benoit Charette\" \/>\n\t<meta name=\"twitter:label2\" content=\"Estimation du temps de lecture\" \/>\n\t<meta name=\"twitter:data2\" content=\"1 minute\" \/>\n<!-- \/ Yoast SEO plugin. -->","yoast_head_json":{"title":"VW veut prendre des participations dans des mines et des exploitants miniers canadiens - CanadaMotorJobs.com","description":"VW veut prendre des participations dans des mines et des exploitants miniers canadiens - Benoit Charette - Annuel automobile - CanadaMotorJobs.com.","robots":{"index":"index","follow":"follow","max-snippet":"max-snippet:-1","max-image-preview":"max-image-preview:large","max-video-preview":"max-video-preview:-1"},"og_locale":"fr_CA","og_type":"article","og_title":"VW veut prendre des participations dans des mines et des exploitants miniers canadiens - CanadaMotorJobs.com","og_description":"VW veut prendre des participations dans des mines et des exploitants miniers canadiens - Benoit Charette - Annuel automobile - CanadaMotorJobs.com.","og_url":"https:\/\/news.canadamotorjobs.com\/fr\/vw-veut-prendre-des-participations-dans-des-mines-et-des-exploitants-miniers-canadiens\/","og_site_name":"CanadaMotorJobs.com","article_publisher":"https:\/\/www.facebook.com\/canadamotorjobs\/","article_published_time":"2022-08-23T13:53:08+00:00","article_modified_time":"2022-08-23T13:59:44+00:00","og_image":[{"width":2364,"height":2364,"url":"https:\/\/news.canadamotorjobs.com\/wp-content\/uploads\/2022\/08\/volkswagen-electric-id-rebrand-design_dezeen_2364_col_12-1.gif","type":"image\/gif"}],"author":"Benoit Charette","twitter_card":"summary_large_image","twitter_creator":"@canadamotorjobs","twitter_site":"@canadamotorjobs","twitter_misc":{"\u00c9crit par":"Benoit Charette","Estimation du temps de lecture":"1 minute"},"schema":{"@context":"https:\/\/schema.org","@graph":[{"@type":"Article","@id":"https:\/\/news.canadamotorjobs.com\/fr\/vw-veut-prendre-des-participations-dans-des-mines-et-des-exploitants-miniers-canadiens\/#article","isPartOf":{"@id":"https:\/\/news.canadamotorjobs.com\/fr\/vw-veut-prendre-des-participations-dans-des-mines-et-des-exploitants-miniers-canadiens\/"},"author":{"name":"Benoit Charette","@id":"https:\/\/news.canadamotorjobs.com\/#\/schema\/person\/51793d1f87d44011d7bcc2ed99269a90"},"headline":"VW veut prendre des participations dans des mines et des exploitants miniers canadiens","datePublished":"2022-08-23T13:53:08+00:00","dateModified":"2022-08-23T13:59:44+00:00","mainEntityOfPage":{"@id":"https:\/\/news.canadamotorjobs.com\/fr\/vw-veut-prendre-des-participations-dans-des-mines-et-des-exploitants-miniers-canadiens\/"},"wordCount":299,"publisher":{"@id":"https:\/\/news.canadamotorjobs.com\/#organization"},"image":{"@id":"https:\/\/news.canadamotorjobs.com\/fr\/vw-veut-prendre-des-participations-dans-des-mines-et-des-exploitants-miniers-canadiens\/#primaryimage"},"thumbnailUrl":"https:\/\/news.canadamotorjobs.com\/wp-content\/uploads\/2022\/08\/volkswagen-electric-id-rebrand-design_dezeen_2364_col_12-1.gif","articleSection":["Annuel automobile"],"inLanguage":"fr-CA"},{"@type":"WebPage","@id":"https:\/\/news.canadamotorjobs.com\/fr\/vw-veut-prendre-des-participations-dans-des-mines-et-des-exploitants-miniers-canadiens\/","url":"https:\/\/news.canadamotorjobs.com\/fr\/vw-veut-prendre-des-participations-dans-des-mines-et-des-exploitants-miniers-canadiens\/","name":"VW veut prendre des participations dans des mines et des exploitants miniers canadiens - CanadaMotorJobs.com","isPartOf":{"@id":"https:\/\/news.canadamotorjobs.com\/#website"},"primaryImageOfPage":{"@id":"https:\/\/news.canadamotorjobs.com\/fr\/vw-veut-prendre-des-participations-dans-des-mines-et-des-exploitants-miniers-canadiens\/#primaryimage"},"image":{"@id":"https:\/\/news.canadamotorjobs.com\/fr\/vw-veut-prendre-des-participations-dans-des-mines-et-des-exploitants-miniers-canadiens\/#primaryimage"},"thumbnailUrl":"https:\/\/news.canadamotorjobs.com\/wp-content\/uploads\/2022\/08\/volkswagen-electric-id-rebrand-design_dezeen_2364_col_12-1.gif","datePublished":"2022-08-23T13:53:08+00:00","dateModified":"2022-08-23T13:59:44+00:00","description":"VW veut prendre des participations dans des mines et des exploitants miniers canadiens - Benoit Charette - Annuel automobile - CanadaMotorJobs.com.","breadcrumb":{"@id":"https:\/\/news.canadamotorjobs.com\/fr\/vw-veut-prendre-des-participations-dans-des-mines-et-des-exploitants-miniers-canadiens\/#breadcrumb"},"inLanguage":"fr-CA","potentialAction":[{"@type":"ReadAction","target":["https:\/\/news.canadamotorjobs.com\/fr\/vw-veut-prendre-des-participations-dans-des-mines-et-des-exploitants-miniers-canadiens\/"]}]},{"@type":"ImageObject","inLanguage":"fr-CA","@id":"https:\/\/news.canadamotorjobs.com\/fr\/vw-veut-prendre-des-participations-dans-des-mines-et-des-exploitants-miniers-canadiens\/#primaryimage","url":"https:\/\/news.canadamotorjobs.com\/wp-content\/uploads\/2022\/08\/volkswagen-electric-id-rebrand-design_dezeen_2364_col_12-1.gif","contentUrl":"https:\/\/news.canadamotorjobs.com\/wp-content\/uploads\/2022\/08\/volkswagen-electric-id-rebrand-design_dezeen_2364_col_12-1.gif","width":2364,"height":2364},{"@type":"BreadcrumbList","@id":"https:\/\/news.canadamotorjobs.com\/fr\/vw-veut-prendre-des-participations-dans-des-mines-et-des-exploitants-miniers-canadiens\/#breadcrumb","itemListElement":[{"@type":"ListItem","position":1,"name":"Home","item":"https:\/\/news.canadamotorjobs.com\/fr\/blog\/"},{"@type":"ListItem","position":2,"name":"VW veut prendre des participations dans des mines et des exploitants miniers canadiens"}]},{"@type":"WebSite","@id":"https:\/\/news.canadamotorjobs.com\/#website","url":"https:\/\/news.canadamotorjobs.com\/","name":"CanadaMotorJobs.com","description":"Automotive Jobs","publisher":{"@id":"https:\/\/news.canadamotorjobs.com\/#organization"},"potentialAction":[{"@type":"SearchAction","target":{"@type":"EntryPoint","urlTemplate":"https:\/\/news.canadamotorjobs.com\/?s={search_term_string}"},"query-input":"required name=search_term_string"}],"inLanguage":"fr-CA"},{"@type":"Organization","@id":"https:\/\/news.canadamotorjobs.com\/#organization","name":"Canada Motor Jobs","url":"https:\/\/news.canadamotorjobs.com\/","logo":{"@type":"ImageObject","inLanguage":"fr-CA","@id":"https:\/\/news.canadamotorjobs.com\/#\/schema\/logo\/image\/","url":"https:\/\/news.canadamotorjobs.com\/wp-content\/uploads\/2022\/10\/logo-canada-motor-jobs-1.png","contentUrl":"https:\/\/news.canadamotorjobs.com\/wp-content\/uploads\/2022\/10\/logo-canada-motor-jobs-1.png","width":800,"height":400,"caption":"Canada Motor Jobs"},"image":{"@id":"https:\/\/news.canadamotorjobs.com\/#\/schema\/logo\/image\/"},"sameAs":["https:\/\/www.facebook.com\/canadamotorjobs\/","https:\/\/x.com\/canadamotorjobs","https:\/\/www.instagram.com\/canadamotorjobs\/","https:\/\/www.linkedin.com\/company\/canadamotorjobs"]},{"@type":"Person","@id":"https:\/\/news.canadamotorjobs.com\/#\/schema\/person\/51793d1f87d44011d7bcc2ed99269a90","name":"Benoit Charette","image":{"@type":"ImageObject","inLanguage":"fr-CA","@id":"https:\/\/news.canadamotorjobs.com\/#\/schema\/person\/image\/","url":"https:\/\/secure.gravatar.com\/avatar\/45f3d2eebcccd909668d7ce7ea7267b6?s=96&d=mm&r=g","contentUrl":"https:\/\/secure.gravatar.com\/avatar\/45f3d2eebcccd909668d7ce7ea7267b6?s=96&d=mm&r=g","caption":"Benoit Charette"},"description":"Benoit Charette \/ Propri\u00e9taire et r\u00e9dacteur en chef Benoit Charette pratique le journalisme automobile depuis bient\u00f4t 30 ans. Il a fait ses classes au c\u00f4t\u00e9 de Daniel H\u00e9raud et au Carnet de route de 1992 \u00e0 2001. Il est fondateur, copropri\u00e9taire et r\u00e9dacteur en chef de L\u2019Annuel de l\u2019automobile, qu\u2019il publie depuis 2001. Il a anim\u00e9 les \u00e9missions RPM et RPM+ sur V et les L\u00e9gendes de la route sur Historia. \u00c0 la radio depuis 1986, il reprend l\u2019antenne cette ann\u00e9e sur les ondes de Cogeco et participe pour la deuxi\u00e8me ann\u00e9e \u00e0 l\u2019\u00e9mission Passion Auto sur RDS en plus de mettre en ligne le site Web officiel de L\u2019Annuel de l\u2019automobile sur annuelauto.ca.","sameAs":["https:\/\/annuelauto.ca\/"],"url":"https:\/\/news.canadamotorjobs.com\/fr\/author\/benoit-charette\/"}]}},"_links":{"self":[{"href":"https:\/\/news.canadamotorjobs.com\/fr\/wp-json\/wp\/v2\/posts\/42914"}],"collection":[{"href":"https:\/\/news.canadamotorjobs.com\/fr\/wp-json\/wp\/v2\/posts"}],"about":[{"href":"https:\/\/news.canadamotorjobs.com\/fr\/wp-json\/wp\/v2\/types\/post"}],"author":[{"embeddable":true,"href":"https:\/\/news.canadamotorjobs.com\/fr\/wp-json\/wp\/v2\/users\/8"}],"replies":[{"embeddable":true,"href":"https:\/\/news.canadamotorjobs.com\/fr\/wp-json\/wp\/v2\/comments?post=42914"}],"version-history":[{"count":0,"href":"https:\/\/news.canadamotorjobs.com\/fr\/wp-json\/wp\/v2\/posts\/42914\/revisions"}],"wp:featuredmedia":[{"embeddable":true,"href":"https:\/\/news.canadamotorjobs.com\/fr\/wp-json\/wp\/v2\/media\/42918"}],"wp:attachment":[{"href":"https:\/\/news.canadamotorjobs.com\/fr\/wp-json\/wp\/v2\/media?parent=42914"}],"wp:term":[{"taxonomy":"category","embeddable":true,"href":"https:\/\/news.canadamotorjobs.com\/fr\/wp-json\/wp\/v2\/categories?post=42914"},{"taxonomy":"post_tag","embeddable":true,"href":"https:\/\/news.canadamotorjobs.com\/fr\/wp-json\/wp\/v2\/tags?post=42914"}],"curies":[{"name":"wp","href":"https:\/\/api.w.org\/{rel}","templated":true}]}}