{"id":42906,"date":"2022-08-23T09:21:42","date_gmt":"2022-08-23T13:21:42","guid":{"rendered":"https:\/\/blog.canadamotorjobs.com\/ford-supprime-3-000-emplois-dans-le-monde-y-compris-au-canada\/"},"modified":"2022-08-23T09:29:01","modified_gmt":"2022-08-23T13:29:01","slug":"ford-supprime-3-000-emplois-dans-le-monde-y-compris-au-canada","status":"publish","type":"post","link":"https:\/\/news.canadamotorjobs.com\/fr\/ford-supprime-3-000-emplois-dans-le-monde-y-compris-au-canada\/","title":{"rendered":"Ford supprime 3\u00a0000 emplois dans le monde, y compris au Canada"},"content":{"rendered":"<\/p>\n<p>Ford pr\u00e9voit de supprimer 3 000 emplois dans le monde cette semaine, selon une lettre envoy\u00e9e aux employ\u00e9s lundi. Le constructeur automobile supprime 2 000 emplois salari\u00e9s et 1 000 emplois int\u00e9rimaires, ont d\u00e9clar\u00e9 le PDG Jim Farley et le pr\u00e9sident ex\u00e9cutif Bill Ford. Les employ\u00e9s concern\u00e9s aux \u00c9tats-Unis, au Canada et en Inde seront inform\u00e9s cette semaine, selon la lettre.<br \/> Red\u00e9finir le mod\u00e8le d\u2019affaires<br \/> Ford revoit tous les aspects de son processus d\u2019affaires. \u00ab\u00a0La compagnie n\u2019est pas comp\u00e9titive par rapport aux concurrents traditionnels et nouveaux\u00a0\u00bb admettent Farley et Ford. Les coupes sont attendues dans une vari\u00e9t\u00e9 de r\u00f4les, y compris les achats, et sont pr\u00e9vues \u00e0 la fois dans ses divisions Ford Blue et Model e. Des coupes sont \u00e9galement effectu\u00e9es chez Ford Credit, a confirm\u00e9 une porte-parole.<br \/> Il y a aussi r\u00e9organisation<br \/> La soci\u00e9t\u00e9 a indiqu\u00e9 aux employ\u00e9s qu&#8217;en plus de supprimer des emplois, elle r\u00e9organise et simplifie les fonctions au sein de son organisation. Pour plusieurs les 3\u00a0000 emplois ne sont peut-\u00eatre pas les derniers que Ford va supprimer. Bloomberg a rapport\u00e9 en juillet que Ford pr\u00e9voyait de supprimer jusqu&#8217;\u00e0 8 000 emplois dans un avenir proche. Le mois dernier, Jim Farley a r\u00e9it\u00e9r\u00e9 sa position selon laquelle Ford a trop de personnel lors de la conf\u00e9rence t\u00e9l\u00e9phonique sur les r\u00e9sultats du deuxi\u00e8me trimestre de l&#8217;entreprise.<\/p>\n<p> Avec des renseignements d\u2019Automotive news<\/p>\n<p>Le texte <a rel=\"nofollow\" href=\"https:\/\/annuelauto.ca\/ford-supprime-3-000-emplois-dans-le-monde-y-compris-au-canada\/\">Ford supprime 3\u00a0000 emplois dans le monde, y compris au Canada<\/a> provient de <a rel=\"nofollow\" href=\"https:\/\/annuelauto.ca\">L&#039;annuel de l&#039;automobile &#8211; Actualit\u00e9 automobile<\/a><\/p>\n<p> <\/p>\n","protected":false},"excerpt":{"rendered":"<p>Ford pr\u00e9voit de supprimer 3 000 emplois dans le monde cette semaine, selon une lettre envoy\u00e9e aux employ\u00e9s lundi. Le constructeur automobile supprime 2 000 emplois salari\u00e9s et 1 000 emplois int\u00e9rimaires, ont d\u00e9clar\u00e9 le PDG Jim Farley et le pr\u00e9sident ex\u00e9cutif Bill Ford. Les employ\u00e9s concern\u00e9s aux \u00c9tats-Unis, au Canada et en Inde seront [&hellip;]<\/p>\n","protected":false},"author":8,"featured_media":42910,"comment_status":"close","ping_status":"closed","sticky":false,"template":"","format":"standard","meta":{"_monsterinsights_skip_tracking":false,"_monsterinsights_sitenote_active":false,"_monsterinsights_sitenote_note":"","_monsterinsights_sitenote_category":0,"footnotes":""},"categories":[101],"tags":[],"yoast_head":"<!-- This site is optimized with the Yoast SEO plugin v23.2 - https:\/\/yoast.com\/wordpress\/plugins\/seo\/ -->\n<title>Ford supprime 3\u00a0000 emplois dans le monde, y compris au Canada - CanadaMotorJobs.com<\/title>\n<meta name=\"description\" content=\"Ford supprime 3\u00a0000 emplois dans le monde, y compris au Canada - Benoit Charette - Annuel automobile - CanadaMotorJobs.com.\" \/>\n<meta name=\"robots\" content=\"index, follow, max-snippet:-1, max-image-preview:large, max-video-preview:-1\" \/>\n<meta property=\"og:locale\" content=\"fr_CA\" \/>\n<meta property=\"og:type\" content=\"article\" \/>\n<meta property=\"og:title\" content=\"Ford supprime 3\u00a0000 emplois dans le monde, y compris au Canada - CanadaMotorJobs.com\" \/>\n<meta property=\"og:description\" content=\"Ford supprime 3\u00a0000 emplois dans le monde, y compris au Canada - Benoit Charette - Annuel automobile - CanadaMotorJobs.com.\" \/>\n<meta property=\"og:url\" content=\"https:\/\/news.canadamotorjobs.com\/fr\/ford-supprime-3-000-emplois-dans-le-monde-y-compris-au-canada\/\" \/>\n<meta property=\"og:site_name\" content=\"CanadaMotorJobs.com\" \/>\n<meta property=\"article:publisher\" content=\"https:\/\/www.facebook.com\/canadamotorjobs\/\" \/>\n<meta property=\"article:published_time\" content=\"2022-08-23T13:21:42+00:00\" \/>\n<meta property=\"article:modified_time\" content=\"2022-08-23T13:29:01+00:00\" \/>\n<meta property=\"og:image\" content=\"https:\/\/news.canadamotorjobs.com\/wp-content\/uploads\/2022\/08\/Ford-Logo-1.png\" \/>\n\t<meta property=\"og:image:width\" content=\"3840\" \/>\n\t<meta property=\"og:image:height\" content=\"2171\" \/>\n\t<meta property=\"og:image:type\" content=\"image\/png\" \/>\n<meta name=\"author\" content=\"Benoit Charette\" \/>\n<meta name=\"twitter:card\" content=\"summary_large_image\" \/>\n<meta name=\"twitter:creator\" content=\"@canadamotorjobs\" \/>\n<meta name=\"twitter:site\" content=\"@canadamotorjobs\" \/>\n<meta name=\"twitter:label1\" content=\"\u00c9crit par\" \/>\n\t<meta name=\"twitter:data1\" content=\"Benoit Charette\" \/>\n\t<meta name=\"twitter:label2\" content=\"Estimation du temps de lecture\" \/>\n\t<meta name=\"twitter:data2\" content=\"1 minute\" \/>\n<!-- \/ Yoast SEO plugin. -->","yoast_head_json":{"title":"Ford supprime 3\u00a0000 emplois dans le monde, y compris au Canada - CanadaMotorJobs.com","description":"Ford supprime 3\u00a0000 emplois dans le monde, y compris au Canada - Benoit Charette - Annuel automobile - CanadaMotorJobs.com.","robots":{"index":"index","follow":"follow","max-snippet":"max-snippet:-1","max-image-preview":"max-image-preview:large","max-video-preview":"max-video-preview:-1"},"og_locale":"fr_CA","og_type":"article","og_title":"Ford supprime 3\u00a0000 emplois dans le monde, y compris au Canada - CanadaMotorJobs.com","og_description":"Ford supprime 3\u00a0000 emplois dans le monde, y compris au Canada - Benoit Charette - Annuel automobile - CanadaMotorJobs.com.","og_url":"https:\/\/news.canadamotorjobs.com\/fr\/ford-supprime-3-000-emplois-dans-le-monde-y-compris-au-canada\/","og_site_name":"CanadaMotorJobs.com","article_publisher":"https:\/\/www.facebook.com\/canadamotorjobs\/","article_published_time":"2022-08-23T13:21:42+00:00","article_modified_time":"2022-08-23T13:29:01+00:00","og_image":[{"width":3840,"height":2171,"url":"https:\/\/news.canadamotorjobs.com\/wp-content\/uploads\/2022\/08\/Ford-Logo-1.png","type":"image\/png"}],"author":"Benoit Charette","twitter_card":"summary_large_image","twitter_creator":"@canadamotorjobs","twitter_site":"@canadamotorjobs","twitter_misc":{"\u00c9crit par":"Benoit Charette","Estimation du temps de lecture":"1 minute"},"schema":{"@context":"https:\/\/schema.org","@graph":[{"@type":"Article","@id":"https:\/\/news.canadamotorjobs.com\/fr\/ford-supprime-3-000-emplois-dans-le-monde-y-compris-au-canada\/#article","isPartOf":{"@id":"https:\/\/news.canadamotorjobs.com\/fr\/ford-supprime-3-000-emplois-dans-le-monde-y-compris-au-canada\/"},"author":{"name":"Benoit Charette","@id":"https:\/\/news.canadamotorjobs.com\/#\/schema\/person\/51793d1f87d44011d7bcc2ed99269a90"},"headline":"Ford supprime 3\u00a0000 emplois dans le monde, y compris au Canada","datePublished":"2022-08-23T13:21:42+00:00","dateModified":"2022-08-23T13:29:01+00:00","mainEntityOfPage":{"@id":"https:\/\/news.canadamotorjobs.com\/fr\/ford-supprime-3-000-emplois-dans-le-monde-y-compris-au-canada\/"},"wordCount":282,"publisher":{"@id":"https:\/\/news.canadamotorjobs.com\/#organization"},"image":{"@id":"https:\/\/news.canadamotorjobs.com\/fr\/ford-supprime-3-000-emplois-dans-le-monde-y-compris-au-canada\/#primaryimage"},"thumbnailUrl":"https:\/\/news.canadamotorjobs.com\/wp-content\/uploads\/2022\/08\/Ford-Logo-1.png","articleSection":["Annuel automobile"],"inLanguage":"fr-CA"},{"@type":"WebPage","@id":"https:\/\/news.canadamotorjobs.com\/fr\/ford-supprime-3-000-emplois-dans-le-monde-y-compris-au-canada\/","url":"https:\/\/news.canadamotorjobs.com\/fr\/ford-supprime-3-000-emplois-dans-le-monde-y-compris-au-canada\/","name":"Ford supprime 3\u00a0000 emplois dans le monde, y compris au Canada - CanadaMotorJobs.com","isPartOf":{"@id":"https:\/\/news.canadamotorjobs.com\/#website"},"primaryImageOfPage":{"@id":"https:\/\/news.canadamotorjobs.com\/fr\/ford-supprime-3-000-emplois-dans-le-monde-y-compris-au-canada\/#primaryimage"},"image":{"@id":"https:\/\/news.canadamotorjobs.com\/fr\/ford-supprime-3-000-emplois-dans-le-monde-y-compris-au-canada\/#primaryimage"},"thumbnailUrl":"https:\/\/news.canadamotorjobs.com\/wp-content\/uploads\/2022\/08\/Ford-Logo-1.png","datePublished":"2022-08-23T13:21:42+00:00","dateModified":"2022-08-23T13:29:01+00:00","description":"Ford supprime 3\u00a0000 emplois dans le monde, y compris au Canada - Benoit Charette - Annuel automobile - CanadaMotorJobs.com.","breadcrumb":{"@id":"https:\/\/news.canadamotorjobs.com\/fr\/ford-supprime-3-000-emplois-dans-le-monde-y-compris-au-canada\/#breadcrumb"},"inLanguage":"fr-CA","potentialAction":[{"@type":"ReadAction","target":["https:\/\/news.canadamotorjobs.com\/fr\/ford-supprime-3-000-emplois-dans-le-monde-y-compris-au-canada\/"]}]},{"@type":"ImageObject","inLanguage":"fr-CA","@id":"https:\/\/news.canadamotorjobs.com\/fr\/ford-supprime-3-000-emplois-dans-le-monde-y-compris-au-canada\/#primaryimage","url":"https:\/\/news.canadamotorjobs.com\/wp-content\/uploads\/2022\/08\/Ford-Logo-1.png","contentUrl":"https:\/\/news.canadamotorjobs.com\/wp-content\/uploads\/2022\/08\/Ford-Logo-1.png","width":3840,"height":2171},{"@type":"BreadcrumbList","@id":"https:\/\/news.canadamotorjobs.com\/fr\/ford-supprime-3-000-emplois-dans-le-monde-y-compris-au-canada\/#breadcrumb","itemListElement":[{"@type":"ListItem","position":1,"name":"Home","item":"https:\/\/news.canadamotorjobs.com\/fr\/blog\/"},{"@type":"ListItem","position":2,"name":"Ford supprime 3\u00a0000 emplois dans le monde, y compris au Canada"}]},{"@type":"WebSite","@id":"https:\/\/news.canadamotorjobs.com\/#website","url":"https:\/\/news.canadamotorjobs.com\/","name":"CanadaMotorJobs.com","description":"Automotive Jobs","publisher":{"@id":"https:\/\/news.canadamotorjobs.com\/#organization"},"potentialAction":[{"@type":"SearchAction","target":{"@type":"EntryPoint","urlTemplate":"https:\/\/news.canadamotorjobs.com\/?s={search_term_string}"},"query-input":"required name=search_term_string"}],"inLanguage":"fr-CA"},{"@type":"Organization","@id":"https:\/\/news.canadamotorjobs.com\/#organization","name":"Canada Motor Jobs","url":"https:\/\/news.canadamotorjobs.com\/","logo":{"@type":"ImageObject","inLanguage":"fr-CA","@id":"https:\/\/news.canadamotorjobs.com\/#\/schema\/logo\/image\/","url":"https:\/\/news.canadamotorjobs.com\/wp-content\/uploads\/2022\/10\/logo-canada-motor-jobs-1.png","contentUrl":"https:\/\/news.canadamotorjobs.com\/wp-content\/uploads\/2022\/10\/logo-canada-motor-jobs-1.png","width":800,"height":400,"caption":"Canada Motor Jobs"},"image":{"@id":"https:\/\/news.canadamotorjobs.com\/#\/schema\/logo\/image\/"},"sameAs":["https:\/\/www.facebook.com\/canadamotorjobs\/","https:\/\/x.com\/canadamotorjobs","https:\/\/www.instagram.com\/canadamotorjobs\/","https:\/\/www.linkedin.com\/company\/canadamotorjobs"]},{"@type":"Person","@id":"https:\/\/news.canadamotorjobs.com\/#\/schema\/person\/51793d1f87d44011d7bcc2ed99269a90","name":"Benoit Charette","image":{"@type":"ImageObject","inLanguage":"fr-CA","@id":"https:\/\/news.canadamotorjobs.com\/#\/schema\/person\/image\/","url":"https:\/\/secure.gravatar.com\/avatar\/45f3d2eebcccd909668d7ce7ea7267b6?s=96&d=mm&r=g","contentUrl":"https:\/\/secure.gravatar.com\/avatar\/45f3d2eebcccd909668d7ce7ea7267b6?s=96&d=mm&r=g","caption":"Benoit Charette"},"description":"Benoit Charette \/ Propri\u00e9taire et r\u00e9dacteur en chef Benoit Charette pratique le journalisme automobile depuis bient\u00f4t 30 ans. Il a fait ses classes au c\u00f4t\u00e9 de Daniel H\u00e9raud et au Carnet de route de 1992 \u00e0 2001. Il est fondateur, copropri\u00e9taire et r\u00e9dacteur en chef de L\u2019Annuel de l\u2019automobile, qu\u2019il publie depuis 2001. Il a anim\u00e9 les \u00e9missions RPM et RPM+ sur V et les L\u00e9gendes de la route sur Historia. \u00c0 la radio depuis 1986, il reprend l\u2019antenne cette ann\u00e9e sur les ondes de Cogeco et participe pour la deuxi\u00e8me ann\u00e9e \u00e0 l\u2019\u00e9mission Passion Auto sur RDS en plus de mettre en ligne le site Web officiel de L\u2019Annuel de l\u2019automobile sur annuelauto.ca.","sameAs":["https:\/\/annuelauto.ca\/"],"url":"https:\/\/news.canadamotorjobs.com\/fr\/author\/benoit-charette\/"}]}},"_links":{"self":[{"href":"https:\/\/news.canadamotorjobs.com\/fr\/wp-json\/wp\/v2\/posts\/42906"}],"collection":[{"href":"https:\/\/news.canadamotorjobs.com\/fr\/wp-json\/wp\/v2\/posts"}],"about":[{"href":"https:\/\/news.canadamotorjobs.com\/fr\/wp-json\/wp\/v2\/types\/post"}],"author":[{"embeddable":true,"href":"https:\/\/news.canadamotorjobs.com\/fr\/wp-json\/wp\/v2\/users\/8"}],"replies":[{"embeddable":true,"href":"https:\/\/news.canadamotorjobs.com\/fr\/wp-json\/wp\/v2\/comments?post=42906"}],"version-history":[{"count":0,"href":"https:\/\/news.canadamotorjobs.com\/fr\/wp-json\/wp\/v2\/posts\/42906\/revisions"}],"wp:featuredmedia":[{"embeddable":true,"href":"https:\/\/news.canadamotorjobs.com\/fr\/wp-json\/wp\/v2\/media\/42910"}],"wp:attachment":[{"href":"https:\/\/news.canadamotorjobs.com\/fr\/wp-json\/wp\/v2\/media?parent=42906"}],"wp:term":[{"taxonomy":"category","embeddable":true,"href":"https:\/\/news.canadamotorjobs.com\/fr\/wp-json\/wp\/v2\/categories?post=42906"},{"taxonomy":"post_tag","embeddable":true,"href":"https:\/\/news.canadamotorjobs.com\/fr\/wp-json\/wp\/v2\/tags?post=42906"}],"curies":[{"name":"wp","href":"https:\/\/api.w.org\/{rel}","templated":true}]}}