{"id":42882,"date":"2022-08-21T11:32:54","date_gmt":"2022-08-21T15:32:54","guid":{"rendered":"https:\/\/blog.canadamotorjobs.com\/dodge-preparerait-un-ram-trx-de-797-chevaux\/"},"modified":"2022-08-21T11:44:41","modified_gmt":"2022-08-21T15:44:41","slug":"dodge-preparerait-un-ram-trx-de-797-chevaux","status":"publish","type":"post","link":"https:\/\/news.canadamotorjobs.com\/fr\/dodge-preparerait-un-ram-trx-de-797-chevaux\/","title":{"rendered":"Dodge pr\u00e9parerait un RAM TRX de 797 chevaux"},"content":{"rendered":"<\/p>\n<p>Jusqu\u2019\u00e0 tout r\u00e9cemment, le Ram TRX \u00e9tait intouchable. Voil\u00e0 que Ford annonce il y a quelques mois qu\u2019un Raptor \u00e0 moteur V8 va produire 700 chevaux. C\u2019est vrai que c\u2019est un peu moins que les 702 chevaux du TRX, mais RAM et Stellantis veulent \u00e0 nouveau creuser le foss\u00e9. Le V8 de 6,2 litres passerait \u00e0 la puissance sup\u00e9rieure et emprunterait le moteur Redeye avec 797 chevaux.<br \/> Le roi de la montagne<br \/> Sans doute un peu agac\u00e9 par le Rivian R1T \u00e9lectrique qui a humili\u00e9 le TRX \u00e0 quelques reprises et un peu craintif de voir le Raptor lui chauffer les fesses, il est important pour Stellantis de reprendre les devants en mati\u00e8re performance brute. Cette rumeur vient du site ram-TRX.com qui a montr\u00e9 une image d\u2019un TRX qui arbore le lettrage &#8220;R&#8221; de couleur rouge, \u00e0 la fois sur le d\u00e9calque et sur le logo du hayon. On avance m\u00eame le nom de Ram TRX-Tyrant qui serait un mod\u00e8le 2023 qui vous l\u2019aurez compris sera produit en petite quantit\u00e9.<\/p>\n<p> Avec des renseignements de Carbuzz<\/p>\n<p>Le texte <a rel=\"nofollow\" href=\"https:\/\/annuelauto.ca\/dodge-preparerait-un-ram-trx-de-797-chevaux\/\">Dodge pr\u00e9parerait un RAM TRX de 797 chevaux<\/a> provient de <a rel=\"nofollow\" href=\"https:\/\/annuelauto.ca\">L&#039;annuel de l&#039;automobile &#8211; Actualit\u00e9 automobile<\/a><\/p>\n<p> <\/p>\n","protected":false},"excerpt":{"rendered":"<p>Jusqu\u2019\u00e0 tout r\u00e9cemment, le Ram TRX \u00e9tait intouchable. Voil\u00e0 que Ford annonce il y a quelques mois qu\u2019un Raptor \u00e0 moteur V8 va produire 700 chevaux. C\u2019est vrai que c\u2019est un peu moins que les 702 chevaux du TRX, mais RAM et Stellantis veulent \u00e0 nouveau creuser le foss\u00e9. Le V8 de 6,2 litres passerait [&hellip;]<\/p>\n","protected":false},"author":8,"featured_media":42886,"comment_status":"close","ping_status":"closed","sticky":false,"template":"","format":"standard","meta":{"_monsterinsights_skip_tracking":false,"_monsterinsights_sitenote_active":false,"_monsterinsights_sitenote_note":"","_monsterinsights_sitenote_category":0,"footnotes":""},"categories":[101],"tags":[],"yoast_head":"<!-- This site is optimized with the Yoast SEO plugin v23.2 - https:\/\/yoast.com\/wordpress\/plugins\/seo\/ -->\n<title>Dodge pr\u00e9parerait un RAM TRX de 797 chevaux - CanadaMotorJobs.com<\/title>\n<meta name=\"description\" content=\"Dodge pr\u00e9parerait un RAM TRX de 797 chevaux - Benoit Charette - Annuel automobile - CanadaMotorJobs.com.\" \/>\n<meta name=\"robots\" content=\"index, follow, max-snippet:-1, max-image-preview:large, max-video-preview:-1\" \/>\n<meta property=\"og:locale\" content=\"fr_CA\" \/>\n<meta property=\"og:type\" content=\"article\" \/>\n<meta property=\"og:title\" content=\"Dodge pr\u00e9parerait un RAM TRX de 797 chevaux - CanadaMotorJobs.com\" \/>\n<meta property=\"og:description\" content=\"Dodge pr\u00e9parerait un RAM TRX de 797 chevaux - Benoit Charette - Annuel automobile - CanadaMotorJobs.com.\" \/>\n<meta property=\"og:url\" content=\"https:\/\/news.canadamotorjobs.com\/fr\/dodge-preparerait-un-ram-trx-de-797-chevaux\/\" \/>\n<meta property=\"og:site_name\" content=\"CanadaMotorJobs.com\" \/>\n<meta property=\"article:publisher\" content=\"https:\/\/www.facebook.com\/canadamotorjobs\/\" \/>\n<meta property=\"article:published_time\" content=\"2022-08-21T15:32:54+00:00\" \/>\n<meta property=\"article:modified_time\" content=\"2022-08-21T15:44:41+00:00\" \/>\n<meta property=\"og:image\" content=\"https:\/\/news.canadamotorjobs.com\/wp-content\/uploads\/2022\/08\/0fb36d68-132f-4092-91eb-a5b36b485c99-1.jpg\" \/>\n\t<meta property=\"og:image:width\" content=\"1024\" \/>\n\t<meta property=\"og:image:height\" content=\"606\" \/>\n\t<meta property=\"og:image:type\" content=\"image\/jpeg\" \/>\n<meta name=\"author\" content=\"Benoit Charette\" \/>\n<meta name=\"twitter:card\" content=\"summary_large_image\" \/>\n<meta name=\"twitter:creator\" content=\"@canadamotorjobs\" \/>\n<meta name=\"twitter:site\" content=\"@canadamotorjobs\" \/>\n<meta name=\"twitter:label1\" content=\"\u00c9crit par\" \/>\n\t<meta name=\"twitter:data1\" content=\"Benoit Charette\" \/>\n\t<meta name=\"twitter:label2\" content=\"Estimation du temps de lecture\" \/>\n\t<meta name=\"twitter:data2\" content=\"1 minute\" \/>\n<!-- \/ Yoast SEO plugin. -->","yoast_head_json":{"title":"Dodge pr\u00e9parerait un RAM TRX de 797 chevaux - CanadaMotorJobs.com","description":"Dodge pr\u00e9parerait un RAM TRX de 797 chevaux - Benoit Charette - Annuel automobile - CanadaMotorJobs.com.","robots":{"index":"index","follow":"follow","max-snippet":"max-snippet:-1","max-image-preview":"max-image-preview:large","max-video-preview":"max-video-preview:-1"},"og_locale":"fr_CA","og_type":"article","og_title":"Dodge pr\u00e9parerait un RAM TRX de 797 chevaux - CanadaMotorJobs.com","og_description":"Dodge pr\u00e9parerait un RAM TRX de 797 chevaux - Benoit Charette - Annuel automobile - CanadaMotorJobs.com.","og_url":"https:\/\/news.canadamotorjobs.com\/fr\/dodge-preparerait-un-ram-trx-de-797-chevaux\/","og_site_name":"CanadaMotorJobs.com","article_publisher":"https:\/\/www.facebook.com\/canadamotorjobs\/","article_published_time":"2022-08-21T15:32:54+00:00","article_modified_time":"2022-08-21T15:44:41+00:00","og_image":[{"width":1024,"height":606,"url":"https:\/\/news.canadamotorjobs.com\/wp-content\/uploads\/2022\/08\/0fb36d68-132f-4092-91eb-a5b36b485c99-1.jpg","type":"image\/jpeg"}],"author":"Benoit Charette","twitter_card":"summary_large_image","twitter_creator":"@canadamotorjobs","twitter_site":"@canadamotorjobs","twitter_misc":{"\u00c9crit par":"Benoit Charette","Estimation du temps de lecture":"1 minute"},"schema":{"@context":"https:\/\/schema.org","@graph":[{"@type":"Article","@id":"https:\/\/news.canadamotorjobs.com\/fr\/dodge-preparerait-un-ram-trx-de-797-chevaux\/#article","isPartOf":{"@id":"https:\/\/news.canadamotorjobs.com\/fr\/dodge-preparerait-un-ram-trx-de-797-chevaux\/"},"author":{"name":"Benoit Charette","@id":"https:\/\/news.canadamotorjobs.com\/#\/schema\/person\/51793d1f87d44011d7bcc2ed99269a90"},"headline":"Dodge pr\u00e9parerait un RAM TRX de 797 chevaux","datePublished":"2022-08-21T15:32:54+00:00","dateModified":"2022-08-21T15:44:41+00:00","mainEntityOfPage":{"@id":"https:\/\/news.canadamotorjobs.com\/fr\/dodge-preparerait-un-ram-trx-de-797-chevaux\/"},"wordCount":205,"publisher":{"@id":"https:\/\/news.canadamotorjobs.com\/#organization"},"image":{"@id":"https:\/\/news.canadamotorjobs.com\/fr\/dodge-preparerait-un-ram-trx-de-797-chevaux\/#primaryimage"},"thumbnailUrl":"https:\/\/news.canadamotorjobs.com\/wp-content\/uploads\/2022\/08\/0fb36d68-132f-4092-91eb-a5b36b485c99-1.jpg","articleSection":["Annuel automobile"],"inLanguage":"fr-CA"},{"@type":"WebPage","@id":"https:\/\/news.canadamotorjobs.com\/fr\/dodge-preparerait-un-ram-trx-de-797-chevaux\/","url":"https:\/\/news.canadamotorjobs.com\/fr\/dodge-preparerait-un-ram-trx-de-797-chevaux\/","name":"Dodge pr\u00e9parerait un RAM TRX de 797 chevaux - CanadaMotorJobs.com","isPartOf":{"@id":"https:\/\/news.canadamotorjobs.com\/#website"},"primaryImageOfPage":{"@id":"https:\/\/news.canadamotorjobs.com\/fr\/dodge-preparerait-un-ram-trx-de-797-chevaux\/#primaryimage"},"image":{"@id":"https:\/\/news.canadamotorjobs.com\/fr\/dodge-preparerait-un-ram-trx-de-797-chevaux\/#primaryimage"},"thumbnailUrl":"https:\/\/news.canadamotorjobs.com\/wp-content\/uploads\/2022\/08\/0fb36d68-132f-4092-91eb-a5b36b485c99-1.jpg","datePublished":"2022-08-21T15:32:54+00:00","dateModified":"2022-08-21T15:44:41+00:00","description":"Dodge pr\u00e9parerait un RAM TRX de 797 chevaux - Benoit Charette - Annuel automobile - CanadaMotorJobs.com.","breadcrumb":{"@id":"https:\/\/news.canadamotorjobs.com\/fr\/dodge-preparerait-un-ram-trx-de-797-chevaux\/#breadcrumb"},"inLanguage":"fr-CA","potentialAction":[{"@type":"ReadAction","target":["https:\/\/news.canadamotorjobs.com\/fr\/dodge-preparerait-un-ram-trx-de-797-chevaux\/"]}]},{"@type":"ImageObject","inLanguage":"fr-CA","@id":"https:\/\/news.canadamotorjobs.com\/fr\/dodge-preparerait-un-ram-trx-de-797-chevaux\/#primaryimage","url":"https:\/\/news.canadamotorjobs.com\/wp-content\/uploads\/2022\/08\/0fb36d68-132f-4092-91eb-a5b36b485c99-1.jpg","contentUrl":"https:\/\/news.canadamotorjobs.com\/wp-content\/uploads\/2022\/08\/0fb36d68-132f-4092-91eb-a5b36b485c99-1.jpg","width":1024,"height":606},{"@type":"BreadcrumbList","@id":"https:\/\/news.canadamotorjobs.com\/fr\/dodge-preparerait-un-ram-trx-de-797-chevaux\/#breadcrumb","itemListElement":[{"@type":"ListItem","position":1,"name":"Home","item":"https:\/\/news.canadamotorjobs.com\/fr\/blog\/"},{"@type":"ListItem","position":2,"name":"Dodge pr\u00e9parerait un RAM TRX de 797 chevaux"}]},{"@type":"WebSite","@id":"https:\/\/news.canadamotorjobs.com\/#website","url":"https:\/\/news.canadamotorjobs.com\/","name":"CanadaMotorJobs.com","description":"Automotive Jobs","publisher":{"@id":"https:\/\/news.canadamotorjobs.com\/#organization"},"potentialAction":[{"@type":"SearchAction","target":{"@type":"EntryPoint","urlTemplate":"https:\/\/news.canadamotorjobs.com\/?s={search_term_string}"},"query-input":"required name=search_term_string"}],"inLanguage":"fr-CA"},{"@type":"Organization","@id":"https:\/\/news.canadamotorjobs.com\/#organization","name":"Canada Motor Jobs","url":"https:\/\/news.canadamotorjobs.com\/","logo":{"@type":"ImageObject","inLanguage":"fr-CA","@id":"https:\/\/news.canadamotorjobs.com\/#\/schema\/logo\/image\/","url":"https:\/\/news.canadamotorjobs.com\/wp-content\/uploads\/2022\/10\/logo-canada-motor-jobs-1.png","contentUrl":"https:\/\/news.canadamotorjobs.com\/wp-content\/uploads\/2022\/10\/logo-canada-motor-jobs-1.png","width":800,"height":400,"caption":"Canada Motor Jobs"},"image":{"@id":"https:\/\/news.canadamotorjobs.com\/#\/schema\/logo\/image\/"},"sameAs":["https:\/\/www.facebook.com\/canadamotorjobs\/","https:\/\/x.com\/canadamotorjobs","https:\/\/www.instagram.com\/canadamotorjobs\/","https:\/\/www.linkedin.com\/company\/canadamotorjobs"]},{"@type":"Person","@id":"https:\/\/news.canadamotorjobs.com\/#\/schema\/person\/51793d1f87d44011d7bcc2ed99269a90","name":"Benoit Charette","image":{"@type":"ImageObject","inLanguage":"fr-CA","@id":"https:\/\/news.canadamotorjobs.com\/#\/schema\/person\/image\/","url":"https:\/\/secure.gravatar.com\/avatar\/45f3d2eebcccd909668d7ce7ea7267b6?s=96&d=mm&r=g","contentUrl":"https:\/\/secure.gravatar.com\/avatar\/45f3d2eebcccd909668d7ce7ea7267b6?s=96&d=mm&r=g","caption":"Benoit Charette"},"description":"Benoit Charette \/ Propri\u00e9taire et r\u00e9dacteur en chef Benoit Charette pratique le journalisme automobile depuis bient\u00f4t 30 ans. Il a fait ses classes au c\u00f4t\u00e9 de Daniel H\u00e9raud et au Carnet de route de 1992 \u00e0 2001. Il est fondateur, copropri\u00e9taire et r\u00e9dacteur en chef de L\u2019Annuel de l\u2019automobile, qu\u2019il publie depuis 2001. Il a anim\u00e9 les \u00e9missions RPM et RPM+ sur V et les L\u00e9gendes de la route sur Historia. \u00c0 la radio depuis 1986, il reprend l\u2019antenne cette ann\u00e9e sur les ondes de Cogeco et participe pour la deuxi\u00e8me ann\u00e9e \u00e0 l\u2019\u00e9mission Passion Auto sur RDS en plus de mettre en ligne le site Web officiel de L\u2019Annuel de l\u2019automobile sur annuelauto.ca.","sameAs":["https:\/\/annuelauto.ca\/"],"url":"https:\/\/news.canadamotorjobs.com\/fr\/author\/benoit-charette\/"}]}},"_links":{"self":[{"href":"https:\/\/news.canadamotorjobs.com\/fr\/wp-json\/wp\/v2\/posts\/42882"}],"collection":[{"href":"https:\/\/news.canadamotorjobs.com\/fr\/wp-json\/wp\/v2\/posts"}],"about":[{"href":"https:\/\/news.canadamotorjobs.com\/fr\/wp-json\/wp\/v2\/types\/post"}],"author":[{"embeddable":true,"href":"https:\/\/news.canadamotorjobs.com\/fr\/wp-json\/wp\/v2\/users\/8"}],"replies":[{"embeddable":true,"href":"https:\/\/news.canadamotorjobs.com\/fr\/wp-json\/wp\/v2\/comments?post=42882"}],"version-history":[{"count":0,"href":"https:\/\/news.canadamotorjobs.com\/fr\/wp-json\/wp\/v2\/posts\/42882\/revisions"}],"wp:featuredmedia":[{"embeddable":true,"href":"https:\/\/news.canadamotorjobs.com\/fr\/wp-json\/wp\/v2\/media\/42886"}],"wp:attachment":[{"href":"https:\/\/news.canadamotorjobs.com\/fr\/wp-json\/wp\/v2\/media?parent=42882"}],"wp:term":[{"taxonomy":"category","embeddable":true,"href":"https:\/\/news.canadamotorjobs.com\/fr\/wp-json\/wp\/v2\/categories?post=42882"},{"taxonomy":"post_tag","embeddable":true,"href":"https:\/\/news.canadamotorjobs.com\/fr\/wp-json\/wp\/v2\/tags?post=42882"}],"curies":[{"name":"wp","href":"https:\/\/api.w.org\/{rel}","templated":true}]}}