{"id":42858,"date":"2022-08-19T12:07:35","date_gmt":"2022-08-19T16:07:35","guid":{"rendered":"https:\/\/blog.canadamotorjobs.com\/le-salon-de-lauto-de-geneve-deja-annule-pour-2023\/"},"modified":"2022-08-19T12:14:12","modified_gmt":"2022-08-19T16:14:12","slug":"le-salon-de-lauto-de-geneve-deja-annule-pour-2023","status":"publish","type":"post","link":"https:\/\/news.canadamotorjobs.com\/fr\/le-salon-de-lauto-de-geneve-deja-annule-pour-2023\/","title":{"rendered":"Le Salon de l\u2019auto de Gen\u00e8ve d\u00e9j\u00e0 annul\u00e9 pour 2023"},"content":{"rendered":"<\/p>\n<p>Depuis 1905, le Salon dxe l\u2019auto de Gen\u00e8ve est un haut lieu de l\u2019innovation automobile et le seul Salon de calibre mondial pr\u00e9sent\u00e9 dans un pays non producteur d\u2019automobiles.<br \/> Il devait y avoir deux Salons en 2023<br \/> Apr\u00e8s une absence du Salon de l\u2019auto \u00e0 Gen\u00e8ve en 2020, 2021 et 2022, le plan initial pour 2023 \u00e9tait d&#8217;accueillir deux salons internationaux de l&#8217;automobile de Gen\u00e8ve. Le premier devait se tenir du 14 au 19 f\u00e9vrier 2023 au Palexpo de Gen\u00e8ve, et le second, une &#8220;premi\u00e8re mondiale&#8221; en novembre \u00e0 Doha, au Qatar.<br \/> Seul Doha reste au calendrier<br \/> Dans le communiqu\u00e9 de presse officiel, le comit\u00e9 organisateur souligne que la pand\u00e9mie fragilise encore l\u2019\u00e9conomie et qu\u2019il est encore trop risqu\u00e9 d&#8217;investir massivement dans un Salon en f\u00e9vrier prochain. On se concentre donc exclusivement sur la planification de l&#8217;\u00e9v\u00e9nement \u00e0 Doha en 2023&#8243;, d\u00e9clare Maurice Turettini, pr\u00e9sident de la fondation &#8220;Comit\u00e9 permanent du Salon international de l&#8217;automobile de Gen\u00e8ve&#8221;.<br \/> Une premi\u00e8re pour Doha<br \/> La premi\u00e8re \u00e9dition du Salon international de l&#8217;automobile de Gen\u00e8ve Qatar aura lieu en novembre 2023 et se tiendra au Centre d&#8217;exposition et de convention de Doha (DECC) et dans plusieurs autres lieux d\u00e9centralis\u00e9s pour vivre de nombreuses exp\u00e9riences de conduite uniques et spectaculaires.<br \/> Va-t-on revoir un Salon de l\u2019auto \u00e0 Gen\u00e8ve\u00a0?<br \/> Avec le d\u00e9sistement massif des constructeurs automobiles des grands Salons de l\u2019auto depuis quelques ann\u00e9es, nous en sommes en droit de nous demander si nous verrons un jour les grands rendez-vous internationaux de l\u2019automobile revenir en force.<\/p>\n","protected":false},"excerpt":{"rendered":"<p>Depuis 1905, le Salon dxe l\u2019auto de Gen\u00e8ve est un haut lieu de l\u2019innovation automobile et le seul Salon de calibre mondial pr\u00e9sent\u00e9 dans un pays non producteur d\u2019automobiles. Il devait y avoir deux Salons en 2023 Apr\u00e8s une absence du Salon de l\u2019auto \u00e0 Gen\u00e8ve en 2020, 2021 et 2022, le plan initial pour [&hellip;]<\/p>\n","protected":false},"author":8,"featured_media":42862,"comment_status":"close","ping_status":"closed","sticky":false,"template":"","format":"standard","meta":{"_monsterinsights_skip_tracking":false,"_monsterinsights_sitenote_active":false,"_monsterinsights_sitenote_note":"","_monsterinsights_sitenote_category":0,"footnotes":""},"categories":[101],"tags":[],"yoast_head":"<!-- This site is optimized with the Yoast SEO plugin v23.2 - https:\/\/yoast.com\/wordpress\/plugins\/seo\/ -->\n<title>Le Salon de l\u2019auto de Gen\u00e8ve d\u00e9j\u00e0 annul\u00e9 pour 2023 - CanadaMotorJobs.com<\/title>\n<meta name=\"description\" content=\"Le Salon de l\u2019auto de Gen\u00e8ve d\u00e9j\u00e0 annul\u00e9 pour 2023 - Benoit Charette - Annuel automobile - CanadaMotorJobs.com.\" \/>\n<meta name=\"robots\" content=\"index, follow, max-snippet:-1, max-image-preview:large, max-video-preview:-1\" \/>\n<meta property=\"og:locale\" content=\"fr_CA\" \/>\n<meta property=\"og:type\" content=\"article\" \/>\n<meta property=\"og:title\" content=\"Le Salon de l\u2019auto de Gen\u00e8ve d\u00e9j\u00e0 annul\u00e9 pour 2023 - CanadaMotorJobs.com\" \/>\n<meta property=\"og:description\" content=\"Le Salon de l\u2019auto de Gen\u00e8ve d\u00e9j\u00e0 annul\u00e9 pour 2023 - Benoit Charette - Annuel automobile - CanadaMotorJobs.com.\" \/>\n<meta property=\"og:url\" content=\"https:\/\/news.canadamotorjobs.com\/fr\/le-salon-de-lauto-de-geneve-deja-annule-pour-2023\/\" \/>\n<meta property=\"og:site_name\" content=\"CanadaMotorJobs.com\" \/>\n<meta property=\"article:publisher\" content=\"https:\/\/www.facebook.com\/canadamotorjobs\/\" \/>\n<meta property=\"article:published_time\" content=\"2022-08-19T16:07:35+00:00\" \/>\n<meta property=\"article:modified_time\" content=\"2022-08-19T16:14:12+00:00\" \/>\n<meta property=\"og:image\" content=\"https:\/\/news.canadamotorjobs.com\/wp-content\/uploads\/2022\/08\/palexpo-1.jpg\" \/>\n\t<meta property=\"og:image:width\" content=\"800\" \/>\n\t<meta property=\"og:image:height\" content=\"532\" \/>\n\t<meta property=\"og:image:type\" content=\"image\/jpeg\" \/>\n<meta name=\"author\" content=\"Benoit Charette\" \/>\n<meta name=\"twitter:card\" content=\"summary_large_image\" \/>\n<meta name=\"twitter:creator\" content=\"@canadamotorjobs\" \/>\n<meta name=\"twitter:site\" content=\"@canadamotorjobs\" \/>\n<meta name=\"twitter:label1\" content=\"\u00c9crit par\" \/>\n\t<meta name=\"twitter:data1\" content=\"Benoit Charette\" \/>\n\t<meta name=\"twitter:label2\" content=\"Estimation du temps de lecture\" \/>\n\t<meta name=\"twitter:data2\" content=\"1 minute\" \/>\n<!-- \/ Yoast SEO plugin. -->","yoast_head_json":{"title":"Le Salon de l\u2019auto de Gen\u00e8ve d\u00e9j\u00e0 annul\u00e9 pour 2023 - CanadaMotorJobs.com","description":"Le Salon de l\u2019auto de Gen\u00e8ve d\u00e9j\u00e0 annul\u00e9 pour 2023 - Benoit Charette - Annuel automobile - CanadaMotorJobs.com.","robots":{"index":"index","follow":"follow","max-snippet":"max-snippet:-1","max-image-preview":"max-image-preview:large","max-video-preview":"max-video-preview:-1"},"og_locale":"fr_CA","og_type":"article","og_title":"Le Salon de l\u2019auto de Gen\u00e8ve d\u00e9j\u00e0 annul\u00e9 pour 2023 - CanadaMotorJobs.com","og_description":"Le Salon de l\u2019auto de Gen\u00e8ve d\u00e9j\u00e0 annul\u00e9 pour 2023 - Benoit Charette - Annuel automobile - CanadaMotorJobs.com.","og_url":"https:\/\/news.canadamotorjobs.com\/fr\/le-salon-de-lauto-de-geneve-deja-annule-pour-2023\/","og_site_name":"CanadaMotorJobs.com","article_publisher":"https:\/\/www.facebook.com\/canadamotorjobs\/","article_published_time":"2022-08-19T16:07:35+00:00","article_modified_time":"2022-08-19T16:14:12+00:00","og_image":[{"width":800,"height":532,"url":"https:\/\/news.canadamotorjobs.com\/wp-content\/uploads\/2022\/08\/palexpo-1.jpg","type":"image\/jpeg"}],"author":"Benoit Charette","twitter_card":"summary_large_image","twitter_creator":"@canadamotorjobs","twitter_site":"@canadamotorjobs","twitter_misc":{"\u00c9crit par":"Benoit Charette","Estimation du temps de lecture":"1 minute"},"schema":{"@context":"https:\/\/schema.org","@graph":[{"@type":"Article","@id":"https:\/\/news.canadamotorjobs.com\/fr\/le-salon-de-lauto-de-geneve-deja-annule-pour-2023\/#article","isPartOf":{"@id":"https:\/\/news.canadamotorjobs.com\/fr\/le-salon-de-lauto-de-geneve-deja-annule-pour-2023\/"},"author":{"name":"Benoit Charette","@id":"https:\/\/news.canadamotorjobs.com\/#\/schema\/person\/51793d1f87d44011d7bcc2ed99269a90"},"headline":"Le Salon de l\u2019auto de Gen\u00e8ve d\u00e9j\u00e0 annul\u00e9 pour 2023","datePublished":"2022-08-19T16:07:35+00:00","dateModified":"2022-08-19T16:14:12+00:00","mainEntityOfPage":{"@id":"https:\/\/news.canadamotorjobs.com\/fr\/le-salon-de-lauto-de-geneve-deja-annule-pour-2023\/"},"wordCount":286,"publisher":{"@id":"https:\/\/news.canadamotorjobs.com\/#organization"},"image":{"@id":"https:\/\/news.canadamotorjobs.com\/fr\/le-salon-de-lauto-de-geneve-deja-annule-pour-2023\/#primaryimage"},"thumbnailUrl":"https:\/\/news.canadamotorjobs.com\/wp-content\/uploads\/2022\/08\/palexpo-1.jpg","articleSection":["Annuel automobile"],"inLanguage":"fr-CA"},{"@type":"WebPage","@id":"https:\/\/news.canadamotorjobs.com\/fr\/le-salon-de-lauto-de-geneve-deja-annule-pour-2023\/","url":"https:\/\/news.canadamotorjobs.com\/fr\/le-salon-de-lauto-de-geneve-deja-annule-pour-2023\/","name":"Le Salon de l\u2019auto de Gen\u00e8ve d\u00e9j\u00e0 annul\u00e9 pour 2023 - CanadaMotorJobs.com","isPartOf":{"@id":"https:\/\/news.canadamotorjobs.com\/#website"},"primaryImageOfPage":{"@id":"https:\/\/news.canadamotorjobs.com\/fr\/le-salon-de-lauto-de-geneve-deja-annule-pour-2023\/#primaryimage"},"image":{"@id":"https:\/\/news.canadamotorjobs.com\/fr\/le-salon-de-lauto-de-geneve-deja-annule-pour-2023\/#primaryimage"},"thumbnailUrl":"https:\/\/news.canadamotorjobs.com\/wp-content\/uploads\/2022\/08\/palexpo-1.jpg","datePublished":"2022-08-19T16:07:35+00:00","dateModified":"2022-08-19T16:14:12+00:00","description":"Le Salon de l\u2019auto de Gen\u00e8ve d\u00e9j\u00e0 annul\u00e9 pour 2023 - Benoit Charette - Annuel automobile - CanadaMotorJobs.com.","breadcrumb":{"@id":"https:\/\/news.canadamotorjobs.com\/fr\/le-salon-de-lauto-de-geneve-deja-annule-pour-2023\/#breadcrumb"},"inLanguage":"fr-CA","potentialAction":[{"@type":"ReadAction","target":["https:\/\/news.canadamotorjobs.com\/fr\/le-salon-de-lauto-de-geneve-deja-annule-pour-2023\/"]}]},{"@type":"ImageObject","inLanguage":"fr-CA","@id":"https:\/\/news.canadamotorjobs.com\/fr\/le-salon-de-lauto-de-geneve-deja-annule-pour-2023\/#primaryimage","url":"https:\/\/news.canadamotorjobs.com\/wp-content\/uploads\/2022\/08\/palexpo-1.jpg","contentUrl":"https:\/\/news.canadamotorjobs.com\/wp-content\/uploads\/2022\/08\/palexpo-1.jpg","width":800,"height":532},{"@type":"BreadcrumbList","@id":"https:\/\/news.canadamotorjobs.com\/fr\/le-salon-de-lauto-de-geneve-deja-annule-pour-2023\/#breadcrumb","itemListElement":[{"@type":"ListItem","position":1,"name":"Home","item":"https:\/\/news.canadamotorjobs.com\/fr\/blog\/"},{"@type":"ListItem","position":2,"name":"Le Salon de l\u2019auto de Gen\u00e8ve d\u00e9j\u00e0 annul\u00e9 pour 2023"}]},{"@type":"WebSite","@id":"https:\/\/news.canadamotorjobs.com\/#website","url":"https:\/\/news.canadamotorjobs.com\/","name":"CanadaMotorJobs.com","description":"Automotive Jobs","publisher":{"@id":"https:\/\/news.canadamotorjobs.com\/#organization"},"potentialAction":[{"@type":"SearchAction","target":{"@type":"EntryPoint","urlTemplate":"https:\/\/news.canadamotorjobs.com\/?s={search_term_string}"},"query-input":"required name=search_term_string"}],"inLanguage":"fr-CA"},{"@type":"Organization","@id":"https:\/\/news.canadamotorjobs.com\/#organization","name":"Canada Motor Jobs","url":"https:\/\/news.canadamotorjobs.com\/","logo":{"@type":"ImageObject","inLanguage":"fr-CA","@id":"https:\/\/news.canadamotorjobs.com\/#\/schema\/logo\/image\/","url":"https:\/\/news.canadamotorjobs.com\/wp-content\/uploads\/2022\/10\/logo-canada-motor-jobs-1.png","contentUrl":"https:\/\/news.canadamotorjobs.com\/wp-content\/uploads\/2022\/10\/logo-canada-motor-jobs-1.png","width":800,"height":400,"caption":"Canada Motor Jobs"},"image":{"@id":"https:\/\/news.canadamotorjobs.com\/#\/schema\/logo\/image\/"},"sameAs":["https:\/\/www.facebook.com\/canadamotorjobs\/","https:\/\/x.com\/canadamotorjobs","https:\/\/www.instagram.com\/canadamotorjobs\/","https:\/\/www.linkedin.com\/company\/canadamotorjobs"]},{"@type":"Person","@id":"https:\/\/news.canadamotorjobs.com\/#\/schema\/person\/51793d1f87d44011d7bcc2ed99269a90","name":"Benoit Charette","image":{"@type":"ImageObject","inLanguage":"fr-CA","@id":"https:\/\/news.canadamotorjobs.com\/#\/schema\/person\/image\/","url":"https:\/\/secure.gravatar.com\/avatar\/45f3d2eebcccd909668d7ce7ea7267b6?s=96&d=mm&r=g","contentUrl":"https:\/\/secure.gravatar.com\/avatar\/45f3d2eebcccd909668d7ce7ea7267b6?s=96&d=mm&r=g","caption":"Benoit Charette"},"description":"Benoit Charette \/ Propri\u00e9taire et r\u00e9dacteur en chef Benoit Charette pratique le journalisme automobile depuis bient\u00f4t 30 ans. Il a fait ses classes au c\u00f4t\u00e9 de Daniel H\u00e9raud et au Carnet de route de 1992 \u00e0 2001. Il est fondateur, copropri\u00e9taire et r\u00e9dacteur en chef de L\u2019Annuel de l\u2019automobile, qu\u2019il publie depuis 2001. Il a anim\u00e9 les \u00e9missions RPM et RPM+ sur V et les L\u00e9gendes de la route sur Historia. \u00c0 la radio depuis 1986, il reprend l\u2019antenne cette ann\u00e9e sur les ondes de Cogeco et participe pour la deuxi\u00e8me ann\u00e9e \u00e0 l\u2019\u00e9mission Passion Auto sur RDS en plus de mettre en ligne le site Web officiel de L\u2019Annuel de l\u2019automobile sur annuelauto.ca.","sameAs":["https:\/\/annuelauto.ca\/"],"url":"https:\/\/news.canadamotorjobs.com\/fr\/author\/benoit-charette\/"}]}},"_links":{"self":[{"href":"https:\/\/news.canadamotorjobs.com\/fr\/wp-json\/wp\/v2\/posts\/42858"}],"collection":[{"href":"https:\/\/news.canadamotorjobs.com\/fr\/wp-json\/wp\/v2\/posts"}],"about":[{"href":"https:\/\/news.canadamotorjobs.com\/fr\/wp-json\/wp\/v2\/types\/post"}],"author":[{"embeddable":true,"href":"https:\/\/news.canadamotorjobs.com\/fr\/wp-json\/wp\/v2\/users\/8"}],"replies":[{"embeddable":true,"href":"https:\/\/news.canadamotorjobs.com\/fr\/wp-json\/wp\/v2\/comments?post=42858"}],"version-history":[{"count":0,"href":"https:\/\/news.canadamotorjobs.com\/fr\/wp-json\/wp\/v2\/posts\/42858\/revisions"}],"wp:featuredmedia":[{"embeddable":true,"href":"https:\/\/news.canadamotorjobs.com\/fr\/wp-json\/wp\/v2\/media\/42862"}],"wp:attachment":[{"href":"https:\/\/news.canadamotorjobs.com\/fr\/wp-json\/wp\/v2\/media?parent=42858"}],"wp:term":[{"taxonomy":"category","embeddable":true,"href":"https:\/\/news.canadamotorjobs.com\/fr\/wp-json\/wp\/v2\/categories?post=42858"},{"taxonomy":"post_tag","embeddable":true,"href":"https:\/\/news.canadamotorjobs.com\/fr\/wp-json\/wp\/v2\/tags?post=42858"}],"curies":[{"name":"wp","href":"https:\/\/api.w.org\/{rel}","templated":true}]}}