{"id":42850,"date":"2022-08-19T10:36:55","date_gmt":"2022-08-19T14:36:55","guid":{"rendered":"https:\/\/blog.canadamotorjobs.com\/cafe-renault-sur-la-champs-elysees-pour-se-mettre-du-renault-sous-la-dent\/"},"modified":"2022-08-19T10:59:56","modified_gmt":"2022-08-19T14:59:56","slug":"cafe-renault-sur-la-champs-elysees-pour-se-mettre-du-renault-sous-la-dent","status":"publish","type":"post","link":"https:\/\/news.canadamotorjobs.com\/fr\/cafe-renault-sur-la-champs-elysees-pour-se-mettre-du-renault-sous-la-dent\/","title":{"rendered":"Caf\u00e9 Renault sur la Champs-\u00c9lys\u00e9es\u00a0: pour se mettre du Renault sous la dent"},"content":{"rendered":"<\/p>\n<p>Adresse iconique de la marque au losange, l\u2019<a href=\"https:\/\/atelier.renault.com\/le-lieu\/\" target=\"_blank\" rel=\"noopener noreferrer\">Atelier Renault<\/a> situ\u00e9 sur les Champs-\u00c9lys\u00e9es est beaucoup qu\u2019une simple salle d\u2019exposition. Certes, c\u2019est le lieu id\u00e9al pour d\u00e9couvrir et parfois m\u00eame conduire certaines nouveaut\u00e9s de Renault et d\u2019<a href=\"https:\/\/annuelauto.ca\/un-millier-dalpine-envahissent-dieppe-pour-celebrer-le-100e-anniversaire-de-jean-redele\/\" target=\"_blank\" rel=\"noopener noreferrer\">Alpine<\/a>. Mais c\u2019est aussi un lieu d\u2019animation doubl\u00e9 d\u2019une boutique am\u00e9nag\u00e9e pour faire saliver les f\u00e9rus de ces marques. Et depuis peu, avec l\u2019ouverture du Caf\u00e9\u00a0Renault et l\u2019arriv\u00e9e du chef \u00e9toil\u00e9 Fran\u00e7ois\u00a0Gagnaire, ce haut lieu de l\u2019automobilisme s\u2019inscrit parmi les destinations gastronomiques parisiennes.<\/p>\n<p> Depuis le 7 juillet, le Caf\u00e9 Renault propose un menu align\u00e9 sur des tendances culinaires actuelles qu\u2019on dit respectueuses du terroir fran\u00e7ais, puisqu\u2019elles mettent en valeur les produits locaux.<\/p>\n<p> Fran\u00e7ois Gagnaire offre \u00e0 ses convives, entre autres plats, un choix de sandwichs \u00ab\u00a0croq\u2019Renault\u00a0\u00bb dont le\u00a0\u00ab\u00a0Tradi\u00a0\u00bb (jambon cuit de Pradelles, b\u00e9chamel, Comt\u00e9) et \u00ab\u00a0L\u2019effet mer\u00a0\u00bb (truite fum\u00e9e, concombre, citron vert, St-M\u00f4ret, Comt\u00e9). \u00c0 cela s\u2019ajoutent des bols \u00e0 base de c\u00e9r\u00e9ales et de lentilles vertes du\u00a0Puy accompagn\u00e9s d\u2019une palette de l\u00e9gumes frais du moment, des planches de charcuteries et de fromages, sans oublier un choix de p\u00e2tisseries fines pour vous sucrer le bec\u00a0!<\/p>\n<p> \u00ab\u00a0Les valeurs communes partag\u00e9es avec le groupe Renault sont le socle de cette collaboration consistant \u00e0 faire rayonner le terroir fran\u00e7ais\u00a0\u00bb, explique Fran\u00e7ois Gagnaire, qui a obtenu une \u00e9toile du Guide Michelin en 2006, pour ensuite \u00eatre nomm\u00e9 Chevalier de l\u2019Ordre national du M\u00e9rite en 2009.<br \/> <strong>Bonne adresse&#8230; de longue date<\/strong><br \/> Le 53 avenue des Champs-\u00c9lys\u00e9es est de nouveau l\u2019adresse o\u00f9 l\u2019on peut d\u00e9couvrir la premi\u00e8re marque<\/p>\n","protected":false},"excerpt":{"rendered":"<p>Adresse iconique de la marque au losange, l\u2019Atelier Renault situ\u00e9 sur les Champs-\u00c9lys\u00e9es est beaucoup qu\u2019une simple salle d\u2019exposition. Certes, c\u2019est le lieu id\u00e9al pour d\u00e9couvrir et parfois m\u00eame conduire certaines nouveaut\u00e9s de Renault et d\u2019Alpine. Mais c\u2019est aussi un lieu d\u2019animation doubl\u00e9 d\u2019une boutique am\u00e9nag\u00e9e pour faire saliver les f\u00e9rus de ces marques. Et [&hellip;]<\/p>\n","protected":false},"author":8,"featured_media":42854,"comment_status":"close","ping_status":"closed","sticky":false,"template":"","format":"standard","meta":{"_monsterinsights_skip_tracking":false,"_monsterinsights_sitenote_active":false,"_monsterinsights_sitenote_note":"","_monsterinsights_sitenote_category":0,"footnotes":""},"categories":[101],"tags":[],"yoast_head":"<!-- This site is optimized with the Yoast SEO plugin v23.2 - https:\/\/yoast.com\/wordpress\/plugins\/seo\/ -->\n<title>Caf\u00e9 Renault sur la Champs-\u00c9lys\u00e9es\u00a0: pour se mettre du Renault sous la dent - CanadaMotorJobs.com<\/title>\n<meta name=\"description\" content=\"Caf\u00e9 Renault sur la Champs-\u00c9lys\u00e9es\u00a0: pour se mettre du Renault sous la dent - Benoit Charette - Annuel automobile - CanadaMotorJobs.com.\" \/>\n<meta name=\"robots\" content=\"index, follow, max-snippet:-1, max-image-preview:large, max-video-preview:-1\" \/>\n<meta property=\"og:locale\" content=\"fr_CA\" \/>\n<meta property=\"og:type\" content=\"article\" \/>\n<meta property=\"og:title\" content=\"Caf\u00e9 Renault sur la Champs-\u00c9lys\u00e9es\u00a0: pour se mettre du Renault sous la dent - CanadaMotorJobs.com\" \/>\n<meta property=\"og:description\" content=\"Caf\u00e9 Renault sur la Champs-\u00c9lys\u00e9es\u00a0: pour se mettre du Renault sous la dent - Benoit Charette - Annuel automobile - CanadaMotorJobs.com.\" \/>\n<meta property=\"og:url\" content=\"https:\/\/news.canadamotorjobs.com\/fr\/cafe-renault-sur-la-champs-elysees-pour-se-mettre-du-renault-sous-la-dent\/\" \/>\n<meta property=\"og:site_name\" content=\"CanadaMotorJobs.com\" \/>\n<meta property=\"article:publisher\" content=\"https:\/\/www.facebook.com\/canadamotorjobs\/\" \/>\n<meta property=\"article:published_time\" content=\"2022-08-19T14:36:55+00:00\" \/>\n<meta property=\"article:modified_time\" content=\"2022-08-19T14:59:56+00:00\" \/>\n<meta property=\"og:image\" content=\"https:\/\/news.canadamotorjobs.com\/wp-content\/uploads\/2022\/08\/Atelier-Renault-Cafe\u0301-Renault-7-1.jpg\" \/>\n\t<meta property=\"og:image:width\" content=\"1500\" \/>\n\t<meta property=\"og:image:height\" content=\"1000\" \/>\n\t<meta property=\"og:image:type\" content=\"image\/jpeg\" \/>\n<meta name=\"author\" content=\"Benoit Charette\" \/>\n<meta name=\"twitter:card\" content=\"summary_large_image\" \/>\n<meta name=\"twitter:creator\" content=\"@canadamotorjobs\" \/>\n<meta name=\"twitter:site\" content=\"@canadamotorjobs\" \/>\n<meta name=\"twitter:label1\" content=\"\u00c9crit par\" \/>\n\t<meta name=\"twitter:data1\" content=\"Benoit Charette\" \/>\n\t<meta name=\"twitter:label2\" content=\"Estimation du temps de lecture\" \/>\n\t<meta name=\"twitter:data2\" content=\"1 minute\" \/>\n<!-- \/ Yoast SEO plugin. -->","yoast_head_json":{"title":"Caf\u00e9 Renault sur la Champs-\u00c9lys\u00e9es\u00a0: pour se mettre du Renault sous la dent - CanadaMotorJobs.com","description":"Caf\u00e9 Renault sur la Champs-\u00c9lys\u00e9es\u00a0: pour se mettre du Renault sous la dent - Benoit Charette - Annuel automobile - CanadaMotorJobs.com.","robots":{"index":"index","follow":"follow","max-snippet":"max-snippet:-1","max-image-preview":"max-image-preview:large","max-video-preview":"max-video-preview:-1"},"og_locale":"fr_CA","og_type":"article","og_title":"Caf\u00e9 Renault sur la Champs-\u00c9lys\u00e9es\u00a0: pour se mettre du Renault sous la dent - CanadaMotorJobs.com","og_description":"Caf\u00e9 Renault sur la Champs-\u00c9lys\u00e9es\u00a0: pour se mettre du Renault sous la dent - Benoit Charette - Annuel automobile - CanadaMotorJobs.com.","og_url":"https:\/\/news.canadamotorjobs.com\/fr\/cafe-renault-sur-la-champs-elysees-pour-se-mettre-du-renault-sous-la-dent\/","og_site_name":"CanadaMotorJobs.com","article_publisher":"https:\/\/www.facebook.com\/canadamotorjobs\/","article_published_time":"2022-08-19T14:36:55+00:00","article_modified_time":"2022-08-19T14:59:56+00:00","og_image":[{"width":1500,"height":1000,"url":"https:\/\/news.canadamotorjobs.com\/wp-content\/uploads\/2022\/08\/Atelier-Renault-Cafe\u0301-Renault-7-1.jpg","type":"image\/jpeg"}],"author":"Benoit Charette","twitter_card":"summary_large_image","twitter_creator":"@canadamotorjobs","twitter_site":"@canadamotorjobs","twitter_misc":{"\u00c9crit par":"Benoit Charette","Estimation du temps de lecture":"1 minute"},"schema":{"@context":"https:\/\/schema.org","@graph":[{"@type":"Article","@id":"https:\/\/news.canadamotorjobs.com\/fr\/cafe-renault-sur-la-champs-elysees-pour-se-mettre-du-renault-sous-la-dent\/#article","isPartOf":{"@id":"https:\/\/news.canadamotorjobs.com\/fr\/cafe-renault-sur-la-champs-elysees-pour-se-mettre-du-renault-sous-la-dent\/"},"author":{"name":"Benoit Charette","@id":"https:\/\/news.canadamotorjobs.com\/#\/schema\/person\/51793d1f87d44011d7bcc2ed99269a90"},"headline":"Caf\u00e9 Renault sur la Champs-\u00c9lys\u00e9es\u00a0: pour se mettre du Renault sous la dent","datePublished":"2022-08-19T14:36:55+00:00","dateModified":"2022-08-19T14:59:56+00:00","mainEntityOfPage":{"@id":"https:\/\/news.canadamotorjobs.com\/fr\/cafe-renault-sur-la-champs-elysees-pour-se-mettre-du-renault-sous-la-dent\/"},"wordCount":308,"publisher":{"@id":"https:\/\/news.canadamotorjobs.com\/#organization"},"image":{"@id":"https:\/\/news.canadamotorjobs.com\/fr\/cafe-renault-sur-la-champs-elysees-pour-se-mettre-du-renault-sous-la-dent\/#primaryimage"},"thumbnailUrl":"https:\/\/news.canadamotorjobs.com\/wp-content\/uploads\/2022\/08\/Atelier-Renault-Cafe\u0301-Renault-7-1.jpg","articleSection":["Annuel automobile"],"inLanguage":"fr-CA"},{"@type":"WebPage","@id":"https:\/\/news.canadamotorjobs.com\/fr\/cafe-renault-sur-la-champs-elysees-pour-se-mettre-du-renault-sous-la-dent\/","url":"https:\/\/news.canadamotorjobs.com\/fr\/cafe-renault-sur-la-champs-elysees-pour-se-mettre-du-renault-sous-la-dent\/","name":"Caf\u00e9 Renault sur la Champs-\u00c9lys\u00e9es\u00a0: pour se mettre du Renault sous la dent - CanadaMotorJobs.com","isPartOf":{"@id":"https:\/\/news.canadamotorjobs.com\/#website"},"primaryImageOfPage":{"@id":"https:\/\/news.canadamotorjobs.com\/fr\/cafe-renault-sur-la-champs-elysees-pour-se-mettre-du-renault-sous-la-dent\/#primaryimage"},"image":{"@id":"https:\/\/news.canadamotorjobs.com\/fr\/cafe-renault-sur-la-champs-elysees-pour-se-mettre-du-renault-sous-la-dent\/#primaryimage"},"thumbnailUrl":"https:\/\/news.canadamotorjobs.com\/wp-content\/uploads\/2022\/08\/Atelier-Renault-Cafe\u0301-Renault-7-1.jpg","datePublished":"2022-08-19T14:36:55+00:00","dateModified":"2022-08-19T14:59:56+00:00","description":"Caf\u00e9 Renault sur la Champs-\u00c9lys\u00e9es\u00a0: pour se mettre du Renault sous la dent - Benoit Charette - Annuel automobile - CanadaMotorJobs.com.","breadcrumb":{"@id":"https:\/\/news.canadamotorjobs.com\/fr\/cafe-renault-sur-la-champs-elysees-pour-se-mettre-du-renault-sous-la-dent\/#breadcrumb"},"inLanguage":"fr-CA","potentialAction":[{"@type":"ReadAction","target":["https:\/\/news.canadamotorjobs.com\/fr\/cafe-renault-sur-la-champs-elysees-pour-se-mettre-du-renault-sous-la-dent\/"]}]},{"@type":"ImageObject","inLanguage":"fr-CA","@id":"https:\/\/news.canadamotorjobs.com\/fr\/cafe-renault-sur-la-champs-elysees-pour-se-mettre-du-renault-sous-la-dent\/#primaryimage","url":"https:\/\/news.canadamotorjobs.com\/wp-content\/uploads\/2022\/08\/Atelier-Renault-Cafe\u0301-Renault-7-1.jpg","contentUrl":"https:\/\/news.canadamotorjobs.com\/wp-content\/uploads\/2022\/08\/Atelier-Renault-Cafe\u0301-Renault-7-1.jpg","width":1500,"height":1000},{"@type":"BreadcrumbList","@id":"https:\/\/news.canadamotorjobs.com\/fr\/cafe-renault-sur-la-champs-elysees-pour-se-mettre-du-renault-sous-la-dent\/#breadcrumb","itemListElement":[{"@type":"ListItem","position":1,"name":"Home","item":"https:\/\/news.canadamotorjobs.com\/fr\/blog\/"},{"@type":"ListItem","position":2,"name":"Caf\u00e9 Renault sur la Champs-\u00c9lys\u00e9es\u00a0: pour se mettre du Renault sous la dent"}]},{"@type":"WebSite","@id":"https:\/\/news.canadamotorjobs.com\/#website","url":"https:\/\/news.canadamotorjobs.com\/","name":"CanadaMotorJobs.com","description":"Automotive Jobs","publisher":{"@id":"https:\/\/news.canadamotorjobs.com\/#organization"},"potentialAction":[{"@type":"SearchAction","target":{"@type":"EntryPoint","urlTemplate":"https:\/\/news.canadamotorjobs.com\/?s={search_term_string}"},"query-input":"required name=search_term_string"}],"inLanguage":"fr-CA"},{"@type":"Organization","@id":"https:\/\/news.canadamotorjobs.com\/#organization","name":"Canada Motor Jobs","url":"https:\/\/news.canadamotorjobs.com\/","logo":{"@type":"ImageObject","inLanguage":"fr-CA","@id":"https:\/\/news.canadamotorjobs.com\/#\/schema\/logo\/image\/","url":"https:\/\/news.canadamotorjobs.com\/wp-content\/uploads\/2022\/10\/logo-canada-motor-jobs-1.png","contentUrl":"https:\/\/news.canadamotorjobs.com\/wp-content\/uploads\/2022\/10\/logo-canada-motor-jobs-1.png","width":800,"height":400,"caption":"Canada Motor Jobs"},"image":{"@id":"https:\/\/news.canadamotorjobs.com\/#\/schema\/logo\/image\/"},"sameAs":["https:\/\/www.facebook.com\/canadamotorjobs\/","https:\/\/x.com\/canadamotorjobs","https:\/\/www.instagram.com\/canadamotorjobs\/","https:\/\/www.linkedin.com\/company\/canadamotorjobs"]},{"@type":"Person","@id":"https:\/\/news.canadamotorjobs.com\/#\/schema\/person\/51793d1f87d44011d7bcc2ed99269a90","name":"Benoit Charette","image":{"@type":"ImageObject","inLanguage":"fr-CA","@id":"https:\/\/news.canadamotorjobs.com\/#\/schema\/person\/image\/","url":"https:\/\/secure.gravatar.com\/avatar\/45f3d2eebcccd909668d7ce7ea7267b6?s=96&d=mm&r=g","contentUrl":"https:\/\/secure.gravatar.com\/avatar\/45f3d2eebcccd909668d7ce7ea7267b6?s=96&d=mm&r=g","caption":"Benoit Charette"},"description":"Benoit Charette \/ Propri\u00e9taire et r\u00e9dacteur en chef Benoit Charette pratique le journalisme automobile depuis bient\u00f4t 30 ans. Il a fait ses classes au c\u00f4t\u00e9 de Daniel H\u00e9raud et au Carnet de route de 1992 \u00e0 2001. Il est fondateur, copropri\u00e9taire et r\u00e9dacteur en chef de L\u2019Annuel de l\u2019automobile, qu\u2019il publie depuis 2001. Il a anim\u00e9 les \u00e9missions RPM et RPM+ sur V et les L\u00e9gendes de la route sur Historia. \u00c0 la radio depuis 1986, il reprend l\u2019antenne cette ann\u00e9e sur les ondes de Cogeco et participe pour la deuxi\u00e8me ann\u00e9e \u00e0 l\u2019\u00e9mission Passion Auto sur RDS en plus de mettre en ligne le site Web officiel de L\u2019Annuel de l\u2019automobile sur annuelauto.ca.","sameAs":["https:\/\/annuelauto.ca\/"],"url":"https:\/\/news.canadamotorjobs.com\/fr\/author\/benoit-charette\/"}]}},"_links":{"self":[{"href":"https:\/\/news.canadamotorjobs.com\/fr\/wp-json\/wp\/v2\/posts\/42850"}],"collection":[{"href":"https:\/\/news.canadamotorjobs.com\/fr\/wp-json\/wp\/v2\/posts"}],"about":[{"href":"https:\/\/news.canadamotorjobs.com\/fr\/wp-json\/wp\/v2\/types\/post"}],"author":[{"embeddable":true,"href":"https:\/\/news.canadamotorjobs.com\/fr\/wp-json\/wp\/v2\/users\/8"}],"replies":[{"embeddable":true,"href":"https:\/\/news.canadamotorjobs.com\/fr\/wp-json\/wp\/v2\/comments?post=42850"}],"version-history":[{"count":0,"href":"https:\/\/news.canadamotorjobs.com\/fr\/wp-json\/wp\/v2\/posts\/42850\/revisions"}],"wp:featuredmedia":[{"embeddable":true,"href":"https:\/\/news.canadamotorjobs.com\/fr\/wp-json\/wp\/v2\/media\/42854"}],"wp:attachment":[{"href":"https:\/\/news.canadamotorjobs.com\/fr\/wp-json\/wp\/v2\/media?parent=42850"}],"wp:term":[{"taxonomy":"category","embeddable":true,"href":"https:\/\/news.canadamotorjobs.com\/fr\/wp-json\/wp\/v2\/categories?post=42850"},{"taxonomy":"post_tag","embeddable":true,"href":"https:\/\/news.canadamotorjobs.com\/fr\/wp-json\/wp\/v2\/tags?post=42850"}],"curies":[{"name":"wp","href":"https:\/\/api.w.org\/{rel}","templated":true}]}}