{"id":42842,"date":"2022-08-19T10:58:34","date_gmt":"2022-08-19T14:58:34","guid":{"rendered":"https:\/\/blog.canadamotorjobs.com\/lincoln-presente-sa-vision-de-lavenir-electrique-et-autonome\/"},"modified":"2022-08-19T10:59:52","modified_gmt":"2022-08-19T14:59:52","slug":"lincoln-presente-sa-vision-de-lavenir-electrique-et-autonome","status":"publish","type":"post","link":"https:\/\/news.canadamotorjobs.com\/fr\/lincoln-presente-sa-vision-de-lavenir-electrique-et-autonome\/","title":{"rendered":"Lincoln pr\u00e9sente sa vision de l\u2019avenir \u00e9lectrique et autonome"},"content":{"rendered":"<\/p>\n<p>Marque \u00e0 l\u2019honneur au Concours d\u2019\u00c9legance de Pebble Beach, Lincoln c\u00e9l\u00e8bre les 100 ans de la marque en d\u00e9voilant le concept Model L100.<br \/> Elle s\u2019ouvre comme un papillon<br \/> La conception a\u00e9rodynamique au centre de gravit\u00e9 tr\u00e8s bas et aux surfaces \u00e9pur\u00e9es se distingue par l\u2019arri\u00e8re tronqu\u00e9 qui favorise l\u2019\u00e9coulement de l\u2019air au-dessus du v\u00e9hicule.\u00a0 Le toit en verre et les portes \u00e0 charni\u00e8res invers\u00e9es se soul\u00e8vent pour donner un v\u00e9ritable sentiment de c\u00e9r\u00e9monie et de bienvenue. Les enjoliveurs intelligents ajoutent au charme en utilisant l\u2019\u00e9clairage et les capteurs pour communiquer le mouvement, l\u2019autonomie de la batterie et la pr\u00e9sence humaine.<br \/> Un int\u00e9rieur tout aussi spectaculaire<br \/> L\u2019\u00e9chiquier interactif sur la console centrale pr\u00e9sente une commande s\u2019inspirant d\u2019un joyau qui capte la lumi\u00e8re et la profondeur en red\u00e9finissant les commandes de l\u2019habitacle. Dans ce v\u00e9hicule concept autonome, le contr\u00f4leur qui remplace le volant traditionnel procure une exp\u00e9rience intuitive et sans effort. La configuration des si\u00e8ges qui peut \u00eatre centr\u00e9e sur le conducteur et les autres occupants permet de s\u2019adapter aux diff\u00e9rentes situations. La modularit\u00e9 de l\u2019espace permet de basculer les si\u00e8ges avant pour placer face \u00e0 face les occupants des places avant et arri\u00e8re.<br \/> <strong>L\u2019\u00e9cologie et le luxe <\/strong><br \/> Avec un su\u00e8de recycl\u00e9 aux accents d\u2019am\u00e9thyste, les concepteurs ont choisi d\u2019habiller l\u2019habitacle du Model\u00a0L100 de mat\u00e9riaux sans composant animal et des produits de luxe. \u00c0 l\u2019ext\u00e9rieur, les concepteurs ont remplac\u00e9 le chrome par une peinture m\u00e9tallis\u00e9e et l\u2019acrylique givr\u00e9 rev\u00eatu d\u2019une triple couche de c\u00e9ramique num\u00e9rique satin\u00e9, mettant en valeur un blanc<\/p>\n","protected":false},"excerpt":{"rendered":"<p>Marque \u00e0 l\u2019honneur au Concours d\u2019\u00c9legance de Pebble Beach, Lincoln c\u00e9l\u00e8bre les 100 ans de la marque en d\u00e9voilant le concept Model L100. Elle s\u2019ouvre comme un papillon La conception a\u00e9rodynamique au centre de gravit\u00e9 tr\u00e8s bas et aux surfaces \u00e9pur\u00e9es se distingue par l\u2019arri\u00e8re tronqu\u00e9 qui favorise l\u2019\u00e9coulement de l\u2019air au-dessus du v\u00e9hicule.\u00a0 Le [&hellip;]<\/p>\n","protected":false},"author":8,"featured_media":42846,"comment_status":"close","ping_status":"closed","sticky":false,"template":"","format":"standard","meta":{"_monsterinsights_skip_tracking":false,"_monsterinsights_sitenote_active":false,"_monsterinsights_sitenote_note":"","_monsterinsights_sitenote_category":0,"footnotes":""},"categories":[101],"tags":[],"yoast_head":"<!-- This site is optimized with the Yoast SEO plugin v23.2 - https:\/\/yoast.com\/wordpress\/plugins\/seo\/ -->\n<title>Lincoln pr\u00e9sente sa vision de l\u2019avenir \u00e9lectrique et autonome - CanadaMotorJobs.com<\/title>\n<meta name=\"description\" content=\"Lincoln pr\u00e9sente sa vision de l\u2019avenir \u00e9lectrique et autonome - Benoit Charette - Annuel automobile - CanadaMotorJobs.com.\" \/>\n<meta name=\"robots\" content=\"index, follow, max-snippet:-1, max-image-preview:large, max-video-preview:-1\" \/>\n<meta property=\"og:locale\" content=\"fr_CA\" \/>\n<meta property=\"og:type\" content=\"article\" \/>\n<meta property=\"og:title\" content=\"Lincoln pr\u00e9sente sa vision de l\u2019avenir \u00e9lectrique et autonome - CanadaMotorJobs.com\" \/>\n<meta property=\"og:description\" content=\"Lincoln pr\u00e9sente sa vision de l\u2019avenir \u00e9lectrique et autonome - Benoit Charette - Annuel automobile - CanadaMotorJobs.com.\" \/>\n<meta property=\"og:url\" content=\"https:\/\/news.canadamotorjobs.com\/fr\/lincoln-presente-sa-vision-de-lavenir-electrique-et-autonome\/\" \/>\n<meta property=\"og:site_name\" content=\"CanadaMotorJobs.com\" \/>\n<meta property=\"article:publisher\" content=\"https:\/\/www.facebook.com\/canadamotorjobs\/\" \/>\n<meta property=\"article:published_time\" content=\"2022-08-19T14:58:34+00:00\" \/>\n<meta property=\"article:modified_time\" content=\"2022-08-19T14:59:52+00:00\" \/>\n<meta property=\"og:image\" content=\"https:\/\/news.canadamotorjobs.com\/wp-content\/uploads\/2022\/08\/Lincoln-Model-L100-Concept-Exterior-1-1.jpg\" \/>\n\t<meta property=\"og:image:width\" content=\"1863\" \/>\n\t<meta property=\"og:image:height\" content=\"1000\" \/>\n\t<meta property=\"og:image:type\" content=\"image\/jpeg\" \/>\n<meta name=\"author\" content=\"Benoit Charette\" \/>\n<meta name=\"twitter:card\" content=\"summary_large_image\" \/>\n<meta name=\"twitter:creator\" content=\"@canadamotorjobs\" \/>\n<meta name=\"twitter:site\" content=\"@canadamotorjobs\" \/>\n<meta name=\"twitter:label1\" content=\"\u00c9crit par\" \/>\n\t<meta name=\"twitter:data1\" content=\"Benoit Charette\" \/>\n\t<meta name=\"twitter:label2\" content=\"Estimation du temps de lecture\" \/>\n\t<meta name=\"twitter:data2\" content=\"2 minutes\" \/>\n<!-- \/ Yoast SEO plugin. -->","yoast_head_json":{"title":"Lincoln pr\u00e9sente sa vision de l\u2019avenir \u00e9lectrique et autonome - CanadaMotorJobs.com","description":"Lincoln pr\u00e9sente sa vision de l\u2019avenir \u00e9lectrique et autonome - Benoit Charette - Annuel automobile - CanadaMotorJobs.com.","robots":{"index":"index","follow":"follow","max-snippet":"max-snippet:-1","max-image-preview":"max-image-preview:large","max-video-preview":"max-video-preview:-1"},"og_locale":"fr_CA","og_type":"article","og_title":"Lincoln pr\u00e9sente sa vision de l\u2019avenir \u00e9lectrique et autonome - CanadaMotorJobs.com","og_description":"Lincoln pr\u00e9sente sa vision de l\u2019avenir \u00e9lectrique et autonome - Benoit Charette - Annuel automobile - CanadaMotorJobs.com.","og_url":"https:\/\/news.canadamotorjobs.com\/fr\/lincoln-presente-sa-vision-de-lavenir-electrique-et-autonome\/","og_site_name":"CanadaMotorJobs.com","article_publisher":"https:\/\/www.facebook.com\/canadamotorjobs\/","article_published_time":"2022-08-19T14:58:34+00:00","article_modified_time":"2022-08-19T14:59:52+00:00","og_image":[{"width":1863,"height":1000,"url":"https:\/\/news.canadamotorjobs.com\/wp-content\/uploads\/2022\/08\/Lincoln-Model-L100-Concept-Exterior-1-1.jpg","type":"image\/jpeg"}],"author":"Benoit Charette","twitter_card":"summary_large_image","twitter_creator":"@canadamotorjobs","twitter_site":"@canadamotorjobs","twitter_misc":{"\u00c9crit par":"Benoit Charette","Estimation du temps de lecture":"2 minutes"},"schema":{"@context":"https:\/\/schema.org","@graph":[{"@type":"Article","@id":"https:\/\/news.canadamotorjobs.com\/fr\/lincoln-presente-sa-vision-de-lavenir-electrique-et-autonome\/#article","isPartOf":{"@id":"https:\/\/news.canadamotorjobs.com\/fr\/lincoln-presente-sa-vision-de-lavenir-electrique-et-autonome\/"},"author":{"name":"Benoit Charette","@id":"https:\/\/news.canadamotorjobs.com\/#\/schema\/person\/51793d1f87d44011d7bcc2ed99269a90"},"headline":"Lincoln pr\u00e9sente sa vision de l\u2019avenir \u00e9lectrique et autonome","datePublished":"2022-08-19T14:58:34+00:00","dateModified":"2022-08-19T14:59:52+00:00","mainEntityOfPage":{"@id":"https:\/\/news.canadamotorjobs.com\/fr\/lincoln-presente-sa-vision-de-lavenir-electrique-et-autonome\/"},"wordCount":313,"publisher":{"@id":"https:\/\/news.canadamotorjobs.com\/#organization"},"image":{"@id":"https:\/\/news.canadamotorjobs.com\/fr\/lincoln-presente-sa-vision-de-lavenir-electrique-et-autonome\/#primaryimage"},"thumbnailUrl":"https:\/\/news.canadamotorjobs.com\/wp-content\/uploads\/2022\/08\/Lincoln-Model-L100-Concept-Exterior-1-1.jpg","articleSection":["Annuel automobile"],"inLanguage":"fr-CA"},{"@type":"WebPage","@id":"https:\/\/news.canadamotorjobs.com\/fr\/lincoln-presente-sa-vision-de-lavenir-electrique-et-autonome\/","url":"https:\/\/news.canadamotorjobs.com\/fr\/lincoln-presente-sa-vision-de-lavenir-electrique-et-autonome\/","name":"Lincoln pr\u00e9sente sa vision de l\u2019avenir \u00e9lectrique et autonome - CanadaMotorJobs.com","isPartOf":{"@id":"https:\/\/news.canadamotorjobs.com\/#website"},"primaryImageOfPage":{"@id":"https:\/\/news.canadamotorjobs.com\/fr\/lincoln-presente-sa-vision-de-lavenir-electrique-et-autonome\/#primaryimage"},"image":{"@id":"https:\/\/news.canadamotorjobs.com\/fr\/lincoln-presente-sa-vision-de-lavenir-electrique-et-autonome\/#primaryimage"},"thumbnailUrl":"https:\/\/news.canadamotorjobs.com\/wp-content\/uploads\/2022\/08\/Lincoln-Model-L100-Concept-Exterior-1-1.jpg","datePublished":"2022-08-19T14:58:34+00:00","dateModified":"2022-08-19T14:59:52+00:00","description":"Lincoln pr\u00e9sente sa vision de l\u2019avenir \u00e9lectrique et autonome - Benoit Charette - Annuel automobile - CanadaMotorJobs.com.","breadcrumb":{"@id":"https:\/\/news.canadamotorjobs.com\/fr\/lincoln-presente-sa-vision-de-lavenir-electrique-et-autonome\/#breadcrumb"},"inLanguage":"fr-CA","potentialAction":[{"@type":"ReadAction","target":["https:\/\/news.canadamotorjobs.com\/fr\/lincoln-presente-sa-vision-de-lavenir-electrique-et-autonome\/"]}]},{"@type":"ImageObject","inLanguage":"fr-CA","@id":"https:\/\/news.canadamotorjobs.com\/fr\/lincoln-presente-sa-vision-de-lavenir-electrique-et-autonome\/#primaryimage","url":"https:\/\/news.canadamotorjobs.com\/wp-content\/uploads\/2022\/08\/Lincoln-Model-L100-Concept-Exterior-1-1.jpg","contentUrl":"https:\/\/news.canadamotorjobs.com\/wp-content\/uploads\/2022\/08\/Lincoln-Model-L100-Concept-Exterior-1-1.jpg","width":1863,"height":1000},{"@type":"BreadcrumbList","@id":"https:\/\/news.canadamotorjobs.com\/fr\/lincoln-presente-sa-vision-de-lavenir-electrique-et-autonome\/#breadcrumb","itemListElement":[{"@type":"ListItem","position":1,"name":"Home","item":"https:\/\/news.canadamotorjobs.com\/fr\/blog\/"},{"@type":"ListItem","position":2,"name":"Lincoln pr\u00e9sente sa vision de l\u2019avenir \u00e9lectrique et autonome"}]},{"@type":"WebSite","@id":"https:\/\/news.canadamotorjobs.com\/#website","url":"https:\/\/news.canadamotorjobs.com\/","name":"CanadaMotorJobs.com","description":"Automotive Jobs","publisher":{"@id":"https:\/\/news.canadamotorjobs.com\/#organization"},"potentialAction":[{"@type":"SearchAction","target":{"@type":"EntryPoint","urlTemplate":"https:\/\/news.canadamotorjobs.com\/?s={search_term_string}"},"query-input":"required name=search_term_string"}],"inLanguage":"fr-CA"},{"@type":"Organization","@id":"https:\/\/news.canadamotorjobs.com\/#organization","name":"Canada Motor Jobs","url":"https:\/\/news.canadamotorjobs.com\/","logo":{"@type":"ImageObject","inLanguage":"fr-CA","@id":"https:\/\/news.canadamotorjobs.com\/#\/schema\/logo\/image\/","url":"https:\/\/news.canadamotorjobs.com\/wp-content\/uploads\/2022\/10\/logo-canada-motor-jobs-1.png","contentUrl":"https:\/\/news.canadamotorjobs.com\/wp-content\/uploads\/2022\/10\/logo-canada-motor-jobs-1.png","width":800,"height":400,"caption":"Canada Motor Jobs"},"image":{"@id":"https:\/\/news.canadamotorjobs.com\/#\/schema\/logo\/image\/"},"sameAs":["https:\/\/www.facebook.com\/canadamotorjobs\/","https:\/\/x.com\/canadamotorjobs","https:\/\/www.instagram.com\/canadamotorjobs\/","https:\/\/www.linkedin.com\/company\/canadamotorjobs"]},{"@type":"Person","@id":"https:\/\/news.canadamotorjobs.com\/#\/schema\/person\/51793d1f87d44011d7bcc2ed99269a90","name":"Benoit Charette","image":{"@type":"ImageObject","inLanguage":"fr-CA","@id":"https:\/\/news.canadamotorjobs.com\/#\/schema\/person\/image\/","url":"https:\/\/secure.gravatar.com\/avatar\/45f3d2eebcccd909668d7ce7ea7267b6?s=96&d=mm&r=g","contentUrl":"https:\/\/secure.gravatar.com\/avatar\/45f3d2eebcccd909668d7ce7ea7267b6?s=96&d=mm&r=g","caption":"Benoit Charette"},"description":"Benoit Charette \/ Propri\u00e9taire et r\u00e9dacteur en chef Benoit Charette pratique le journalisme automobile depuis bient\u00f4t 30 ans. Il a fait ses classes au c\u00f4t\u00e9 de Daniel H\u00e9raud et au Carnet de route de 1992 \u00e0 2001. Il est fondateur, copropri\u00e9taire et r\u00e9dacteur en chef de L\u2019Annuel de l\u2019automobile, qu\u2019il publie depuis 2001. Il a anim\u00e9 les \u00e9missions RPM et RPM+ sur V et les L\u00e9gendes de la route sur Historia. \u00c0 la radio depuis 1986, il reprend l\u2019antenne cette ann\u00e9e sur les ondes de Cogeco et participe pour la deuxi\u00e8me ann\u00e9e \u00e0 l\u2019\u00e9mission Passion Auto sur RDS en plus de mettre en ligne le site Web officiel de L\u2019Annuel de l\u2019automobile sur annuelauto.ca.","sameAs":["https:\/\/annuelauto.ca\/"],"url":"https:\/\/news.canadamotorjobs.com\/fr\/author\/benoit-charette\/"}]}},"_links":{"self":[{"href":"https:\/\/news.canadamotorjobs.com\/fr\/wp-json\/wp\/v2\/posts\/42842"}],"collection":[{"href":"https:\/\/news.canadamotorjobs.com\/fr\/wp-json\/wp\/v2\/posts"}],"about":[{"href":"https:\/\/news.canadamotorjobs.com\/fr\/wp-json\/wp\/v2\/types\/post"}],"author":[{"embeddable":true,"href":"https:\/\/news.canadamotorjobs.com\/fr\/wp-json\/wp\/v2\/users\/8"}],"replies":[{"embeddable":true,"href":"https:\/\/news.canadamotorjobs.com\/fr\/wp-json\/wp\/v2\/comments?post=42842"}],"version-history":[{"count":0,"href":"https:\/\/news.canadamotorjobs.com\/fr\/wp-json\/wp\/v2\/posts\/42842\/revisions"}],"wp:featuredmedia":[{"embeddable":true,"href":"https:\/\/news.canadamotorjobs.com\/fr\/wp-json\/wp\/v2\/media\/42846"}],"wp:attachment":[{"href":"https:\/\/news.canadamotorjobs.com\/fr\/wp-json\/wp\/v2\/media?parent=42842"}],"wp:term":[{"taxonomy":"category","embeddable":true,"href":"https:\/\/news.canadamotorjobs.com\/fr\/wp-json\/wp\/v2\/categories?post=42842"},{"taxonomy":"post_tag","embeddable":true,"href":"https:\/\/news.canadamotorjobs.com\/fr\/wp-json\/wp\/v2\/tags?post=42842"}],"curies":[{"name":"wp","href":"https:\/\/api.w.org\/{rel}","templated":true}]}}