{"id":42822,"date":"2022-08-18T10:59:29","date_gmt":"2022-08-18T14:59:29","guid":{"rendered":"https:\/\/blog.canadamotorjobs.com\/tesla-pourrait-bientot-permettre-aux-proprietaires-dautres-vehicules-electriques-dutiliser-son-reseau-de-superchargeurs\/"},"modified":"2022-08-19T09:08:25","modified_gmt":"2022-08-19T13:08:25","slug":"tesla-pourrait-bientot-permettre-aux-proprietaires-dautres-vehicules-electriques-dutiliser-son-reseau-de-superchargeurs","status":"publish","type":"post","link":"https:\/\/news.canadamotorjobs.com\/fr\/tesla-pourrait-bientot-permettre-aux-proprietaires-dautres-vehicules-electriques-dutiliser-son-reseau-de-superchargeurs\/","title":{"rendered":"Tesla pourrait bient\u00f4t permettre aux propri\u00e9taires d\u2019autres v\u00e9hicules \u00e9lectriques d\u2019utiliser son r\u00e9seau de Superchargeurs"},"content":{"rendered":"<p>C\u2019est d\u00e9j\u00e0 le cas en Europe et Elon Musk a laiss\u00e9 savoir que le moment approche de laisser d&#8217;autres constructeurs se recharger dans ses stations Supercharger. Musk avait a fait l\u2019annonce pour la premi\u00e8re fois il y a un peu plus d&#8217;un an sur Twitter, avec l&#8217;intention de commencer officiellement \u00e0 proposer des services aux produits autres que ceux de Tesla avant la fin de l&#8217;ann\u00e9e 2021. Comme tous les projets Tesla, les d\u00e9lais sont toujours plus long que pr\u00e9vu, mais il semble que nous nous rapprochions d&#8217;un lancement officiel, d&#8217;apr\u00e8s les informations glan\u00e9es dans la propre application de Tesla.<\/p>\n<h3>Les \u00c9tats-Unis d\u2019abord<\/h3>\n<p>Les propri\u00e9taires de v\u00e9hicules Tesla ont commenc\u00e9 \u00e0 remarquer la pr\u00e9sence d&#8217;une nouvelle option d&#8217;adh\u00e9sion dans le logiciel de l&#8217;entreprise, permettant aux utilisateurs de s&#8217;inscrire pour obtenir un acc\u00e8s au Supercharger \u00e0 un prix inf\u00e9rieur par kilowatt. Il semble maintenant que Tesla n&#8217;obligera pas tous les autres V\u00c9 \u00e0 s&#8217;abonner pour utiliser les Superchargeurs, mais plut\u00f4t que ceux qui paient pour l&#8217;adh\u00e9sion recevront des r\u00e9ductions. Ce syst\u00e8me est d\u00e9j\u00e0 en marche en Europe parce que Tesla avait d\u00e9j\u00e0 \u00e9quip\u00e9 ses stations en Europe de sa prise et de la prise CCS, plus largement utilis\u00e9e, pour prendre en charge la Model 3 europ\u00e9enne, qui dispose effectivement d&#8217;un port CCS. Ce n&#8217;est \u00e9videmment pas le cas pour les Teslas vendus au Canada et aux \u00c9tats-Unis, et le constructeur devra donc soit vendre ses propres adaptateurs CCS, soit ajouter des adaptateurs au r\u00e9seau de bornes.<\/p>\n<h3>Combien cela va co\u00fbter<\/h3>\n","protected":false},"excerpt":{"rendered":"<p>C\u2019est d\u00e9j\u00e0 le cas en Europe et Elon Musk a laiss\u00e9 savoir que le moment approche de laisser d&#8217;autres constructeurs se recharger dans ses stations Supercharger. Musk avait a fait l\u2019annonce pour la premi\u00e8re fois il y a un peu plus d&#8217;un an sur Twitter, avec l&#8217;intention de commencer officiellement \u00e0 proposer des services aux produits autres que ceux de Tesla avant la fin de l&#8217;ann\u00e9e 2021. Comme tous les projets Tesla, les d\u00e9lais sont toujours plus long que pr\u00e9vu, mais il semble que nous nous rapprochions d&#8217;un lancement officiel, d&#8217;apr\u00e8s les informations glan\u00e9es dans la propre application de Tesla.<\/p>\n","protected":false},"author":8,"featured_media":42826,"comment_status":"close","ping_status":"closed","sticky":false,"template":"","format":"standard","meta":{"_monsterinsights_skip_tracking":false,"_monsterinsights_sitenote_active":false,"_monsterinsights_sitenote_note":"","_monsterinsights_sitenote_category":0,"footnotes":""},"categories":[101],"tags":[131],"yoast_head":"<!-- This site is optimized with the Yoast SEO plugin v23.2 - https:\/\/yoast.com\/wordpress\/plugins\/seo\/ -->\n<title>Tesla pourrait bient\u00f4t permettre aux propri\u00e9taires d\u2019autres v\u00e9hicules \u00e9lectriques d\u2019utiliser son r\u00e9seau de Superchargeurs - CanadaMotorJobs.com<\/title>\n<meta name=\"description\" content=\"Tesla pourrait bient\u00f4t permettre aux propri\u00e9taires d\u2019autres v\u00e9hicules \u00e9lectriques d\u2019utiliser son r\u00e9seau de Superchargeurs - Benoit Charette - Annuel automobile - CanadaMotorJobs.com.\" \/>\n<meta name=\"robots\" content=\"index, follow, max-snippet:-1, max-image-preview:large, max-video-preview:-1\" \/>\n<meta property=\"og:locale\" content=\"fr_CA\" \/>\n<meta property=\"og:type\" content=\"article\" \/>\n<meta property=\"og:title\" content=\"Tesla pourrait bient\u00f4t permettre aux propri\u00e9taires d\u2019autres v\u00e9hicules \u00e9lectriques d\u2019utiliser son r\u00e9seau de Superchargeurs - CanadaMotorJobs.com\" \/>\n<meta property=\"og:description\" content=\"Tesla pourrait bient\u00f4t permettre aux propri\u00e9taires d\u2019autres v\u00e9hicules \u00e9lectriques d\u2019utiliser son r\u00e9seau de Superchargeurs - Benoit Charette - Annuel automobile - CanadaMotorJobs.com.\" \/>\n<meta property=\"og:url\" content=\"https:\/\/news.canadamotorjobs.com\/fr\/tesla-pourrait-bientot-permettre-aux-proprietaires-dautres-vehicules-electriques-dutiliser-son-reseau-de-superchargeurs\/\" \/>\n<meta property=\"og:site_name\" content=\"CanadaMotorJobs.com\" \/>\n<meta property=\"article:publisher\" content=\"https:\/\/www.facebook.com\/canadamotorjobs\/\" \/>\n<meta property=\"article:published_time\" content=\"2022-08-18T14:59:29+00:00\" \/>\n<meta property=\"article:modified_time\" content=\"2022-08-19T13:08:25+00:00\" \/>\n<meta property=\"og:image\" content=\"https:\/\/news.canadamotorjobs.com\/wp-content\/uploads\/2022\/08\/tesla-supercharger-1.jpg\" \/>\n\t<meta property=\"og:image:width\" content=\"1920\" \/>\n\t<meta property=\"og:image:height\" content=\"1080\" \/>\n\t<meta property=\"og:image:type\" content=\"image\/jpeg\" \/>\n<meta name=\"author\" content=\"Benoit Charette\" \/>\n<meta name=\"twitter:card\" content=\"summary_large_image\" \/>\n<meta name=\"twitter:creator\" content=\"@canadamotorjobs\" \/>\n<meta name=\"twitter:site\" content=\"@canadamotorjobs\" \/>\n<meta name=\"twitter:label1\" content=\"\u00c9crit par\" \/>\n\t<meta name=\"twitter:data1\" content=\"Benoit Charette\" \/>\n\t<meta name=\"twitter:label2\" content=\"Estimation du temps de lecture\" \/>\n\t<meta name=\"twitter:data2\" content=\"2 minutes\" \/>\n<!-- \/ Yoast SEO plugin. -->","yoast_head_json":{"title":"Tesla pourrait bient\u00f4t permettre aux propri\u00e9taires d\u2019autres v\u00e9hicules \u00e9lectriques d\u2019utiliser son r\u00e9seau de Superchargeurs - CanadaMotorJobs.com","description":"Tesla pourrait bient\u00f4t permettre aux propri\u00e9taires d\u2019autres v\u00e9hicules \u00e9lectriques d\u2019utiliser son r\u00e9seau de Superchargeurs - Benoit Charette - Annuel automobile - CanadaMotorJobs.com.","robots":{"index":"index","follow":"follow","max-snippet":"max-snippet:-1","max-image-preview":"max-image-preview:large","max-video-preview":"max-video-preview:-1"},"og_locale":"fr_CA","og_type":"article","og_title":"Tesla pourrait bient\u00f4t permettre aux propri\u00e9taires d\u2019autres v\u00e9hicules \u00e9lectriques d\u2019utiliser son r\u00e9seau de Superchargeurs - CanadaMotorJobs.com","og_description":"Tesla pourrait bient\u00f4t permettre aux propri\u00e9taires d\u2019autres v\u00e9hicules \u00e9lectriques d\u2019utiliser son r\u00e9seau de Superchargeurs - Benoit Charette - Annuel automobile - CanadaMotorJobs.com.","og_url":"https:\/\/news.canadamotorjobs.com\/fr\/tesla-pourrait-bientot-permettre-aux-proprietaires-dautres-vehicules-electriques-dutiliser-son-reseau-de-superchargeurs\/","og_site_name":"CanadaMotorJobs.com","article_publisher":"https:\/\/www.facebook.com\/canadamotorjobs\/","article_published_time":"2022-08-18T14:59:29+00:00","article_modified_time":"2022-08-19T13:08:25+00:00","og_image":[{"width":1920,"height":1080,"url":"https:\/\/news.canadamotorjobs.com\/wp-content\/uploads\/2022\/08\/tesla-supercharger-1.jpg","type":"image\/jpeg"}],"author":"Benoit Charette","twitter_card":"summary_large_image","twitter_creator":"@canadamotorjobs","twitter_site":"@canadamotorjobs","twitter_misc":{"\u00c9crit par":"Benoit Charette","Estimation du temps de lecture":"2 minutes"},"schema":{"@context":"https:\/\/schema.org","@graph":[{"@type":"Article","@id":"https:\/\/news.canadamotorjobs.com\/fr\/tesla-pourrait-bientot-permettre-aux-proprietaires-dautres-vehicules-electriques-dutiliser-son-reseau-de-superchargeurs\/#article","isPartOf":{"@id":"https:\/\/news.canadamotorjobs.com\/fr\/tesla-pourrait-bientot-permettre-aux-proprietaires-dautres-vehicules-electriques-dutiliser-son-reseau-de-superchargeurs\/"},"author":{"name":"Benoit Charette","@id":"https:\/\/news.canadamotorjobs.com\/#\/schema\/person\/51793d1f87d44011d7bcc2ed99269a90"},"headline":"Tesla pourrait bient\u00f4t permettre aux propri\u00e9taires d\u2019autres v\u00e9hicules \u00e9lectriques d\u2019utiliser son r\u00e9seau de Superchargeurs","datePublished":"2022-08-18T14:59:29+00:00","dateModified":"2022-08-19T13:08:25+00:00","mainEntityOfPage":{"@id":"https:\/\/news.canadamotorjobs.com\/fr\/tesla-pourrait-bientot-permettre-aux-proprietaires-dautres-vehicules-electriques-dutiliser-son-reseau-de-superchargeurs\/"},"wordCount":304,"publisher":{"@id":"https:\/\/news.canadamotorjobs.com\/#organization"},"image":{"@id":"https:\/\/news.canadamotorjobs.com\/fr\/tesla-pourrait-bientot-permettre-aux-proprietaires-dautres-vehicules-electriques-dutiliser-son-reseau-de-superchargeurs\/#primaryimage"},"thumbnailUrl":"https:\/\/news.canadamotorjobs.com\/wp-content\/uploads\/2022\/08\/tesla-supercharger-1.jpg","keywords":["Newsletter"],"articleSection":["Annuel automobile"],"inLanguage":"fr-CA"},{"@type":"WebPage","@id":"https:\/\/news.canadamotorjobs.com\/fr\/tesla-pourrait-bientot-permettre-aux-proprietaires-dautres-vehicules-electriques-dutiliser-son-reseau-de-superchargeurs\/","url":"https:\/\/news.canadamotorjobs.com\/fr\/tesla-pourrait-bientot-permettre-aux-proprietaires-dautres-vehicules-electriques-dutiliser-son-reseau-de-superchargeurs\/","name":"Tesla pourrait bient\u00f4t permettre aux propri\u00e9taires d\u2019autres v\u00e9hicules \u00e9lectriques d\u2019utiliser son r\u00e9seau de Superchargeurs - CanadaMotorJobs.com","isPartOf":{"@id":"https:\/\/news.canadamotorjobs.com\/#website"},"primaryImageOfPage":{"@id":"https:\/\/news.canadamotorjobs.com\/fr\/tesla-pourrait-bientot-permettre-aux-proprietaires-dautres-vehicules-electriques-dutiliser-son-reseau-de-superchargeurs\/#primaryimage"},"image":{"@id":"https:\/\/news.canadamotorjobs.com\/fr\/tesla-pourrait-bientot-permettre-aux-proprietaires-dautres-vehicules-electriques-dutiliser-son-reseau-de-superchargeurs\/#primaryimage"},"thumbnailUrl":"https:\/\/news.canadamotorjobs.com\/wp-content\/uploads\/2022\/08\/tesla-supercharger-1.jpg","datePublished":"2022-08-18T14:59:29+00:00","dateModified":"2022-08-19T13:08:25+00:00","description":"Tesla pourrait bient\u00f4t permettre aux propri\u00e9taires d\u2019autres v\u00e9hicules \u00e9lectriques d\u2019utiliser son r\u00e9seau de Superchargeurs - Benoit Charette - Annuel automobile - CanadaMotorJobs.com.","breadcrumb":{"@id":"https:\/\/news.canadamotorjobs.com\/fr\/tesla-pourrait-bientot-permettre-aux-proprietaires-dautres-vehicules-electriques-dutiliser-son-reseau-de-superchargeurs\/#breadcrumb"},"inLanguage":"fr-CA","potentialAction":[{"@type":"ReadAction","target":["https:\/\/news.canadamotorjobs.com\/fr\/tesla-pourrait-bientot-permettre-aux-proprietaires-dautres-vehicules-electriques-dutiliser-son-reseau-de-superchargeurs\/"]}]},{"@type":"ImageObject","inLanguage":"fr-CA","@id":"https:\/\/news.canadamotorjobs.com\/fr\/tesla-pourrait-bientot-permettre-aux-proprietaires-dautres-vehicules-electriques-dutiliser-son-reseau-de-superchargeurs\/#primaryimage","url":"https:\/\/news.canadamotorjobs.com\/wp-content\/uploads\/2022\/08\/tesla-supercharger-1.jpg","contentUrl":"https:\/\/news.canadamotorjobs.com\/wp-content\/uploads\/2022\/08\/tesla-supercharger-1.jpg","width":1920,"height":1080},{"@type":"BreadcrumbList","@id":"https:\/\/news.canadamotorjobs.com\/fr\/tesla-pourrait-bientot-permettre-aux-proprietaires-dautres-vehicules-electriques-dutiliser-son-reseau-de-superchargeurs\/#breadcrumb","itemListElement":[{"@type":"ListItem","position":1,"name":"Home","item":"https:\/\/news.canadamotorjobs.com\/fr\/blog\/"},{"@type":"ListItem","position":2,"name":"Tesla pourrait bient\u00f4t permettre aux propri\u00e9taires d\u2019autres v\u00e9hicules \u00e9lectriques d\u2019utiliser son r\u00e9seau de Superchargeurs"}]},{"@type":"WebSite","@id":"https:\/\/news.canadamotorjobs.com\/#website","url":"https:\/\/news.canadamotorjobs.com\/","name":"CanadaMotorJobs.com","description":"Automotive Jobs","publisher":{"@id":"https:\/\/news.canadamotorjobs.com\/#organization"},"potentialAction":[{"@type":"SearchAction","target":{"@type":"EntryPoint","urlTemplate":"https:\/\/news.canadamotorjobs.com\/?s={search_term_string}"},"query-input":"required name=search_term_string"}],"inLanguage":"fr-CA"},{"@type":"Organization","@id":"https:\/\/news.canadamotorjobs.com\/#organization","name":"Canada Motor Jobs","url":"https:\/\/news.canadamotorjobs.com\/","logo":{"@type":"ImageObject","inLanguage":"fr-CA","@id":"https:\/\/news.canadamotorjobs.com\/#\/schema\/logo\/image\/","url":"https:\/\/news.canadamotorjobs.com\/wp-content\/uploads\/2022\/10\/logo-canada-motor-jobs-1.png","contentUrl":"https:\/\/news.canadamotorjobs.com\/wp-content\/uploads\/2022\/10\/logo-canada-motor-jobs-1.png","width":800,"height":400,"caption":"Canada Motor Jobs"},"image":{"@id":"https:\/\/news.canadamotorjobs.com\/#\/schema\/logo\/image\/"},"sameAs":["https:\/\/www.facebook.com\/canadamotorjobs\/","https:\/\/x.com\/canadamotorjobs","https:\/\/www.instagram.com\/canadamotorjobs\/","https:\/\/www.linkedin.com\/company\/canadamotorjobs"]},{"@type":"Person","@id":"https:\/\/news.canadamotorjobs.com\/#\/schema\/person\/51793d1f87d44011d7bcc2ed99269a90","name":"Benoit Charette","image":{"@type":"ImageObject","inLanguage":"fr-CA","@id":"https:\/\/news.canadamotorjobs.com\/#\/schema\/person\/image\/","url":"https:\/\/secure.gravatar.com\/avatar\/45f3d2eebcccd909668d7ce7ea7267b6?s=96&d=mm&r=g","contentUrl":"https:\/\/secure.gravatar.com\/avatar\/45f3d2eebcccd909668d7ce7ea7267b6?s=96&d=mm&r=g","caption":"Benoit Charette"},"description":"Benoit Charette \/ Propri\u00e9taire et r\u00e9dacteur en chef Benoit Charette pratique le journalisme automobile depuis bient\u00f4t 30 ans. Il a fait ses classes au c\u00f4t\u00e9 de Daniel H\u00e9raud et au Carnet de route de 1992 \u00e0 2001. Il est fondateur, copropri\u00e9taire et r\u00e9dacteur en chef de L\u2019Annuel de l\u2019automobile, qu\u2019il publie depuis 2001. Il a anim\u00e9 les \u00e9missions RPM et RPM+ sur V et les L\u00e9gendes de la route sur Historia. \u00c0 la radio depuis 1986, il reprend l\u2019antenne cette ann\u00e9e sur les ondes de Cogeco et participe pour la deuxi\u00e8me ann\u00e9e \u00e0 l\u2019\u00e9mission Passion Auto sur RDS en plus de mettre en ligne le site Web officiel de L\u2019Annuel de l\u2019automobile sur annuelauto.ca.","sameAs":["https:\/\/annuelauto.ca\/"],"url":"https:\/\/news.canadamotorjobs.com\/fr\/author\/benoit-charette\/"}]}},"_links":{"self":[{"href":"https:\/\/news.canadamotorjobs.com\/fr\/wp-json\/wp\/v2\/posts\/42822"}],"collection":[{"href":"https:\/\/news.canadamotorjobs.com\/fr\/wp-json\/wp\/v2\/posts"}],"about":[{"href":"https:\/\/news.canadamotorjobs.com\/fr\/wp-json\/wp\/v2\/types\/post"}],"author":[{"embeddable":true,"href":"https:\/\/news.canadamotorjobs.com\/fr\/wp-json\/wp\/v2\/users\/8"}],"replies":[{"embeddable":true,"href":"https:\/\/news.canadamotorjobs.com\/fr\/wp-json\/wp\/v2\/comments?post=42822"}],"version-history":[{"count":0,"href":"https:\/\/news.canadamotorjobs.com\/fr\/wp-json\/wp\/v2\/posts\/42822\/revisions"}],"wp:featuredmedia":[{"embeddable":true,"href":"https:\/\/news.canadamotorjobs.com\/fr\/wp-json\/wp\/v2\/media\/42826"}],"wp:attachment":[{"href":"https:\/\/news.canadamotorjobs.com\/fr\/wp-json\/wp\/v2\/media?parent=42822"}],"wp:term":[{"taxonomy":"category","embeddable":true,"href":"https:\/\/news.canadamotorjobs.com\/fr\/wp-json\/wp\/v2\/categories?post=42822"},{"taxonomy":"post_tag","embeddable":true,"href":"https:\/\/news.canadamotorjobs.com\/fr\/wp-json\/wp\/v2\/tags?post=42822"}],"curies":[{"name":"wp","href":"https:\/\/api.w.org\/{rel}","templated":true}]}}