{"id":42808,"date":"2022-08-17T10:47:51","date_gmt":"2022-08-17T14:47:51","guid":{"rendered":"https:\/\/blog.canadamotorjobs.com\/hyundai-domine-le-palmares-des-incitatifs-de-rabais-sur-les-vehicules-electriques-et-hybrides-rechargeables-au-canada\/"},"modified":"2022-08-18T10:55:38","modified_gmt":"2022-08-18T14:55:38","slug":"hyundai-domine-le-palmares-des-incitatifs-de-rabais-sur-les-vehicules-electriques-et-hybrides-rechargeables-au-canada","status":"publish","type":"post","link":"https:\/\/news.canadamotorjobs.com\/fr\/hyundai-domine-le-palmares-des-incitatifs-de-rabais-sur-les-vehicules-electriques-et-hybrides-rechargeables-au-canada\/","title":{"rendered":"Hyundai domine le palmar\u00e8s des incitatifs de rabais sur les v\u00e9hicules \u00e9lectriques et hybrides rechargeables au Canada."},"content":{"rendered":"<p>Hyundai a consolid\u00e9 en juillet sa position de marque ayant le plus grand volume de ventes dans le cadre du programme f\u00e9d\u00e9ral de v\u00e9hicules \u00e0 \u00e9missions z\u00e9ro (iZEV) en 2022.<\/p>\n<h3>Tout juste devant Tesla<\/h3>\n<p>Hyundai a livr\u00e9 1 088 v\u00e9hicules \u00e9lectriques \u00e0 batterie (BEV) et hybrides rechargeables (PHEV) admissibles au programme d&#8217;incitation au cours du mois de juillet, portant son total \u00e0 8 360 pour l&#8217;ann\u00e9e, selon les donn\u00e9es de Transports Canada. Le mois dernier, Hyundai a ravi la premi\u00e8re place du programme d&#8217;incitation \u00e0 Tesla, qui l&#8217;avait occup\u00e9e pendant la majeure partie de 2022. Tesla a remis les cl\u00e9s de 501 Model 3 admissibles au rabais en juillet. Son total pour l&#8217;ann\u00e9e est pass\u00e9 \u00e0 7 550. Les totaux sont bas\u00e9s sur la date \u00e0 laquelle la demande iZEV est soumise \u00e0 Transports. Naturellement les chiffres de tiennent pas compte des mod\u00e8les Tesla ou autres qui ne sont pas admissibles au rabais.<\/p>\n<p>Tableau des incitatifs pour ventes de v\u00e9hicules z\u00e9ro \u00e9mission<br \/>\nJuillet\u00a0\u00a0\u00a0\u00a0\u00a0\u00a0\u00a0\u00a0\u00a0\u00a0\u00a0\u00a0\u00a0\u00a0\u00a0\u00a0 Juin\u00a0\u00a0\u00a0\u00a0 \u00a0\u00a0\u00a0\u00a0\u00a0\u00a0\u00a0\u00a0\u00a0\u00a0 2022 (31 juillet)<\/p>\n<p>Hyundai\u00a0\u00a0\u00a0\u00a0\u00a0\u00a0\u00a0\u00a0\u00a0 1 088\u00a0\u00a0 1\u00a0352\u00a0\u00a0 \u00a0\u00a0\u00a0\u00a0\u00a0\u00a0\u00a0\u00a0\u00a0\u00a0\u00a0 8 360<\/p>\n<p>Chevrolet\u00a0\u00a0\u00a0\u00a0\u00a0\u00a0\u00a0 494\u00a0\u00a0\u00a0\u00a0\u00a0 657\u00a0\u00a0\u00a0\u00a0\u00a0\u00a0\u00a0\u00a0\u00a0\u00a0\u00a0\u00a0\u00a0\u00a0\u00a0\u00a0\u00a0 1 693<\/p>\n<p>Tesla \u00a0\u00a0\u00a0\u00a0\u00a0\u00a0\u00a0\u00a0\u00a0\u00a0\u00a0\u00a0\u00a0 501\u00a0\u00a0\u00a0\u00a0\u00a0 203\u00a0\u00a0\u00a0\u00a0\u00a0\u00a0\u00a0\u00a0\u00a0\u00a0\u00a0\u00a0\u00a0\u00a0\u00a0\u00a0\u00a0 7 550<\/p>\n<p>Jeep\u00a0\u00a0\u00a0\u00a0\u00a0\u00a0\u00a0\u00a0\u00a0\u00a0\u00a0\u00a0\u00a0\u00a0\u00a0\u00a0 420\u00a0\u00a0\u00a0\u00a0\u00a0 435\u00a0\u00a0\u00a0\u00a0\u00a0\u00a0\u00a0\u00a0\u00a0\u00a0\u00a0\u00a0\u00a0\u00a0\u00a0\u00a0\u00a0 1 327<\/p>\n<p>Ford\u00a0\u00a0\u00a0\u00a0\u00a0\u00a0\u00a0\u00a0\u00a0\u00a0\u00a0\u00a0\u00a0\u00a0\u00a0 416\u00a0\u00a0\u00a0\u00a0\u00a0 455\u00a0\u00a0\u00a0\u00a0\u00a0\u00a0\u00a0\u00a0\u00a0\u00a0\u00a0\u00a0\u00a0\u00a0\u00a0\u00a0\u00a0 2 319<\/p>\n<p>Toyota\u00a0\u00a0\u00a0\u00a0\u00a0\u00a0\u00a0\u00a0\u00a0\u00a0\u00a0\u00a0 335\u00a0\u00a0\u00a0\u00a0\u00a0 523\u00a0\u00a0\u00a0\u00a0\u00a0\u00a0\u00a0\u00a0\u00a0\u00a0\u00a0\u00a0\u00a0\u00a0\u00a0\u00a0\u00a0 2 369<\/p>\n<p>Kia\u00a0\u00a0\u00a0\u00a0\u00a0\u00a0\u00a0\u00a0\u00a0\u00a0\u00a0\u00a0\u00a0\u00a0\u00a0\u00a0 \u00a0\u00a0 216\u00a0\u00a0\u00a0\u00a0\u00a0 371\u00a0\u00a0\u00a0\u00a0\u00a0\u00a0\u00a0\u00a0\u00a0\u00a0\u00a0\u00a0\u00a0\u00a0\u00a0\u00a0\u00a0 2 139<\/p>\n<p>MINI\u00a0\u00a0\u00a0\u00a0\u00a0\u00a0\u00a0\u00a0\u00a0\u00a0\u00a0\u00a0\u00a0\u00a0\u00a0 183\u00a0\u00a0\u00a0\u00a0\u00a0 \u00a0 47\u00a0\u00a0\u00a0\u00a0\u00a0\u00a0\u00a0\u00a0\u00a0\u00a0\u00a0\u00a0\u00a0\u00a0\u00a0\u00a0\u00a0 \u00a0 \u00a0564<\/p>\n<p>BMW\u00a0\u00a0\u00a0\u00a0\u00a0\u00a0\u00a0\u00a0\u00a0\u00a0\u00a0\u00a0\u00a0 166\u00a0\u00a0\u00a0\u00a0\u00a0 180\u00a0\u00a0\u00a0\u00a0\u00a0\u00a0\u00a0\u00a0\u00a0\u00a0\u00a0\u00a0\u00a0\u00a0\u00a0\u00a0\u00a0 \u00a0\u00a0 729<\/p>\n<p>Polestar\u00a0\u00a0\u00a0\u00a0\u00a0\u00a0\u00a0\u00a0\u00a0\u00a0 132<\/p>\n","protected":false},"excerpt":{"rendered":"<p>Hyundai a consolid\u00e9 en juillet sa position de marque ayant le plus grand volume de ventes dans le cadre du programme f\u00e9d\u00e9ral de v\u00e9hicules \u00e0 \u00e9missions z\u00e9ro (iZEV) en 2022. Tout juste devant Tesla Hyundai a livr\u00e9 1 088 v\u00e9hicules \u00e9lectriques \u00e0 batterie (BEV) et hybrides rechargeables (PHEV) admissibles au programme d&#8217;incitation au cours du [&hellip;]<\/p>\n","protected":false},"author":8,"featured_media":42812,"comment_status":"close","ping_status":"closed","sticky":false,"template":"","format":"standard","meta":{"_monsterinsights_skip_tracking":false,"_monsterinsights_sitenote_active":false,"_monsterinsights_sitenote_note":"","_monsterinsights_sitenote_category":0,"footnotes":""},"categories":[101],"tags":[131],"yoast_head":"<!-- This site is optimized with the Yoast SEO plugin v23.2 - https:\/\/yoast.com\/wordpress\/plugins\/seo\/ -->\n<title>Hyundai domine le palmar\u00e8s des incitatifs de rabais sur les v\u00e9hicules \u00e9lectriques et hybrides rechargeables au Canada. - CanadaMotorJobs.com<\/title>\n<meta name=\"description\" content=\"Hyundai domine le palmar\u00e8s des incitatifs de rabais sur les v\u00e9hicules \u00e9lectriques et hybrides rechargeables au Canada. - Benoit Charette - Annuel automobile - CanadaMotorJobs.com.\" \/>\n<meta name=\"robots\" content=\"index, follow, max-snippet:-1, max-image-preview:large, max-video-preview:-1\" \/>\n<meta property=\"og:locale\" content=\"fr_CA\" \/>\n<meta property=\"og:type\" content=\"article\" \/>\n<meta property=\"og:title\" content=\"Hyundai domine le palmar\u00e8s des incitatifs de rabais sur les v\u00e9hicules \u00e9lectriques et hybrides rechargeables au Canada. - CanadaMotorJobs.com\" \/>\n<meta property=\"og:description\" content=\"Hyundai domine le palmar\u00e8s des incitatifs de rabais sur les v\u00e9hicules \u00e9lectriques et hybrides rechargeables au Canada. - Benoit Charette - Annuel automobile - CanadaMotorJobs.com.\" \/>\n<meta property=\"og:url\" content=\"https:\/\/news.canadamotorjobs.com\/fr\/hyundai-domine-le-palmares-des-incitatifs-de-rabais-sur-les-vehicules-electriques-et-hybrides-rechargeables-au-canada\/\" \/>\n<meta property=\"og:site_name\" content=\"CanadaMotorJobs.com\" \/>\n<meta property=\"article:publisher\" content=\"https:\/\/www.facebook.com\/canadamotorjobs\/\" \/>\n<meta property=\"article:published_time\" content=\"2022-08-17T14:47:51+00:00\" \/>\n<meta property=\"article:modified_time\" content=\"2022-08-18T14:55:38+00:00\" \/>\n<meta property=\"og:image\" content=\"https:\/\/news.canadamotorjobs.com\/wp-content\/uploads\/2022\/08\/hyundai-kona-electric_100781764_h-1.jpg\" \/>\n\t<meta property=\"og:image:width\" content=\"1920\" \/>\n\t<meta property=\"og:image:height\" content=\"1280\" \/>\n\t<meta property=\"og:image:type\" content=\"image\/jpeg\" \/>\n<meta name=\"author\" content=\"Benoit Charette\" \/>\n<meta name=\"twitter:card\" content=\"summary_large_image\" \/>\n<meta name=\"twitter:creator\" content=\"@canadamotorjobs\" \/>\n<meta name=\"twitter:site\" content=\"@canadamotorjobs\" \/>\n<meta name=\"twitter:label1\" content=\"\u00c9crit par\" \/>\n\t<meta name=\"twitter:data1\" content=\"Benoit Charette\" \/>\n\t<meta name=\"twitter:label2\" content=\"Estimation du temps de lecture\" \/>\n\t<meta name=\"twitter:data2\" content=\"1 minute\" \/>\n<!-- \/ Yoast SEO plugin. -->","yoast_head_json":{"title":"Hyundai domine le palmar\u00e8s des incitatifs de rabais sur les v\u00e9hicules \u00e9lectriques et hybrides rechargeables au Canada. - CanadaMotorJobs.com","description":"Hyundai domine le palmar\u00e8s des incitatifs de rabais sur les v\u00e9hicules \u00e9lectriques et hybrides rechargeables au Canada. - Benoit Charette - Annuel automobile - CanadaMotorJobs.com.","robots":{"index":"index","follow":"follow","max-snippet":"max-snippet:-1","max-image-preview":"max-image-preview:large","max-video-preview":"max-video-preview:-1"},"og_locale":"fr_CA","og_type":"article","og_title":"Hyundai domine le palmar\u00e8s des incitatifs de rabais sur les v\u00e9hicules \u00e9lectriques et hybrides rechargeables au Canada. - CanadaMotorJobs.com","og_description":"Hyundai domine le palmar\u00e8s des incitatifs de rabais sur les v\u00e9hicules \u00e9lectriques et hybrides rechargeables au Canada. - Benoit Charette - Annuel automobile - CanadaMotorJobs.com.","og_url":"https:\/\/news.canadamotorjobs.com\/fr\/hyundai-domine-le-palmares-des-incitatifs-de-rabais-sur-les-vehicules-electriques-et-hybrides-rechargeables-au-canada\/","og_site_name":"CanadaMotorJobs.com","article_publisher":"https:\/\/www.facebook.com\/canadamotorjobs\/","article_published_time":"2022-08-17T14:47:51+00:00","article_modified_time":"2022-08-18T14:55:38+00:00","og_image":[{"width":1920,"height":1280,"url":"https:\/\/news.canadamotorjobs.com\/wp-content\/uploads\/2022\/08\/hyundai-kona-electric_100781764_h-1.jpg","type":"image\/jpeg"}],"author":"Benoit Charette","twitter_card":"summary_large_image","twitter_creator":"@canadamotorjobs","twitter_site":"@canadamotorjobs","twitter_misc":{"\u00c9crit par":"Benoit Charette","Estimation du temps de lecture":"1 minute"},"schema":{"@context":"https:\/\/schema.org","@graph":[{"@type":"Article","@id":"https:\/\/news.canadamotorjobs.com\/fr\/hyundai-domine-le-palmares-des-incitatifs-de-rabais-sur-les-vehicules-electriques-et-hybrides-rechargeables-au-canada\/#article","isPartOf":{"@id":"https:\/\/news.canadamotorjobs.com\/fr\/hyundai-domine-le-palmares-des-incitatifs-de-rabais-sur-les-vehicules-electriques-et-hybrides-rechargeables-au-canada\/"},"author":{"name":"Benoit Charette","@id":"https:\/\/news.canadamotorjobs.com\/#\/schema\/person\/51793d1f87d44011d7bcc2ed99269a90"},"headline":"Hyundai domine le palmar\u00e8s des incitatifs de rabais sur les v\u00e9hicules \u00e9lectriques et hybrides rechargeables au Canada.","datePublished":"2022-08-17T14:47:51+00:00","dateModified":"2022-08-18T14:55:38+00:00","mainEntityOfPage":{"@id":"https:\/\/news.canadamotorjobs.com\/fr\/hyundai-domine-le-palmares-des-incitatifs-de-rabais-sur-les-vehicules-electriques-et-hybrides-rechargeables-au-canada\/"},"wordCount":197,"publisher":{"@id":"https:\/\/news.canadamotorjobs.com\/#organization"},"image":{"@id":"https:\/\/news.canadamotorjobs.com\/fr\/hyundai-domine-le-palmares-des-incitatifs-de-rabais-sur-les-vehicules-electriques-et-hybrides-rechargeables-au-canada\/#primaryimage"},"thumbnailUrl":"https:\/\/news.canadamotorjobs.com\/wp-content\/uploads\/2022\/08\/hyundai-kona-electric_100781764_h-1.jpg","keywords":["Newsletter"],"articleSection":["Annuel automobile"],"inLanguage":"fr-CA"},{"@type":"WebPage","@id":"https:\/\/news.canadamotorjobs.com\/fr\/hyundai-domine-le-palmares-des-incitatifs-de-rabais-sur-les-vehicules-electriques-et-hybrides-rechargeables-au-canada\/","url":"https:\/\/news.canadamotorjobs.com\/fr\/hyundai-domine-le-palmares-des-incitatifs-de-rabais-sur-les-vehicules-electriques-et-hybrides-rechargeables-au-canada\/","name":"Hyundai domine le palmar\u00e8s des incitatifs de rabais sur les v\u00e9hicules \u00e9lectriques et hybrides rechargeables au Canada. - CanadaMotorJobs.com","isPartOf":{"@id":"https:\/\/news.canadamotorjobs.com\/#website"},"primaryImageOfPage":{"@id":"https:\/\/news.canadamotorjobs.com\/fr\/hyundai-domine-le-palmares-des-incitatifs-de-rabais-sur-les-vehicules-electriques-et-hybrides-rechargeables-au-canada\/#primaryimage"},"image":{"@id":"https:\/\/news.canadamotorjobs.com\/fr\/hyundai-domine-le-palmares-des-incitatifs-de-rabais-sur-les-vehicules-electriques-et-hybrides-rechargeables-au-canada\/#primaryimage"},"thumbnailUrl":"https:\/\/news.canadamotorjobs.com\/wp-content\/uploads\/2022\/08\/hyundai-kona-electric_100781764_h-1.jpg","datePublished":"2022-08-17T14:47:51+00:00","dateModified":"2022-08-18T14:55:38+00:00","description":"Hyundai domine le palmar\u00e8s des incitatifs de rabais sur les v\u00e9hicules \u00e9lectriques et hybrides rechargeables au Canada. - Benoit Charette - Annuel automobile - CanadaMotorJobs.com.","breadcrumb":{"@id":"https:\/\/news.canadamotorjobs.com\/fr\/hyundai-domine-le-palmares-des-incitatifs-de-rabais-sur-les-vehicules-electriques-et-hybrides-rechargeables-au-canada\/#breadcrumb"},"inLanguage":"fr-CA","potentialAction":[{"@type":"ReadAction","target":["https:\/\/news.canadamotorjobs.com\/fr\/hyundai-domine-le-palmares-des-incitatifs-de-rabais-sur-les-vehicules-electriques-et-hybrides-rechargeables-au-canada\/"]}]},{"@type":"ImageObject","inLanguage":"fr-CA","@id":"https:\/\/news.canadamotorjobs.com\/fr\/hyundai-domine-le-palmares-des-incitatifs-de-rabais-sur-les-vehicules-electriques-et-hybrides-rechargeables-au-canada\/#primaryimage","url":"https:\/\/news.canadamotorjobs.com\/wp-content\/uploads\/2022\/08\/hyundai-kona-electric_100781764_h-1.jpg","contentUrl":"https:\/\/news.canadamotorjobs.com\/wp-content\/uploads\/2022\/08\/hyundai-kona-electric_100781764_h-1.jpg","width":1920,"height":1280},{"@type":"BreadcrumbList","@id":"https:\/\/news.canadamotorjobs.com\/fr\/hyundai-domine-le-palmares-des-incitatifs-de-rabais-sur-les-vehicules-electriques-et-hybrides-rechargeables-au-canada\/#breadcrumb","itemListElement":[{"@type":"ListItem","position":1,"name":"Home","item":"https:\/\/news.canadamotorjobs.com\/fr\/blog\/"},{"@type":"ListItem","position":2,"name":"Hyundai domine le palmar\u00e8s des incitatifs de rabais sur les v\u00e9hicules \u00e9lectriques et hybrides rechargeables au Canada."}]},{"@type":"WebSite","@id":"https:\/\/news.canadamotorjobs.com\/#website","url":"https:\/\/news.canadamotorjobs.com\/","name":"CanadaMotorJobs.com","description":"Automotive Jobs","publisher":{"@id":"https:\/\/news.canadamotorjobs.com\/#organization"},"potentialAction":[{"@type":"SearchAction","target":{"@type":"EntryPoint","urlTemplate":"https:\/\/news.canadamotorjobs.com\/?s={search_term_string}"},"query-input":"required name=search_term_string"}],"inLanguage":"fr-CA"},{"@type":"Organization","@id":"https:\/\/news.canadamotorjobs.com\/#organization","name":"Canada Motor Jobs","url":"https:\/\/news.canadamotorjobs.com\/","logo":{"@type":"ImageObject","inLanguage":"fr-CA","@id":"https:\/\/news.canadamotorjobs.com\/#\/schema\/logo\/image\/","url":"https:\/\/news.canadamotorjobs.com\/wp-content\/uploads\/2022\/10\/logo-canada-motor-jobs-1.png","contentUrl":"https:\/\/news.canadamotorjobs.com\/wp-content\/uploads\/2022\/10\/logo-canada-motor-jobs-1.png","width":800,"height":400,"caption":"Canada Motor Jobs"},"image":{"@id":"https:\/\/news.canadamotorjobs.com\/#\/schema\/logo\/image\/"},"sameAs":["https:\/\/www.facebook.com\/canadamotorjobs\/","https:\/\/x.com\/canadamotorjobs","https:\/\/www.instagram.com\/canadamotorjobs\/","https:\/\/www.linkedin.com\/company\/canadamotorjobs"]},{"@type":"Person","@id":"https:\/\/news.canadamotorjobs.com\/#\/schema\/person\/51793d1f87d44011d7bcc2ed99269a90","name":"Benoit Charette","image":{"@type":"ImageObject","inLanguage":"fr-CA","@id":"https:\/\/news.canadamotorjobs.com\/#\/schema\/person\/image\/","url":"https:\/\/secure.gravatar.com\/avatar\/45f3d2eebcccd909668d7ce7ea7267b6?s=96&d=mm&r=g","contentUrl":"https:\/\/secure.gravatar.com\/avatar\/45f3d2eebcccd909668d7ce7ea7267b6?s=96&d=mm&r=g","caption":"Benoit Charette"},"description":"Benoit Charette \/ Propri\u00e9taire et r\u00e9dacteur en chef Benoit Charette pratique le journalisme automobile depuis bient\u00f4t 30 ans. Il a fait ses classes au c\u00f4t\u00e9 de Daniel H\u00e9raud et au Carnet de route de 1992 \u00e0 2001. Il est fondateur, copropri\u00e9taire et r\u00e9dacteur en chef de L\u2019Annuel de l\u2019automobile, qu\u2019il publie depuis 2001. Il a anim\u00e9 les \u00e9missions RPM et RPM+ sur V et les L\u00e9gendes de la route sur Historia. \u00c0 la radio depuis 1986, il reprend l\u2019antenne cette ann\u00e9e sur les ondes de Cogeco et participe pour la deuxi\u00e8me ann\u00e9e \u00e0 l\u2019\u00e9mission Passion Auto sur RDS en plus de mettre en ligne le site Web officiel de L\u2019Annuel de l\u2019automobile sur annuelauto.ca.","sameAs":["https:\/\/annuelauto.ca\/"],"url":"https:\/\/news.canadamotorjobs.com\/fr\/author\/benoit-charette\/"}]}},"_links":{"self":[{"href":"https:\/\/news.canadamotorjobs.com\/fr\/wp-json\/wp\/v2\/posts\/42808"}],"collection":[{"href":"https:\/\/news.canadamotorjobs.com\/fr\/wp-json\/wp\/v2\/posts"}],"about":[{"href":"https:\/\/news.canadamotorjobs.com\/fr\/wp-json\/wp\/v2\/types\/post"}],"author":[{"embeddable":true,"href":"https:\/\/news.canadamotorjobs.com\/fr\/wp-json\/wp\/v2\/users\/8"}],"replies":[{"embeddable":true,"href":"https:\/\/news.canadamotorjobs.com\/fr\/wp-json\/wp\/v2\/comments?post=42808"}],"version-history":[{"count":0,"href":"https:\/\/news.canadamotorjobs.com\/fr\/wp-json\/wp\/v2\/posts\/42808\/revisions"}],"wp:featuredmedia":[{"embeddable":true,"href":"https:\/\/news.canadamotorjobs.com\/fr\/wp-json\/wp\/v2\/media\/42812"}],"wp:attachment":[{"href":"https:\/\/news.canadamotorjobs.com\/fr\/wp-json\/wp\/v2\/media?parent=42808"}],"wp:term":[{"taxonomy":"category","embeddable":true,"href":"https:\/\/news.canadamotorjobs.com\/fr\/wp-json\/wp\/v2\/categories?post=42808"},{"taxonomy":"post_tag","embeddable":true,"href":"https:\/\/news.canadamotorjobs.com\/fr\/wp-json\/wp\/v2\/tags?post=42808"}],"curies":[{"name":"wp","href":"https:\/\/api.w.org\/{rel}","templated":true}]}}