{"id":42792,"date":"2022-08-16T06:09:54","date_gmt":"2022-08-16T10:09:54","guid":{"rendered":"https:\/\/blog.canadamotorjobs.com\/dodge-prepare-une-kyrielle-de-nouveautes-pour-la-challenger-et-la-charger\/"},"modified":"2022-08-16T06:14:10","modified_gmt":"2022-08-16T10:14:10","slug":"dodge-prepare-une-kyrielle-de-nouveautes-pour-la-challenger-et-la-charger","status":"publish","type":"post","link":"https:\/\/news.canadamotorjobs.com\/fr\/dodge-prepare-une-kyrielle-de-nouveautes-pour-la-challenger-et-la-charger\/","title":{"rendered":"Dodge pr\u00e9pare une kyrielle de nouveaut\u00e9s pour la Challenger et la Charger"},"content":{"rendered":"<\/p>\n<p>Le Dodge Speed Week est officiellement en marche et cette ann\u00e9e promet d&#8217;\u00eatre m\u00e9morable puisque 2023 sera la derni\u00e8re ann\u00e9e pour les Charger et Challenger actuels. On se met \u00e0 l\u2019\u00e9lectrique \u00e0 compter de 2024. Pour c\u00e9l\u00e9brer dignement la fin d\u2019une \u00e9poque, Dodge pr\u00e9pare pas moins de sept \u00e9ditions sp\u00e9ciales pour 2023.<br \/> La nostalgie en vedette<br \/> Dodge n\u2019a pas r\u00e9v\u00e9l\u00e9 tous les d\u00e9tails, mais nous aurons droit \u00e0 plusieurs \u00e9ditions sp\u00e9ciales &#8220;influenc\u00e9es par le patrimoine&#8221; qui partagent un &#8220;lien avec un mod\u00e8le Dodge embl\u00e9matique du pass\u00e9, remontant \u00e0 l&#8217;aube de l&#8217;\u00e8re des \u00ab muscles cars \u00bb dans les ann\u00e9es 1960 et 1970&#8221;. La premi\u00e8re \u00e9dition sp\u00e9ciale sera lanc\u00e9e le 24 ao\u00fbt et sera une Challenger \u00e9quip\u00e9e d&#8217;un V8 HEMI de 6,4 litres. Une semaine plus tard, le 31 ao\u00fbt, une Charger sera d\u00e9voil\u00e9e avec le m\u00eame moteur. Le 7 septembre, Dodge pr\u00e9sentera une \u00e9dition sp\u00e9ciale de la Charger et de la Challenger. Les deux seront vraisemblablement similaires et disposeront \u00e9galement d&#8217;un V8 HEMI de 6,4 litres. Plus tard dans le mois, le 14 septembre, la soci\u00e9t\u00e9 d\u00e9voilera une Charger haute performance avec un moteur V8 suraliment\u00e9 de 6,2 litres. Elle sera suivie par une variante similaire de la Challenger le 21 septembre.<br \/> Tous les d\u00e9tails \u00e0 venir en septembre<br \/> Nous apprendrons tous les d\u00e9tails dans les semaines \u00e0 venir, mais la plupart des \u00e9ditions sp\u00e9ciales seront apparemment limit\u00e9es \u00e0 1 000 unit\u00e9s. Cependant, les variantes suraliment\u00e9es seront plus rares puisqu&#8217;elles seront apparemment limit\u00e9es \u00e0 300 unit\u00e9s.<br \/> La septi\u00e8me et derni\u00e8re<\/p>\n","protected":false},"excerpt":{"rendered":"<p>Le Dodge Speed Week est officiellement en marche et cette ann\u00e9e promet d&#8217;\u00eatre m\u00e9morable puisque 2023 sera la derni\u00e8re ann\u00e9e pour les Charger et Challenger actuels. On se met \u00e0 l\u2019\u00e9lectrique \u00e0 compter de 2024. Pour c\u00e9l\u00e9brer dignement la fin d\u2019une \u00e9poque, Dodge pr\u00e9pare pas moins de sept \u00e9ditions sp\u00e9ciales pour 2023. La nostalgie en [&hellip;]<\/p>\n","protected":false},"author":8,"featured_media":42796,"comment_status":"close","ping_status":"closed","sticky":false,"template":"","format":"standard","meta":{"_monsterinsights_skip_tracking":false,"_monsterinsights_sitenote_active":false,"_monsterinsights_sitenote_note":"","_monsterinsights_sitenote_category":0,"footnotes":""},"categories":[101],"tags":[],"yoast_head":"<!-- This site is optimized with the Yoast SEO plugin v23.2 - https:\/\/yoast.com\/wordpress\/plugins\/seo\/ -->\n<title>Dodge pr\u00e9pare une kyrielle de nouveaut\u00e9s pour la Challenger et la Charger - CanadaMotorJobs.com<\/title>\n<meta name=\"description\" content=\"Dodge pr\u00e9pare une kyrielle de nouveaut\u00e9s pour la Challenger et la Charger - Benoit Charette - Annuel automobile - CanadaMotorJobs.com.\" \/>\n<meta name=\"robots\" content=\"index, follow, max-snippet:-1, max-image-preview:large, max-video-preview:-1\" \/>\n<meta property=\"og:locale\" content=\"fr_CA\" \/>\n<meta property=\"og:type\" content=\"article\" \/>\n<meta property=\"og:title\" content=\"Dodge pr\u00e9pare une kyrielle de nouveaut\u00e9s pour la Challenger et la Charger - CanadaMotorJobs.com\" \/>\n<meta property=\"og:description\" content=\"Dodge pr\u00e9pare une kyrielle de nouveaut\u00e9s pour la Challenger et la Charger - Benoit Charette - Annuel automobile - CanadaMotorJobs.com.\" \/>\n<meta property=\"og:url\" content=\"https:\/\/news.canadamotorjobs.com\/fr\/dodge-prepare-une-kyrielle-de-nouveautes-pour-la-challenger-et-la-charger\/\" \/>\n<meta property=\"og:site_name\" content=\"CanadaMotorJobs.com\" \/>\n<meta property=\"article:publisher\" content=\"https:\/\/www.facebook.com\/canadamotorjobs\/\" \/>\n<meta property=\"article:published_time\" content=\"2022-08-16T10:09:54+00:00\" \/>\n<meta property=\"article:modified_time\" content=\"2022-08-16T10:14:10+00:00\" \/>\n<meta property=\"og:image\" content=\"https:\/\/news.canadamotorjobs.com\/wp-content\/uploads\/2022\/08\/DG023_003MMahtoaaje2lslagfemltjtamfnk-1.jpg\" \/>\n\t<meta property=\"og:image:width\" content=\"1531\" \/>\n\t<meta property=\"og:image:height\" content=\"1000\" \/>\n\t<meta property=\"og:image:type\" content=\"image\/jpeg\" \/>\n<meta name=\"author\" content=\"Benoit Charette\" \/>\n<meta name=\"twitter:card\" content=\"summary_large_image\" \/>\n<meta name=\"twitter:creator\" content=\"@canadamotorjobs\" \/>\n<meta name=\"twitter:site\" content=\"@canadamotorjobs\" \/>\n<meta name=\"twitter:label1\" content=\"\u00c9crit par\" \/>\n\t<meta name=\"twitter:data1\" content=\"Benoit Charette\" \/>\n\t<meta name=\"twitter:label2\" content=\"Estimation du temps de lecture\" \/>\n\t<meta name=\"twitter:data2\" content=\"1 minute\" \/>\n<!-- \/ Yoast SEO plugin. -->","yoast_head_json":{"title":"Dodge pr\u00e9pare une kyrielle de nouveaut\u00e9s pour la Challenger et la Charger - CanadaMotorJobs.com","description":"Dodge pr\u00e9pare une kyrielle de nouveaut\u00e9s pour la Challenger et la Charger - Benoit Charette - Annuel automobile - CanadaMotorJobs.com.","robots":{"index":"index","follow":"follow","max-snippet":"max-snippet:-1","max-image-preview":"max-image-preview:large","max-video-preview":"max-video-preview:-1"},"og_locale":"fr_CA","og_type":"article","og_title":"Dodge pr\u00e9pare une kyrielle de nouveaut\u00e9s pour la Challenger et la Charger - CanadaMotorJobs.com","og_description":"Dodge pr\u00e9pare une kyrielle de nouveaut\u00e9s pour la Challenger et la Charger - Benoit Charette - Annuel automobile - CanadaMotorJobs.com.","og_url":"https:\/\/news.canadamotorjobs.com\/fr\/dodge-prepare-une-kyrielle-de-nouveautes-pour-la-challenger-et-la-charger\/","og_site_name":"CanadaMotorJobs.com","article_publisher":"https:\/\/www.facebook.com\/canadamotorjobs\/","article_published_time":"2022-08-16T10:09:54+00:00","article_modified_time":"2022-08-16T10:14:10+00:00","og_image":[{"width":1531,"height":1000,"url":"https:\/\/news.canadamotorjobs.com\/wp-content\/uploads\/2022\/08\/DG023_003MMahtoaaje2lslagfemltjtamfnk-1.jpg","type":"image\/jpeg"}],"author":"Benoit Charette","twitter_card":"summary_large_image","twitter_creator":"@canadamotorjobs","twitter_site":"@canadamotorjobs","twitter_misc":{"\u00c9crit par":"Benoit Charette","Estimation du temps de lecture":"1 minute"},"schema":{"@context":"https:\/\/schema.org","@graph":[{"@type":"Article","@id":"https:\/\/news.canadamotorjobs.com\/fr\/dodge-prepare-une-kyrielle-de-nouveautes-pour-la-challenger-et-la-charger\/#article","isPartOf":{"@id":"https:\/\/news.canadamotorjobs.com\/fr\/dodge-prepare-une-kyrielle-de-nouveautes-pour-la-challenger-et-la-charger\/"},"author":{"name":"Benoit Charette","@id":"https:\/\/news.canadamotorjobs.com\/#\/schema\/person\/51793d1f87d44011d7bcc2ed99269a90"},"headline":"Dodge pr\u00e9pare une kyrielle de nouveaut\u00e9s pour la Challenger et la Charger","datePublished":"2022-08-16T10:09:54+00:00","dateModified":"2022-08-16T10:14:10+00:00","mainEntityOfPage":{"@id":"https:\/\/news.canadamotorjobs.com\/fr\/dodge-prepare-une-kyrielle-de-nouveautes-pour-la-challenger-et-la-charger\/"},"wordCount":286,"publisher":{"@id":"https:\/\/news.canadamotorjobs.com\/#organization"},"image":{"@id":"https:\/\/news.canadamotorjobs.com\/fr\/dodge-prepare-une-kyrielle-de-nouveautes-pour-la-challenger-et-la-charger\/#primaryimage"},"thumbnailUrl":"https:\/\/news.canadamotorjobs.com\/wp-content\/uploads\/2022\/08\/DG023_003MMahtoaaje2lslagfemltjtamfnk-1.jpg","articleSection":["Annuel automobile"],"inLanguage":"fr-CA"},{"@type":"WebPage","@id":"https:\/\/news.canadamotorjobs.com\/fr\/dodge-prepare-une-kyrielle-de-nouveautes-pour-la-challenger-et-la-charger\/","url":"https:\/\/news.canadamotorjobs.com\/fr\/dodge-prepare-une-kyrielle-de-nouveautes-pour-la-challenger-et-la-charger\/","name":"Dodge pr\u00e9pare une kyrielle de nouveaut\u00e9s pour la Challenger et la Charger - CanadaMotorJobs.com","isPartOf":{"@id":"https:\/\/news.canadamotorjobs.com\/#website"},"primaryImageOfPage":{"@id":"https:\/\/news.canadamotorjobs.com\/fr\/dodge-prepare-une-kyrielle-de-nouveautes-pour-la-challenger-et-la-charger\/#primaryimage"},"image":{"@id":"https:\/\/news.canadamotorjobs.com\/fr\/dodge-prepare-une-kyrielle-de-nouveautes-pour-la-challenger-et-la-charger\/#primaryimage"},"thumbnailUrl":"https:\/\/news.canadamotorjobs.com\/wp-content\/uploads\/2022\/08\/DG023_003MMahtoaaje2lslagfemltjtamfnk-1.jpg","datePublished":"2022-08-16T10:09:54+00:00","dateModified":"2022-08-16T10:14:10+00:00","description":"Dodge pr\u00e9pare une kyrielle de nouveaut\u00e9s pour la Challenger et la Charger - Benoit Charette - Annuel automobile - CanadaMotorJobs.com.","breadcrumb":{"@id":"https:\/\/news.canadamotorjobs.com\/fr\/dodge-prepare-une-kyrielle-de-nouveautes-pour-la-challenger-et-la-charger\/#breadcrumb"},"inLanguage":"fr-CA","potentialAction":[{"@type":"ReadAction","target":["https:\/\/news.canadamotorjobs.com\/fr\/dodge-prepare-une-kyrielle-de-nouveautes-pour-la-challenger-et-la-charger\/"]}]},{"@type":"ImageObject","inLanguage":"fr-CA","@id":"https:\/\/news.canadamotorjobs.com\/fr\/dodge-prepare-une-kyrielle-de-nouveautes-pour-la-challenger-et-la-charger\/#primaryimage","url":"https:\/\/news.canadamotorjobs.com\/wp-content\/uploads\/2022\/08\/DG023_003MMahtoaaje2lslagfemltjtamfnk-1.jpg","contentUrl":"https:\/\/news.canadamotorjobs.com\/wp-content\/uploads\/2022\/08\/DG023_003MMahtoaaje2lslagfemltjtamfnk-1.jpg","width":1531,"height":1000},{"@type":"BreadcrumbList","@id":"https:\/\/news.canadamotorjobs.com\/fr\/dodge-prepare-une-kyrielle-de-nouveautes-pour-la-challenger-et-la-charger\/#breadcrumb","itemListElement":[{"@type":"ListItem","position":1,"name":"Home","item":"https:\/\/news.canadamotorjobs.com\/fr\/blog\/"},{"@type":"ListItem","position":2,"name":"Dodge pr\u00e9pare une kyrielle de nouveaut\u00e9s pour la Challenger et la Charger"}]},{"@type":"WebSite","@id":"https:\/\/news.canadamotorjobs.com\/#website","url":"https:\/\/news.canadamotorjobs.com\/","name":"CanadaMotorJobs.com","description":"Automotive Jobs","publisher":{"@id":"https:\/\/news.canadamotorjobs.com\/#organization"},"potentialAction":[{"@type":"SearchAction","target":{"@type":"EntryPoint","urlTemplate":"https:\/\/news.canadamotorjobs.com\/?s={search_term_string}"},"query-input":"required name=search_term_string"}],"inLanguage":"fr-CA"},{"@type":"Organization","@id":"https:\/\/news.canadamotorjobs.com\/#organization","name":"Canada Motor Jobs","url":"https:\/\/news.canadamotorjobs.com\/","logo":{"@type":"ImageObject","inLanguage":"fr-CA","@id":"https:\/\/news.canadamotorjobs.com\/#\/schema\/logo\/image\/","url":"https:\/\/news.canadamotorjobs.com\/wp-content\/uploads\/2022\/10\/logo-canada-motor-jobs-1.png","contentUrl":"https:\/\/news.canadamotorjobs.com\/wp-content\/uploads\/2022\/10\/logo-canada-motor-jobs-1.png","width":800,"height":400,"caption":"Canada Motor Jobs"},"image":{"@id":"https:\/\/news.canadamotorjobs.com\/#\/schema\/logo\/image\/"},"sameAs":["https:\/\/www.facebook.com\/canadamotorjobs\/","https:\/\/x.com\/canadamotorjobs","https:\/\/www.instagram.com\/canadamotorjobs\/","https:\/\/www.linkedin.com\/company\/canadamotorjobs"]},{"@type":"Person","@id":"https:\/\/news.canadamotorjobs.com\/#\/schema\/person\/51793d1f87d44011d7bcc2ed99269a90","name":"Benoit Charette","image":{"@type":"ImageObject","inLanguage":"fr-CA","@id":"https:\/\/news.canadamotorjobs.com\/#\/schema\/person\/image\/","url":"https:\/\/secure.gravatar.com\/avatar\/45f3d2eebcccd909668d7ce7ea7267b6?s=96&d=mm&r=g","contentUrl":"https:\/\/secure.gravatar.com\/avatar\/45f3d2eebcccd909668d7ce7ea7267b6?s=96&d=mm&r=g","caption":"Benoit Charette"},"description":"Benoit Charette \/ Propri\u00e9taire et r\u00e9dacteur en chef Benoit Charette pratique le journalisme automobile depuis bient\u00f4t 30 ans. Il a fait ses classes au c\u00f4t\u00e9 de Daniel H\u00e9raud et au Carnet de route de 1992 \u00e0 2001. Il est fondateur, copropri\u00e9taire et r\u00e9dacteur en chef de L\u2019Annuel de l\u2019automobile, qu\u2019il publie depuis 2001. Il a anim\u00e9 les \u00e9missions RPM et RPM+ sur V et les L\u00e9gendes de la route sur Historia. \u00c0 la radio depuis 1986, il reprend l\u2019antenne cette ann\u00e9e sur les ondes de Cogeco et participe pour la deuxi\u00e8me ann\u00e9e \u00e0 l\u2019\u00e9mission Passion Auto sur RDS en plus de mettre en ligne le site Web officiel de L\u2019Annuel de l\u2019automobile sur annuelauto.ca.","sameAs":["https:\/\/annuelauto.ca\/"],"url":"https:\/\/news.canadamotorjobs.com\/fr\/author\/benoit-charette\/"}]}},"_links":{"self":[{"href":"https:\/\/news.canadamotorjobs.com\/fr\/wp-json\/wp\/v2\/posts\/42792"}],"collection":[{"href":"https:\/\/news.canadamotorjobs.com\/fr\/wp-json\/wp\/v2\/posts"}],"about":[{"href":"https:\/\/news.canadamotorjobs.com\/fr\/wp-json\/wp\/v2\/types\/post"}],"author":[{"embeddable":true,"href":"https:\/\/news.canadamotorjobs.com\/fr\/wp-json\/wp\/v2\/users\/8"}],"replies":[{"embeddable":true,"href":"https:\/\/news.canadamotorjobs.com\/fr\/wp-json\/wp\/v2\/comments?post=42792"}],"version-history":[{"count":0,"href":"https:\/\/news.canadamotorjobs.com\/fr\/wp-json\/wp\/v2\/posts\/42792\/revisions"}],"wp:featuredmedia":[{"embeddable":true,"href":"https:\/\/news.canadamotorjobs.com\/fr\/wp-json\/wp\/v2\/media\/42796"}],"wp:attachment":[{"href":"https:\/\/news.canadamotorjobs.com\/fr\/wp-json\/wp\/v2\/media?parent=42792"}],"wp:term":[{"taxonomy":"category","embeddable":true,"href":"https:\/\/news.canadamotorjobs.com\/fr\/wp-json\/wp\/v2\/categories?post=42792"},{"taxonomy":"post_tag","embeddable":true,"href":"https:\/\/news.canadamotorjobs.com\/fr\/wp-json\/wp\/v2\/tags?post=42792"}],"curies":[{"name":"wp","href":"https:\/\/api.w.org\/{rel}","templated":true}]}}