{"id":42758,"date":"2022-08-15T05:22:36","date_gmt":"2022-08-15T09:22:36","guid":{"rendered":"https:\/\/blog.canadamotorjobs.com\/15-aout-1938-deces-de-nicola-romeo\/"},"modified":"2022-08-15T05:29:33","modified_gmt":"2022-08-15T09:29:33","slug":"15-aout-1938-deces-de-nicola-romeo","status":"publish","type":"post","link":"https:\/\/news.canadamotorjobs.com\/fr\/15-aout-1938-deces-de-nicola-romeo\/","title":{"rendered":"15 aout 1938 : D\u00e9c\u00e8s de Nicola Romeo"},"content":{"rendered":"<\/p>\n<p>L&#8217;industriel italien Nicola Romeo (62 ans), le &#8220;Romeo&#8221; de la l\u00e9gendaire marque italienne Alfa Romeo, est d\u00e9c\u00e9d\u00e9 \u00e0 Magreglio, en Italie. Romeo a obtenu un dipl\u00f4me d&#8217;ing\u00e9nieur au Politecnico di Napoli en 1899. Apr\u00e8s cela, il a travaill\u00e9 pendant quelques ann\u00e9es \u00e0 l&#8217;\u00e9tranger et a obtenu un deuxi\u00e8me dipl\u00f4me d&#8217;ing\u00e9nieur en \u00e9lectricit\u00e9 \u00e0 Li\u00e8ge, en Belgique. En 1911, il rentre en Italie et cr\u00e9e &#8220;Ing. Nicola Romeo e Co. L&#8217;entreprise fabrique des machines et des \u00e9quipements pour l&#8217;industrie mini\u00e8re. La soci\u00e9t\u00e9 connaissant un certain succ\u00e8s, il souhaite se d\u00e9velopper et acquiert la majorit\u00e9 de la soci\u00e9t\u00e9 de construction automobile A.L.F.A., bas\u00e9e \u00e0 Milan, en 1915. Seulement trois ans plus tard, en 1918, Romeo poss\u00e9dait la totalit\u00e9 de la soci\u00e9t\u00e9 Romei. A.L.F.A. est rebaptis\u00e9e &#8220;Societ\u00e0 Anonima Italiana Ing. Nicola Romeo&#8221;. La premi\u00e8re voiture portant l&#8217;insigne Alfa Romeo est la Torpedo 20\/30 HP de 1921. L&#8217;entreprise acquiert une bonne r\u00e9putation, mais en 1927, elle fr\u00f4le la liquidation. Ces changements le &#8220;forcent&#8221; \u00e0 partir en 1928. Pour marquer le 130e anniversaire de sa naissance, Naples a d\u00e9di\u00e9 une rue \u00e0 la m\u00e9moire de Nicola Romeo, appel\u00e9e Via Nicola Romeo.<\/p>\n<p> &nbsp;<\/p>\n<p> &nbsp;<\/p>\n<p>Le texte <a rel=\"nofollow\" href=\"https:\/\/annuelauto.ca\/15-aout-1938-deces-de-nicola-romeo\/\">15 aout 1938 : D\u00e9c\u00e8s de Nicola Romeo<\/a> provient de <a rel=\"nofollow\" href=\"https:\/\/annuelauto.ca\">L&#039;annuel de l&#039;automobile &#8211; Actualit\u00e9 automobile<\/a><\/p>\n<p> <\/p>\n","protected":false},"excerpt":{"rendered":"<p>L&#8217;industriel italien Nicola Romeo (62 ans), le &#8220;Romeo&#8221; de la l\u00e9gendaire marque italienne Alfa Romeo, est d\u00e9c\u00e9d\u00e9 \u00e0 Magreglio, en Italie. Romeo a obtenu un dipl\u00f4me d&#8217;ing\u00e9nieur au Politecnico di Napoli en 1899. Apr\u00e8s cela, il a travaill\u00e9 pendant quelques ann\u00e9es \u00e0 l&#8217;\u00e9tranger et a obtenu un deuxi\u00e8me dipl\u00f4me d&#8217;ing\u00e9nieur en \u00e9lectricit\u00e9 \u00e0 Li\u00e8ge, en [&hellip;]<\/p>\n","protected":false},"author":8,"featured_media":42762,"comment_status":"close","ping_status":"closed","sticky":false,"template":"","format":"standard","meta":{"_monsterinsights_skip_tracking":false,"_monsterinsights_sitenote_active":false,"_monsterinsights_sitenote_note":"","_monsterinsights_sitenote_category":0,"footnotes":""},"categories":[101],"tags":[],"yoast_head":"<!-- This site is optimized with the Yoast SEO plugin v23.2 - https:\/\/yoast.com\/wordpress\/plugins\/seo\/ -->\n<title>15 aout 1938 : D\u00e9c\u00e8s de Nicola Romeo - CanadaMotorJobs.com<\/title>\n<meta name=\"description\" content=\"15 aout 1938 : D\u00e9c\u00e8s de Nicola Romeo - Benoit Charette - Annuel automobile - CanadaMotorJobs.com.\" \/>\n<meta name=\"robots\" content=\"index, follow, max-snippet:-1, max-image-preview:large, max-video-preview:-1\" \/>\n<meta property=\"og:locale\" content=\"fr_CA\" \/>\n<meta property=\"og:type\" content=\"article\" \/>\n<meta property=\"og:title\" content=\"15 aout 1938 : D\u00e9c\u00e8s de Nicola Romeo - CanadaMotorJobs.com\" \/>\n<meta property=\"og:description\" content=\"15 aout 1938 : D\u00e9c\u00e8s de Nicola Romeo - Benoit Charette - Annuel automobile - CanadaMotorJobs.com.\" \/>\n<meta property=\"og:url\" content=\"https:\/\/news.canadamotorjobs.com\/fr\/15-aout-1938-deces-de-nicola-romeo\/\" \/>\n<meta property=\"og:site_name\" content=\"CanadaMotorJobs.com\" \/>\n<meta property=\"article:publisher\" content=\"https:\/\/www.facebook.com\/canadamotorjobs\/\" \/>\n<meta property=\"article:published_time\" content=\"2022-08-15T09:22:36+00:00\" \/>\n<meta property=\"article:modified_time\" content=\"2022-08-15T09:29:33+00:00\" \/>\n<meta property=\"og:image\" content=\"https:\/\/news.canadamotorjobs.com\/wp-content\/uploads\/2022\/08\/1200px-Nicola_Romeo-1.jpg\" \/>\n\t<meta property=\"og:image:width\" content=\"1200\" \/>\n\t<meta property=\"og:image:height\" content=\"1669\" \/>\n\t<meta property=\"og:image:type\" content=\"image\/jpeg\" \/>\n<meta name=\"author\" content=\"Benoit Charette\" \/>\n<meta name=\"twitter:card\" content=\"summary_large_image\" \/>\n<meta name=\"twitter:creator\" content=\"@canadamotorjobs\" \/>\n<meta name=\"twitter:site\" content=\"@canadamotorjobs\" \/>\n<meta name=\"twitter:label1\" content=\"\u00c9crit par\" \/>\n\t<meta name=\"twitter:data1\" content=\"Benoit Charette\" \/>\n\t<meta name=\"twitter:label2\" content=\"Estimation du temps de lecture\" \/>\n\t<meta name=\"twitter:data2\" content=\"1 minute\" \/>\n<!-- \/ Yoast SEO plugin. -->","yoast_head_json":{"title":"15 aout 1938 : D\u00e9c\u00e8s de Nicola Romeo - CanadaMotorJobs.com","description":"15 aout 1938 : D\u00e9c\u00e8s de Nicola Romeo - Benoit Charette - Annuel automobile - CanadaMotorJobs.com.","robots":{"index":"index","follow":"follow","max-snippet":"max-snippet:-1","max-image-preview":"max-image-preview:large","max-video-preview":"max-video-preview:-1"},"og_locale":"fr_CA","og_type":"article","og_title":"15 aout 1938 : D\u00e9c\u00e8s de Nicola Romeo - CanadaMotorJobs.com","og_description":"15 aout 1938 : D\u00e9c\u00e8s de Nicola Romeo - Benoit Charette - Annuel automobile - CanadaMotorJobs.com.","og_url":"https:\/\/news.canadamotorjobs.com\/fr\/15-aout-1938-deces-de-nicola-romeo\/","og_site_name":"CanadaMotorJobs.com","article_publisher":"https:\/\/www.facebook.com\/canadamotorjobs\/","article_published_time":"2022-08-15T09:22:36+00:00","article_modified_time":"2022-08-15T09:29:33+00:00","og_image":[{"width":1200,"height":1669,"url":"https:\/\/news.canadamotorjobs.com\/wp-content\/uploads\/2022\/08\/1200px-Nicola_Romeo-1.jpg","type":"image\/jpeg"}],"author":"Benoit Charette","twitter_card":"summary_large_image","twitter_creator":"@canadamotorjobs","twitter_site":"@canadamotorjobs","twitter_misc":{"\u00c9crit par":"Benoit Charette","Estimation du temps de lecture":"1 minute"},"schema":{"@context":"https:\/\/schema.org","@graph":[{"@type":"Article","@id":"https:\/\/news.canadamotorjobs.com\/fr\/15-aout-1938-deces-de-nicola-romeo\/#article","isPartOf":{"@id":"https:\/\/news.canadamotorjobs.com\/fr\/15-aout-1938-deces-de-nicola-romeo\/"},"author":{"name":"Benoit Charette","@id":"https:\/\/news.canadamotorjobs.com\/#\/schema\/person\/51793d1f87d44011d7bcc2ed99269a90"},"headline":"15 aout 1938 : D\u00e9c\u00e8s de Nicola Romeo","datePublished":"2022-08-15T09:22:36+00:00","dateModified":"2022-08-15T09:29:33+00:00","mainEntityOfPage":{"@id":"https:\/\/news.canadamotorjobs.com\/fr\/15-aout-1938-deces-de-nicola-romeo\/"},"wordCount":240,"publisher":{"@id":"https:\/\/news.canadamotorjobs.com\/#organization"},"image":{"@id":"https:\/\/news.canadamotorjobs.com\/fr\/15-aout-1938-deces-de-nicola-romeo\/#primaryimage"},"thumbnailUrl":"https:\/\/news.canadamotorjobs.com\/wp-content\/uploads\/2022\/08\/1200px-Nicola_Romeo-1.jpg","articleSection":["Annuel automobile"],"inLanguage":"fr-CA"},{"@type":"WebPage","@id":"https:\/\/news.canadamotorjobs.com\/fr\/15-aout-1938-deces-de-nicola-romeo\/","url":"https:\/\/news.canadamotorjobs.com\/fr\/15-aout-1938-deces-de-nicola-romeo\/","name":"15 aout 1938 : D\u00e9c\u00e8s de Nicola Romeo - CanadaMotorJobs.com","isPartOf":{"@id":"https:\/\/news.canadamotorjobs.com\/#website"},"primaryImageOfPage":{"@id":"https:\/\/news.canadamotorjobs.com\/fr\/15-aout-1938-deces-de-nicola-romeo\/#primaryimage"},"image":{"@id":"https:\/\/news.canadamotorjobs.com\/fr\/15-aout-1938-deces-de-nicola-romeo\/#primaryimage"},"thumbnailUrl":"https:\/\/news.canadamotorjobs.com\/wp-content\/uploads\/2022\/08\/1200px-Nicola_Romeo-1.jpg","datePublished":"2022-08-15T09:22:36+00:00","dateModified":"2022-08-15T09:29:33+00:00","description":"15 aout 1938 : D\u00e9c\u00e8s de Nicola Romeo - Benoit Charette - Annuel automobile - CanadaMotorJobs.com.","breadcrumb":{"@id":"https:\/\/news.canadamotorjobs.com\/fr\/15-aout-1938-deces-de-nicola-romeo\/#breadcrumb"},"inLanguage":"fr-CA","potentialAction":[{"@type":"ReadAction","target":["https:\/\/news.canadamotorjobs.com\/fr\/15-aout-1938-deces-de-nicola-romeo\/"]}]},{"@type":"ImageObject","inLanguage":"fr-CA","@id":"https:\/\/news.canadamotorjobs.com\/fr\/15-aout-1938-deces-de-nicola-romeo\/#primaryimage","url":"https:\/\/news.canadamotorjobs.com\/wp-content\/uploads\/2022\/08\/1200px-Nicola_Romeo-1.jpg","contentUrl":"https:\/\/news.canadamotorjobs.com\/wp-content\/uploads\/2022\/08\/1200px-Nicola_Romeo-1.jpg","width":1200,"height":1669},{"@type":"BreadcrumbList","@id":"https:\/\/news.canadamotorjobs.com\/fr\/15-aout-1938-deces-de-nicola-romeo\/#breadcrumb","itemListElement":[{"@type":"ListItem","position":1,"name":"Home","item":"https:\/\/news.canadamotorjobs.com\/fr\/blog\/"},{"@type":"ListItem","position":2,"name":"15 aout 1938 : D\u00e9c\u00e8s de Nicola Romeo"}]},{"@type":"WebSite","@id":"https:\/\/news.canadamotorjobs.com\/#website","url":"https:\/\/news.canadamotorjobs.com\/","name":"CanadaMotorJobs.com","description":"Automotive Jobs","publisher":{"@id":"https:\/\/news.canadamotorjobs.com\/#organization"},"potentialAction":[{"@type":"SearchAction","target":{"@type":"EntryPoint","urlTemplate":"https:\/\/news.canadamotorjobs.com\/?s={search_term_string}"},"query-input":"required name=search_term_string"}],"inLanguage":"fr-CA"},{"@type":"Organization","@id":"https:\/\/news.canadamotorjobs.com\/#organization","name":"Canada Motor Jobs","url":"https:\/\/news.canadamotorjobs.com\/","logo":{"@type":"ImageObject","inLanguage":"fr-CA","@id":"https:\/\/news.canadamotorjobs.com\/#\/schema\/logo\/image\/","url":"https:\/\/news.canadamotorjobs.com\/wp-content\/uploads\/2022\/10\/logo-canada-motor-jobs-1.png","contentUrl":"https:\/\/news.canadamotorjobs.com\/wp-content\/uploads\/2022\/10\/logo-canada-motor-jobs-1.png","width":800,"height":400,"caption":"Canada Motor Jobs"},"image":{"@id":"https:\/\/news.canadamotorjobs.com\/#\/schema\/logo\/image\/"},"sameAs":["https:\/\/www.facebook.com\/canadamotorjobs\/","https:\/\/x.com\/canadamotorjobs","https:\/\/www.instagram.com\/canadamotorjobs\/","https:\/\/www.linkedin.com\/company\/canadamotorjobs"]},{"@type":"Person","@id":"https:\/\/news.canadamotorjobs.com\/#\/schema\/person\/51793d1f87d44011d7bcc2ed99269a90","name":"Benoit Charette","image":{"@type":"ImageObject","inLanguage":"fr-CA","@id":"https:\/\/news.canadamotorjobs.com\/#\/schema\/person\/image\/","url":"https:\/\/secure.gravatar.com\/avatar\/45f3d2eebcccd909668d7ce7ea7267b6?s=96&d=mm&r=g","contentUrl":"https:\/\/secure.gravatar.com\/avatar\/45f3d2eebcccd909668d7ce7ea7267b6?s=96&d=mm&r=g","caption":"Benoit Charette"},"description":"Benoit Charette \/ Propri\u00e9taire et r\u00e9dacteur en chef Benoit Charette pratique le journalisme automobile depuis bient\u00f4t 30 ans. Il a fait ses classes au c\u00f4t\u00e9 de Daniel H\u00e9raud et au Carnet de route de 1992 \u00e0 2001. Il est fondateur, copropri\u00e9taire et r\u00e9dacteur en chef de L\u2019Annuel de l\u2019automobile, qu\u2019il publie depuis 2001. Il a anim\u00e9 les \u00e9missions RPM et RPM+ sur V et les L\u00e9gendes de la route sur Historia. \u00c0 la radio depuis 1986, il reprend l\u2019antenne cette ann\u00e9e sur les ondes de Cogeco et participe pour la deuxi\u00e8me ann\u00e9e \u00e0 l\u2019\u00e9mission Passion Auto sur RDS en plus de mettre en ligne le site Web officiel de L\u2019Annuel de l\u2019automobile sur annuelauto.ca.","sameAs":["https:\/\/annuelauto.ca\/"],"url":"https:\/\/news.canadamotorjobs.com\/fr\/author\/benoit-charette\/"}]}},"_links":{"self":[{"href":"https:\/\/news.canadamotorjobs.com\/fr\/wp-json\/wp\/v2\/posts\/42758"}],"collection":[{"href":"https:\/\/news.canadamotorjobs.com\/fr\/wp-json\/wp\/v2\/posts"}],"about":[{"href":"https:\/\/news.canadamotorjobs.com\/fr\/wp-json\/wp\/v2\/types\/post"}],"author":[{"embeddable":true,"href":"https:\/\/news.canadamotorjobs.com\/fr\/wp-json\/wp\/v2\/users\/8"}],"replies":[{"embeddable":true,"href":"https:\/\/news.canadamotorjobs.com\/fr\/wp-json\/wp\/v2\/comments?post=42758"}],"version-history":[{"count":0,"href":"https:\/\/news.canadamotorjobs.com\/fr\/wp-json\/wp\/v2\/posts\/42758\/revisions"}],"wp:featuredmedia":[{"embeddable":true,"href":"https:\/\/news.canadamotorjobs.com\/fr\/wp-json\/wp\/v2\/media\/42762"}],"wp:attachment":[{"href":"https:\/\/news.canadamotorjobs.com\/fr\/wp-json\/wp\/v2\/media?parent=42758"}],"wp:term":[{"taxonomy":"category","embeddable":true,"href":"https:\/\/news.canadamotorjobs.com\/fr\/wp-json\/wp\/v2\/categories?post=42758"},{"taxonomy":"post_tag","embeddable":true,"href":"https:\/\/news.canadamotorjobs.com\/fr\/wp-json\/wp\/v2\/tags?post=42758"}],"curies":[{"name":"wp","href":"https:\/\/api.w.org\/{rel}","templated":true}]}}