{"id":42750,"date":"2022-08-14T11:16:53","date_gmt":"2022-08-14T15:16:53","guid":{"rendered":"https:\/\/blog.canadamotorjobs.com\/un-possible-rappel-de-17-million-de-vehicules-chez-ford\/"},"modified":"2022-08-14T11:28:59","modified_gmt":"2022-08-14T15:28:59","slug":"un-possible-rappel-de-17-million-de-vehicules-chez-ford","status":"publish","type":"post","link":"https:\/\/news.canadamotorjobs.com\/fr\/un-possible-rappel-de-17-million-de-vehicules-chez-ford\/","title":{"rendered":"Un possible rappel de 1,7 million de v\u00e9hicules chez Ford"},"content":{"rendered":"<\/p>\n<p>Le National Highway Traffic Safety Administration m\u00e8ne actuellement une enqu\u00eate sur les d\u00e9faillances signal\u00e9es des freins avant des berlines Ford Fusion et Lincoln MKZ. Cette enqu\u00eate fait suite \u00e0 la rupture et \u00e0 la fuite de conduites de frein avant qui peuvent entra\u00eener une d\u00e9faillance du syst\u00e8me de freinage. Jusqu&#8217;\u00e0 pr\u00e9sent, 50 plaintes ont \u00e9t\u00e9 d\u00e9pos\u00e9es et Ford et la NHTSA travaillent ensemble pour trouver une solution.<br \/> Une enqu\u00eate en cours<br \/> Plus de 50 plaintes ont \u00e9t\u00e9 d\u00e9pos\u00e9es concernant des fuites aux conduits de frein avant des berlines Ford Fusion et Lincoln MKZ de 2013 \u00e0 2018. Selon les plaintes, les conduites de frein se rompent ou laissent \u00e9chapper du liquide sans avertissement. La fuite de liquide de frein signifie que le syst\u00e8me de freinage ne peut pas fonctionner correctement, ce qui entra\u00eene une multitude de probl\u00e8mes de s\u00e9curit\u00e9.<br \/> Pas de rappel en vigueur<br \/> Il n&#8217;y a actuellement aucun rappel en vigueur pour les berlines Ford Fusion et Lincoln MKZ 2013 \u00e0 2018 en raison de probl\u00e8mes de freinage. La NHTSA m\u00e8ne une enqu\u00eate avec Ford afin de recueillir plus d&#8217;informations sur cette situation avant qu&#8217;une solution ne soit mise en \u0153uvre.<br \/> Une solution simple au probl\u00e8me<br \/> Ford pourrait \u00e9mettre un rappel volontaire si un rappel complet n&#8217;est pas exig\u00e9 par la NHTSA \u00e0 l&#8217;issue de l&#8217;enqu\u00eate. Un rappel pourrait inclure le remplacement des conduites de frein avant avec une purge du syst\u00e8me de freinage pour s&#8217;assurer qu&#8217;il n&#8217;y a pas de bulles d&#8217;air dans le syst\u00e8me de freinage. Le<\/p>\n","protected":false},"excerpt":{"rendered":"<p>Le National Highway Traffic Safety Administration m\u00e8ne actuellement une enqu\u00eate sur les d\u00e9faillances signal\u00e9es des freins avant des berlines Ford Fusion et Lincoln MKZ. Cette enqu\u00eate fait suite \u00e0 la rupture et \u00e0 la fuite de conduites de frein avant qui peuvent entra\u00eener une d\u00e9faillance du syst\u00e8me de freinage. Jusqu&#8217;\u00e0 pr\u00e9sent, 50 plaintes ont \u00e9t\u00e9 [&hellip;]<\/p>\n","protected":false},"author":8,"featured_media":42754,"comment_status":"close","ping_status":"closed","sticky":false,"template":"","format":"standard","meta":{"_monsterinsights_skip_tracking":false,"_monsterinsights_sitenote_active":false,"_monsterinsights_sitenote_note":"","_monsterinsights_sitenote_category":0,"footnotes":""},"categories":[101],"tags":[],"yoast_head":"<!-- This site is optimized with the Yoast SEO plugin v23.2 - https:\/\/yoast.com\/wordpress\/plugins\/seo\/ -->\n<title>Un possible rappel de 1,7 million de v\u00e9hicules chez Ford - CanadaMotorJobs.com<\/title>\n<meta name=\"description\" content=\"Un possible rappel de 1,7 million de v\u00e9hicules chez Ford - Benoit Charette - Annuel automobile - CanadaMotorJobs.com.\" \/>\n<meta name=\"robots\" content=\"index, follow, max-snippet:-1, max-image-preview:large, max-video-preview:-1\" \/>\n<meta property=\"og:locale\" content=\"fr_CA\" \/>\n<meta property=\"og:type\" content=\"article\" \/>\n<meta property=\"og:title\" content=\"Un possible rappel de 1,7 million de v\u00e9hicules chez Ford - CanadaMotorJobs.com\" \/>\n<meta property=\"og:description\" content=\"Un possible rappel de 1,7 million de v\u00e9hicules chez Ford - Benoit Charette - Annuel automobile - CanadaMotorJobs.com.\" \/>\n<meta property=\"og:url\" content=\"https:\/\/news.canadamotorjobs.com\/fr\/un-possible-rappel-de-17-million-de-vehicules-chez-ford\/\" \/>\n<meta property=\"og:site_name\" content=\"CanadaMotorJobs.com\" \/>\n<meta property=\"article:publisher\" content=\"https:\/\/www.facebook.com\/canadamotorjobs\/\" \/>\n<meta property=\"article:published_time\" content=\"2022-08-14T15:16:53+00:00\" \/>\n<meta property=\"article:modified_time\" content=\"2022-08-14T15:28:59+00:00\" \/>\n<meta property=\"og:image\" content=\"https:\/\/news.canadamotorjobs.com\/wp-content\/uploads\/2022\/08\/2014_lincoln_mkz_base_awd-pic-7338076983941467202-1600x1200-1-1.jpeg\" \/>\n\t<meta property=\"og:image:width\" content=\"1024\" \/>\n\t<meta property=\"og:image:height\" content=\"768\" \/>\n\t<meta property=\"og:image:type\" content=\"image\/jpeg\" \/>\n<meta name=\"author\" content=\"Benoit Charette\" \/>\n<meta name=\"twitter:card\" content=\"summary_large_image\" \/>\n<meta name=\"twitter:creator\" content=\"@canadamotorjobs\" \/>\n<meta name=\"twitter:site\" content=\"@canadamotorjobs\" \/>\n<meta name=\"twitter:label1\" content=\"\u00c9crit par\" \/>\n\t<meta name=\"twitter:data1\" content=\"Benoit Charette\" \/>\n\t<meta name=\"twitter:label2\" content=\"Estimation du temps de lecture\" \/>\n\t<meta name=\"twitter:data2\" content=\"1 minute\" \/>\n<!-- \/ Yoast SEO plugin. -->","yoast_head_json":{"title":"Un possible rappel de 1,7 million de v\u00e9hicules chez Ford - CanadaMotorJobs.com","description":"Un possible rappel de 1,7 million de v\u00e9hicules chez Ford - Benoit Charette - Annuel automobile - CanadaMotorJobs.com.","robots":{"index":"index","follow":"follow","max-snippet":"max-snippet:-1","max-image-preview":"max-image-preview:large","max-video-preview":"max-video-preview:-1"},"og_locale":"fr_CA","og_type":"article","og_title":"Un possible rappel de 1,7 million de v\u00e9hicules chez Ford - CanadaMotorJobs.com","og_description":"Un possible rappel de 1,7 million de v\u00e9hicules chez Ford - Benoit Charette - Annuel automobile - CanadaMotorJobs.com.","og_url":"https:\/\/news.canadamotorjobs.com\/fr\/un-possible-rappel-de-17-million-de-vehicules-chez-ford\/","og_site_name":"CanadaMotorJobs.com","article_publisher":"https:\/\/www.facebook.com\/canadamotorjobs\/","article_published_time":"2022-08-14T15:16:53+00:00","article_modified_time":"2022-08-14T15:28:59+00:00","og_image":[{"width":1024,"height":768,"url":"https:\/\/news.canadamotorjobs.com\/wp-content\/uploads\/2022\/08\/2014_lincoln_mkz_base_awd-pic-7338076983941467202-1600x1200-1-1.jpeg","type":"image\/jpeg"}],"author":"Benoit Charette","twitter_card":"summary_large_image","twitter_creator":"@canadamotorjobs","twitter_site":"@canadamotorjobs","twitter_misc":{"\u00c9crit par":"Benoit Charette","Estimation du temps de lecture":"1 minute"},"schema":{"@context":"https:\/\/schema.org","@graph":[{"@type":"Article","@id":"https:\/\/news.canadamotorjobs.com\/fr\/un-possible-rappel-de-17-million-de-vehicules-chez-ford\/#article","isPartOf":{"@id":"https:\/\/news.canadamotorjobs.com\/fr\/un-possible-rappel-de-17-million-de-vehicules-chez-ford\/"},"author":{"name":"Benoit Charette","@id":"https:\/\/news.canadamotorjobs.com\/#\/schema\/person\/51793d1f87d44011d7bcc2ed99269a90"},"headline":"Un possible rappel de 1,7 million de v\u00e9hicules chez Ford","datePublished":"2022-08-14T15:16:53+00:00","dateModified":"2022-08-14T15:28:59+00:00","mainEntityOfPage":{"@id":"https:\/\/news.canadamotorjobs.com\/fr\/un-possible-rappel-de-17-million-de-vehicules-chez-ford\/"},"wordCount":284,"publisher":{"@id":"https:\/\/news.canadamotorjobs.com\/#organization"},"image":{"@id":"https:\/\/news.canadamotorjobs.com\/fr\/un-possible-rappel-de-17-million-de-vehicules-chez-ford\/#primaryimage"},"thumbnailUrl":"https:\/\/news.canadamotorjobs.com\/wp-content\/uploads\/2022\/08\/2014_lincoln_mkz_base_awd-pic-7338076983941467202-1600x1200-1-1.jpeg","articleSection":["Annuel automobile"],"inLanguage":"fr-CA"},{"@type":"WebPage","@id":"https:\/\/news.canadamotorjobs.com\/fr\/un-possible-rappel-de-17-million-de-vehicules-chez-ford\/","url":"https:\/\/news.canadamotorjobs.com\/fr\/un-possible-rappel-de-17-million-de-vehicules-chez-ford\/","name":"Un possible rappel de 1,7 million de v\u00e9hicules chez Ford - CanadaMotorJobs.com","isPartOf":{"@id":"https:\/\/news.canadamotorjobs.com\/#website"},"primaryImageOfPage":{"@id":"https:\/\/news.canadamotorjobs.com\/fr\/un-possible-rappel-de-17-million-de-vehicules-chez-ford\/#primaryimage"},"image":{"@id":"https:\/\/news.canadamotorjobs.com\/fr\/un-possible-rappel-de-17-million-de-vehicules-chez-ford\/#primaryimage"},"thumbnailUrl":"https:\/\/news.canadamotorjobs.com\/wp-content\/uploads\/2022\/08\/2014_lincoln_mkz_base_awd-pic-7338076983941467202-1600x1200-1-1.jpeg","datePublished":"2022-08-14T15:16:53+00:00","dateModified":"2022-08-14T15:28:59+00:00","description":"Un possible rappel de 1,7 million de v\u00e9hicules chez Ford - Benoit Charette - Annuel automobile - CanadaMotorJobs.com.","breadcrumb":{"@id":"https:\/\/news.canadamotorjobs.com\/fr\/un-possible-rappel-de-17-million-de-vehicules-chez-ford\/#breadcrumb"},"inLanguage":"fr-CA","potentialAction":[{"@type":"ReadAction","target":["https:\/\/news.canadamotorjobs.com\/fr\/un-possible-rappel-de-17-million-de-vehicules-chez-ford\/"]}]},{"@type":"ImageObject","inLanguage":"fr-CA","@id":"https:\/\/news.canadamotorjobs.com\/fr\/un-possible-rappel-de-17-million-de-vehicules-chez-ford\/#primaryimage","url":"https:\/\/news.canadamotorjobs.com\/wp-content\/uploads\/2022\/08\/2014_lincoln_mkz_base_awd-pic-7338076983941467202-1600x1200-1-1.jpeg","contentUrl":"https:\/\/news.canadamotorjobs.com\/wp-content\/uploads\/2022\/08\/2014_lincoln_mkz_base_awd-pic-7338076983941467202-1600x1200-1-1.jpeg","width":1024,"height":768},{"@type":"BreadcrumbList","@id":"https:\/\/news.canadamotorjobs.com\/fr\/un-possible-rappel-de-17-million-de-vehicules-chez-ford\/#breadcrumb","itemListElement":[{"@type":"ListItem","position":1,"name":"Home","item":"https:\/\/news.canadamotorjobs.com\/fr\/blog\/"},{"@type":"ListItem","position":2,"name":"Un possible rappel de 1,7 million de v\u00e9hicules chez Ford"}]},{"@type":"WebSite","@id":"https:\/\/news.canadamotorjobs.com\/#website","url":"https:\/\/news.canadamotorjobs.com\/","name":"CanadaMotorJobs.com","description":"Automotive Jobs","publisher":{"@id":"https:\/\/news.canadamotorjobs.com\/#organization"},"potentialAction":[{"@type":"SearchAction","target":{"@type":"EntryPoint","urlTemplate":"https:\/\/news.canadamotorjobs.com\/?s={search_term_string}"},"query-input":"required name=search_term_string"}],"inLanguage":"fr-CA"},{"@type":"Organization","@id":"https:\/\/news.canadamotorjobs.com\/#organization","name":"Canada Motor Jobs","url":"https:\/\/news.canadamotorjobs.com\/","logo":{"@type":"ImageObject","inLanguage":"fr-CA","@id":"https:\/\/news.canadamotorjobs.com\/#\/schema\/logo\/image\/","url":"https:\/\/news.canadamotorjobs.com\/wp-content\/uploads\/2022\/10\/logo-canada-motor-jobs-1.png","contentUrl":"https:\/\/news.canadamotorjobs.com\/wp-content\/uploads\/2022\/10\/logo-canada-motor-jobs-1.png","width":800,"height":400,"caption":"Canada Motor Jobs"},"image":{"@id":"https:\/\/news.canadamotorjobs.com\/#\/schema\/logo\/image\/"},"sameAs":["https:\/\/www.facebook.com\/canadamotorjobs\/","https:\/\/x.com\/canadamotorjobs","https:\/\/www.instagram.com\/canadamotorjobs\/","https:\/\/www.linkedin.com\/company\/canadamotorjobs"]},{"@type":"Person","@id":"https:\/\/news.canadamotorjobs.com\/#\/schema\/person\/51793d1f87d44011d7bcc2ed99269a90","name":"Benoit Charette","image":{"@type":"ImageObject","inLanguage":"fr-CA","@id":"https:\/\/news.canadamotorjobs.com\/#\/schema\/person\/image\/","url":"https:\/\/secure.gravatar.com\/avatar\/45f3d2eebcccd909668d7ce7ea7267b6?s=96&d=mm&r=g","contentUrl":"https:\/\/secure.gravatar.com\/avatar\/45f3d2eebcccd909668d7ce7ea7267b6?s=96&d=mm&r=g","caption":"Benoit Charette"},"description":"Benoit Charette \/ Propri\u00e9taire et r\u00e9dacteur en chef Benoit Charette pratique le journalisme automobile depuis bient\u00f4t 30 ans. Il a fait ses classes au c\u00f4t\u00e9 de Daniel H\u00e9raud et au Carnet de route de 1992 \u00e0 2001. Il est fondateur, copropri\u00e9taire et r\u00e9dacteur en chef de L\u2019Annuel de l\u2019automobile, qu\u2019il publie depuis 2001. Il a anim\u00e9 les \u00e9missions RPM et RPM+ sur V et les L\u00e9gendes de la route sur Historia. \u00c0 la radio depuis 1986, il reprend l\u2019antenne cette ann\u00e9e sur les ondes de Cogeco et participe pour la deuxi\u00e8me ann\u00e9e \u00e0 l\u2019\u00e9mission Passion Auto sur RDS en plus de mettre en ligne le site Web officiel de L\u2019Annuel de l\u2019automobile sur annuelauto.ca.","sameAs":["https:\/\/annuelauto.ca\/"],"url":"https:\/\/news.canadamotorjobs.com\/fr\/author\/benoit-charette\/"}]}},"_links":{"self":[{"href":"https:\/\/news.canadamotorjobs.com\/fr\/wp-json\/wp\/v2\/posts\/42750"}],"collection":[{"href":"https:\/\/news.canadamotorjobs.com\/fr\/wp-json\/wp\/v2\/posts"}],"about":[{"href":"https:\/\/news.canadamotorjobs.com\/fr\/wp-json\/wp\/v2\/types\/post"}],"author":[{"embeddable":true,"href":"https:\/\/news.canadamotorjobs.com\/fr\/wp-json\/wp\/v2\/users\/8"}],"replies":[{"embeddable":true,"href":"https:\/\/news.canadamotorjobs.com\/fr\/wp-json\/wp\/v2\/comments?post=42750"}],"version-history":[{"count":0,"href":"https:\/\/news.canadamotorjobs.com\/fr\/wp-json\/wp\/v2\/posts\/42750\/revisions"}],"wp:featuredmedia":[{"embeddable":true,"href":"https:\/\/news.canadamotorjobs.com\/fr\/wp-json\/wp\/v2\/media\/42754"}],"wp:attachment":[{"href":"https:\/\/news.canadamotorjobs.com\/fr\/wp-json\/wp\/v2\/media?parent=42750"}],"wp:term":[{"taxonomy":"category","embeddable":true,"href":"https:\/\/news.canadamotorjobs.com\/fr\/wp-json\/wp\/v2\/categories?post=42750"},{"taxonomy":"post_tag","embeddable":true,"href":"https:\/\/news.canadamotorjobs.com\/fr\/wp-json\/wp\/v2\/tags?post=42750"}],"curies":[{"name":"wp","href":"https:\/\/api.w.org\/{rel}","templated":true}]}}