{"id":42742,"date":"2022-08-13T08:47:03","date_gmt":"2022-08-13T12:47:03","guid":{"rendered":"https:\/\/blog.canadamotorjobs.com\/saviez-vous-que-oldsmobile-a-failli-avoir-sa-corvette\/"},"modified":"2022-08-13T08:59:44","modified_gmt":"2022-08-13T12:59:44","slug":"saviez-vous-que-oldsmobile-a-failli-avoir-sa-corvette","status":"publish","type":"post","link":"https:\/\/news.canadamotorjobs.com\/fr\/saviez-vous-que-oldsmobile-a-failli-avoir-sa-corvette\/","title":{"rendered":"Saviez-vous que Oldsmobile a failli avoir \u00ab\u00a0sa Corvette \u00bb ?"},"content":{"rendered":"<\/p>\n<p>Dans le cadre du Motorama de 1954, General Motors a \u00e9galement d\u00e9voil\u00e9 l\u2019Oldsmobile F-88. Cette r\u00e9alisation de l\u2019illustre concepteur Harley Earl \u00e9tait bas\u00e9e sur la Chevrolet Corvette. Comme cette derni\u00e8re, la fibre de verre a \u00e9t\u00e9 utilis\u00e9e pour la conception de sa carrosserie. Sous son capot reposait un V8 de 324 po3 provenant de l\u2019Oldsmobile Super 88 1954 et d\u00e9veloppait 250 chevaux-vapeur. Malheureusement, l\u2019Oldsmobile F-88 n\u2019a jamais \u00e9t\u00e9 mise en production. Chez Chevrolet, on aurait fait du lobbying aupr\u00e8s de GM pour s\u2019assurer qu\u2019elle demeure un prototype. On devait sentir que la Corvette \u00e9tait menac\u00e9e\u2026 N\u2019oublions pas qu\u2019en 1954, la Corvette ne d\u00e9veloppait que 150 chevaux-vapeur puisqu\u2019un maigre 6 cylindres en ligne se cachait sous son capot. Quelques exemplaires auraient \u00e9t\u00e9 produits, mais une seule aurait surv\u00e9cu. \u00c0 l\u2019encan Barrett-Jackson ayant eu lieu \u00e0 Scottsdale en 2005, elle s\u2019est vendue pour la somme de 3\u00a0300\u00a0000 $ am\u00e9ricains.<\/p>\n<p>Le texte <a rel=\"nofollow\" href=\"https:\/\/annuelauto.ca\/saviez-vous-que-oldsmobile-a-failli-avoir-sa-corvette\/\">Saviez-vous que Oldsmobile a failli avoir \u00ab\u00a0sa Corvette \u00bb ?<\/a> provient de <a rel=\"nofollow\" href=\"https:\/\/annuelauto.ca\">L&#039;annuel de l&#039;automobile &#8211; Actualit\u00e9 automobile<\/a><\/p>\n<p> <\/p>\n","protected":false},"excerpt":{"rendered":"<p>Dans le cadre du Motorama de 1954, General Motors a \u00e9galement d\u00e9voil\u00e9 l\u2019Oldsmobile F-88. Cette r\u00e9alisation de l\u2019illustre concepteur Harley Earl \u00e9tait bas\u00e9e sur la Chevrolet Corvette. Comme cette derni\u00e8re, la fibre de verre a \u00e9t\u00e9 utilis\u00e9e pour la conception de sa carrosserie. Sous son capot reposait un V8 de 324 po3 provenant de l\u2019Oldsmobile [&hellip;]<\/p>\n","protected":false},"author":8,"featured_media":42746,"comment_status":"close","ping_status":"closed","sticky":false,"template":"","format":"standard","meta":{"_monsterinsights_skip_tracking":false,"_monsterinsights_sitenote_active":false,"_monsterinsights_sitenote_note":"","_monsterinsights_sitenote_category":0,"footnotes":""},"categories":[101],"tags":[],"yoast_head":"<!-- This site is optimized with the Yoast SEO plugin v23.2 - https:\/\/yoast.com\/wordpress\/plugins\/seo\/ -->\n<title>Saviez-vous que Oldsmobile a failli avoir \u00ab\u00a0sa Corvette \u00bb ? - CanadaMotorJobs.com<\/title>\n<meta name=\"description\" content=\"Saviez-vous que Oldsmobile a failli avoir \u00ab\u00a0sa Corvette \u00bb ? - Benoit Charette - Annuel automobile - CanadaMotorJobs.com.\" \/>\n<meta name=\"robots\" content=\"index, follow, max-snippet:-1, max-image-preview:large, max-video-preview:-1\" \/>\n<meta property=\"og:locale\" content=\"fr_CA\" \/>\n<meta property=\"og:type\" content=\"article\" \/>\n<meta property=\"og:title\" content=\"Saviez-vous que Oldsmobile a failli avoir \u00ab\u00a0sa Corvette \u00bb ? - CanadaMotorJobs.com\" \/>\n<meta property=\"og:description\" content=\"Saviez-vous que Oldsmobile a failli avoir \u00ab\u00a0sa Corvette \u00bb ? - Benoit Charette - Annuel automobile - CanadaMotorJobs.com.\" \/>\n<meta property=\"og:url\" content=\"https:\/\/news.canadamotorjobs.com\/fr\/saviez-vous-que-oldsmobile-a-failli-avoir-sa-corvette\/\" \/>\n<meta property=\"og:site_name\" content=\"CanadaMotorJobs.com\" \/>\n<meta property=\"article:publisher\" content=\"https:\/\/www.facebook.com\/canadamotorjobs\/\" \/>\n<meta property=\"article:published_time\" content=\"2022-08-13T12:47:03+00:00\" \/>\n<meta property=\"article:modified_time\" content=\"2022-08-13T12:59:44+00:00\" \/>\n<meta property=\"og:image\" content=\"https:\/\/news.canadamotorjobs.com\/wp-content\/uploads\/2022\/08\/798112-1.jpg\" \/>\n\t<meta property=\"og:image:width\" content=\"1024\" \/>\n\t<meta property=\"og:image:height\" content=\"683\" \/>\n\t<meta property=\"og:image:type\" content=\"image\/jpeg\" \/>\n<meta name=\"author\" content=\"Benoit Charette\" \/>\n<meta name=\"twitter:card\" content=\"summary_large_image\" \/>\n<meta name=\"twitter:creator\" content=\"@canadamotorjobs\" \/>\n<meta name=\"twitter:site\" content=\"@canadamotorjobs\" \/>\n<meta name=\"twitter:label1\" content=\"\u00c9crit par\" \/>\n\t<meta name=\"twitter:data1\" content=\"Benoit Charette\" \/>\n\t<meta name=\"twitter:label2\" content=\"Estimation du temps de lecture\" \/>\n\t<meta name=\"twitter:data2\" content=\"1 minute\" \/>\n<!-- \/ Yoast SEO plugin. -->","yoast_head_json":{"title":"Saviez-vous que Oldsmobile a failli avoir \u00ab\u00a0sa Corvette \u00bb ? - CanadaMotorJobs.com","description":"Saviez-vous que Oldsmobile a failli avoir \u00ab\u00a0sa Corvette \u00bb ? - Benoit Charette - Annuel automobile - CanadaMotorJobs.com.","robots":{"index":"index","follow":"follow","max-snippet":"max-snippet:-1","max-image-preview":"max-image-preview:large","max-video-preview":"max-video-preview:-1"},"og_locale":"fr_CA","og_type":"article","og_title":"Saviez-vous que Oldsmobile a failli avoir \u00ab\u00a0sa Corvette \u00bb ? - CanadaMotorJobs.com","og_description":"Saviez-vous que Oldsmobile a failli avoir \u00ab\u00a0sa Corvette \u00bb ? - Benoit Charette - Annuel automobile - CanadaMotorJobs.com.","og_url":"https:\/\/news.canadamotorjobs.com\/fr\/saviez-vous-que-oldsmobile-a-failli-avoir-sa-corvette\/","og_site_name":"CanadaMotorJobs.com","article_publisher":"https:\/\/www.facebook.com\/canadamotorjobs\/","article_published_time":"2022-08-13T12:47:03+00:00","article_modified_time":"2022-08-13T12:59:44+00:00","og_image":[{"width":1024,"height":683,"url":"https:\/\/news.canadamotorjobs.com\/wp-content\/uploads\/2022\/08\/798112-1.jpg","type":"image\/jpeg"}],"author":"Benoit Charette","twitter_card":"summary_large_image","twitter_creator":"@canadamotorjobs","twitter_site":"@canadamotorjobs","twitter_misc":{"\u00c9crit par":"Benoit Charette","Estimation du temps de lecture":"1 minute"},"schema":{"@context":"https:\/\/schema.org","@graph":[{"@type":"Article","@id":"https:\/\/news.canadamotorjobs.com\/fr\/saviez-vous-que-oldsmobile-a-failli-avoir-sa-corvette\/#article","isPartOf":{"@id":"https:\/\/news.canadamotorjobs.com\/fr\/saviez-vous-que-oldsmobile-a-failli-avoir-sa-corvette\/"},"author":{"name":"Benoit Charette","@id":"https:\/\/news.canadamotorjobs.com\/#\/schema\/person\/51793d1f87d44011d7bcc2ed99269a90"},"headline":"Saviez-vous que Oldsmobile a failli avoir \u00ab\u00a0sa Corvette \u00bb ?","datePublished":"2022-08-13T12:47:03+00:00","dateModified":"2022-08-13T12:59:44+00:00","mainEntityOfPage":{"@id":"https:\/\/news.canadamotorjobs.com\/fr\/saviez-vous-que-oldsmobile-a-failli-avoir-sa-corvette\/"},"wordCount":185,"publisher":{"@id":"https:\/\/news.canadamotorjobs.com\/#organization"},"image":{"@id":"https:\/\/news.canadamotorjobs.com\/fr\/saviez-vous-que-oldsmobile-a-failli-avoir-sa-corvette\/#primaryimage"},"thumbnailUrl":"https:\/\/news.canadamotorjobs.com\/wp-content\/uploads\/2022\/08\/798112-1.jpg","articleSection":["Annuel automobile"],"inLanguage":"fr-CA"},{"@type":"WebPage","@id":"https:\/\/news.canadamotorjobs.com\/fr\/saviez-vous-que-oldsmobile-a-failli-avoir-sa-corvette\/","url":"https:\/\/news.canadamotorjobs.com\/fr\/saviez-vous-que-oldsmobile-a-failli-avoir-sa-corvette\/","name":"Saviez-vous que Oldsmobile a failli avoir \u00ab\u00a0sa Corvette \u00bb ? - CanadaMotorJobs.com","isPartOf":{"@id":"https:\/\/news.canadamotorjobs.com\/#website"},"primaryImageOfPage":{"@id":"https:\/\/news.canadamotorjobs.com\/fr\/saviez-vous-que-oldsmobile-a-failli-avoir-sa-corvette\/#primaryimage"},"image":{"@id":"https:\/\/news.canadamotorjobs.com\/fr\/saviez-vous-que-oldsmobile-a-failli-avoir-sa-corvette\/#primaryimage"},"thumbnailUrl":"https:\/\/news.canadamotorjobs.com\/wp-content\/uploads\/2022\/08\/798112-1.jpg","datePublished":"2022-08-13T12:47:03+00:00","dateModified":"2022-08-13T12:59:44+00:00","description":"Saviez-vous que Oldsmobile a failli avoir \u00ab\u00a0sa Corvette \u00bb ? - Benoit Charette - Annuel automobile - CanadaMotorJobs.com.","breadcrumb":{"@id":"https:\/\/news.canadamotorjobs.com\/fr\/saviez-vous-que-oldsmobile-a-failli-avoir-sa-corvette\/#breadcrumb"},"inLanguage":"fr-CA","potentialAction":[{"@type":"ReadAction","target":["https:\/\/news.canadamotorjobs.com\/fr\/saviez-vous-que-oldsmobile-a-failli-avoir-sa-corvette\/"]}]},{"@type":"ImageObject","inLanguage":"fr-CA","@id":"https:\/\/news.canadamotorjobs.com\/fr\/saviez-vous-que-oldsmobile-a-failli-avoir-sa-corvette\/#primaryimage","url":"https:\/\/news.canadamotorjobs.com\/wp-content\/uploads\/2022\/08\/798112-1.jpg","contentUrl":"https:\/\/news.canadamotorjobs.com\/wp-content\/uploads\/2022\/08\/798112-1.jpg","width":1024,"height":683},{"@type":"BreadcrumbList","@id":"https:\/\/news.canadamotorjobs.com\/fr\/saviez-vous-que-oldsmobile-a-failli-avoir-sa-corvette\/#breadcrumb","itemListElement":[{"@type":"ListItem","position":1,"name":"Home","item":"https:\/\/news.canadamotorjobs.com\/fr\/blog\/"},{"@type":"ListItem","position":2,"name":"Saviez-vous que Oldsmobile a failli avoir \u00ab\u00a0sa Corvette \u00bb ?"}]},{"@type":"WebSite","@id":"https:\/\/news.canadamotorjobs.com\/#website","url":"https:\/\/news.canadamotorjobs.com\/","name":"CanadaMotorJobs.com","description":"Automotive Jobs","publisher":{"@id":"https:\/\/news.canadamotorjobs.com\/#organization"},"potentialAction":[{"@type":"SearchAction","target":{"@type":"EntryPoint","urlTemplate":"https:\/\/news.canadamotorjobs.com\/?s={search_term_string}"},"query-input":"required name=search_term_string"}],"inLanguage":"fr-CA"},{"@type":"Organization","@id":"https:\/\/news.canadamotorjobs.com\/#organization","name":"Canada Motor Jobs","url":"https:\/\/news.canadamotorjobs.com\/","logo":{"@type":"ImageObject","inLanguage":"fr-CA","@id":"https:\/\/news.canadamotorjobs.com\/#\/schema\/logo\/image\/","url":"https:\/\/news.canadamotorjobs.com\/wp-content\/uploads\/2022\/10\/logo-canada-motor-jobs-1.png","contentUrl":"https:\/\/news.canadamotorjobs.com\/wp-content\/uploads\/2022\/10\/logo-canada-motor-jobs-1.png","width":800,"height":400,"caption":"Canada Motor Jobs"},"image":{"@id":"https:\/\/news.canadamotorjobs.com\/#\/schema\/logo\/image\/"},"sameAs":["https:\/\/www.facebook.com\/canadamotorjobs\/","https:\/\/x.com\/canadamotorjobs","https:\/\/www.instagram.com\/canadamotorjobs\/","https:\/\/www.linkedin.com\/company\/canadamotorjobs"]},{"@type":"Person","@id":"https:\/\/news.canadamotorjobs.com\/#\/schema\/person\/51793d1f87d44011d7bcc2ed99269a90","name":"Benoit Charette","image":{"@type":"ImageObject","inLanguage":"fr-CA","@id":"https:\/\/news.canadamotorjobs.com\/#\/schema\/person\/image\/","url":"https:\/\/secure.gravatar.com\/avatar\/45f3d2eebcccd909668d7ce7ea7267b6?s=96&d=mm&r=g","contentUrl":"https:\/\/secure.gravatar.com\/avatar\/45f3d2eebcccd909668d7ce7ea7267b6?s=96&d=mm&r=g","caption":"Benoit Charette"},"description":"Benoit Charette \/ Propri\u00e9taire et r\u00e9dacteur en chef Benoit Charette pratique le journalisme automobile depuis bient\u00f4t 30 ans. Il a fait ses classes au c\u00f4t\u00e9 de Daniel H\u00e9raud et au Carnet de route de 1992 \u00e0 2001. Il est fondateur, copropri\u00e9taire et r\u00e9dacteur en chef de L\u2019Annuel de l\u2019automobile, qu\u2019il publie depuis 2001. Il a anim\u00e9 les \u00e9missions RPM et RPM+ sur V et les L\u00e9gendes de la route sur Historia. \u00c0 la radio depuis 1986, il reprend l\u2019antenne cette ann\u00e9e sur les ondes de Cogeco et participe pour la deuxi\u00e8me ann\u00e9e \u00e0 l\u2019\u00e9mission Passion Auto sur RDS en plus de mettre en ligne le site Web officiel de L\u2019Annuel de l\u2019automobile sur annuelauto.ca.","sameAs":["https:\/\/annuelauto.ca\/"],"url":"https:\/\/news.canadamotorjobs.com\/fr\/author\/benoit-charette\/"}]}},"_links":{"self":[{"href":"https:\/\/news.canadamotorjobs.com\/fr\/wp-json\/wp\/v2\/posts\/42742"}],"collection":[{"href":"https:\/\/news.canadamotorjobs.com\/fr\/wp-json\/wp\/v2\/posts"}],"about":[{"href":"https:\/\/news.canadamotorjobs.com\/fr\/wp-json\/wp\/v2\/types\/post"}],"author":[{"embeddable":true,"href":"https:\/\/news.canadamotorjobs.com\/fr\/wp-json\/wp\/v2\/users\/8"}],"replies":[{"embeddable":true,"href":"https:\/\/news.canadamotorjobs.com\/fr\/wp-json\/wp\/v2\/comments?post=42742"}],"version-history":[{"count":0,"href":"https:\/\/news.canadamotorjobs.com\/fr\/wp-json\/wp\/v2\/posts\/42742\/revisions"}],"wp:featuredmedia":[{"embeddable":true,"href":"https:\/\/news.canadamotorjobs.com\/fr\/wp-json\/wp\/v2\/media\/42746"}],"wp:attachment":[{"href":"https:\/\/news.canadamotorjobs.com\/fr\/wp-json\/wp\/v2\/media?parent=42742"}],"wp:term":[{"taxonomy":"category","embeddable":true,"href":"https:\/\/news.canadamotorjobs.com\/fr\/wp-json\/wp\/v2\/categories?post=42742"},{"taxonomy":"post_tag","embeddable":true,"href":"https:\/\/news.canadamotorjobs.com\/fr\/wp-json\/wp\/v2\/tags?post=42742"}],"curies":[{"name":"wp","href":"https:\/\/api.w.org\/{rel}","templated":true}]}}