{"id":42718,"date":"2022-08-12T10:54:14","date_gmt":"2022-08-12T14:54:14","guid":{"rendered":"https:\/\/blog.canadamotorjobs.com\/meyers-manx-lance-son-premier-dune-buggy-en-60-ans-et-il-est-electrique\/"},"modified":"2022-08-12T11:13:39","modified_gmt":"2022-08-12T15:13:39","slug":"meyers-manx-lance-son-premier-dune-buggy-en-60-ans-et-il-est-electrique","status":"publish","type":"post","link":"https:\/\/news.canadamotorjobs.com\/fr\/meyers-manx-lance-son-premier-dune-buggy-en-60-ans-et-il-est-electrique\/","title":{"rendered":"Meyers Manx lance son premier \u00ab\u00a0dune buggy\u00a0\u00bb en 60 ans\u2026 et il est \u00e9lectrique"},"content":{"rendered":"<\/p>\n<p>Soixante ans apr\u00e8s sa cr\u00e9ation, le <em>dune buggy<\/em> de Bruce Meyers rena\u00eet sous la forme du Manx\u00a02.0, mais avec une petite diff\u00e9rence. Plut\u00f4t que d\u2019avoir son sempiternel moteur de <a href=\"https:\/\/annuelauto.ca\/la-milivie-1-la-coccinelle-reinventee\/\" target=\"_blank\" rel=\"noopener noreferrer\">Coccinelle<\/a>, il sera anim\u00e9 par un moteur \u00e9lectrique\u00a0!<\/p>\n<p> Ce Manx du 21e\u00a0si\u00e8cle a \u00e9t\u00e9 d\u00e9voil\u00e9 plus t\u00f4t cette semaine lors d&#8217;un \u00e9v\u00e9nement priv\u00e9 \u00e0 Malibu, en Californie.<\/p>\n<p> Malgr\u00e9 la similitude avec le mod\u00e8le original, apparu en 1964, ce nouveau Manx n\u2019a pas \u00e9t\u00e9 r\u00e9alis\u00e9 par Bruce Meyers. L\u2019id\u00e9ateur de ce type de tout-terrain californien est d\u00e9c\u00e9d\u00e9 \u00e0 l\u2019\u00e2ge de 94\u00a0ans en 2021.<\/p>\n<p> Il est cependant issu d\u2019une passion pour l\u2019automobile que partagent deux \u00c9tatsuniens notoires\u00a0: le riche homme d\u2019affaires et grand collectionneur d\u2019automobiles Phillip Sarofim, qui a fait l&#8217;acquisition la marque Meyers en 2020 par l&#8217;interm\u00e9diaire de Trousdale Ventures, son entreprise, et le designer automobile Freeman Thomas, un v\u00e9t\u00e9ran de l\u2019industrie qui a dirig\u00e9, entre autres exercices de design, celui de la Volkswagen New\u00a0Beetle et qui est devenu le PDG de Meyers Manx.<\/p>\n<p> \u00ab\u00a0Le Meyers Manx a toujours \u00e9t\u00e9 un symbole de joie, de simplicit\u00e9 et de puret\u00e9\u00a0\u00bb, explique Sarofim dans un communiqu\u00e9 publi\u00e9 lors du d\u00e9voilement. Tr\u00e8s color\u00e9 comme toujours, il pr\u00e9sente m\u00eame ce v\u00e9hicule comme \u00ab\u00a0le rem\u00e8de id\u00e9al pour une vie compliqu\u00e9e et un moyen pour ranimer l&#8217;optimisme de la culture californienne des ann\u00e9es\u00a01960\u00a0\u00bb.<\/p>\n<p> Le Manx 2.0 devrait \u00eatre en production d\u2019ici l\u2019ann\u00e9e prochaine. Les dirigeants de l\u2019entreprise sont toutefois peu loquaces sur le lieu et la mani\u00e8re dont il sera produit. On sait<\/p>\n","protected":false},"excerpt":{"rendered":"<p>Soixante ans apr\u00e8s sa cr\u00e9ation, le dune buggy de Bruce Meyers rena\u00eet sous la forme du Manx\u00a02.0, mais avec une petite diff\u00e9rence. Plut\u00f4t que d\u2019avoir son sempiternel moteur de Coccinelle, il sera anim\u00e9 par un moteur \u00e9lectrique\u00a0! Ce Manx du 21e\u00a0si\u00e8cle a \u00e9t\u00e9 d\u00e9voil\u00e9 plus t\u00f4t cette semaine lors d&#8217;un \u00e9v\u00e9nement priv\u00e9 \u00e0 Malibu, en [&hellip;]<\/p>\n","protected":false},"author":8,"featured_media":42722,"comment_status":"close","ping_status":"closed","sticky":false,"template":"","format":"standard","meta":{"_monsterinsights_skip_tracking":false,"_monsterinsights_sitenote_active":false,"_monsterinsights_sitenote_note":"","_monsterinsights_sitenote_category":0,"footnotes":""},"categories":[101],"tags":[],"yoast_head":"<!-- This site is optimized with the Yoast SEO plugin v23.2 - https:\/\/yoast.com\/wordpress\/plugins\/seo\/ -->\n<title>Meyers Manx lance son premier \u00ab\u00a0dune buggy\u00a0\u00bb en 60 ans\u2026 et il est \u00e9lectrique - CanadaMotorJobs.com<\/title>\n<meta name=\"description\" content=\"Meyers Manx lance son premier \u00ab\u00a0dune buggy\u00a0\u00bb en 60 ans\u2026 et il est \u00e9lectrique - Benoit Charette - Annuel automobile - CanadaMotorJobs.com.\" \/>\n<meta name=\"robots\" content=\"index, follow, max-snippet:-1, max-image-preview:large, max-video-preview:-1\" \/>\n<meta property=\"og:locale\" content=\"fr_CA\" \/>\n<meta property=\"og:type\" content=\"article\" \/>\n<meta property=\"og:title\" content=\"Meyers Manx lance son premier \u00ab\u00a0dune buggy\u00a0\u00bb en 60 ans\u2026 et il est \u00e9lectrique - CanadaMotorJobs.com\" \/>\n<meta property=\"og:description\" content=\"Meyers Manx lance son premier \u00ab\u00a0dune buggy\u00a0\u00bb en 60 ans\u2026 et il est \u00e9lectrique - Benoit Charette - Annuel automobile - CanadaMotorJobs.com.\" \/>\n<meta property=\"og:url\" content=\"https:\/\/news.canadamotorjobs.com\/fr\/meyers-manx-lance-son-premier-dune-buggy-en-60-ans-et-il-est-electrique\/\" \/>\n<meta property=\"og:site_name\" content=\"CanadaMotorJobs.com\" \/>\n<meta property=\"article:publisher\" content=\"https:\/\/www.facebook.com\/canadamotorjobs\/\" \/>\n<meta property=\"article:published_time\" content=\"2022-08-12T14:54:14+00:00\" \/>\n<meta property=\"article:modified_time\" content=\"2022-08-12T15:13:39+00:00\" \/>\n<meta property=\"og:image\" content=\"https:\/\/news.canadamotorjobs.com\/wp-content\/uploads\/2022\/08\/Meyers-Manx-2.0-2024-2-1.jpg\" \/>\n\t<meta property=\"og:image:width\" content=\"1500\" \/>\n\t<meta property=\"og:image:height\" content=\"1000\" \/>\n\t<meta property=\"og:image:type\" content=\"image\/jpeg\" \/>\n<meta name=\"author\" content=\"Benoit Charette\" \/>\n<meta name=\"twitter:card\" content=\"summary_large_image\" \/>\n<meta name=\"twitter:creator\" content=\"@canadamotorjobs\" \/>\n<meta name=\"twitter:site\" content=\"@canadamotorjobs\" \/>\n<meta name=\"twitter:label1\" content=\"\u00c9crit par\" \/>\n\t<meta name=\"twitter:data1\" content=\"Benoit Charette\" \/>\n\t<meta name=\"twitter:label2\" content=\"Estimation du temps de lecture\" \/>\n\t<meta name=\"twitter:data2\" content=\"1 minute\" \/>\n<!-- \/ Yoast SEO plugin. -->","yoast_head_json":{"title":"Meyers Manx lance son premier \u00ab\u00a0dune buggy\u00a0\u00bb en 60 ans\u2026 et il est \u00e9lectrique - CanadaMotorJobs.com","description":"Meyers Manx lance son premier \u00ab\u00a0dune buggy\u00a0\u00bb en 60 ans\u2026 et il est \u00e9lectrique - Benoit Charette - Annuel automobile - CanadaMotorJobs.com.","robots":{"index":"index","follow":"follow","max-snippet":"max-snippet:-1","max-image-preview":"max-image-preview:large","max-video-preview":"max-video-preview:-1"},"og_locale":"fr_CA","og_type":"article","og_title":"Meyers Manx lance son premier \u00ab\u00a0dune buggy\u00a0\u00bb en 60 ans\u2026 et il est \u00e9lectrique - CanadaMotorJobs.com","og_description":"Meyers Manx lance son premier \u00ab\u00a0dune buggy\u00a0\u00bb en 60 ans\u2026 et il est \u00e9lectrique - Benoit Charette - Annuel automobile - CanadaMotorJobs.com.","og_url":"https:\/\/news.canadamotorjobs.com\/fr\/meyers-manx-lance-son-premier-dune-buggy-en-60-ans-et-il-est-electrique\/","og_site_name":"CanadaMotorJobs.com","article_publisher":"https:\/\/www.facebook.com\/canadamotorjobs\/","article_published_time":"2022-08-12T14:54:14+00:00","article_modified_time":"2022-08-12T15:13:39+00:00","og_image":[{"width":1500,"height":1000,"url":"https:\/\/news.canadamotorjobs.com\/wp-content\/uploads\/2022\/08\/Meyers-Manx-2.0-2024-2-1.jpg","type":"image\/jpeg"}],"author":"Benoit Charette","twitter_card":"summary_large_image","twitter_creator":"@canadamotorjobs","twitter_site":"@canadamotorjobs","twitter_misc":{"\u00c9crit par":"Benoit Charette","Estimation du temps de lecture":"1 minute"},"schema":{"@context":"https:\/\/schema.org","@graph":[{"@type":"Article","@id":"https:\/\/news.canadamotorjobs.com\/fr\/meyers-manx-lance-son-premier-dune-buggy-en-60-ans-et-il-est-electrique\/#article","isPartOf":{"@id":"https:\/\/news.canadamotorjobs.com\/fr\/meyers-manx-lance-son-premier-dune-buggy-en-60-ans-et-il-est-electrique\/"},"author":{"name":"Benoit Charette","@id":"https:\/\/news.canadamotorjobs.com\/#\/schema\/person\/51793d1f87d44011d7bcc2ed99269a90"},"headline":"Meyers Manx lance son premier \u00ab\u00a0dune buggy\u00a0\u00bb en 60 ans\u2026 et il est \u00e9lectrique","datePublished":"2022-08-12T14:54:14+00:00","dateModified":"2022-08-12T15:13:39+00:00","mainEntityOfPage":{"@id":"https:\/\/news.canadamotorjobs.com\/fr\/meyers-manx-lance-son-premier-dune-buggy-en-60-ans-et-il-est-electrique\/"},"wordCount":298,"publisher":{"@id":"https:\/\/news.canadamotorjobs.com\/#organization"},"image":{"@id":"https:\/\/news.canadamotorjobs.com\/fr\/meyers-manx-lance-son-premier-dune-buggy-en-60-ans-et-il-est-electrique\/#primaryimage"},"thumbnailUrl":"https:\/\/news.canadamotorjobs.com\/wp-content\/uploads\/2022\/08\/Meyers-Manx-2.0-2024-2-1.jpg","articleSection":["Annuel automobile"],"inLanguage":"fr-CA"},{"@type":"WebPage","@id":"https:\/\/news.canadamotorjobs.com\/fr\/meyers-manx-lance-son-premier-dune-buggy-en-60-ans-et-il-est-electrique\/","url":"https:\/\/news.canadamotorjobs.com\/fr\/meyers-manx-lance-son-premier-dune-buggy-en-60-ans-et-il-est-electrique\/","name":"Meyers Manx lance son premier \u00ab\u00a0dune buggy\u00a0\u00bb en 60 ans\u2026 et il est \u00e9lectrique - CanadaMotorJobs.com","isPartOf":{"@id":"https:\/\/news.canadamotorjobs.com\/#website"},"primaryImageOfPage":{"@id":"https:\/\/news.canadamotorjobs.com\/fr\/meyers-manx-lance-son-premier-dune-buggy-en-60-ans-et-il-est-electrique\/#primaryimage"},"image":{"@id":"https:\/\/news.canadamotorjobs.com\/fr\/meyers-manx-lance-son-premier-dune-buggy-en-60-ans-et-il-est-electrique\/#primaryimage"},"thumbnailUrl":"https:\/\/news.canadamotorjobs.com\/wp-content\/uploads\/2022\/08\/Meyers-Manx-2.0-2024-2-1.jpg","datePublished":"2022-08-12T14:54:14+00:00","dateModified":"2022-08-12T15:13:39+00:00","description":"Meyers Manx lance son premier \u00ab\u00a0dune buggy\u00a0\u00bb en 60 ans\u2026 et il est \u00e9lectrique - Benoit Charette - Annuel automobile - CanadaMotorJobs.com.","breadcrumb":{"@id":"https:\/\/news.canadamotorjobs.com\/fr\/meyers-manx-lance-son-premier-dune-buggy-en-60-ans-et-il-est-electrique\/#breadcrumb"},"inLanguage":"fr-CA","potentialAction":[{"@type":"ReadAction","target":["https:\/\/news.canadamotorjobs.com\/fr\/meyers-manx-lance-son-premier-dune-buggy-en-60-ans-et-il-est-electrique\/"]}]},{"@type":"ImageObject","inLanguage":"fr-CA","@id":"https:\/\/news.canadamotorjobs.com\/fr\/meyers-manx-lance-son-premier-dune-buggy-en-60-ans-et-il-est-electrique\/#primaryimage","url":"https:\/\/news.canadamotorjobs.com\/wp-content\/uploads\/2022\/08\/Meyers-Manx-2.0-2024-2-1.jpg","contentUrl":"https:\/\/news.canadamotorjobs.com\/wp-content\/uploads\/2022\/08\/Meyers-Manx-2.0-2024-2-1.jpg","width":1500,"height":1000},{"@type":"BreadcrumbList","@id":"https:\/\/news.canadamotorjobs.com\/fr\/meyers-manx-lance-son-premier-dune-buggy-en-60-ans-et-il-est-electrique\/#breadcrumb","itemListElement":[{"@type":"ListItem","position":1,"name":"Home","item":"https:\/\/news.canadamotorjobs.com\/fr\/blog\/"},{"@type":"ListItem","position":2,"name":"Meyers Manx lance son premier \u00ab\u00a0dune buggy\u00a0\u00bb en 60 ans\u2026 et il est \u00e9lectrique"}]},{"@type":"WebSite","@id":"https:\/\/news.canadamotorjobs.com\/#website","url":"https:\/\/news.canadamotorjobs.com\/","name":"CanadaMotorJobs.com","description":"Automotive Jobs","publisher":{"@id":"https:\/\/news.canadamotorjobs.com\/#organization"},"potentialAction":[{"@type":"SearchAction","target":{"@type":"EntryPoint","urlTemplate":"https:\/\/news.canadamotorjobs.com\/?s={search_term_string}"},"query-input":"required name=search_term_string"}],"inLanguage":"fr-CA"},{"@type":"Organization","@id":"https:\/\/news.canadamotorjobs.com\/#organization","name":"Canada Motor Jobs","url":"https:\/\/news.canadamotorjobs.com\/","logo":{"@type":"ImageObject","inLanguage":"fr-CA","@id":"https:\/\/news.canadamotorjobs.com\/#\/schema\/logo\/image\/","url":"https:\/\/news.canadamotorjobs.com\/wp-content\/uploads\/2022\/10\/logo-canada-motor-jobs-1.png","contentUrl":"https:\/\/news.canadamotorjobs.com\/wp-content\/uploads\/2022\/10\/logo-canada-motor-jobs-1.png","width":800,"height":400,"caption":"Canada Motor Jobs"},"image":{"@id":"https:\/\/news.canadamotorjobs.com\/#\/schema\/logo\/image\/"},"sameAs":["https:\/\/www.facebook.com\/canadamotorjobs\/","https:\/\/x.com\/canadamotorjobs","https:\/\/www.instagram.com\/canadamotorjobs\/","https:\/\/www.linkedin.com\/company\/canadamotorjobs"]},{"@type":"Person","@id":"https:\/\/news.canadamotorjobs.com\/#\/schema\/person\/51793d1f87d44011d7bcc2ed99269a90","name":"Benoit Charette","image":{"@type":"ImageObject","inLanguage":"fr-CA","@id":"https:\/\/news.canadamotorjobs.com\/#\/schema\/person\/image\/","url":"https:\/\/secure.gravatar.com\/avatar\/45f3d2eebcccd909668d7ce7ea7267b6?s=96&d=mm&r=g","contentUrl":"https:\/\/secure.gravatar.com\/avatar\/45f3d2eebcccd909668d7ce7ea7267b6?s=96&d=mm&r=g","caption":"Benoit Charette"},"description":"Benoit Charette \/ Propri\u00e9taire et r\u00e9dacteur en chef Benoit Charette pratique le journalisme automobile depuis bient\u00f4t 30 ans. Il a fait ses classes au c\u00f4t\u00e9 de Daniel H\u00e9raud et au Carnet de route de 1992 \u00e0 2001. Il est fondateur, copropri\u00e9taire et r\u00e9dacteur en chef de L\u2019Annuel de l\u2019automobile, qu\u2019il publie depuis 2001. Il a anim\u00e9 les \u00e9missions RPM et RPM+ sur V et les L\u00e9gendes de la route sur Historia. \u00c0 la radio depuis 1986, il reprend l\u2019antenne cette ann\u00e9e sur les ondes de Cogeco et participe pour la deuxi\u00e8me ann\u00e9e \u00e0 l\u2019\u00e9mission Passion Auto sur RDS en plus de mettre en ligne le site Web officiel de L\u2019Annuel de l\u2019automobile sur annuelauto.ca.","sameAs":["https:\/\/annuelauto.ca\/"],"url":"https:\/\/news.canadamotorjobs.com\/fr\/author\/benoit-charette\/"}]}},"_links":{"self":[{"href":"https:\/\/news.canadamotorjobs.com\/fr\/wp-json\/wp\/v2\/posts\/42718"}],"collection":[{"href":"https:\/\/news.canadamotorjobs.com\/fr\/wp-json\/wp\/v2\/posts"}],"about":[{"href":"https:\/\/news.canadamotorjobs.com\/fr\/wp-json\/wp\/v2\/types\/post"}],"author":[{"embeddable":true,"href":"https:\/\/news.canadamotorjobs.com\/fr\/wp-json\/wp\/v2\/users\/8"}],"replies":[{"embeddable":true,"href":"https:\/\/news.canadamotorjobs.com\/fr\/wp-json\/wp\/v2\/comments?post=42718"}],"version-history":[{"count":0,"href":"https:\/\/news.canadamotorjobs.com\/fr\/wp-json\/wp\/v2\/posts\/42718\/revisions"}],"wp:featuredmedia":[{"embeddable":true,"href":"https:\/\/news.canadamotorjobs.com\/fr\/wp-json\/wp\/v2\/media\/42722"}],"wp:attachment":[{"href":"https:\/\/news.canadamotorjobs.com\/fr\/wp-json\/wp\/v2\/media?parent=42718"}],"wp:term":[{"taxonomy":"category","embeddable":true,"href":"https:\/\/news.canadamotorjobs.com\/fr\/wp-json\/wp\/v2\/categories?post=42718"},{"taxonomy":"post_tag","embeddable":true,"href":"https:\/\/news.canadamotorjobs.com\/fr\/wp-json\/wp\/v2\/tags?post=42718"}],"curies":[{"name":"wp","href":"https:\/\/api.w.org\/{rel}","templated":true}]}}