{"id":42710,"date":"2022-08-12T08:41:12","date_gmt":"2022-08-12T12:41:12","guid":{"rendered":"https:\/\/blog.canadamotorjobs.com\/les-prix-des-vehicules-electriques-en-hausse\/"},"modified":"2022-08-18T10:57:13","modified_gmt":"2022-08-18T14:57:13","slug":"les-prix-des-vehicules-electriques-en-hausse","status":"publish","type":"post","link":"https:\/\/news.canadamotorjobs.com\/fr\/les-prix-des-vehicules-electriques-en-hausse\/","title":{"rendered":"Les prix des v\u00e9hicules \u00e9lectriques en hausse"},"content":{"rendered":"<p>La raret\u00e9 des mati\u00e8res premi\u00e8res et leur faible diffusion font grimper le prix des v\u00e9hicules \u00e9lectriques. Le prix du lithium, du cobalt et du nickel qui sont trois importantes composantes des batteries des v\u00e9hicules \u00e9lectriques a explos\u00e9 depuis deux ans. Les constructeurs automobiles doivent constamment ajuster \u00e0 la hausse le prix des v\u00e9hicules<\/p>\n<h3>Ford et Tesla en exemple<\/h3>\n<p>L\u2019exemple vient de haut, le PDG de Ford Jim Farley a annonc\u00e9 il y a quelques jours seulement que le prix des mod\u00e8les F-150 Lightning va augmenter de 6\u00a0500 \u00e0 8\u00a0000 $ US selon les mod\u00e8les pour 2023. M\u00eame son de cloche chez Tesla qui a annonc\u00e9 des augmentations qui vont de 3 000\u00a0$ \u00e0 12 000\u00a0$ selon les mod\u00e8les. Et ce ne sont l\u00e0 que deux exemples. La majorit\u00e9 des constructeurs tiennent compte de la hausse des prix des mati\u00e8res premi\u00e8res.<\/p>\n<h3>Il faudra attendre les piles solides<\/h3>\n<p>Selon Jim Farley, le prix du <em>lithium, du cobalt et du nickel ne baisseront pas de sit\u00f4t. La soif de mod\u00e8les \u00e9lectriques<\/em>, accompagn\u00e9e d&#8217;une reprise post-Covid plus rapide que pr\u00e9vu, a laiss\u00e9 l&#8217;industrie mini\u00e8re partiellement prise au d\u00e9pourvu et incapable de r\u00e9pondre \u00e0 la demande. Il faudra selon plusieurs dirigeants attendre la venue de piles avec des mat\u00e9riaux plus abordables comme les piles solides pour voir la courbe des prix revenir \u00e0 la baisse. Plusieurs constructeurs ont d\u00e9j\u00e0 entam\u00e9 la course aux piles \u00e0 \u00e9lectrolyte solides et les premiers mod\u00e8les commerciaux en Europe sont attendus en 2025. Chez nous, il faudra sans doute ajouter<\/p>\n","protected":false},"excerpt":{"rendered":"<p>La raret\u00e9 des mati\u00e8res premi\u00e8res et leur faible diffusion font grimper le prix des v\u00e9hicules \u00e9lectriques. Le prix du lithium, du cobalt et du nickel qui sont trois importantes composantes des batteries des v\u00e9hicules \u00e9lectriques a explos\u00e9 depuis deux ans. Les constructeurs automobiles doivent constamment ajuster \u00e0 la hausse le prix des v\u00e9hicules Ford et [&hellip;]<\/p>\n","protected":false},"author":8,"featured_media":42714,"comment_status":"close","ping_status":"closed","sticky":false,"template":"","format":"standard","meta":{"_monsterinsights_skip_tracking":false,"_monsterinsights_sitenote_active":false,"_monsterinsights_sitenote_note":"","_monsterinsights_sitenote_category":0,"footnotes":""},"categories":[101],"tags":[131],"yoast_head":"<!-- This site is optimized with the Yoast SEO plugin v23.2 - https:\/\/yoast.com\/wordpress\/plugins\/seo\/ -->\n<title>Les prix des v\u00e9hicules \u00e9lectriques en hausse - CanadaMotorJobs.com<\/title>\n<meta name=\"description\" content=\"Les prix des v\u00e9hicules \u00e9lectriques en hausse - Benoit Charette - Annuel automobile - CanadaMotorJobs.com.\" \/>\n<meta name=\"robots\" content=\"index, follow, max-snippet:-1, max-image-preview:large, max-video-preview:-1\" \/>\n<meta property=\"og:locale\" content=\"fr_CA\" \/>\n<meta property=\"og:type\" content=\"article\" \/>\n<meta property=\"og:title\" content=\"Les prix des v\u00e9hicules \u00e9lectriques en hausse - CanadaMotorJobs.com\" \/>\n<meta property=\"og:description\" content=\"Les prix des v\u00e9hicules \u00e9lectriques en hausse - Benoit Charette - Annuel automobile - CanadaMotorJobs.com.\" \/>\n<meta property=\"og:url\" content=\"https:\/\/news.canadamotorjobs.com\/fr\/les-prix-des-vehicules-electriques-en-hausse\/\" \/>\n<meta property=\"og:site_name\" content=\"CanadaMotorJobs.com\" \/>\n<meta property=\"article:publisher\" content=\"https:\/\/www.facebook.com\/canadamotorjobs\/\" \/>\n<meta property=\"article:published_time\" content=\"2022-08-12T12:41:12+00:00\" \/>\n<meta property=\"article:modified_time\" content=\"2022-08-18T14:57:13+00:00\" \/>\n<meta property=\"og:image\" content=\"https:\/\/news.canadamotorjobs.com\/wp-content\/uploads\/2022\/08\/2022-Ford-F-150-Lightning-Hands-On-Preview-01-1.jpg\" \/>\n\t<meta property=\"og:image:width\" content=\"1800\" \/>\n\t<meta property=\"og:image:height\" content=\"1200\" \/>\n\t<meta property=\"og:image:type\" content=\"image\/jpeg\" \/>\n<meta name=\"author\" content=\"Benoit Charette\" \/>\n<meta name=\"twitter:card\" content=\"summary_large_image\" \/>\n<meta name=\"twitter:creator\" content=\"@canadamotorjobs\" \/>\n<meta name=\"twitter:site\" content=\"@canadamotorjobs\" \/>\n<meta name=\"twitter:label1\" content=\"\u00c9crit par\" \/>\n\t<meta name=\"twitter:data1\" content=\"Benoit Charette\" \/>\n\t<meta name=\"twitter:label2\" content=\"Estimation du temps de lecture\" \/>\n\t<meta name=\"twitter:data2\" content=\"2 minutes\" \/>\n<!-- \/ Yoast SEO plugin. -->","yoast_head_json":{"title":"Les prix des v\u00e9hicules \u00e9lectriques en hausse - CanadaMotorJobs.com","description":"Les prix des v\u00e9hicules \u00e9lectriques en hausse - Benoit Charette - Annuel automobile - CanadaMotorJobs.com.","robots":{"index":"index","follow":"follow","max-snippet":"max-snippet:-1","max-image-preview":"max-image-preview:large","max-video-preview":"max-video-preview:-1"},"og_locale":"fr_CA","og_type":"article","og_title":"Les prix des v\u00e9hicules \u00e9lectriques en hausse - CanadaMotorJobs.com","og_description":"Les prix des v\u00e9hicules \u00e9lectriques en hausse - Benoit Charette - Annuel automobile - CanadaMotorJobs.com.","og_url":"https:\/\/news.canadamotorjobs.com\/fr\/les-prix-des-vehicules-electriques-en-hausse\/","og_site_name":"CanadaMotorJobs.com","article_publisher":"https:\/\/www.facebook.com\/canadamotorjobs\/","article_published_time":"2022-08-12T12:41:12+00:00","article_modified_time":"2022-08-18T14:57:13+00:00","og_image":[{"width":1800,"height":1200,"url":"https:\/\/news.canadamotorjobs.com\/wp-content\/uploads\/2022\/08\/2022-Ford-F-150-Lightning-Hands-On-Preview-01-1.jpg","type":"image\/jpeg"}],"author":"Benoit Charette","twitter_card":"summary_large_image","twitter_creator":"@canadamotorjobs","twitter_site":"@canadamotorjobs","twitter_misc":{"\u00c9crit par":"Benoit Charette","Estimation du temps de lecture":"2 minutes"},"schema":{"@context":"https:\/\/schema.org","@graph":[{"@type":"Article","@id":"https:\/\/news.canadamotorjobs.com\/fr\/les-prix-des-vehicules-electriques-en-hausse\/#article","isPartOf":{"@id":"https:\/\/news.canadamotorjobs.com\/fr\/les-prix-des-vehicules-electriques-en-hausse\/"},"author":{"name":"Benoit Charette","@id":"https:\/\/news.canadamotorjobs.com\/#\/schema\/person\/51793d1f87d44011d7bcc2ed99269a90"},"headline":"Les prix des v\u00e9hicules \u00e9lectriques en hausse","datePublished":"2022-08-12T12:41:12+00:00","dateModified":"2022-08-18T14:57:13+00:00","mainEntityOfPage":{"@id":"https:\/\/news.canadamotorjobs.com\/fr\/les-prix-des-vehicules-electriques-en-hausse\/"},"wordCount":267,"publisher":{"@id":"https:\/\/news.canadamotorjobs.com\/#organization"},"image":{"@id":"https:\/\/news.canadamotorjobs.com\/fr\/les-prix-des-vehicules-electriques-en-hausse\/#primaryimage"},"thumbnailUrl":"https:\/\/news.canadamotorjobs.com\/wp-content\/uploads\/2022\/08\/2022-Ford-F-150-Lightning-Hands-On-Preview-01-1.jpg","keywords":["Newsletter"],"articleSection":["Annuel automobile"],"inLanguage":"fr-CA"},{"@type":"WebPage","@id":"https:\/\/news.canadamotorjobs.com\/fr\/les-prix-des-vehicules-electriques-en-hausse\/","url":"https:\/\/news.canadamotorjobs.com\/fr\/les-prix-des-vehicules-electriques-en-hausse\/","name":"Les prix des v\u00e9hicules \u00e9lectriques en hausse - CanadaMotorJobs.com","isPartOf":{"@id":"https:\/\/news.canadamotorjobs.com\/#website"},"primaryImageOfPage":{"@id":"https:\/\/news.canadamotorjobs.com\/fr\/les-prix-des-vehicules-electriques-en-hausse\/#primaryimage"},"image":{"@id":"https:\/\/news.canadamotorjobs.com\/fr\/les-prix-des-vehicules-electriques-en-hausse\/#primaryimage"},"thumbnailUrl":"https:\/\/news.canadamotorjobs.com\/wp-content\/uploads\/2022\/08\/2022-Ford-F-150-Lightning-Hands-On-Preview-01-1.jpg","datePublished":"2022-08-12T12:41:12+00:00","dateModified":"2022-08-18T14:57:13+00:00","description":"Les prix des v\u00e9hicules \u00e9lectriques en hausse - Benoit Charette - Annuel automobile - CanadaMotorJobs.com.","breadcrumb":{"@id":"https:\/\/news.canadamotorjobs.com\/fr\/les-prix-des-vehicules-electriques-en-hausse\/#breadcrumb"},"inLanguage":"fr-CA","potentialAction":[{"@type":"ReadAction","target":["https:\/\/news.canadamotorjobs.com\/fr\/les-prix-des-vehicules-electriques-en-hausse\/"]}]},{"@type":"ImageObject","inLanguage":"fr-CA","@id":"https:\/\/news.canadamotorjobs.com\/fr\/les-prix-des-vehicules-electriques-en-hausse\/#primaryimage","url":"https:\/\/news.canadamotorjobs.com\/wp-content\/uploads\/2022\/08\/2022-Ford-F-150-Lightning-Hands-On-Preview-01-1.jpg","contentUrl":"https:\/\/news.canadamotorjobs.com\/wp-content\/uploads\/2022\/08\/2022-Ford-F-150-Lightning-Hands-On-Preview-01-1.jpg","width":1800,"height":1200},{"@type":"BreadcrumbList","@id":"https:\/\/news.canadamotorjobs.com\/fr\/les-prix-des-vehicules-electriques-en-hausse\/#breadcrumb","itemListElement":[{"@type":"ListItem","position":1,"name":"Home","item":"https:\/\/news.canadamotorjobs.com\/fr\/blog\/"},{"@type":"ListItem","position":2,"name":"Les prix des v\u00e9hicules \u00e9lectriques en hausse"}]},{"@type":"WebSite","@id":"https:\/\/news.canadamotorjobs.com\/#website","url":"https:\/\/news.canadamotorjobs.com\/","name":"CanadaMotorJobs.com","description":"Automotive Jobs","publisher":{"@id":"https:\/\/news.canadamotorjobs.com\/#organization"},"potentialAction":[{"@type":"SearchAction","target":{"@type":"EntryPoint","urlTemplate":"https:\/\/news.canadamotorjobs.com\/?s={search_term_string}"},"query-input":"required name=search_term_string"}],"inLanguage":"fr-CA"},{"@type":"Organization","@id":"https:\/\/news.canadamotorjobs.com\/#organization","name":"Canada Motor Jobs","url":"https:\/\/news.canadamotorjobs.com\/","logo":{"@type":"ImageObject","inLanguage":"fr-CA","@id":"https:\/\/news.canadamotorjobs.com\/#\/schema\/logo\/image\/","url":"https:\/\/news.canadamotorjobs.com\/wp-content\/uploads\/2022\/10\/logo-canada-motor-jobs-1.png","contentUrl":"https:\/\/news.canadamotorjobs.com\/wp-content\/uploads\/2022\/10\/logo-canada-motor-jobs-1.png","width":800,"height":400,"caption":"Canada Motor Jobs"},"image":{"@id":"https:\/\/news.canadamotorjobs.com\/#\/schema\/logo\/image\/"},"sameAs":["https:\/\/www.facebook.com\/canadamotorjobs\/","https:\/\/x.com\/canadamotorjobs","https:\/\/www.instagram.com\/canadamotorjobs\/","https:\/\/www.linkedin.com\/company\/canadamotorjobs"]},{"@type":"Person","@id":"https:\/\/news.canadamotorjobs.com\/#\/schema\/person\/51793d1f87d44011d7bcc2ed99269a90","name":"Benoit Charette","image":{"@type":"ImageObject","inLanguage":"fr-CA","@id":"https:\/\/news.canadamotorjobs.com\/#\/schema\/person\/image\/","url":"https:\/\/secure.gravatar.com\/avatar\/45f3d2eebcccd909668d7ce7ea7267b6?s=96&d=mm&r=g","contentUrl":"https:\/\/secure.gravatar.com\/avatar\/45f3d2eebcccd909668d7ce7ea7267b6?s=96&d=mm&r=g","caption":"Benoit Charette"},"description":"Benoit Charette \/ Propri\u00e9taire et r\u00e9dacteur en chef Benoit Charette pratique le journalisme automobile depuis bient\u00f4t 30 ans. Il a fait ses classes au c\u00f4t\u00e9 de Daniel H\u00e9raud et au Carnet de route de 1992 \u00e0 2001. Il est fondateur, copropri\u00e9taire et r\u00e9dacteur en chef de L\u2019Annuel de l\u2019automobile, qu\u2019il publie depuis 2001. Il a anim\u00e9 les \u00e9missions RPM et RPM+ sur V et les L\u00e9gendes de la route sur Historia. \u00c0 la radio depuis 1986, il reprend l\u2019antenne cette ann\u00e9e sur les ondes de Cogeco et participe pour la deuxi\u00e8me ann\u00e9e \u00e0 l\u2019\u00e9mission Passion Auto sur RDS en plus de mettre en ligne le site Web officiel de L\u2019Annuel de l\u2019automobile sur annuelauto.ca.","sameAs":["https:\/\/annuelauto.ca\/"],"url":"https:\/\/news.canadamotorjobs.com\/fr\/author\/benoit-charette\/"}]}},"_links":{"self":[{"href":"https:\/\/news.canadamotorjobs.com\/fr\/wp-json\/wp\/v2\/posts\/42710"}],"collection":[{"href":"https:\/\/news.canadamotorjobs.com\/fr\/wp-json\/wp\/v2\/posts"}],"about":[{"href":"https:\/\/news.canadamotorjobs.com\/fr\/wp-json\/wp\/v2\/types\/post"}],"author":[{"embeddable":true,"href":"https:\/\/news.canadamotorjobs.com\/fr\/wp-json\/wp\/v2\/users\/8"}],"replies":[{"embeddable":true,"href":"https:\/\/news.canadamotorjobs.com\/fr\/wp-json\/wp\/v2\/comments?post=42710"}],"version-history":[{"count":0,"href":"https:\/\/news.canadamotorjobs.com\/fr\/wp-json\/wp\/v2\/posts\/42710\/revisions"}],"wp:featuredmedia":[{"embeddable":true,"href":"https:\/\/news.canadamotorjobs.com\/fr\/wp-json\/wp\/v2\/media\/42714"}],"wp:attachment":[{"href":"https:\/\/news.canadamotorjobs.com\/fr\/wp-json\/wp\/v2\/media?parent=42710"}],"wp:term":[{"taxonomy":"category","embeddable":true,"href":"https:\/\/news.canadamotorjobs.com\/fr\/wp-json\/wp\/v2\/categories?post=42710"},{"taxonomy":"post_tag","embeddable":true,"href":"https:\/\/news.canadamotorjobs.com\/fr\/wp-json\/wp\/v2\/tags?post=42710"}],"curies":[{"name":"wp","href":"https:\/\/api.w.org\/{rel}","templated":true}]}}