{"id":42702,"date":"2022-08-12T08:10:20","date_gmt":"2022-08-12T12:10:20","guid":{"rendered":"https:\/\/blog.canadamotorjobs.com\/la-prochaine-generation-de-ford-edge-est-arrivee-en-chine\/"},"modified":"2022-08-12T08:14:35","modified_gmt":"2022-08-12T12:14:35","slug":"la-prochaine-generation-de-ford-edge-est-arrivee-en-chine","status":"publish","type":"post","link":"https:\/\/news.canadamotorjobs.com\/fr\/la-prochaine-generation-de-ford-edge-est-arrivee-en-chine\/","title":{"rendered":"La prochaine g\u00e9n\u00e9ration de Ford Edge est arriv\u00e9e en Chine"},"content":{"rendered":"<\/p>\n<p>L\u2019actuelle g\u00e9n\u00e9ration de Ford Edge remonte \u00e0 2015. Une nouvelle g\u00e9n\u00e9ration est d\u00e9j\u00e0 attendue depuis un certain temps. Le minist\u00e8re de l&#8217;Industrie et des Technologies de l&#8217;information a publi\u00e9 des images de la prochaine g\u00e9n\u00e9ration de Edge avec un style compl\u00e8tement diff\u00e9rent et trois rang\u00e9es de si\u00e8ges.<br \/> On efface tout et on recommence<br \/> La face avant enti\u00e8rement redessin\u00e9e s&#8217;inspire des r\u00e9cents mod\u00e8les Ford lanc\u00e9s en Chine, \u00e0 savoir l&#8217;Explorer, l&#8217;Equator \/ Equator Sport et l&#8217;Evos. Ces phares \u00e9l\u00e9gants se fondent dans la calandre \u00e0 la mani\u00e8re d&#8217;un Hyundai Tucson pour donner au Edge un visage moderne. On trouve aussi des poign\u00e9es de porte \u00e9lectriques. Ford a noirci tous les piliers et le toit. Des changements majeurs ont \u00e9galement \u00e9t\u00e9 apport\u00e9s \u00e0 l&#8217;arri\u00e8re, puisque les feux arri\u00e8re sont totalement diff\u00e9rents et que la poign\u00e9e d&#8217;ouverture du hayon n&#8217;est plus aussi visible. Le lettrage &#8220;Edge&#8221; sous l&#8217;ovale bleu est beaucoup plus grand qu&#8217;auparavant et des insertions m\u00e9talliques ont \u00e9t\u00e9 ajout\u00e9es au rev\u00eatement plastique noir du pare-chocs pour am\u00e9liorer les choses, m\u00eame sur le niveau de finition inf\u00e9rieur.<br \/> Des dimensions plus g\u00e9n\u00e9reuses<br \/> Nous apprenons que le Ford Edge 2023 version chinoise mesure pr\u00e9cis\u00e9ment cinq m\u00e8tres de long, ce qui le rend nettement plus long que le mod\u00e8le version am\u00e9ricaine (4 779\u00a0mm) disponible aujourd&#8217;hui. Il mesure 1 961\u00a0mm de largeur et 1 773\u00a0mm de hauteur, les deux repr\u00e9sentant des dimensions accrues par rapport \u00e0 l&#8217;Edge en vente aujourd&#8217;hui. L&#8217;empattement s&#8217;\u00e9tend sur un g\u00e9n\u00e9reux 2 950\u00a0mm, soit 100\u00a0mm de plus qu&#8217;auparavant. Le Edge inf\u00e9rieur p\u00e8se<\/p>\n","protected":false},"excerpt":{"rendered":"<p>L\u2019actuelle g\u00e9n\u00e9ration de Ford Edge remonte \u00e0 2015. Une nouvelle g\u00e9n\u00e9ration est d\u00e9j\u00e0 attendue depuis un certain temps. Le minist\u00e8re de l&#8217;Industrie et des Technologies de l&#8217;information a publi\u00e9 des images de la prochaine g\u00e9n\u00e9ration de Edge avec un style compl\u00e8tement diff\u00e9rent et trois rang\u00e9es de si\u00e8ges. On efface tout et on recommence La face [&hellip;]<\/p>\n","protected":false},"author":8,"featured_media":42706,"comment_status":"close","ping_status":"closed","sticky":false,"template":"","format":"standard","meta":{"_monsterinsights_skip_tracking":false,"_monsterinsights_sitenote_active":false,"_monsterinsights_sitenote_note":"","_monsterinsights_sitenote_category":0,"footnotes":""},"categories":[101],"tags":[],"yoast_head":"<!-- This site is optimized with the Yoast SEO plugin v23.2 - https:\/\/yoast.com\/wordpress\/plugins\/seo\/ -->\n<title>La prochaine g\u00e9n\u00e9ration de Ford Edge est arriv\u00e9e en Chine - CanadaMotorJobs.com<\/title>\n<meta name=\"description\" content=\"La prochaine g\u00e9n\u00e9ration de Ford Edge est arriv\u00e9e en Chine - Benoit Charette - Annuel automobile - CanadaMotorJobs.com.\" \/>\n<meta name=\"robots\" content=\"index, follow, max-snippet:-1, max-image-preview:large, max-video-preview:-1\" \/>\n<meta property=\"og:locale\" content=\"fr_CA\" \/>\n<meta property=\"og:type\" content=\"article\" \/>\n<meta property=\"og:title\" content=\"La prochaine g\u00e9n\u00e9ration de Ford Edge est arriv\u00e9e en Chine - CanadaMotorJobs.com\" \/>\n<meta property=\"og:description\" content=\"La prochaine g\u00e9n\u00e9ration de Ford Edge est arriv\u00e9e en Chine - Benoit Charette - Annuel automobile - CanadaMotorJobs.com.\" \/>\n<meta property=\"og:url\" content=\"https:\/\/news.canadamotorjobs.com\/fr\/la-prochaine-generation-de-ford-edge-est-arrivee-en-chine\/\" \/>\n<meta property=\"og:site_name\" content=\"CanadaMotorJobs.com\" \/>\n<meta property=\"article:publisher\" content=\"https:\/\/www.facebook.com\/canadamotorjobs\/\" \/>\n<meta property=\"article:published_time\" content=\"2022-08-12T12:10:20+00:00\" \/>\n<meta property=\"article:modified_time\" content=\"2022-08-12T12:14:35+00:00\" \/>\n<meta property=\"og:image\" content=\"https:\/\/news.canadamotorjobs.com\/wp-content\/uploads\/2022\/08\/2023-ford-edge-china-1.jpg\" \/>\n\t<meta property=\"og:image:width\" content=\"1280\" \/>\n\t<meta property=\"og:image:height\" content=\"720\" \/>\n\t<meta property=\"og:image:type\" content=\"image\/jpeg\" \/>\n<meta name=\"author\" content=\"Benoit Charette\" \/>\n<meta name=\"twitter:card\" content=\"summary_large_image\" \/>\n<meta name=\"twitter:creator\" content=\"@canadamotorjobs\" \/>\n<meta name=\"twitter:site\" content=\"@canadamotorjobs\" \/>\n<meta name=\"twitter:label1\" content=\"\u00c9crit par\" \/>\n\t<meta name=\"twitter:data1\" content=\"Benoit Charette\" \/>\n\t<meta name=\"twitter:label2\" content=\"Estimation du temps de lecture\" \/>\n\t<meta name=\"twitter:data2\" content=\"1 minute\" \/>\n<!-- \/ Yoast SEO plugin. -->","yoast_head_json":{"title":"La prochaine g\u00e9n\u00e9ration de Ford Edge est arriv\u00e9e en Chine - CanadaMotorJobs.com","description":"La prochaine g\u00e9n\u00e9ration de Ford Edge est arriv\u00e9e en Chine - Benoit Charette - Annuel automobile - CanadaMotorJobs.com.","robots":{"index":"index","follow":"follow","max-snippet":"max-snippet:-1","max-image-preview":"max-image-preview:large","max-video-preview":"max-video-preview:-1"},"og_locale":"fr_CA","og_type":"article","og_title":"La prochaine g\u00e9n\u00e9ration de Ford Edge est arriv\u00e9e en Chine - CanadaMotorJobs.com","og_description":"La prochaine g\u00e9n\u00e9ration de Ford Edge est arriv\u00e9e en Chine - Benoit Charette - Annuel automobile - CanadaMotorJobs.com.","og_url":"https:\/\/news.canadamotorjobs.com\/fr\/la-prochaine-generation-de-ford-edge-est-arrivee-en-chine\/","og_site_name":"CanadaMotorJobs.com","article_publisher":"https:\/\/www.facebook.com\/canadamotorjobs\/","article_published_time":"2022-08-12T12:10:20+00:00","article_modified_time":"2022-08-12T12:14:35+00:00","og_image":[{"width":1280,"height":720,"url":"https:\/\/news.canadamotorjobs.com\/wp-content\/uploads\/2022\/08\/2023-ford-edge-china-1.jpg","type":"image\/jpeg"}],"author":"Benoit Charette","twitter_card":"summary_large_image","twitter_creator":"@canadamotorjobs","twitter_site":"@canadamotorjobs","twitter_misc":{"\u00c9crit par":"Benoit Charette","Estimation du temps de lecture":"1 minute"},"schema":{"@context":"https:\/\/schema.org","@graph":[{"@type":"Article","@id":"https:\/\/news.canadamotorjobs.com\/fr\/la-prochaine-generation-de-ford-edge-est-arrivee-en-chine\/#article","isPartOf":{"@id":"https:\/\/news.canadamotorjobs.com\/fr\/la-prochaine-generation-de-ford-edge-est-arrivee-en-chine\/"},"author":{"name":"Benoit Charette","@id":"https:\/\/news.canadamotorjobs.com\/#\/schema\/person\/51793d1f87d44011d7bcc2ed99269a90"},"headline":"La prochaine g\u00e9n\u00e9ration de Ford Edge est arriv\u00e9e en Chine","datePublished":"2022-08-12T12:10:20+00:00","dateModified":"2022-08-12T12:14:35+00:00","mainEntityOfPage":{"@id":"https:\/\/news.canadamotorjobs.com\/fr\/la-prochaine-generation-de-ford-edge-est-arrivee-en-chine\/"},"wordCount":313,"publisher":{"@id":"https:\/\/news.canadamotorjobs.com\/#organization"},"image":{"@id":"https:\/\/news.canadamotorjobs.com\/fr\/la-prochaine-generation-de-ford-edge-est-arrivee-en-chine\/#primaryimage"},"thumbnailUrl":"https:\/\/news.canadamotorjobs.com\/wp-content\/uploads\/2022\/08\/2023-ford-edge-china-1.jpg","articleSection":["Annuel automobile"],"inLanguage":"fr-CA"},{"@type":"WebPage","@id":"https:\/\/news.canadamotorjobs.com\/fr\/la-prochaine-generation-de-ford-edge-est-arrivee-en-chine\/","url":"https:\/\/news.canadamotorjobs.com\/fr\/la-prochaine-generation-de-ford-edge-est-arrivee-en-chine\/","name":"La prochaine g\u00e9n\u00e9ration de Ford Edge est arriv\u00e9e en Chine - CanadaMotorJobs.com","isPartOf":{"@id":"https:\/\/news.canadamotorjobs.com\/#website"},"primaryImageOfPage":{"@id":"https:\/\/news.canadamotorjobs.com\/fr\/la-prochaine-generation-de-ford-edge-est-arrivee-en-chine\/#primaryimage"},"image":{"@id":"https:\/\/news.canadamotorjobs.com\/fr\/la-prochaine-generation-de-ford-edge-est-arrivee-en-chine\/#primaryimage"},"thumbnailUrl":"https:\/\/news.canadamotorjobs.com\/wp-content\/uploads\/2022\/08\/2023-ford-edge-china-1.jpg","datePublished":"2022-08-12T12:10:20+00:00","dateModified":"2022-08-12T12:14:35+00:00","description":"La prochaine g\u00e9n\u00e9ration de Ford Edge est arriv\u00e9e en Chine - Benoit Charette - Annuel automobile - CanadaMotorJobs.com.","breadcrumb":{"@id":"https:\/\/news.canadamotorjobs.com\/fr\/la-prochaine-generation-de-ford-edge-est-arrivee-en-chine\/#breadcrumb"},"inLanguage":"fr-CA","potentialAction":[{"@type":"ReadAction","target":["https:\/\/news.canadamotorjobs.com\/fr\/la-prochaine-generation-de-ford-edge-est-arrivee-en-chine\/"]}]},{"@type":"ImageObject","inLanguage":"fr-CA","@id":"https:\/\/news.canadamotorjobs.com\/fr\/la-prochaine-generation-de-ford-edge-est-arrivee-en-chine\/#primaryimage","url":"https:\/\/news.canadamotorjobs.com\/wp-content\/uploads\/2022\/08\/2023-ford-edge-china-1.jpg","contentUrl":"https:\/\/news.canadamotorjobs.com\/wp-content\/uploads\/2022\/08\/2023-ford-edge-china-1.jpg","width":1280,"height":720},{"@type":"BreadcrumbList","@id":"https:\/\/news.canadamotorjobs.com\/fr\/la-prochaine-generation-de-ford-edge-est-arrivee-en-chine\/#breadcrumb","itemListElement":[{"@type":"ListItem","position":1,"name":"Home","item":"https:\/\/news.canadamotorjobs.com\/fr\/blog\/"},{"@type":"ListItem","position":2,"name":"La prochaine g\u00e9n\u00e9ration de Ford Edge est arriv\u00e9e en Chine"}]},{"@type":"WebSite","@id":"https:\/\/news.canadamotorjobs.com\/#website","url":"https:\/\/news.canadamotorjobs.com\/","name":"CanadaMotorJobs.com","description":"Automotive Jobs","publisher":{"@id":"https:\/\/news.canadamotorjobs.com\/#organization"},"potentialAction":[{"@type":"SearchAction","target":{"@type":"EntryPoint","urlTemplate":"https:\/\/news.canadamotorjobs.com\/?s={search_term_string}"},"query-input":"required name=search_term_string"}],"inLanguage":"fr-CA"},{"@type":"Organization","@id":"https:\/\/news.canadamotorjobs.com\/#organization","name":"Canada Motor Jobs","url":"https:\/\/news.canadamotorjobs.com\/","logo":{"@type":"ImageObject","inLanguage":"fr-CA","@id":"https:\/\/news.canadamotorjobs.com\/#\/schema\/logo\/image\/","url":"https:\/\/news.canadamotorjobs.com\/wp-content\/uploads\/2022\/10\/logo-canada-motor-jobs-1.png","contentUrl":"https:\/\/news.canadamotorjobs.com\/wp-content\/uploads\/2022\/10\/logo-canada-motor-jobs-1.png","width":800,"height":400,"caption":"Canada Motor Jobs"},"image":{"@id":"https:\/\/news.canadamotorjobs.com\/#\/schema\/logo\/image\/"},"sameAs":["https:\/\/www.facebook.com\/canadamotorjobs\/","https:\/\/x.com\/canadamotorjobs","https:\/\/www.instagram.com\/canadamotorjobs\/","https:\/\/www.linkedin.com\/company\/canadamotorjobs"]},{"@type":"Person","@id":"https:\/\/news.canadamotorjobs.com\/#\/schema\/person\/51793d1f87d44011d7bcc2ed99269a90","name":"Benoit Charette","image":{"@type":"ImageObject","inLanguage":"fr-CA","@id":"https:\/\/news.canadamotorjobs.com\/#\/schema\/person\/image\/","url":"https:\/\/secure.gravatar.com\/avatar\/45f3d2eebcccd909668d7ce7ea7267b6?s=96&d=mm&r=g","contentUrl":"https:\/\/secure.gravatar.com\/avatar\/45f3d2eebcccd909668d7ce7ea7267b6?s=96&d=mm&r=g","caption":"Benoit Charette"},"description":"Benoit Charette \/ Propri\u00e9taire et r\u00e9dacteur en chef Benoit Charette pratique le journalisme automobile depuis bient\u00f4t 30 ans. Il a fait ses classes au c\u00f4t\u00e9 de Daniel H\u00e9raud et au Carnet de route de 1992 \u00e0 2001. Il est fondateur, copropri\u00e9taire et r\u00e9dacteur en chef de L\u2019Annuel de l\u2019automobile, qu\u2019il publie depuis 2001. Il a anim\u00e9 les \u00e9missions RPM et RPM+ sur V et les L\u00e9gendes de la route sur Historia. \u00c0 la radio depuis 1986, il reprend l\u2019antenne cette ann\u00e9e sur les ondes de Cogeco et participe pour la deuxi\u00e8me ann\u00e9e \u00e0 l\u2019\u00e9mission Passion Auto sur RDS en plus de mettre en ligne le site Web officiel de L\u2019Annuel de l\u2019automobile sur annuelauto.ca.","sameAs":["https:\/\/annuelauto.ca\/"],"url":"https:\/\/news.canadamotorjobs.com\/fr\/author\/benoit-charette\/"}]}},"_links":{"self":[{"href":"https:\/\/news.canadamotorjobs.com\/fr\/wp-json\/wp\/v2\/posts\/42702"}],"collection":[{"href":"https:\/\/news.canadamotorjobs.com\/fr\/wp-json\/wp\/v2\/posts"}],"about":[{"href":"https:\/\/news.canadamotorjobs.com\/fr\/wp-json\/wp\/v2\/types\/post"}],"author":[{"embeddable":true,"href":"https:\/\/news.canadamotorjobs.com\/fr\/wp-json\/wp\/v2\/users\/8"}],"replies":[{"embeddable":true,"href":"https:\/\/news.canadamotorjobs.com\/fr\/wp-json\/wp\/v2\/comments?post=42702"}],"version-history":[{"count":0,"href":"https:\/\/news.canadamotorjobs.com\/fr\/wp-json\/wp\/v2\/posts\/42702\/revisions"}],"wp:featuredmedia":[{"embeddable":true,"href":"https:\/\/news.canadamotorjobs.com\/fr\/wp-json\/wp\/v2\/media\/42706"}],"wp:attachment":[{"href":"https:\/\/news.canadamotorjobs.com\/fr\/wp-json\/wp\/v2\/media?parent=42702"}],"wp:term":[{"taxonomy":"category","embeddable":true,"href":"https:\/\/news.canadamotorjobs.com\/fr\/wp-json\/wp\/v2\/categories?post=42702"},{"taxonomy":"post_tag","embeddable":true,"href":"https:\/\/news.canadamotorjobs.com\/fr\/wp-json\/wp\/v2\/tags?post=42702"}],"curies":[{"name":"wp","href":"https:\/\/api.w.org\/{rel}","templated":true}]}}