{"id":42694,"date":"2022-08-12T07:24:36","date_gmt":"2022-08-12T11:24:36","guid":{"rendered":"https:\/\/blog.canadamotorjobs.com\/bmw-va-vendre-des-vehicules-a-hydrogene-dici-2025\/"},"modified":"2022-08-12T07:29:35","modified_gmt":"2022-08-12T11:29:35","slug":"bmw-va-vendre-des-vehicules-a-hydrogene-dici-2025","status":"publish","type":"post","link":"https:\/\/news.canadamotorjobs.com\/fr\/bmw-va-vendre-des-vehicules-a-hydrogene-dici-2025\/","title":{"rendered":"BMW va vendre des v\u00e9hicules \u00e0 hydrog\u00e8ne d\u2019ici 2025"},"content":{"rendered":"<\/p>\n<p>BMW et Toyota ont partag\u00e9 pas mal de connaissances depuis quelques ann\u00e9es avec la Supra et la Z4. Les deux marques pensent aussi que l\u2019hydrog\u00e8ne fait partie de la solution d\u2019avenir en automobile. Avec le lancement du prototype BMW iX5 Hydrogen en 2023, nous avons maintenant une confirmation que les clients pourront aller acheter ce mod\u00e8le en concession en 2025. Le d\u00e9veloppement des piles se fait conjointement avec Toyota.<br \/> Quelques informations pr\u00e9liminaires<br \/> Il est encore un peu t\u00f4t pour lancer des chiffres d\u2019autonomie en carburant, mais le prototype iX5 dispose de deux r\u00e9servoirs d\u2019hydrog\u00e8ne de 5,8 kilos. C\u2019est pratiquement le double d\u2019une Toyota Mirai qui est capable d\u2019une autonomie de 640\u00a0km. De son c\u00f4t\u00e9, Toyota travaille sur une version du Corolla Cross \u00e0 hydrog\u00e8ne.<br \/> Un nouveau brevet sur l&#8217;hydrog\u00e8ne de BMW<br \/> Alors que les v\u00e9hicules avec piles \u00e0 combustible ont g\u00e9n\u00e9ralement adopt\u00e9 des r\u00e9servoirs d&#8217;hydrog\u00e8ne doubles (dans le cas de l&#8217;iX5, mont\u00e9s en forme de T dans le tunnel de transmission) le nouveau brevet (d\u00e9pos\u00e9 le 11 ao\u00fbt) d\u00e9crit une configuration de plusieurs r\u00e9servoirs plus petits dispos\u00e9s parall\u00e8lement les uns aux autres dans une disposition plate sous le plancher d&#8217;un v\u00e9hicule. Par rapport \u00e0 la configuration traditionnelle, cette orientation permettrait de lib\u00e9rer un espace pr\u00e9cieux dans le coffre, ce qui est pr\u00e9cis\u00e9ment la valeur d&#8217;une telle invention que BMW souligne dans les d\u00e9p\u00f4ts de brevet. Le nouveau syst\u00e8me de stockage de l&#8217;hydrog\u00e8ne de BMW occuperait le m\u00eame espace que la batterie dans un v\u00e9hicule \u00e9lectrique, ce qui permettrait \u00e0 cette<\/p>\n","protected":false},"excerpt":{"rendered":"<p>BMW et Toyota ont partag\u00e9 pas mal de connaissances depuis quelques ann\u00e9es avec la Supra et la Z4. Les deux marques pensent aussi que l\u2019hydrog\u00e8ne fait partie de la solution d\u2019avenir en automobile. Avec le lancement du prototype BMW iX5 Hydrogen en 2023, nous avons maintenant une confirmation que les clients pourront aller acheter ce [&hellip;]<\/p>\n","protected":false},"author":8,"featured_media":42698,"comment_status":"close","ping_status":"closed","sticky":false,"template":"","format":"standard","meta":{"_monsterinsights_skip_tracking":false,"_monsterinsights_sitenote_active":false,"_monsterinsights_sitenote_note":"","_monsterinsights_sitenote_category":0,"footnotes":""},"categories":[101],"tags":[],"yoast_head":"<!-- This site is optimized with the Yoast SEO plugin v23.2 - https:\/\/yoast.com\/wordpress\/plugins\/seo\/ -->\n<title>BMW va vendre des v\u00e9hicules \u00e0 hydrog\u00e8ne d\u2019ici 2025 - CanadaMotorJobs.com<\/title>\n<meta name=\"description\" content=\"BMW va vendre des v\u00e9hicules \u00e0 hydrog\u00e8ne d\u2019ici 2025 - Benoit Charette - Annuel automobile - CanadaMotorJobs.com.\" \/>\n<meta name=\"robots\" content=\"index, follow, max-snippet:-1, max-image-preview:large, max-video-preview:-1\" \/>\n<meta property=\"og:locale\" content=\"fr_CA\" \/>\n<meta property=\"og:type\" content=\"article\" \/>\n<meta property=\"og:title\" content=\"BMW va vendre des v\u00e9hicules \u00e0 hydrog\u00e8ne d\u2019ici 2025 - CanadaMotorJobs.com\" \/>\n<meta property=\"og:description\" content=\"BMW va vendre des v\u00e9hicules \u00e0 hydrog\u00e8ne d\u2019ici 2025 - Benoit Charette - Annuel automobile - CanadaMotorJobs.com.\" \/>\n<meta property=\"og:url\" content=\"https:\/\/news.canadamotorjobs.com\/fr\/bmw-va-vendre-des-vehicules-a-hydrogene-dici-2025\/\" \/>\n<meta property=\"og:site_name\" content=\"CanadaMotorJobs.com\" \/>\n<meta property=\"article:publisher\" content=\"https:\/\/www.facebook.com\/canadamotorjobs\/\" \/>\n<meta property=\"article:published_time\" content=\"2022-08-12T11:24:36+00:00\" \/>\n<meta property=\"article:modified_time\" content=\"2022-08-12T11:29:35+00:00\" \/>\n<meta property=\"og:image\" content=\"https:\/\/news.canadamotorjobs.com\/wp-content\/uploads\/2022\/08\/P90453449_highRes_bmw-ix5-hydrogen-win-scaled-e1647031211576-1.jpg\" \/>\n\t<meta property=\"og:image:width\" content=\"2560\" \/>\n\t<meta property=\"og:image:height\" content=\"1440\" \/>\n\t<meta property=\"og:image:type\" content=\"image\/jpeg\" \/>\n<meta name=\"author\" content=\"Benoit Charette\" \/>\n<meta name=\"twitter:card\" content=\"summary_large_image\" \/>\n<meta name=\"twitter:creator\" content=\"@canadamotorjobs\" \/>\n<meta name=\"twitter:site\" content=\"@canadamotorjobs\" \/>\n<meta name=\"twitter:label1\" content=\"\u00c9crit par\" \/>\n\t<meta name=\"twitter:data1\" content=\"Benoit Charette\" \/>\n\t<meta name=\"twitter:label2\" content=\"Estimation du temps de lecture\" \/>\n\t<meta name=\"twitter:data2\" content=\"1 minute\" \/>\n<!-- \/ Yoast SEO plugin. -->","yoast_head_json":{"title":"BMW va vendre des v\u00e9hicules \u00e0 hydrog\u00e8ne d\u2019ici 2025 - CanadaMotorJobs.com","description":"BMW va vendre des v\u00e9hicules \u00e0 hydrog\u00e8ne d\u2019ici 2025 - Benoit Charette - Annuel automobile - CanadaMotorJobs.com.","robots":{"index":"index","follow":"follow","max-snippet":"max-snippet:-1","max-image-preview":"max-image-preview:large","max-video-preview":"max-video-preview:-1"},"og_locale":"fr_CA","og_type":"article","og_title":"BMW va vendre des v\u00e9hicules \u00e0 hydrog\u00e8ne d\u2019ici 2025 - CanadaMotorJobs.com","og_description":"BMW va vendre des v\u00e9hicules \u00e0 hydrog\u00e8ne d\u2019ici 2025 - Benoit Charette - Annuel automobile - CanadaMotorJobs.com.","og_url":"https:\/\/news.canadamotorjobs.com\/fr\/bmw-va-vendre-des-vehicules-a-hydrogene-dici-2025\/","og_site_name":"CanadaMotorJobs.com","article_publisher":"https:\/\/www.facebook.com\/canadamotorjobs\/","article_published_time":"2022-08-12T11:24:36+00:00","article_modified_time":"2022-08-12T11:29:35+00:00","og_image":[{"width":2560,"height":1440,"url":"https:\/\/news.canadamotorjobs.com\/wp-content\/uploads\/2022\/08\/P90453449_highRes_bmw-ix5-hydrogen-win-scaled-e1647031211576-1.jpg","type":"image\/jpeg"}],"author":"Benoit Charette","twitter_card":"summary_large_image","twitter_creator":"@canadamotorjobs","twitter_site":"@canadamotorjobs","twitter_misc":{"\u00c9crit par":"Benoit Charette","Estimation du temps de lecture":"1 minute"},"schema":{"@context":"https:\/\/schema.org","@graph":[{"@type":"Article","@id":"https:\/\/news.canadamotorjobs.com\/fr\/bmw-va-vendre-des-vehicules-a-hydrogene-dici-2025\/#article","isPartOf":{"@id":"https:\/\/news.canadamotorjobs.com\/fr\/bmw-va-vendre-des-vehicules-a-hydrogene-dici-2025\/"},"author":{"name":"Benoit Charette","@id":"https:\/\/news.canadamotorjobs.com\/#\/schema\/person\/51793d1f87d44011d7bcc2ed99269a90"},"headline":"BMW va vendre des v\u00e9hicules \u00e0 hydrog\u00e8ne d\u2019ici 2025","datePublished":"2022-08-12T11:24:36+00:00","dateModified":"2022-08-12T11:29:35+00:00","mainEntityOfPage":{"@id":"https:\/\/news.canadamotorjobs.com\/fr\/bmw-va-vendre-des-vehicules-a-hydrogene-dici-2025\/"},"wordCount":299,"publisher":{"@id":"https:\/\/news.canadamotorjobs.com\/#organization"},"image":{"@id":"https:\/\/news.canadamotorjobs.com\/fr\/bmw-va-vendre-des-vehicules-a-hydrogene-dici-2025\/#primaryimage"},"thumbnailUrl":"https:\/\/news.canadamotorjobs.com\/wp-content\/uploads\/2022\/08\/P90453449_highRes_bmw-ix5-hydrogen-win-scaled-e1647031211576-1.jpg","articleSection":["Annuel automobile"],"inLanguage":"fr-CA"},{"@type":"WebPage","@id":"https:\/\/news.canadamotorjobs.com\/fr\/bmw-va-vendre-des-vehicules-a-hydrogene-dici-2025\/","url":"https:\/\/news.canadamotorjobs.com\/fr\/bmw-va-vendre-des-vehicules-a-hydrogene-dici-2025\/","name":"BMW va vendre des v\u00e9hicules \u00e0 hydrog\u00e8ne d\u2019ici 2025 - CanadaMotorJobs.com","isPartOf":{"@id":"https:\/\/news.canadamotorjobs.com\/#website"},"primaryImageOfPage":{"@id":"https:\/\/news.canadamotorjobs.com\/fr\/bmw-va-vendre-des-vehicules-a-hydrogene-dici-2025\/#primaryimage"},"image":{"@id":"https:\/\/news.canadamotorjobs.com\/fr\/bmw-va-vendre-des-vehicules-a-hydrogene-dici-2025\/#primaryimage"},"thumbnailUrl":"https:\/\/news.canadamotorjobs.com\/wp-content\/uploads\/2022\/08\/P90453449_highRes_bmw-ix5-hydrogen-win-scaled-e1647031211576-1.jpg","datePublished":"2022-08-12T11:24:36+00:00","dateModified":"2022-08-12T11:29:35+00:00","description":"BMW va vendre des v\u00e9hicules \u00e0 hydrog\u00e8ne d\u2019ici 2025 - Benoit Charette - Annuel automobile - CanadaMotorJobs.com.","breadcrumb":{"@id":"https:\/\/news.canadamotorjobs.com\/fr\/bmw-va-vendre-des-vehicules-a-hydrogene-dici-2025\/#breadcrumb"},"inLanguage":"fr-CA","potentialAction":[{"@type":"ReadAction","target":["https:\/\/news.canadamotorjobs.com\/fr\/bmw-va-vendre-des-vehicules-a-hydrogene-dici-2025\/"]}]},{"@type":"ImageObject","inLanguage":"fr-CA","@id":"https:\/\/news.canadamotorjobs.com\/fr\/bmw-va-vendre-des-vehicules-a-hydrogene-dici-2025\/#primaryimage","url":"https:\/\/news.canadamotorjobs.com\/wp-content\/uploads\/2022\/08\/P90453449_highRes_bmw-ix5-hydrogen-win-scaled-e1647031211576-1.jpg","contentUrl":"https:\/\/news.canadamotorjobs.com\/wp-content\/uploads\/2022\/08\/P90453449_highRes_bmw-ix5-hydrogen-win-scaled-e1647031211576-1.jpg","width":2560,"height":1440},{"@type":"BreadcrumbList","@id":"https:\/\/news.canadamotorjobs.com\/fr\/bmw-va-vendre-des-vehicules-a-hydrogene-dici-2025\/#breadcrumb","itemListElement":[{"@type":"ListItem","position":1,"name":"Home","item":"https:\/\/news.canadamotorjobs.com\/fr\/blog\/"},{"@type":"ListItem","position":2,"name":"BMW va vendre des v\u00e9hicules \u00e0 hydrog\u00e8ne d\u2019ici 2025"}]},{"@type":"WebSite","@id":"https:\/\/news.canadamotorjobs.com\/#website","url":"https:\/\/news.canadamotorjobs.com\/","name":"CanadaMotorJobs.com","description":"Automotive Jobs","publisher":{"@id":"https:\/\/news.canadamotorjobs.com\/#organization"},"potentialAction":[{"@type":"SearchAction","target":{"@type":"EntryPoint","urlTemplate":"https:\/\/news.canadamotorjobs.com\/?s={search_term_string}"},"query-input":"required name=search_term_string"}],"inLanguage":"fr-CA"},{"@type":"Organization","@id":"https:\/\/news.canadamotorjobs.com\/#organization","name":"Canada Motor Jobs","url":"https:\/\/news.canadamotorjobs.com\/","logo":{"@type":"ImageObject","inLanguage":"fr-CA","@id":"https:\/\/news.canadamotorjobs.com\/#\/schema\/logo\/image\/","url":"https:\/\/news.canadamotorjobs.com\/wp-content\/uploads\/2022\/10\/logo-canada-motor-jobs-1.png","contentUrl":"https:\/\/news.canadamotorjobs.com\/wp-content\/uploads\/2022\/10\/logo-canada-motor-jobs-1.png","width":800,"height":400,"caption":"Canada Motor Jobs"},"image":{"@id":"https:\/\/news.canadamotorjobs.com\/#\/schema\/logo\/image\/"},"sameAs":["https:\/\/www.facebook.com\/canadamotorjobs\/","https:\/\/x.com\/canadamotorjobs","https:\/\/www.instagram.com\/canadamotorjobs\/","https:\/\/www.linkedin.com\/company\/canadamotorjobs"]},{"@type":"Person","@id":"https:\/\/news.canadamotorjobs.com\/#\/schema\/person\/51793d1f87d44011d7bcc2ed99269a90","name":"Benoit Charette","image":{"@type":"ImageObject","inLanguage":"fr-CA","@id":"https:\/\/news.canadamotorjobs.com\/#\/schema\/person\/image\/","url":"https:\/\/secure.gravatar.com\/avatar\/45f3d2eebcccd909668d7ce7ea7267b6?s=96&d=mm&r=g","contentUrl":"https:\/\/secure.gravatar.com\/avatar\/45f3d2eebcccd909668d7ce7ea7267b6?s=96&d=mm&r=g","caption":"Benoit Charette"},"description":"Benoit Charette \/ Propri\u00e9taire et r\u00e9dacteur en chef Benoit Charette pratique le journalisme automobile depuis bient\u00f4t 30 ans. Il a fait ses classes au c\u00f4t\u00e9 de Daniel H\u00e9raud et au Carnet de route de 1992 \u00e0 2001. Il est fondateur, copropri\u00e9taire et r\u00e9dacteur en chef de L\u2019Annuel de l\u2019automobile, qu\u2019il publie depuis 2001. Il a anim\u00e9 les \u00e9missions RPM et RPM+ sur V et les L\u00e9gendes de la route sur Historia. \u00c0 la radio depuis 1986, il reprend l\u2019antenne cette ann\u00e9e sur les ondes de Cogeco et participe pour la deuxi\u00e8me ann\u00e9e \u00e0 l\u2019\u00e9mission Passion Auto sur RDS en plus de mettre en ligne le site Web officiel de L\u2019Annuel de l\u2019automobile sur annuelauto.ca.","sameAs":["https:\/\/annuelauto.ca\/"],"url":"https:\/\/news.canadamotorjobs.com\/fr\/author\/benoit-charette\/"}]}},"_links":{"self":[{"href":"https:\/\/news.canadamotorjobs.com\/fr\/wp-json\/wp\/v2\/posts\/42694"}],"collection":[{"href":"https:\/\/news.canadamotorjobs.com\/fr\/wp-json\/wp\/v2\/posts"}],"about":[{"href":"https:\/\/news.canadamotorjobs.com\/fr\/wp-json\/wp\/v2\/types\/post"}],"author":[{"embeddable":true,"href":"https:\/\/news.canadamotorjobs.com\/fr\/wp-json\/wp\/v2\/users\/8"}],"replies":[{"embeddable":true,"href":"https:\/\/news.canadamotorjobs.com\/fr\/wp-json\/wp\/v2\/comments?post=42694"}],"version-history":[{"count":0,"href":"https:\/\/news.canadamotorjobs.com\/fr\/wp-json\/wp\/v2\/posts\/42694\/revisions"}],"wp:featuredmedia":[{"embeddable":true,"href":"https:\/\/news.canadamotorjobs.com\/fr\/wp-json\/wp\/v2\/media\/42698"}],"wp:attachment":[{"href":"https:\/\/news.canadamotorjobs.com\/fr\/wp-json\/wp\/v2\/media?parent=42694"}],"wp:term":[{"taxonomy":"category","embeddable":true,"href":"https:\/\/news.canadamotorjobs.com\/fr\/wp-json\/wp\/v2\/categories?post=42694"},{"taxonomy":"post_tag","embeddable":true,"href":"https:\/\/news.canadamotorjobs.com\/fr\/wp-json\/wp\/v2\/tags?post=42694"}],"curies":[{"name":"wp","href":"https:\/\/api.w.org\/{rel}","templated":true}]}}