{"id":42686,"date":"2022-08-11T17:54:05","date_gmt":"2022-08-11T21:54:05","guid":{"rendered":"https:\/\/blog.canadamotorjobs.com\/le-mitsubishi-outlander-phev-2023-arrive-au-canada-en-novembre\/"},"modified":"2022-08-11T17:59:01","modified_gmt":"2022-08-11T21:59:01","slug":"le-mitsubishi-outlander-phev-2023-arrive-au-canada-en-novembre","status":"publish","type":"post","link":"https:\/\/news.canadamotorjobs.com\/fr\/le-mitsubishi-outlander-phev-2023-arrive-au-canada-en-novembre\/","title":{"rendered":"Le Mitsubishi Outlander PHEV 2023 arrive au Canada en novembre"},"content":{"rendered":"<\/p>\n<p><strong>Deux moteurs \u00e9lectriques<\/strong><br \/> Le tout nouveau Outlander hybride branchable utilise un syst\u00e8me \u00e0 traction int\u00e9grale \u00e0 deux moteurs \u00e9lectriques, un \u00e0 l\u2019avant et l\u2019autre \u00e0 l\u2019arri\u00e8re du v\u00e9hicule. Le moteur de l\u2019essieu avant g\u00e9n\u00e8re 114\u00a0ch, contre 80\u00a0ch auparavant, tout en occupant un espace similaire dans le v\u00e9hicule.\u00a0 Le moteur arri\u00e8re d\u00e9veloppe 134\u00a0ch, contre 90\u00a0ch pr\u00e9c\u00e9demment. Le moteur arri\u00e8re est dot\u00e9 d\u2019un nouveau module de commande int\u00e9gr\u00e9 occupant un espace plus petit qu\u2019auparavant, ce qui permet au nouveau Outlander PHEV d\u2019offrir une configuration \u00e0 trois rang\u00e9es de si\u00e8ges pour la premi\u00e8re fois. La puissance totale des nouveaux moteurs \u00e9lectriques est en hausse de plus de 40\u00a0%.<br \/> Peu d\u2019information pertinente<br \/> Nous savons que la nouvelle batterie offre une capacit\u00e9 de stockage de 20\u00a0kWh, compar\u00e9e \u00e0 13,8\u00a0kWh de la version pr\u00e9c\u00e9dente. La nouvelle batterie et les deux moteurs \u00e9lectriques sont associ\u00e9s \u00e0 un moteur 4 cylindres de 2,4\u00a0L \u00e0 cycle Atkinson r\u00e9vis\u00e9 et sp\u00e9cifiquement adapt\u00e9.\u00a0Par contre impossible de conna\u00eetre la puissance totale des moteurs ni l\u2019autonomie en mode 100\u00a0% \u00e9lectrique. En sachant que l\u2019ancienne version donnait environ 37\u00a0km et que la capacit\u00e9 de la nouvelle batterie est 45\u00a0% meilleure. Il faut pr\u00e9voir environ 54\u00a0km. Mais, ce ne sont que des suppositions.<br \/> Sept modes de conduite<br \/> Sept modes de conduite peuvent \u00eatre s\u00e9lectionn\u00e9s en fonction des conditions routi\u00e8res et du style de conduite. Le mode Normal, Tarmac (ou sport), le mode Gravel, neige, boue, power, qui offre une acc\u00e9l\u00e9ration puissante lorsque cela est n\u00e9cessaire, et le mode Eco qui privil\u00e9gie une conduite \u00e9conomique et<\/p>\n","protected":false},"excerpt":{"rendered":"<p>Deux moteurs \u00e9lectriques Le tout nouveau Outlander hybride branchable utilise un syst\u00e8me \u00e0 traction int\u00e9grale \u00e0 deux moteurs \u00e9lectriques, un \u00e0 l\u2019avant et l\u2019autre \u00e0 l\u2019arri\u00e8re du v\u00e9hicule. Le moteur de l\u2019essieu avant g\u00e9n\u00e8re 114\u00a0ch, contre 80\u00a0ch auparavant, tout en occupant un espace similaire dans le v\u00e9hicule.\u00a0 Le moteur arri\u00e8re d\u00e9veloppe 134\u00a0ch, contre 90\u00a0ch pr\u00e9c\u00e9demment. [&hellip;]<\/p>\n","protected":false},"author":8,"featured_media":42690,"comment_status":"close","ping_status":"closed","sticky":false,"template":"","format":"standard","meta":{"_monsterinsights_skip_tracking":false,"_monsterinsights_sitenote_active":false,"_monsterinsights_sitenote_note":"","_monsterinsights_sitenote_category":0,"footnotes":""},"categories":[101],"tags":[],"yoast_head":"<!-- This site is optimized with the Yoast SEO plugin v23.2 - https:\/\/yoast.com\/wordpress\/plugins\/seo\/ -->\n<title>Le Mitsubishi Outlander PHEV 2023 arrive au Canada en novembre - CanadaMotorJobs.com<\/title>\n<meta name=\"description\" content=\"Le Mitsubishi Outlander PHEV 2023 arrive au Canada en novembre - Benoit Charette - Annuel automobile - CanadaMotorJobs.com.\" \/>\n<meta name=\"robots\" content=\"index, follow, max-snippet:-1, max-image-preview:large, max-video-preview:-1\" \/>\n<meta property=\"og:locale\" content=\"fr_CA\" \/>\n<meta property=\"og:type\" content=\"article\" \/>\n<meta property=\"og:title\" content=\"Le Mitsubishi Outlander PHEV 2023 arrive au Canada en novembre - CanadaMotorJobs.com\" \/>\n<meta property=\"og:description\" content=\"Le Mitsubishi Outlander PHEV 2023 arrive au Canada en novembre - Benoit Charette - Annuel automobile - CanadaMotorJobs.com.\" \/>\n<meta property=\"og:url\" content=\"https:\/\/news.canadamotorjobs.com\/fr\/le-mitsubishi-outlander-phev-2023-arrive-au-canada-en-novembre\/\" \/>\n<meta property=\"og:site_name\" content=\"CanadaMotorJobs.com\" \/>\n<meta property=\"article:publisher\" content=\"https:\/\/www.facebook.com\/canadamotorjobs\/\" \/>\n<meta property=\"article:published_time\" content=\"2022-08-11T21:54:05+00:00\" \/>\n<meta property=\"article:modified_time\" content=\"2022-08-11T21:59:01+00:00\" \/>\n<meta property=\"og:image\" content=\"https:\/\/news.canadamotorjobs.com\/wp-content\/uploads\/2022\/08\/2023-Mitsubishi-Outlander-PHEV-1.jpeg\" \/>\n\t<meta property=\"og:image:width\" content=\"1200\" \/>\n\t<meta property=\"og:image:height\" content=\"681\" \/>\n\t<meta property=\"og:image:type\" content=\"image\/jpeg\" \/>\n<meta name=\"author\" content=\"Benoit Charette\" \/>\n<meta name=\"twitter:card\" content=\"summary_large_image\" \/>\n<meta name=\"twitter:creator\" content=\"@canadamotorjobs\" \/>\n<meta name=\"twitter:site\" content=\"@canadamotorjobs\" \/>\n<meta name=\"twitter:label1\" content=\"\u00c9crit par\" \/>\n\t<meta name=\"twitter:data1\" content=\"Benoit Charette\" \/>\n\t<meta name=\"twitter:label2\" content=\"Estimation du temps de lecture\" \/>\n\t<meta name=\"twitter:data2\" content=\"1 minute\" \/>\n<!-- \/ Yoast SEO plugin. -->","yoast_head_json":{"title":"Le Mitsubishi Outlander PHEV 2023 arrive au Canada en novembre - CanadaMotorJobs.com","description":"Le Mitsubishi Outlander PHEV 2023 arrive au Canada en novembre - Benoit Charette - Annuel automobile - CanadaMotorJobs.com.","robots":{"index":"index","follow":"follow","max-snippet":"max-snippet:-1","max-image-preview":"max-image-preview:large","max-video-preview":"max-video-preview:-1"},"og_locale":"fr_CA","og_type":"article","og_title":"Le Mitsubishi Outlander PHEV 2023 arrive au Canada en novembre - CanadaMotorJobs.com","og_description":"Le Mitsubishi Outlander PHEV 2023 arrive au Canada en novembre - Benoit Charette - Annuel automobile - CanadaMotorJobs.com.","og_url":"https:\/\/news.canadamotorjobs.com\/fr\/le-mitsubishi-outlander-phev-2023-arrive-au-canada-en-novembre\/","og_site_name":"CanadaMotorJobs.com","article_publisher":"https:\/\/www.facebook.com\/canadamotorjobs\/","article_published_time":"2022-08-11T21:54:05+00:00","article_modified_time":"2022-08-11T21:59:01+00:00","og_image":[{"width":1200,"height":681,"url":"https:\/\/news.canadamotorjobs.com\/wp-content\/uploads\/2022\/08\/2023-Mitsubishi-Outlander-PHEV-1.jpeg","type":"image\/jpeg"}],"author":"Benoit Charette","twitter_card":"summary_large_image","twitter_creator":"@canadamotorjobs","twitter_site":"@canadamotorjobs","twitter_misc":{"\u00c9crit par":"Benoit Charette","Estimation du temps de lecture":"1 minute"},"schema":{"@context":"https:\/\/schema.org","@graph":[{"@type":"Article","@id":"https:\/\/news.canadamotorjobs.com\/fr\/le-mitsubishi-outlander-phev-2023-arrive-au-canada-en-novembre\/#article","isPartOf":{"@id":"https:\/\/news.canadamotorjobs.com\/fr\/le-mitsubishi-outlander-phev-2023-arrive-au-canada-en-novembre\/"},"author":{"name":"Benoit Charette","@id":"https:\/\/news.canadamotorjobs.com\/#\/schema\/person\/51793d1f87d44011d7bcc2ed99269a90"},"headline":"Le Mitsubishi Outlander PHEV 2023 arrive au Canada en novembre","datePublished":"2022-08-11T21:54:05+00:00","dateModified":"2022-08-11T21:59:01+00:00","mainEntityOfPage":{"@id":"https:\/\/news.canadamotorjobs.com\/fr\/le-mitsubishi-outlander-phev-2023-arrive-au-canada-en-novembre\/"},"wordCount":289,"publisher":{"@id":"https:\/\/news.canadamotorjobs.com\/#organization"},"image":{"@id":"https:\/\/news.canadamotorjobs.com\/fr\/le-mitsubishi-outlander-phev-2023-arrive-au-canada-en-novembre\/#primaryimage"},"thumbnailUrl":"https:\/\/news.canadamotorjobs.com\/wp-content\/uploads\/2022\/08\/2023-Mitsubishi-Outlander-PHEV-1.jpeg","articleSection":["Annuel automobile"],"inLanguage":"fr-CA"},{"@type":"WebPage","@id":"https:\/\/news.canadamotorjobs.com\/fr\/le-mitsubishi-outlander-phev-2023-arrive-au-canada-en-novembre\/","url":"https:\/\/news.canadamotorjobs.com\/fr\/le-mitsubishi-outlander-phev-2023-arrive-au-canada-en-novembre\/","name":"Le Mitsubishi Outlander PHEV 2023 arrive au Canada en novembre - CanadaMotorJobs.com","isPartOf":{"@id":"https:\/\/news.canadamotorjobs.com\/#website"},"primaryImageOfPage":{"@id":"https:\/\/news.canadamotorjobs.com\/fr\/le-mitsubishi-outlander-phev-2023-arrive-au-canada-en-novembre\/#primaryimage"},"image":{"@id":"https:\/\/news.canadamotorjobs.com\/fr\/le-mitsubishi-outlander-phev-2023-arrive-au-canada-en-novembre\/#primaryimage"},"thumbnailUrl":"https:\/\/news.canadamotorjobs.com\/wp-content\/uploads\/2022\/08\/2023-Mitsubishi-Outlander-PHEV-1.jpeg","datePublished":"2022-08-11T21:54:05+00:00","dateModified":"2022-08-11T21:59:01+00:00","description":"Le Mitsubishi Outlander PHEV 2023 arrive au Canada en novembre - Benoit Charette - Annuel automobile - CanadaMotorJobs.com.","breadcrumb":{"@id":"https:\/\/news.canadamotorjobs.com\/fr\/le-mitsubishi-outlander-phev-2023-arrive-au-canada-en-novembre\/#breadcrumb"},"inLanguage":"fr-CA","potentialAction":[{"@type":"ReadAction","target":["https:\/\/news.canadamotorjobs.com\/fr\/le-mitsubishi-outlander-phev-2023-arrive-au-canada-en-novembre\/"]}]},{"@type":"ImageObject","inLanguage":"fr-CA","@id":"https:\/\/news.canadamotorjobs.com\/fr\/le-mitsubishi-outlander-phev-2023-arrive-au-canada-en-novembre\/#primaryimage","url":"https:\/\/news.canadamotorjobs.com\/wp-content\/uploads\/2022\/08\/2023-Mitsubishi-Outlander-PHEV-1.jpeg","contentUrl":"https:\/\/news.canadamotorjobs.com\/wp-content\/uploads\/2022\/08\/2023-Mitsubishi-Outlander-PHEV-1.jpeg","width":1200,"height":681},{"@type":"BreadcrumbList","@id":"https:\/\/news.canadamotorjobs.com\/fr\/le-mitsubishi-outlander-phev-2023-arrive-au-canada-en-novembre\/#breadcrumb","itemListElement":[{"@type":"ListItem","position":1,"name":"Home","item":"https:\/\/news.canadamotorjobs.com\/fr\/blog\/"},{"@type":"ListItem","position":2,"name":"Le Mitsubishi Outlander PHEV 2023 arrive au Canada en novembre"}]},{"@type":"WebSite","@id":"https:\/\/news.canadamotorjobs.com\/#website","url":"https:\/\/news.canadamotorjobs.com\/","name":"CanadaMotorJobs.com","description":"Automotive Jobs","publisher":{"@id":"https:\/\/news.canadamotorjobs.com\/#organization"},"potentialAction":[{"@type":"SearchAction","target":{"@type":"EntryPoint","urlTemplate":"https:\/\/news.canadamotorjobs.com\/?s={search_term_string}"},"query-input":"required name=search_term_string"}],"inLanguage":"fr-CA"},{"@type":"Organization","@id":"https:\/\/news.canadamotorjobs.com\/#organization","name":"Canada Motor Jobs","url":"https:\/\/news.canadamotorjobs.com\/","logo":{"@type":"ImageObject","inLanguage":"fr-CA","@id":"https:\/\/news.canadamotorjobs.com\/#\/schema\/logo\/image\/","url":"https:\/\/news.canadamotorjobs.com\/wp-content\/uploads\/2022\/10\/logo-canada-motor-jobs-1.png","contentUrl":"https:\/\/news.canadamotorjobs.com\/wp-content\/uploads\/2022\/10\/logo-canada-motor-jobs-1.png","width":800,"height":400,"caption":"Canada Motor Jobs"},"image":{"@id":"https:\/\/news.canadamotorjobs.com\/#\/schema\/logo\/image\/"},"sameAs":["https:\/\/www.facebook.com\/canadamotorjobs\/","https:\/\/x.com\/canadamotorjobs","https:\/\/www.instagram.com\/canadamotorjobs\/","https:\/\/www.linkedin.com\/company\/canadamotorjobs"]},{"@type":"Person","@id":"https:\/\/news.canadamotorjobs.com\/#\/schema\/person\/51793d1f87d44011d7bcc2ed99269a90","name":"Benoit Charette","image":{"@type":"ImageObject","inLanguage":"fr-CA","@id":"https:\/\/news.canadamotorjobs.com\/#\/schema\/person\/image\/","url":"https:\/\/secure.gravatar.com\/avatar\/45f3d2eebcccd909668d7ce7ea7267b6?s=96&d=mm&r=g","contentUrl":"https:\/\/secure.gravatar.com\/avatar\/45f3d2eebcccd909668d7ce7ea7267b6?s=96&d=mm&r=g","caption":"Benoit Charette"},"description":"Benoit Charette \/ Propri\u00e9taire et r\u00e9dacteur en chef Benoit Charette pratique le journalisme automobile depuis bient\u00f4t 30 ans. Il a fait ses classes au c\u00f4t\u00e9 de Daniel H\u00e9raud et au Carnet de route de 1992 \u00e0 2001. Il est fondateur, copropri\u00e9taire et r\u00e9dacteur en chef de L\u2019Annuel de l\u2019automobile, qu\u2019il publie depuis 2001. Il a anim\u00e9 les \u00e9missions RPM et RPM+ sur V et les L\u00e9gendes de la route sur Historia. \u00c0 la radio depuis 1986, il reprend l\u2019antenne cette ann\u00e9e sur les ondes de Cogeco et participe pour la deuxi\u00e8me ann\u00e9e \u00e0 l\u2019\u00e9mission Passion Auto sur RDS en plus de mettre en ligne le site Web officiel de L\u2019Annuel de l\u2019automobile sur annuelauto.ca.","sameAs":["https:\/\/annuelauto.ca\/"],"url":"https:\/\/news.canadamotorjobs.com\/fr\/author\/benoit-charette\/"}]}},"_links":{"self":[{"href":"https:\/\/news.canadamotorjobs.com\/fr\/wp-json\/wp\/v2\/posts\/42686"}],"collection":[{"href":"https:\/\/news.canadamotorjobs.com\/fr\/wp-json\/wp\/v2\/posts"}],"about":[{"href":"https:\/\/news.canadamotorjobs.com\/fr\/wp-json\/wp\/v2\/types\/post"}],"author":[{"embeddable":true,"href":"https:\/\/news.canadamotorjobs.com\/fr\/wp-json\/wp\/v2\/users\/8"}],"replies":[{"embeddable":true,"href":"https:\/\/news.canadamotorjobs.com\/fr\/wp-json\/wp\/v2\/comments?post=42686"}],"version-history":[{"count":0,"href":"https:\/\/news.canadamotorjobs.com\/fr\/wp-json\/wp\/v2\/posts\/42686\/revisions"}],"wp:featuredmedia":[{"embeddable":true,"href":"https:\/\/news.canadamotorjobs.com\/fr\/wp-json\/wp\/v2\/media\/42690"}],"wp:attachment":[{"href":"https:\/\/news.canadamotorjobs.com\/fr\/wp-json\/wp\/v2\/media?parent=42686"}],"wp:term":[{"taxonomy":"category","embeddable":true,"href":"https:\/\/news.canadamotorjobs.com\/fr\/wp-json\/wp\/v2\/categories?post=42686"},{"taxonomy":"post_tag","embeddable":true,"href":"https:\/\/news.canadamotorjobs.com\/fr\/wp-json\/wp\/v2\/tags?post=42686"}],"curies":[{"name":"wp","href":"https:\/\/api.w.org\/{rel}","templated":true}]}}