{"id":42677,"date":"2022-08-11T07:00:42","date_gmt":"2022-08-11T11:00:42","guid":{"rendered":"https:\/\/blog.canadamotorjobs.com\/lannuel-de-lautomobile-2023-en-kiosque-le-2-septembre\/"},"modified":"2022-08-11T09:57:58","modified_gmt":"2022-08-11T13:57:58","slug":"lannuel-de-lautomobile-2023-en-kiosque-le-2-septembre","status":"publish","type":"post","link":"https:\/\/news.canadamotorjobs.com\/fr\/lannuel-de-lautomobile-2023-en-kiosque-le-2-septembre\/","title":{"rendered":"L\u2019Annuel de l\u2019automobile\u00a02023: En kiosque le 2 septembre"},"content":{"rendered":"<h3>Deux livres automobiles en un<\/h3>\n<p>Le monde automobile traverse la plus grande p\u00e9riode de changements de son histoire. L\u2019\u00e8re des v\u00e9hicules \u00e9lectriques est \u00e0 nos portes. Pour bien refl\u00e9ter cette nouvelle r\u00e9alit\u00e9 en pleine mutation, l\u2019Annuel de l\u2019automobile prend une nouvelle forme. Pour la premi\u00e8re fois en 22 ans, l\u2019Annuel de l\u2019automobile sera pr\u00e9sent\u00e9 en deux sections distinctes. Une premi\u00e8re section du livre sera consacr\u00e9e aux v\u00e9hicules avec moteurs \u00e0 essence et une seconde section du livre sera r\u00e9serv\u00e9e uniquement aux v\u00e9hicules hybrides branchables et 100 %. Une mani\u00e8re simple et efficace pour que les lecteurs trouvent rapidement l\u2019information qu\u2019ils d\u00e9sirent. Avec la quantit\u00e9 de mod\u00e8les \u00e9lectriques qui va grandir de mani\u00e8re exponentielle aux cours des prochaines ann\u00e9es, le segment \u00e9lectrique de l\u2019Annuel de l\u2019automobile va aussi prendre plus d\u2019espace. Pand\u00e9mie ou pas, l\u2019industrie automobile avance et l\u2019Annuel de l\u2019automobile est l\u00e0 pour vous tenir aux faits des plus r\u00e9centes informations.<\/p>\n<p><strong>Un coup d\u2019\u0153il sur nos reportages<\/strong><br \/>\n<strong>\u00a0<\/strong><br \/>\n<strong>1-Un grand comparatif sur les V\u00e9hicules \u00e9lectriques<br \/>\n<\/strong>L\u2019hiver dernier, 21 v\u00e9hicules 100% \u00e9lectrique ont quitt\u00e9s Trois Rivi\u00e8res par une temp\u00e9rature de -16 degr\u00e9s Celsius en direction de la route de glace de St-Ignace de Loyola. Cette classique hiV\u00c9rnale 2022 mise sur pied par Mobilit\u00e9 \u00e9lectrique Canada avait pour but de tester non seulement l\u2019autonomie et la consommation hivernale des 21 v\u00e9hicules \u00e9lectriques, mais aussi de mettre \u00e0 l\u2019\u00e9preuve les r\u00e9seaux de recharge. Nous publierons dans ce plus grand comparatif au monde tous les r\u00e9sultats de notre journ\u00e9e d\u2019essai et r\u00e9v\u00e9lons les r\u00e9elles<\/p>\n","protected":false},"excerpt":{"rendered":"<p>Deux livres automobiles en un Le monde automobile traverse la plus grande p\u00e9riode de changements de son histoire. L\u2019\u00e8re des v\u00e9hicules \u00e9lectriques est \u00e0 nos portes. Pour bien refl\u00e9ter cette nouvelle r\u00e9alit\u00e9 en pleine mutation, l\u2019Annuel de l\u2019automobile prend une nouvelle forme. Pour la premi\u00e8re fois en 22 ans, l\u2019Annuel de l\u2019automobile sera pr\u00e9sent\u00e9 en [&hellip;]<\/p>\n","protected":false},"author":8,"featured_media":42681,"comment_status":"close","ping_status":"closed","sticky":false,"template":"","format":"standard","meta":{"_monsterinsights_skip_tracking":false,"_monsterinsights_sitenote_active":false,"_monsterinsights_sitenote_note":"","_monsterinsights_sitenote_category":0,"footnotes":""},"categories":[101],"tags":[],"yoast_head":"<!-- This site is optimized with the Yoast SEO plugin v23.2 - https:\/\/yoast.com\/wordpress\/plugins\/seo\/ -->\n<title>L\u2019Annuel de l\u2019automobile\u00a02023: En kiosque le 2 septembre - CanadaMotorJobs.com<\/title>\n<meta name=\"description\" content=\"L\u2019Annuel de l\u2019automobile\u00a02023: En kiosque le 2 septembre - Benoit Charette - Annuel automobile - CanadaMotorJobs.com.\" \/>\n<meta name=\"robots\" content=\"index, follow, max-snippet:-1, max-image-preview:large, max-video-preview:-1\" \/>\n<meta property=\"og:locale\" content=\"fr_CA\" \/>\n<meta property=\"og:type\" content=\"article\" \/>\n<meta property=\"og:title\" content=\"L\u2019Annuel de l\u2019automobile\u00a02023: En kiosque le 2 septembre - CanadaMotorJobs.com\" \/>\n<meta property=\"og:description\" content=\"L\u2019Annuel de l\u2019automobile\u00a02023: En kiosque le 2 septembre - Benoit Charette - Annuel automobile - CanadaMotorJobs.com.\" \/>\n<meta property=\"og:url\" content=\"https:\/\/news.canadamotorjobs.com\/fr\/lannuel-de-lautomobile-2023-en-kiosque-le-2-septembre\/\" \/>\n<meta property=\"og:site_name\" content=\"CanadaMotorJobs.com\" \/>\n<meta property=\"article:publisher\" content=\"https:\/\/www.facebook.com\/canadamotorjobs\/\" \/>\n<meta property=\"article:published_time\" content=\"2022-08-11T11:00:42+00:00\" \/>\n<meta property=\"article:modified_time\" content=\"2022-08-11T13:57:58+00:00\" \/>\n<meta property=\"og:image\" content=\"https:\/\/news.canadamotorjobs.com\/wp-content\/uploads\/2022\/08\/FB_Couvert-1.jpg\" \/>\n\t<meta property=\"og:image:width\" content=\"900\" \/>\n\t<meta property=\"og:image:height\" content=\"900\" \/>\n\t<meta property=\"og:image:type\" content=\"image\/jpeg\" \/>\n<meta name=\"author\" content=\"Benoit Charette\" \/>\n<meta name=\"twitter:card\" content=\"summary_large_image\" \/>\n<meta name=\"twitter:creator\" content=\"@canadamotorjobs\" \/>\n<meta name=\"twitter:site\" content=\"@canadamotorjobs\" \/>\n<meta name=\"twitter:label1\" content=\"\u00c9crit par\" \/>\n\t<meta name=\"twitter:data1\" content=\"Benoit Charette\" \/>\n\t<meta name=\"twitter:label2\" content=\"Estimation du temps de lecture\" \/>\n\t<meta name=\"twitter:data2\" content=\"2 minutes\" \/>\n<!-- \/ Yoast SEO plugin. -->","yoast_head_json":{"title":"L\u2019Annuel de l\u2019automobile\u00a02023: En kiosque le 2 septembre - CanadaMotorJobs.com","description":"L\u2019Annuel de l\u2019automobile\u00a02023: En kiosque le 2 septembre - Benoit Charette - Annuel automobile - CanadaMotorJobs.com.","robots":{"index":"index","follow":"follow","max-snippet":"max-snippet:-1","max-image-preview":"max-image-preview:large","max-video-preview":"max-video-preview:-1"},"og_locale":"fr_CA","og_type":"article","og_title":"L\u2019Annuel de l\u2019automobile\u00a02023: En kiosque le 2 septembre - CanadaMotorJobs.com","og_description":"L\u2019Annuel de l\u2019automobile\u00a02023: En kiosque le 2 septembre - Benoit Charette - Annuel automobile - CanadaMotorJobs.com.","og_url":"https:\/\/news.canadamotorjobs.com\/fr\/lannuel-de-lautomobile-2023-en-kiosque-le-2-septembre\/","og_site_name":"CanadaMotorJobs.com","article_publisher":"https:\/\/www.facebook.com\/canadamotorjobs\/","article_published_time":"2022-08-11T11:00:42+00:00","article_modified_time":"2022-08-11T13:57:58+00:00","og_image":[{"width":900,"height":900,"url":"https:\/\/news.canadamotorjobs.com\/wp-content\/uploads\/2022\/08\/FB_Couvert-1.jpg","type":"image\/jpeg"}],"author":"Benoit Charette","twitter_card":"summary_large_image","twitter_creator":"@canadamotorjobs","twitter_site":"@canadamotorjobs","twitter_misc":{"\u00c9crit par":"Benoit Charette","Estimation du temps de lecture":"2 minutes"},"schema":{"@context":"https:\/\/schema.org","@graph":[{"@type":"Article","@id":"https:\/\/news.canadamotorjobs.com\/fr\/lannuel-de-lautomobile-2023-en-kiosque-le-2-septembre\/#article","isPartOf":{"@id":"https:\/\/news.canadamotorjobs.com\/fr\/lannuel-de-lautomobile-2023-en-kiosque-le-2-septembre\/"},"author":{"name":"Benoit Charette","@id":"https:\/\/news.canadamotorjobs.com\/#\/schema\/person\/51793d1f87d44011d7bcc2ed99269a90"},"headline":"L\u2019Annuel de l\u2019automobile\u00a02023: En kiosque le 2 septembre","datePublished":"2022-08-11T11:00:42+00:00","dateModified":"2022-08-11T13:57:58+00:00","mainEntityOfPage":{"@id":"https:\/\/news.canadamotorjobs.com\/fr\/lannuel-de-lautomobile-2023-en-kiosque-le-2-septembre\/"},"wordCount":299,"publisher":{"@id":"https:\/\/news.canadamotorjobs.com\/#organization"},"image":{"@id":"https:\/\/news.canadamotorjobs.com\/fr\/lannuel-de-lautomobile-2023-en-kiosque-le-2-septembre\/#primaryimage"},"thumbnailUrl":"https:\/\/news.canadamotorjobs.com\/wp-content\/uploads\/2022\/08\/FB_Couvert-1.jpg","articleSection":["Annuel automobile"],"inLanguage":"fr-CA"},{"@type":"WebPage","@id":"https:\/\/news.canadamotorjobs.com\/fr\/lannuel-de-lautomobile-2023-en-kiosque-le-2-septembre\/","url":"https:\/\/news.canadamotorjobs.com\/fr\/lannuel-de-lautomobile-2023-en-kiosque-le-2-septembre\/","name":"L\u2019Annuel de l\u2019automobile\u00a02023: En kiosque le 2 septembre - CanadaMotorJobs.com","isPartOf":{"@id":"https:\/\/news.canadamotorjobs.com\/#website"},"primaryImageOfPage":{"@id":"https:\/\/news.canadamotorjobs.com\/fr\/lannuel-de-lautomobile-2023-en-kiosque-le-2-septembre\/#primaryimage"},"image":{"@id":"https:\/\/news.canadamotorjobs.com\/fr\/lannuel-de-lautomobile-2023-en-kiosque-le-2-septembre\/#primaryimage"},"thumbnailUrl":"https:\/\/news.canadamotorjobs.com\/wp-content\/uploads\/2022\/08\/FB_Couvert-1.jpg","datePublished":"2022-08-11T11:00:42+00:00","dateModified":"2022-08-11T13:57:58+00:00","description":"L\u2019Annuel de l\u2019automobile\u00a02023: En kiosque le 2 septembre - Benoit Charette - Annuel automobile - CanadaMotorJobs.com.","breadcrumb":{"@id":"https:\/\/news.canadamotorjobs.com\/fr\/lannuel-de-lautomobile-2023-en-kiosque-le-2-septembre\/#breadcrumb"},"inLanguage":"fr-CA","potentialAction":[{"@type":"ReadAction","target":["https:\/\/news.canadamotorjobs.com\/fr\/lannuel-de-lautomobile-2023-en-kiosque-le-2-septembre\/"]}]},{"@type":"ImageObject","inLanguage":"fr-CA","@id":"https:\/\/news.canadamotorjobs.com\/fr\/lannuel-de-lautomobile-2023-en-kiosque-le-2-septembre\/#primaryimage","url":"https:\/\/news.canadamotorjobs.com\/wp-content\/uploads\/2022\/08\/FB_Couvert-1.jpg","contentUrl":"https:\/\/news.canadamotorjobs.com\/wp-content\/uploads\/2022\/08\/FB_Couvert-1.jpg","width":900,"height":900},{"@type":"BreadcrumbList","@id":"https:\/\/news.canadamotorjobs.com\/fr\/lannuel-de-lautomobile-2023-en-kiosque-le-2-septembre\/#breadcrumb","itemListElement":[{"@type":"ListItem","position":1,"name":"Home","item":"https:\/\/news.canadamotorjobs.com\/fr\/blog\/"},{"@type":"ListItem","position":2,"name":"L\u2019Annuel de l\u2019automobile\u00a02023: En kiosque le 2 septembre"}]},{"@type":"WebSite","@id":"https:\/\/news.canadamotorjobs.com\/#website","url":"https:\/\/news.canadamotorjobs.com\/","name":"CanadaMotorJobs.com","description":"Automotive Jobs","publisher":{"@id":"https:\/\/news.canadamotorjobs.com\/#organization"},"potentialAction":[{"@type":"SearchAction","target":{"@type":"EntryPoint","urlTemplate":"https:\/\/news.canadamotorjobs.com\/?s={search_term_string}"},"query-input":"required name=search_term_string"}],"inLanguage":"fr-CA"},{"@type":"Organization","@id":"https:\/\/news.canadamotorjobs.com\/#organization","name":"Canada Motor Jobs","url":"https:\/\/news.canadamotorjobs.com\/","logo":{"@type":"ImageObject","inLanguage":"fr-CA","@id":"https:\/\/news.canadamotorjobs.com\/#\/schema\/logo\/image\/","url":"https:\/\/news.canadamotorjobs.com\/wp-content\/uploads\/2022\/10\/logo-canada-motor-jobs-1.png","contentUrl":"https:\/\/news.canadamotorjobs.com\/wp-content\/uploads\/2022\/10\/logo-canada-motor-jobs-1.png","width":800,"height":400,"caption":"Canada Motor Jobs"},"image":{"@id":"https:\/\/news.canadamotorjobs.com\/#\/schema\/logo\/image\/"},"sameAs":["https:\/\/www.facebook.com\/canadamotorjobs\/","https:\/\/x.com\/canadamotorjobs","https:\/\/www.instagram.com\/canadamotorjobs\/","https:\/\/www.linkedin.com\/company\/canadamotorjobs"]},{"@type":"Person","@id":"https:\/\/news.canadamotorjobs.com\/#\/schema\/person\/51793d1f87d44011d7bcc2ed99269a90","name":"Benoit Charette","image":{"@type":"ImageObject","inLanguage":"fr-CA","@id":"https:\/\/news.canadamotorjobs.com\/#\/schema\/person\/image\/","url":"https:\/\/secure.gravatar.com\/avatar\/45f3d2eebcccd909668d7ce7ea7267b6?s=96&d=mm&r=g","contentUrl":"https:\/\/secure.gravatar.com\/avatar\/45f3d2eebcccd909668d7ce7ea7267b6?s=96&d=mm&r=g","caption":"Benoit Charette"},"description":"Benoit Charette \/ Propri\u00e9taire et r\u00e9dacteur en chef Benoit Charette pratique le journalisme automobile depuis bient\u00f4t 30 ans. Il a fait ses classes au c\u00f4t\u00e9 de Daniel H\u00e9raud et au Carnet de route de 1992 \u00e0 2001. Il est fondateur, copropri\u00e9taire et r\u00e9dacteur en chef de L\u2019Annuel de l\u2019automobile, qu\u2019il publie depuis 2001. Il a anim\u00e9 les \u00e9missions RPM et RPM+ sur V et les L\u00e9gendes de la route sur Historia. \u00c0 la radio depuis 1986, il reprend l\u2019antenne cette ann\u00e9e sur les ondes de Cogeco et participe pour la deuxi\u00e8me ann\u00e9e \u00e0 l\u2019\u00e9mission Passion Auto sur RDS en plus de mettre en ligne le site Web officiel de L\u2019Annuel de l\u2019automobile sur annuelauto.ca.","sameAs":["https:\/\/annuelauto.ca\/"],"url":"https:\/\/news.canadamotorjobs.com\/fr\/author\/benoit-charette\/"}]}},"_links":{"self":[{"href":"https:\/\/news.canadamotorjobs.com\/fr\/wp-json\/wp\/v2\/posts\/42677"}],"collection":[{"href":"https:\/\/news.canadamotorjobs.com\/fr\/wp-json\/wp\/v2\/posts"}],"about":[{"href":"https:\/\/news.canadamotorjobs.com\/fr\/wp-json\/wp\/v2\/types\/post"}],"author":[{"embeddable":true,"href":"https:\/\/news.canadamotorjobs.com\/fr\/wp-json\/wp\/v2\/users\/8"}],"replies":[{"embeddable":true,"href":"https:\/\/news.canadamotorjobs.com\/fr\/wp-json\/wp\/v2\/comments?post=42677"}],"version-history":[{"count":0,"href":"https:\/\/news.canadamotorjobs.com\/fr\/wp-json\/wp\/v2\/posts\/42677\/revisions"}],"wp:featuredmedia":[{"embeddable":true,"href":"https:\/\/news.canadamotorjobs.com\/fr\/wp-json\/wp\/v2\/media\/42681"}],"wp:attachment":[{"href":"https:\/\/news.canadamotorjobs.com\/fr\/wp-json\/wp\/v2\/media?parent=42677"}],"wp:term":[{"taxonomy":"category","embeddable":true,"href":"https:\/\/news.canadamotorjobs.com\/fr\/wp-json\/wp\/v2\/categories?post=42677"},{"taxonomy":"post_tag","embeddable":true,"href":"https:\/\/news.canadamotorjobs.com\/fr\/wp-json\/wp\/v2\/tags?post=42677"}],"curies":[{"name":"wp","href":"https:\/\/api.w.org\/{rel}","templated":true}]}}