{"id":42669,"date":"2022-08-11T07:55:34","date_gmt":"2022-08-11T11:55:34","guid":{"rendered":"https:\/\/blog.canadamotorjobs.com\/un-nouveau-honda-cr-v-pour-2023\/"},"modified":"2022-08-11T08:00:10","modified_gmt":"2022-08-11T12:00:10","slug":"un-nouveau-honda-cr-v-pour-2023","status":"publish","type":"post","link":"https:\/\/news.canadamotorjobs.com\/fr\/un-nouveau-honda-cr-v-pour-2023\/","title":{"rendered":"Un nouveau Honda CR-V pour 2023"},"content":{"rendered":"<\/p>\n<p>Le populaire CR-V fait peau neuve pour 2023 et pour la premi\u00e8re fois au Canada, nous aurons droit \u00e0 un mod\u00e8le hybride. Le CR-V fait pari d\u2019un segment tr\u00e8s concurrentiel qui inclus des mod\u00e8les comme le Toyota RAV4, Hyundai Tucson, Kia Sportage, Ford Escape, Mazda CX-5 et CX-50, VW Tiguan et les Subaru Forester et Outback. Pour rester dans la course, le CR-V se devait de grandir.<br \/> Int\u00e9rieur plus spacieux<br \/> C&#8217;est le plus grand CR-V \u00e0 ce jour, et cela se traduit par un int\u00e9rieur spacieux avec un espace de chargement qui se situe au sommet de sa cat\u00e9gorie. Il b\u00e9n\u00e9ficie \u00e9galement d&#8217;un syst\u00e8me d&#8217;infodivertissement am\u00e9lior\u00e9, et un nouveau groupe motopropulseur hybride.\u00a0 Avec un tout nouvel ext\u00e9rieur vient un tout nouvel int\u00e9rieur qui s\u2019inspire fortement de la Civic. Le concept est propre et simple. Le tableau de bord est \u00e9galement bas et contribue \u00e0 la fois \u00e0 la visibilit\u00e9 et \u00e0 la sensation d&#8217;espace dans l&#8217;habitacle. Le CR-V dispose d&#8217;un compte-tours analogique combin\u00e9 \u00e0 un \u00e9cran de 7 pouces qui peut afficher le tachym\u00e8tre et d&#8217;autres informations. L&#8217;\u00e9cran d&#8217;info-divertissement de s\u00e9rie est un \u00e9cran tactile de 7 pouces avec des boutons de volume et de r\u00e9glage et quelques boutons de menu physiques. Apple CarPlay et Android Auto sont de s\u00e9rie. Sur les versions sup\u00e9rieures, le CR-V est \u00e9quip\u00e9 d&#8217;un \u00e9cran tactile plus grand de 9 pouces avec seulement un bouton de volume et des boutons de menu, ainsi qu&#8217;Apple CarPlay et Android Auto sans fil et la recharge sans fil.<\/p>\n","protected":false},"excerpt":{"rendered":"<p>Le populaire CR-V fait peau neuve pour 2023 et pour la premi\u00e8re fois au Canada, nous aurons droit \u00e0 un mod\u00e8le hybride. Le CR-V fait pari d\u2019un segment tr\u00e8s concurrentiel qui inclus des mod\u00e8les comme le Toyota RAV4, Hyundai Tucson, Kia Sportage, Ford Escape, Mazda CX-5 et CX-50, VW Tiguan et les Subaru Forester et [&hellip;]<\/p>\n","protected":false},"author":8,"featured_media":42673,"comment_status":"close","ping_status":"closed","sticky":false,"template":"","format":"standard","meta":{"_monsterinsights_skip_tracking":false,"_monsterinsights_sitenote_active":false,"_monsterinsights_sitenote_note":"","_monsterinsights_sitenote_category":0,"footnotes":""},"categories":[101],"tags":[],"yoast_head":"<!-- This site is optimized with the Yoast SEO plugin v23.2 - https:\/\/yoast.com\/wordpress\/plugins\/seo\/ -->\n<title>Un nouveau Honda CR-V pour 2023 - CanadaMotorJobs.com<\/title>\n<meta name=\"description\" content=\"Un nouveau Honda CR-V pour 2023 - Benoit Charette - Annuel automobile - CanadaMotorJobs.com.\" \/>\n<meta name=\"robots\" content=\"index, follow, max-snippet:-1, max-image-preview:large, max-video-preview:-1\" \/>\n<meta property=\"og:locale\" content=\"fr_CA\" \/>\n<meta property=\"og:type\" content=\"article\" \/>\n<meta property=\"og:title\" content=\"Un nouveau Honda CR-V pour 2023 - CanadaMotorJobs.com\" \/>\n<meta property=\"og:description\" content=\"Un nouveau Honda CR-V pour 2023 - Benoit Charette - Annuel automobile - CanadaMotorJobs.com.\" \/>\n<meta property=\"og:url\" content=\"https:\/\/news.canadamotorjobs.com\/fr\/un-nouveau-honda-cr-v-pour-2023\/\" \/>\n<meta property=\"og:site_name\" content=\"CanadaMotorJobs.com\" \/>\n<meta property=\"article:publisher\" content=\"https:\/\/www.facebook.com\/canadamotorjobs\/\" \/>\n<meta property=\"article:published_time\" content=\"2022-08-11T11:55:34+00:00\" \/>\n<meta property=\"article:modified_time\" content=\"2022-08-11T12:00:10+00:00\" \/>\n<meta property=\"og:image\" content=\"https:\/\/news.canadamotorjobs.com\/wp-content\/uploads\/2022\/08\/06-2023-Honda-CR-V-Sport-Touring-1.jpg\" \/>\n\t<meta property=\"og:image:width\" content=\"1200\" \/>\n\t<meta property=\"og:image:height\" content=\"629\" \/>\n\t<meta property=\"og:image:type\" content=\"image\/jpeg\" \/>\n<meta name=\"author\" content=\"Benoit Charette\" \/>\n<meta name=\"twitter:card\" content=\"summary_large_image\" \/>\n<meta name=\"twitter:creator\" content=\"@canadamotorjobs\" \/>\n<meta name=\"twitter:site\" content=\"@canadamotorjobs\" \/>\n<meta name=\"twitter:label1\" content=\"\u00c9crit par\" \/>\n\t<meta name=\"twitter:data1\" content=\"Benoit Charette\" \/>\n\t<meta name=\"twitter:label2\" content=\"Estimation du temps de lecture\" \/>\n\t<meta name=\"twitter:data2\" content=\"1 minute\" \/>\n<!-- \/ Yoast SEO plugin. -->","yoast_head_json":{"title":"Un nouveau Honda CR-V pour 2023 - CanadaMotorJobs.com","description":"Un nouveau Honda CR-V pour 2023 - Benoit Charette - Annuel automobile - CanadaMotorJobs.com.","robots":{"index":"index","follow":"follow","max-snippet":"max-snippet:-1","max-image-preview":"max-image-preview:large","max-video-preview":"max-video-preview:-1"},"og_locale":"fr_CA","og_type":"article","og_title":"Un nouveau Honda CR-V pour 2023 - CanadaMotorJobs.com","og_description":"Un nouveau Honda CR-V pour 2023 - Benoit Charette - Annuel automobile - CanadaMotorJobs.com.","og_url":"https:\/\/news.canadamotorjobs.com\/fr\/un-nouveau-honda-cr-v-pour-2023\/","og_site_name":"CanadaMotorJobs.com","article_publisher":"https:\/\/www.facebook.com\/canadamotorjobs\/","article_published_time":"2022-08-11T11:55:34+00:00","article_modified_time":"2022-08-11T12:00:10+00:00","og_image":[{"width":1200,"height":629,"url":"https:\/\/news.canadamotorjobs.com\/wp-content\/uploads\/2022\/08\/06-2023-Honda-CR-V-Sport-Touring-1.jpg","type":"image\/jpeg"}],"author":"Benoit Charette","twitter_card":"summary_large_image","twitter_creator":"@canadamotorjobs","twitter_site":"@canadamotorjobs","twitter_misc":{"\u00c9crit par":"Benoit Charette","Estimation du temps de lecture":"1 minute"},"schema":{"@context":"https:\/\/schema.org","@graph":[{"@type":"Article","@id":"https:\/\/news.canadamotorjobs.com\/fr\/un-nouveau-honda-cr-v-pour-2023\/#article","isPartOf":{"@id":"https:\/\/news.canadamotorjobs.com\/fr\/un-nouveau-honda-cr-v-pour-2023\/"},"author":{"name":"Benoit Charette","@id":"https:\/\/news.canadamotorjobs.com\/#\/schema\/person\/51793d1f87d44011d7bcc2ed99269a90"},"headline":"Un nouveau Honda CR-V pour 2023","datePublished":"2022-08-11T11:55:34+00:00","dateModified":"2022-08-11T12:00:10+00:00","mainEntityOfPage":{"@id":"https:\/\/news.canadamotorjobs.com\/fr\/un-nouveau-honda-cr-v-pour-2023\/"},"wordCount":276,"publisher":{"@id":"https:\/\/news.canadamotorjobs.com\/#organization"},"image":{"@id":"https:\/\/news.canadamotorjobs.com\/fr\/un-nouveau-honda-cr-v-pour-2023\/#primaryimage"},"thumbnailUrl":"https:\/\/news.canadamotorjobs.com\/wp-content\/uploads\/2022\/08\/06-2023-Honda-CR-V-Sport-Touring-1.jpg","articleSection":["Annuel automobile"],"inLanguage":"fr-CA"},{"@type":"WebPage","@id":"https:\/\/news.canadamotorjobs.com\/fr\/un-nouveau-honda-cr-v-pour-2023\/","url":"https:\/\/news.canadamotorjobs.com\/fr\/un-nouveau-honda-cr-v-pour-2023\/","name":"Un nouveau Honda CR-V pour 2023 - CanadaMotorJobs.com","isPartOf":{"@id":"https:\/\/news.canadamotorjobs.com\/#website"},"primaryImageOfPage":{"@id":"https:\/\/news.canadamotorjobs.com\/fr\/un-nouveau-honda-cr-v-pour-2023\/#primaryimage"},"image":{"@id":"https:\/\/news.canadamotorjobs.com\/fr\/un-nouveau-honda-cr-v-pour-2023\/#primaryimage"},"thumbnailUrl":"https:\/\/news.canadamotorjobs.com\/wp-content\/uploads\/2022\/08\/06-2023-Honda-CR-V-Sport-Touring-1.jpg","datePublished":"2022-08-11T11:55:34+00:00","dateModified":"2022-08-11T12:00:10+00:00","description":"Un nouveau Honda CR-V pour 2023 - Benoit Charette - Annuel automobile - CanadaMotorJobs.com.","breadcrumb":{"@id":"https:\/\/news.canadamotorjobs.com\/fr\/un-nouveau-honda-cr-v-pour-2023\/#breadcrumb"},"inLanguage":"fr-CA","potentialAction":[{"@type":"ReadAction","target":["https:\/\/news.canadamotorjobs.com\/fr\/un-nouveau-honda-cr-v-pour-2023\/"]}]},{"@type":"ImageObject","inLanguage":"fr-CA","@id":"https:\/\/news.canadamotorjobs.com\/fr\/un-nouveau-honda-cr-v-pour-2023\/#primaryimage","url":"https:\/\/news.canadamotorjobs.com\/wp-content\/uploads\/2022\/08\/06-2023-Honda-CR-V-Sport-Touring-1.jpg","contentUrl":"https:\/\/news.canadamotorjobs.com\/wp-content\/uploads\/2022\/08\/06-2023-Honda-CR-V-Sport-Touring-1.jpg","width":1200,"height":629},{"@type":"BreadcrumbList","@id":"https:\/\/news.canadamotorjobs.com\/fr\/un-nouveau-honda-cr-v-pour-2023\/#breadcrumb","itemListElement":[{"@type":"ListItem","position":1,"name":"Home","item":"https:\/\/news.canadamotorjobs.com\/fr\/blog\/"},{"@type":"ListItem","position":2,"name":"Un nouveau Honda CR-V pour 2023"}]},{"@type":"WebSite","@id":"https:\/\/news.canadamotorjobs.com\/#website","url":"https:\/\/news.canadamotorjobs.com\/","name":"CanadaMotorJobs.com","description":"Automotive Jobs","publisher":{"@id":"https:\/\/news.canadamotorjobs.com\/#organization"},"potentialAction":[{"@type":"SearchAction","target":{"@type":"EntryPoint","urlTemplate":"https:\/\/news.canadamotorjobs.com\/?s={search_term_string}"},"query-input":"required name=search_term_string"}],"inLanguage":"fr-CA"},{"@type":"Organization","@id":"https:\/\/news.canadamotorjobs.com\/#organization","name":"Canada Motor Jobs","url":"https:\/\/news.canadamotorjobs.com\/","logo":{"@type":"ImageObject","inLanguage":"fr-CA","@id":"https:\/\/news.canadamotorjobs.com\/#\/schema\/logo\/image\/","url":"https:\/\/news.canadamotorjobs.com\/wp-content\/uploads\/2022\/10\/logo-canada-motor-jobs-1.png","contentUrl":"https:\/\/news.canadamotorjobs.com\/wp-content\/uploads\/2022\/10\/logo-canada-motor-jobs-1.png","width":800,"height":400,"caption":"Canada Motor Jobs"},"image":{"@id":"https:\/\/news.canadamotorjobs.com\/#\/schema\/logo\/image\/"},"sameAs":["https:\/\/www.facebook.com\/canadamotorjobs\/","https:\/\/x.com\/canadamotorjobs","https:\/\/www.instagram.com\/canadamotorjobs\/","https:\/\/www.linkedin.com\/company\/canadamotorjobs"]},{"@type":"Person","@id":"https:\/\/news.canadamotorjobs.com\/#\/schema\/person\/51793d1f87d44011d7bcc2ed99269a90","name":"Benoit Charette","image":{"@type":"ImageObject","inLanguage":"fr-CA","@id":"https:\/\/news.canadamotorjobs.com\/#\/schema\/person\/image\/","url":"https:\/\/secure.gravatar.com\/avatar\/45f3d2eebcccd909668d7ce7ea7267b6?s=96&d=mm&r=g","contentUrl":"https:\/\/secure.gravatar.com\/avatar\/45f3d2eebcccd909668d7ce7ea7267b6?s=96&d=mm&r=g","caption":"Benoit Charette"},"description":"Benoit Charette \/ Propri\u00e9taire et r\u00e9dacteur en chef Benoit Charette pratique le journalisme automobile depuis bient\u00f4t 30 ans. Il a fait ses classes au c\u00f4t\u00e9 de Daniel H\u00e9raud et au Carnet de route de 1992 \u00e0 2001. Il est fondateur, copropri\u00e9taire et r\u00e9dacteur en chef de L\u2019Annuel de l\u2019automobile, qu\u2019il publie depuis 2001. Il a anim\u00e9 les \u00e9missions RPM et RPM+ sur V et les L\u00e9gendes de la route sur Historia. \u00c0 la radio depuis 1986, il reprend l\u2019antenne cette ann\u00e9e sur les ondes de Cogeco et participe pour la deuxi\u00e8me ann\u00e9e \u00e0 l\u2019\u00e9mission Passion Auto sur RDS en plus de mettre en ligne le site Web officiel de L\u2019Annuel de l\u2019automobile sur annuelauto.ca.","sameAs":["https:\/\/annuelauto.ca\/"],"url":"https:\/\/news.canadamotorjobs.com\/fr\/author\/benoit-charette\/"}]}},"_links":{"self":[{"href":"https:\/\/news.canadamotorjobs.com\/fr\/wp-json\/wp\/v2\/posts\/42669"}],"collection":[{"href":"https:\/\/news.canadamotorjobs.com\/fr\/wp-json\/wp\/v2\/posts"}],"about":[{"href":"https:\/\/news.canadamotorjobs.com\/fr\/wp-json\/wp\/v2\/types\/post"}],"author":[{"embeddable":true,"href":"https:\/\/news.canadamotorjobs.com\/fr\/wp-json\/wp\/v2\/users\/8"}],"replies":[{"embeddable":true,"href":"https:\/\/news.canadamotorjobs.com\/fr\/wp-json\/wp\/v2\/comments?post=42669"}],"version-history":[{"count":0,"href":"https:\/\/news.canadamotorjobs.com\/fr\/wp-json\/wp\/v2\/posts\/42669\/revisions"}],"wp:featuredmedia":[{"embeddable":true,"href":"https:\/\/news.canadamotorjobs.com\/fr\/wp-json\/wp\/v2\/media\/42673"}],"wp:attachment":[{"href":"https:\/\/news.canadamotorjobs.com\/fr\/wp-json\/wp\/v2\/media?parent=42669"}],"wp:term":[{"taxonomy":"category","embeddable":true,"href":"https:\/\/news.canadamotorjobs.com\/fr\/wp-json\/wp\/v2\/categories?post=42669"},{"taxonomy":"post_tag","embeddable":true,"href":"https:\/\/news.canadamotorjobs.com\/fr\/wp-json\/wp\/v2\/tags?post=42669"}],"curies":[{"name":"wp","href":"https:\/\/api.w.org\/{rel}","templated":true}]}}