{"id":42661,"date":"2022-08-10T19:52:39","date_gmt":"2022-08-10T23:52:39","guid":{"rendered":"https:\/\/blog.canadamotorjobs.com\/une-chevrolet-corvair-dun-demi-million-en-vedette-a-lencan-gooding-de-pebble-beach\/"},"modified":"2022-08-10T20:14:18","modified_gmt":"2022-08-11T00:14:18","slug":"une-chevrolet-corvair-dun-demi-million-en-vedette-a-lencan-gooding-de-pebble-beach","status":"publish","type":"post","link":"https:\/\/news.canadamotorjobs.com\/fr\/une-chevrolet-corvair-dun-demi-million-en-vedette-a-lencan-gooding-de-pebble-beach\/","title":{"rendered":"Une Chevrolet Corvair d\u2019un demi-million en vedette \u00e0 l\u2019encan Gooding de Pebble\u00a0Beach"},"content":{"rendered":"<\/p>\n<p>L\u2019encanteur <a href=\"https:\/\/annuelauto.ca\/a-20-m-et-des-poussieres-cette-mclaren-f1-1995-a-ete-lauto-la-plus-chere-de-lannee\/\" target=\"_blank\" rel=\"noopener noreferrer\">Gooding<\/a> offrira une Chevrolet Corvair qui pourrait valoir un demi-million de dollars \u00e0 son encan de Pebble Beach, plus tard ce mois-ci. Cette voiture unique avait \u00e9t\u00e9 r\u00e9alis\u00e9e par le carrossier italien <a href=\"https:\/\/annuelauto.ca\/la-soufflerie-de-pininfarina-celebre-ses-50-ans\/\" target=\"_blank\" rel=\"noopener noreferrer\">Pinin\u00a0Farina<\/a> \u00e0 l\u2019initiative les grands salons europ\u00e9ens, de 1961 \u00e0 1963.<\/p>\n<p> Il faut se rappeler qu\u2019\u00e0 la fin des ann\u00e9es 1950, les constructeurs \u00e9tatsuniens font face \u00e0 une concurrence nouvelle de la part de marques europ\u00e9ennes nouvellement d\u00e9barqu\u00e9es sur notre continent. Leurs petites voitures s\u00e9duisent un nombre croissant d\u2019automobilistes par leurs bas prix, leur consommation plus raisonnable, des dimensions r\u00e9duites et des designs souvent originaux et novateurs.<\/p>\n<p> Les constructeurs de Detroit r\u00e9agissent alors en lan\u00e7ant des nouveaut\u00e9s qui, malheureusement, ne sont rien de plus que des versions \u00ab\u00a0r\u00e9duites\u00a0\u00bb des mod\u00e8les courants. Mais pas <a href=\"https:\/\/annuelauto.ca\/le-chevrolet-blazer-sera-electrique-en-2024\/\" target=\"_blank\" rel=\"noopener noreferrer\">Chevrolet<\/a>. Avec la <a href=\"https:\/\/annuelauto.ca\/12-mai-1969-fin-de-la-production-de-la-chevrolet-corvair\/\" target=\"_blank\" rel=\"noopener noreferrer\">Corvair<\/a>, la marque num\u00e9ro un de GM choisit une approche plus radicale pour arriver \u00e0 ses fins.<\/p>\n<p> Lanc\u00e9e en grande pompe en 1960, la Corvair est une voiture compacte munie d&#8217;un moteur arri\u00e8re \u00e0 6\u00a0cylindres \u00e0 plat refroidi \u00e0 l\u2019air. D\u00e8s ses d\u00e9buts, cette nouveaut\u00e9 nomm\u00e9e \u00ab\u00a0Voiture de l\u2019ann\u00e9e\u00a0\u00bb par le magazine <em>Motor Trend<\/em> a un succ\u00e8s ph\u00e9nom\u00e9nal.<br \/> <strong>Un succ\u00e8s qui donne des id\u00e9es \u00e0 GM<\/strong><br \/> Influenc\u00e9e par ces r\u00e9sultats, la direction de Chevrolet entrevoit d\u00e9sormais un potentiel commercial \u00e0 l\u2019\u00e9tranger. En 1960, le vice-pr\u00e9sident de GM\u00a0Styling, Bill\u00a0Mitchell, invite les carrossiers italiens \u00e0 soumettre des concepts utilisant l\u2019architecture de la Corvair dans l\u2019espoir de la commercialiser en Europe, \u00e0 tout le moins. Pinin\u00a0Farina (dont le nom deviendra Pininfarina<\/p>\n","protected":false},"excerpt":{"rendered":"<p>L\u2019encanteur Gooding offrira une Chevrolet Corvair qui pourrait valoir un demi-million de dollars \u00e0 son encan de Pebble Beach, plus tard ce mois-ci. Cette voiture unique avait \u00e9t\u00e9 r\u00e9alis\u00e9e par le carrossier italien Pinin\u00a0Farina \u00e0 l\u2019initiative les grands salons europ\u00e9ens, de 1961 \u00e0 1963. Il faut se rappeler qu\u2019\u00e0 la fin des ann\u00e9es 1950, les [&hellip;]<\/p>\n","protected":false},"author":8,"featured_media":42665,"comment_status":"close","ping_status":"closed","sticky":false,"template":"","format":"standard","meta":{"_monsterinsights_skip_tracking":false,"_monsterinsights_sitenote_active":false,"_monsterinsights_sitenote_note":"","_monsterinsights_sitenote_category":0,"footnotes":""},"categories":[101],"tags":[],"yoast_head":"<!-- This site is optimized with the Yoast SEO plugin v23.2 - https:\/\/yoast.com\/wordpress\/plugins\/seo\/ -->\n<title>Une Chevrolet Corvair d\u2019un demi-million en vedette \u00e0 l\u2019encan Gooding de Pebble\u00a0Beach - CanadaMotorJobs.com<\/title>\n<meta name=\"description\" content=\"Une Chevrolet Corvair d\u2019un demi-million en vedette \u00e0 l\u2019encan Gooding de Pebble\u00a0Beach - Benoit Charette - Annuel automobile - CanadaMotorJobs.com.\" \/>\n<meta name=\"robots\" content=\"index, follow, max-snippet:-1, max-image-preview:large, max-video-preview:-1\" \/>\n<meta property=\"og:locale\" content=\"fr_CA\" \/>\n<meta property=\"og:type\" content=\"article\" \/>\n<meta property=\"og:title\" content=\"Une Chevrolet Corvair d\u2019un demi-million en vedette \u00e0 l\u2019encan Gooding de Pebble\u00a0Beach - CanadaMotorJobs.com\" \/>\n<meta property=\"og:description\" content=\"Une Chevrolet Corvair d\u2019un demi-million en vedette \u00e0 l\u2019encan Gooding de Pebble\u00a0Beach - Benoit Charette - Annuel automobile - CanadaMotorJobs.com.\" \/>\n<meta property=\"og:url\" content=\"https:\/\/news.canadamotorjobs.com\/fr\/une-chevrolet-corvair-dun-demi-million-en-vedette-a-lencan-gooding-de-pebble-beach\/\" \/>\n<meta property=\"og:site_name\" content=\"CanadaMotorJobs.com\" \/>\n<meta property=\"article:publisher\" content=\"https:\/\/www.facebook.com\/canadamotorjobs\/\" \/>\n<meta property=\"article:published_time\" content=\"2022-08-10T23:52:39+00:00\" \/>\n<meta property=\"article:modified_time\" content=\"2022-08-11T00:14:18+00:00\" \/>\n<meta property=\"og:image\" content=\"https:\/\/news.canadamotorjobs.com\/wp-content\/uploads\/2022\/08\/Chevrolet-Corvair-Speciale-v3-5-1.jpg\" \/>\n\t<meta property=\"og:image:width\" content=\"1500\" \/>\n\t<meta property=\"og:image:height\" content=\"1000\" \/>\n\t<meta property=\"og:image:type\" content=\"image\/jpeg\" \/>\n<meta name=\"author\" content=\"Benoit Charette\" \/>\n<meta name=\"twitter:card\" content=\"summary_large_image\" \/>\n<meta name=\"twitter:creator\" content=\"@canadamotorjobs\" \/>\n<meta name=\"twitter:site\" content=\"@canadamotorjobs\" \/>\n<meta name=\"twitter:label1\" content=\"\u00c9crit par\" \/>\n\t<meta name=\"twitter:data1\" content=\"Benoit Charette\" \/>\n\t<meta name=\"twitter:label2\" content=\"Estimation du temps de lecture\" \/>\n\t<meta name=\"twitter:data2\" content=\"1 minute\" \/>\n<!-- \/ Yoast SEO plugin. -->","yoast_head_json":{"title":"Une Chevrolet Corvair d\u2019un demi-million en vedette \u00e0 l\u2019encan Gooding de Pebble\u00a0Beach - CanadaMotorJobs.com","description":"Une Chevrolet Corvair d\u2019un demi-million en vedette \u00e0 l\u2019encan Gooding de Pebble\u00a0Beach - Benoit Charette - Annuel automobile - CanadaMotorJobs.com.","robots":{"index":"index","follow":"follow","max-snippet":"max-snippet:-1","max-image-preview":"max-image-preview:large","max-video-preview":"max-video-preview:-1"},"og_locale":"fr_CA","og_type":"article","og_title":"Une Chevrolet Corvair d\u2019un demi-million en vedette \u00e0 l\u2019encan Gooding de Pebble\u00a0Beach - CanadaMotorJobs.com","og_description":"Une Chevrolet Corvair d\u2019un demi-million en vedette \u00e0 l\u2019encan Gooding de Pebble\u00a0Beach - Benoit Charette - Annuel automobile - CanadaMotorJobs.com.","og_url":"https:\/\/news.canadamotorjobs.com\/fr\/une-chevrolet-corvair-dun-demi-million-en-vedette-a-lencan-gooding-de-pebble-beach\/","og_site_name":"CanadaMotorJobs.com","article_publisher":"https:\/\/www.facebook.com\/canadamotorjobs\/","article_published_time":"2022-08-10T23:52:39+00:00","article_modified_time":"2022-08-11T00:14:18+00:00","og_image":[{"width":1500,"height":1000,"url":"https:\/\/news.canadamotorjobs.com\/wp-content\/uploads\/2022\/08\/Chevrolet-Corvair-Speciale-v3-5-1.jpg","type":"image\/jpeg"}],"author":"Benoit Charette","twitter_card":"summary_large_image","twitter_creator":"@canadamotorjobs","twitter_site":"@canadamotorjobs","twitter_misc":{"\u00c9crit par":"Benoit Charette","Estimation du temps de lecture":"1 minute"},"schema":{"@context":"https:\/\/schema.org","@graph":[{"@type":"Article","@id":"https:\/\/news.canadamotorjobs.com\/fr\/une-chevrolet-corvair-dun-demi-million-en-vedette-a-lencan-gooding-de-pebble-beach\/#article","isPartOf":{"@id":"https:\/\/news.canadamotorjobs.com\/fr\/une-chevrolet-corvair-dun-demi-million-en-vedette-a-lencan-gooding-de-pebble-beach\/"},"author":{"name":"Benoit Charette","@id":"https:\/\/news.canadamotorjobs.com\/#\/schema\/person\/51793d1f87d44011d7bcc2ed99269a90"},"headline":"Une Chevrolet Corvair d\u2019un demi-million en vedette \u00e0 l\u2019encan Gooding de Pebble\u00a0Beach","datePublished":"2022-08-10T23:52:39+00:00","dateModified":"2022-08-11T00:14:18+00:00","mainEntityOfPage":{"@id":"https:\/\/news.canadamotorjobs.com\/fr\/une-chevrolet-corvair-dun-demi-million-en-vedette-a-lencan-gooding-de-pebble-beach\/"},"wordCount":287,"publisher":{"@id":"https:\/\/news.canadamotorjobs.com\/#organization"},"image":{"@id":"https:\/\/news.canadamotorjobs.com\/fr\/une-chevrolet-corvair-dun-demi-million-en-vedette-a-lencan-gooding-de-pebble-beach\/#primaryimage"},"thumbnailUrl":"https:\/\/news.canadamotorjobs.com\/wp-content\/uploads\/2022\/08\/Chevrolet-Corvair-Speciale-v3-5-1.jpg","articleSection":["Annuel automobile"],"inLanguage":"fr-CA"},{"@type":"WebPage","@id":"https:\/\/news.canadamotorjobs.com\/fr\/une-chevrolet-corvair-dun-demi-million-en-vedette-a-lencan-gooding-de-pebble-beach\/","url":"https:\/\/news.canadamotorjobs.com\/fr\/une-chevrolet-corvair-dun-demi-million-en-vedette-a-lencan-gooding-de-pebble-beach\/","name":"Une Chevrolet Corvair d\u2019un demi-million en vedette \u00e0 l\u2019encan Gooding de Pebble\u00a0Beach - CanadaMotorJobs.com","isPartOf":{"@id":"https:\/\/news.canadamotorjobs.com\/#website"},"primaryImageOfPage":{"@id":"https:\/\/news.canadamotorjobs.com\/fr\/une-chevrolet-corvair-dun-demi-million-en-vedette-a-lencan-gooding-de-pebble-beach\/#primaryimage"},"image":{"@id":"https:\/\/news.canadamotorjobs.com\/fr\/une-chevrolet-corvair-dun-demi-million-en-vedette-a-lencan-gooding-de-pebble-beach\/#primaryimage"},"thumbnailUrl":"https:\/\/news.canadamotorjobs.com\/wp-content\/uploads\/2022\/08\/Chevrolet-Corvair-Speciale-v3-5-1.jpg","datePublished":"2022-08-10T23:52:39+00:00","dateModified":"2022-08-11T00:14:18+00:00","description":"Une Chevrolet Corvair d\u2019un demi-million en vedette \u00e0 l\u2019encan Gooding de Pebble\u00a0Beach - Benoit Charette - Annuel automobile - CanadaMotorJobs.com.","breadcrumb":{"@id":"https:\/\/news.canadamotorjobs.com\/fr\/une-chevrolet-corvair-dun-demi-million-en-vedette-a-lencan-gooding-de-pebble-beach\/#breadcrumb"},"inLanguage":"fr-CA","potentialAction":[{"@type":"ReadAction","target":["https:\/\/news.canadamotorjobs.com\/fr\/une-chevrolet-corvair-dun-demi-million-en-vedette-a-lencan-gooding-de-pebble-beach\/"]}]},{"@type":"ImageObject","inLanguage":"fr-CA","@id":"https:\/\/news.canadamotorjobs.com\/fr\/une-chevrolet-corvair-dun-demi-million-en-vedette-a-lencan-gooding-de-pebble-beach\/#primaryimage","url":"https:\/\/news.canadamotorjobs.com\/wp-content\/uploads\/2022\/08\/Chevrolet-Corvair-Speciale-v3-5-1.jpg","contentUrl":"https:\/\/news.canadamotorjobs.com\/wp-content\/uploads\/2022\/08\/Chevrolet-Corvair-Speciale-v3-5-1.jpg","width":1500,"height":1000},{"@type":"BreadcrumbList","@id":"https:\/\/news.canadamotorjobs.com\/fr\/une-chevrolet-corvair-dun-demi-million-en-vedette-a-lencan-gooding-de-pebble-beach\/#breadcrumb","itemListElement":[{"@type":"ListItem","position":1,"name":"Home","item":"https:\/\/news.canadamotorjobs.com\/fr\/blog\/"},{"@type":"ListItem","position":2,"name":"Une Chevrolet Corvair d\u2019un demi-million en vedette \u00e0 l\u2019encan Gooding de Pebble\u00a0Beach"}]},{"@type":"WebSite","@id":"https:\/\/news.canadamotorjobs.com\/#website","url":"https:\/\/news.canadamotorjobs.com\/","name":"CanadaMotorJobs.com","description":"Automotive Jobs","publisher":{"@id":"https:\/\/news.canadamotorjobs.com\/#organization"},"potentialAction":[{"@type":"SearchAction","target":{"@type":"EntryPoint","urlTemplate":"https:\/\/news.canadamotorjobs.com\/?s={search_term_string}"},"query-input":"required name=search_term_string"}],"inLanguage":"fr-CA"},{"@type":"Organization","@id":"https:\/\/news.canadamotorjobs.com\/#organization","name":"Canada Motor Jobs","url":"https:\/\/news.canadamotorjobs.com\/","logo":{"@type":"ImageObject","inLanguage":"fr-CA","@id":"https:\/\/news.canadamotorjobs.com\/#\/schema\/logo\/image\/","url":"https:\/\/news.canadamotorjobs.com\/wp-content\/uploads\/2022\/10\/logo-canada-motor-jobs-1.png","contentUrl":"https:\/\/news.canadamotorjobs.com\/wp-content\/uploads\/2022\/10\/logo-canada-motor-jobs-1.png","width":800,"height":400,"caption":"Canada Motor Jobs"},"image":{"@id":"https:\/\/news.canadamotorjobs.com\/#\/schema\/logo\/image\/"},"sameAs":["https:\/\/www.facebook.com\/canadamotorjobs\/","https:\/\/x.com\/canadamotorjobs","https:\/\/www.instagram.com\/canadamotorjobs\/","https:\/\/www.linkedin.com\/company\/canadamotorjobs"]},{"@type":"Person","@id":"https:\/\/news.canadamotorjobs.com\/#\/schema\/person\/51793d1f87d44011d7bcc2ed99269a90","name":"Benoit Charette","image":{"@type":"ImageObject","inLanguage":"fr-CA","@id":"https:\/\/news.canadamotorjobs.com\/#\/schema\/person\/image\/","url":"https:\/\/secure.gravatar.com\/avatar\/45f3d2eebcccd909668d7ce7ea7267b6?s=96&d=mm&r=g","contentUrl":"https:\/\/secure.gravatar.com\/avatar\/45f3d2eebcccd909668d7ce7ea7267b6?s=96&d=mm&r=g","caption":"Benoit Charette"},"description":"Benoit Charette \/ Propri\u00e9taire et r\u00e9dacteur en chef Benoit Charette pratique le journalisme automobile depuis bient\u00f4t 30 ans. Il a fait ses classes au c\u00f4t\u00e9 de Daniel H\u00e9raud et au Carnet de route de 1992 \u00e0 2001. Il est fondateur, copropri\u00e9taire et r\u00e9dacteur en chef de L\u2019Annuel de l\u2019automobile, qu\u2019il publie depuis 2001. Il a anim\u00e9 les \u00e9missions RPM et RPM+ sur V et les L\u00e9gendes de la route sur Historia. \u00c0 la radio depuis 1986, il reprend l\u2019antenne cette ann\u00e9e sur les ondes de Cogeco et participe pour la deuxi\u00e8me ann\u00e9e \u00e0 l\u2019\u00e9mission Passion Auto sur RDS en plus de mettre en ligne le site Web officiel de L\u2019Annuel de l\u2019automobile sur annuelauto.ca.","sameAs":["https:\/\/annuelauto.ca\/"],"url":"https:\/\/news.canadamotorjobs.com\/fr\/author\/benoit-charette\/"}]}},"_links":{"self":[{"href":"https:\/\/news.canadamotorjobs.com\/fr\/wp-json\/wp\/v2\/posts\/42661"}],"collection":[{"href":"https:\/\/news.canadamotorjobs.com\/fr\/wp-json\/wp\/v2\/posts"}],"about":[{"href":"https:\/\/news.canadamotorjobs.com\/fr\/wp-json\/wp\/v2\/types\/post"}],"author":[{"embeddable":true,"href":"https:\/\/news.canadamotorjobs.com\/fr\/wp-json\/wp\/v2\/users\/8"}],"replies":[{"embeddable":true,"href":"https:\/\/news.canadamotorjobs.com\/fr\/wp-json\/wp\/v2\/comments?post=42661"}],"version-history":[{"count":0,"href":"https:\/\/news.canadamotorjobs.com\/fr\/wp-json\/wp\/v2\/posts\/42661\/revisions"}],"wp:featuredmedia":[{"embeddable":true,"href":"https:\/\/news.canadamotorjobs.com\/fr\/wp-json\/wp\/v2\/media\/42665"}],"wp:attachment":[{"href":"https:\/\/news.canadamotorjobs.com\/fr\/wp-json\/wp\/v2\/media?parent=42661"}],"wp:term":[{"taxonomy":"category","embeddable":true,"href":"https:\/\/news.canadamotorjobs.com\/fr\/wp-json\/wp\/v2\/categories?post=42661"},{"taxonomy":"post_tag","embeddable":true,"href":"https:\/\/news.canadamotorjobs.com\/fr\/wp-json\/wp\/v2\/tags?post=42661"}],"curies":[{"name":"wp","href":"https:\/\/api.w.org\/{rel}","templated":true}]}}