{"id":42644,"date":"2022-08-10T08:41:31","date_gmt":"2022-08-10T12:41:31","guid":{"rendered":"https:\/\/blog.canadamotorjobs.com\/hausse-des-vols-de-voitures-a-montreal\/"},"modified":"2022-08-10T08:45:11","modified_gmt":"2022-08-10T12:45:11","slug":"hausse-des-vols-de-voitures-a-montreal","status":"publish","type":"post","link":"https:\/\/news.canadamotorjobs.com\/fr\/hausse-des-vols-de-voitures-a-montreal\/","title":{"rendered":"Hausse des vols de voitures \u00e0 Montr\u00e9al"},"content":{"rendered":"<\/p>\n<p>Le journal M\u00e9tro rapporte une hausse des vols de voitures \u00e0 Montr\u00e9al depuis le d\u00e9but de l\u2019ann\u00e9e 2022. Plus de 5\u00a0180 vols ont \u00e9t\u00e9 d\u00e9clar\u00e9s depuis le d\u00e9but de l\u2019ann\u00e9e 2022 contre 6\u00a0256 pour toute l\u2019ann\u00e9e 2021 selon le Service de police de la Ville de Montr\u00e9al (SPVM). Mois sur mois, les chiffres augmentent en 2022 face \u00e0 2021.<br \/> P\u00e9nurie de pi\u00e8ces<br \/> La cha\u00eene d\u2019approvisionnement est bris\u00e9e depuis plusieurs mois et beaucoup de pi\u00e8ces manquent. On va donc chercher les pi\u00e8ces l\u00e0 o\u00f9 elles se trouvent, dans la rue, au centre commercial, dans les stationnements.<br \/> Les motifs des vols<br \/> On vole des v\u00e9hicules pour deux raisons principalement. La revente de pi\u00e8ces est la plus courante et l\u2019exportation est la deuxi\u00e8me. Dans le premier, les v\u00e9hicules les plus populaires sont les cibles. Des mod\u00e8les comme le Honda CR-V sont tr\u00e8s populaires. On les vole, ils sont envoy\u00e9s illico dans un atelier o\u00f9 le v\u00e9hicule est d\u00e9membr\u00e9 en 30 minutes et les pi\u00e8ces sont \u00e0 vendre d\u00e8s le lendemain. L\u2019autre motif est celui de l\u2019exportation. Le v\u00e9hicule vol\u00e9 prend la direction du port de Montr\u00e9al et est exp\u00e9di\u00e9 en Afrique ou en Europe de l\u2019est pour \u00eatre revendu. Il y a aussi une petite proportion de v\u00e9hicules qui sont vol\u00e9s pour commettre un crime pour ensuite \u00eatre abandonn\u00e9s.<br \/> Zones \u00e0 risque<br \/> Toutes les villes qui ont acc\u00e8s \u00e0 de nombreux axes autoroutiers sont des cibles privil\u00e9gi\u00e9es pour les voleurs, car il est plus difficile de trouver quel chemin ont pris les voleurs.<\/p>\n","protected":false},"excerpt":{"rendered":"<p>Le journal M\u00e9tro rapporte une hausse des vols de voitures \u00e0 Montr\u00e9al depuis le d\u00e9but de l\u2019ann\u00e9e 2022. Plus de 5\u00a0180 vols ont \u00e9t\u00e9 d\u00e9clar\u00e9s depuis le d\u00e9but de l\u2019ann\u00e9e 2022 contre 6\u00a0256 pour toute l\u2019ann\u00e9e 2021 selon le Service de police de la Ville de Montr\u00e9al (SPVM). Mois sur mois, les chiffres augmentent en [&hellip;]<\/p>\n","protected":false},"author":8,"featured_media":42648,"comment_status":"close","ping_status":"closed","sticky":false,"template":"","format":"standard","meta":{"_monsterinsights_skip_tracking":false,"_monsterinsights_sitenote_active":false,"_monsterinsights_sitenote_note":"","_monsterinsights_sitenote_category":0,"footnotes":""},"categories":[101],"tags":[],"yoast_head":"<!-- This site is optimized with the Yoast SEO plugin v23.2 - https:\/\/yoast.com\/wordpress\/plugins\/seo\/ -->\n<title>Hausse des vols de voitures \u00e0 Montr\u00e9al - CanadaMotorJobs.com<\/title>\n<meta name=\"description\" content=\"Hausse des vols de voitures \u00e0 Montr\u00e9al - Benoit Charette - Annuel automobile - CanadaMotorJobs.com.\" \/>\n<meta name=\"robots\" content=\"index, follow, max-snippet:-1, max-image-preview:large, max-video-preview:-1\" \/>\n<meta property=\"og:locale\" content=\"fr_CA\" \/>\n<meta property=\"og:type\" content=\"article\" \/>\n<meta property=\"og:title\" content=\"Hausse des vols de voitures \u00e0 Montr\u00e9al - CanadaMotorJobs.com\" \/>\n<meta property=\"og:description\" content=\"Hausse des vols de voitures \u00e0 Montr\u00e9al - Benoit Charette - Annuel automobile - CanadaMotorJobs.com.\" \/>\n<meta property=\"og:url\" content=\"https:\/\/news.canadamotorjobs.com\/fr\/hausse-des-vols-de-voitures-a-montreal\/\" \/>\n<meta property=\"og:site_name\" content=\"CanadaMotorJobs.com\" \/>\n<meta property=\"article:publisher\" content=\"https:\/\/www.facebook.com\/canadamotorjobs\/\" \/>\n<meta property=\"article:published_time\" content=\"2022-08-10T12:41:31+00:00\" \/>\n<meta property=\"article:modified_time\" content=\"2022-08-10T12:45:11+00:00\" \/>\n<meta property=\"og:image\" content=\"https:\/\/news.canadamotorjobs.com\/wp-content\/uploads\/2022\/08\/Auto-Electronic-Auto-Left-Blog_945x525-1.jpg\" \/>\n\t<meta property=\"og:image:width\" content=\"945\" \/>\n\t<meta property=\"og:image:height\" content=\"525\" \/>\n\t<meta property=\"og:image:type\" content=\"image\/jpeg\" \/>\n<meta name=\"author\" content=\"Benoit Charette\" \/>\n<meta name=\"twitter:card\" content=\"summary_large_image\" \/>\n<meta name=\"twitter:creator\" content=\"@canadamotorjobs\" \/>\n<meta name=\"twitter:site\" content=\"@canadamotorjobs\" \/>\n<meta name=\"twitter:label1\" content=\"\u00c9crit par\" \/>\n\t<meta name=\"twitter:data1\" content=\"Benoit Charette\" \/>\n\t<meta name=\"twitter:label2\" content=\"Estimation du temps de lecture\" \/>\n\t<meta name=\"twitter:data2\" content=\"1 minute\" \/>\n<!-- \/ Yoast SEO plugin. -->","yoast_head_json":{"title":"Hausse des vols de voitures \u00e0 Montr\u00e9al - CanadaMotorJobs.com","description":"Hausse des vols de voitures \u00e0 Montr\u00e9al - Benoit Charette - Annuel automobile - CanadaMotorJobs.com.","robots":{"index":"index","follow":"follow","max-snippet":"max-snippet:-1","max-image-preview":"max-image-preview:large","max-video-preview":"max-video-preview:-1"},"og_locale":"fr_CA","og_type":"article","og_title":"Hausse des vols de voitures \u00e0 Montr\u00e9al - CanadaMotorJobs.com","og_description":"Hausse des vols de voitures \u00e0 Montr\u00e9al - Benoit Charette - Annuel automobile - CanadaMotorJobs.com.","og_url":"https:\/\/news.canadamotorjobs.com\/fr\/hausse-des-vols-de-voitures-a-montreal\/","og_site_name":"CanadaMotorJobs.com","article_publisher":"https:\/\/www.facebook.com\/canadamotorjobs\/","article_published_time":"2022-08-10T12:41:31+00:00","article_modified_time":"2022-08-10T12:45:11+00:00","og_image":[{"width":945,"height":525,"url":"https:\/\/news.canadamotorjobs.com\/wp-content\/uploads\/2022\/08\/Auto-Electronic-Auto-Left-Blog_945x525-1.jpg","type":"image\/jpeg"}],"author":"Benoit Charette","twitter_card":"summary_large_image","twitter_creator":"@canadamotorjobs","twitter_site":"@canadamotorjobs","twitter_misc":{"\u00c9crit par":"Benoit Charette","Estimation du temps de lecture":"1 minute"},"schema":{"@context":"https:\/\/schema.org","@graph":[{"@type":"Article","@id":"https:\/\/news.canadamotorjobs.com\/fr\/hausse-des-vols-de-voitures-a-montreal\/#article","isPartOf":{"@id":"https:\/\/news.canadamotorjobs.com\/fr\/hausse-des-vols-de-voitures-a-montreal\/"},"author":{"name":"Benoit Charette","@id":"https:\/\/news.canadamotorjobs.com\/#\/schema\/person\/51793d1f87d44011d7bcc2ed99269a90"},"headline":"Hausse des vols de voitures \u00e0 Montr\u00e9al","datePublished":"2022-08-10T12:41:31+00:00","dateModified":"2022-08-10T12:45:11+00:00","mainEntityOfPage":{"@id":"https:\/\/news.canadamotorjobs.com\/fr\/hausse-des-vols-de-voitures-a-montreal\/"},"wordCount":288,"publisher":{"@id":"https:\/\/news.canadamotorjobs.com\/#organization"},"image":{"@id":"https:\/\/news.canadamotorjobs.com\/fr\/hausse-des-vols-de-voitures-a-montreal\/#primaryimage"},"thumbnailUrl":"https:\/\/news.canadamotorjobs.com\/wp-content\/uploads\/2022\/08\/Auto-Electronic-Auto-Left-Blog_945x525-1.jpg","articleSection":["Annuel automobile"],"inLanguage":"fr-CA"},{"@type":"WebPage","@id":"https:\/\/news.canadamotorjobs.com\/fr\/hausse-des-vols-de-voitures-a-montreal\/","url":"https:\/\/news.canadamotorjobs.com\/fr\/hausse-des-vols-de-voitures-a-montreal\/","name":"Hausse des vols de voitures \u00e0 Montr\u00e9al - CanadaMotorJobs.com","isPartOf":{"@id":"https:\/\/news.canadamotorjobs.com\/#website"},"primaryImageOfPage":{"@id":"https:\/\/news.canadamotorjobs.com\/fr\/hausse-des-vols-de-voitures-a-montreal\/#primaryimage"},"image":{"@id":"https:\/\/news.canadamotorjobs.com\/fr\/hausse-des-vols-de-voitures-a-montreal\/#primaryimage"},"thumbnailUrl":"https:\/\/news.canadamotorjobs.com\/wp-content\/uploads\/2022\/08\/Auto-Electronic-Auto-Left-Blog_945x525-1.jpg","datePublished":"2022-08-10T12:41:31+00:00","dateModified":"2022-08-10T12:45:11+00:00","description":"Hausse des vols de voitures \u00e0 Montr\u00e9al - Benoit Charette - Annuel automobile - CanadaMotorJobs.com.","breadcrumb":{"@id":"https:\/\/news.canadamotorjobs.com\/fr\/hausse-des-vols-de-voitures-a-montreal\/#breadcrumb"},"inLanguage":"fr-CA","potentialAction":[{"@type":"ReadAction","target":["https:\/\/news.canadamotorjobs.com\/fr\/hausse-des-vols-de-voitures-a-montreal\/"]}]},{"@type":"ImageObject","inLanguage":"fr-CA","@id":"https:\/\/news.canadamotorjobs.com\/fr\/hausse-des-vols-de-voitures-a-montreal\/#primaryimage","url":"https:\/\/news.canadamotorjobs.com\/wp-content\/uploads\/2022\/08\/Auto-Electronic-Auto-Left-Blog_945x525-1.jpg","contentUrl":"https:\/\/news.canadamotorjobs.com\/wp-content\/uploads\/2022\/08\/Auto-Electronic-Auto-Left-Blog_945x525-1.jpg","width":945,"height":525},{"@type":"BreadcrumbList","@id":"https:\/\/news.canadamotorjobs.com\/fr\/hausse-des-vols-de-voitures-a-montreal\/#breadcrumb","itemListElement":[{"@type":"ListItem","position":1,"name":"Home","item":"https:\/\/news.canadamotorjobs.com\/fr\/blog\/"},{"@type":"ListItem","position":2,"name":"Hausse des vols de voitures \u00e0 Montr\u00e9al"}]},{"@type":"WebSite","@id":"https:\/\/news.canadamotorjobs.com\/#website","url":"https:\/\/news.canadamotorjobs.com\/","name":"CanadaMotorJobs.com","description":"Automotive Jobs","publisher":{"@id":"https:\/\/news.canadamotorjobs.com\/#organization"},"potentialAction":[{"@type":"SearchAction","target":{"@type":"EntryPoint","urlTemplate":"https:\/\/news.canadamotorjobs.com\/?s={search_term_string}"},"query-input":"required name=search_term_string"}],"inLanguage":"fr-CA"},{"@type":"Organization","@id":"https:\/\/news.canadamotorjobs.com\/#organization","name":"Canada Motor Jobs","url":"https:\/\/news.canadamotorjobs.com\/","logo":{"@type":"ImageObject","inLanguage":"fr-CA","@id":"https:\/\/news.canadamotorjobs.com\/#\/schema\/logo\/image\/","url":"https:\/\/news.canadamotorjobs.com\/wp-content\/uploads\/2022\/10\/logo-canada-motor-jobs-1.png","contentUrl":"https:\/\/news.canadamotorjobs.com\/wp-content\/uploads\/2022\/10\/logo-canada-motor-jobs-1.png","width":800,"height":400,"caption":"Canada Motor Jobs"},"image":{"@id":"https:\/\/news.canadamotorjobs.com\/#\/schema\/logo\/image\/"},"sameAs":["https:\/\/www.facebook.com\/canadamotorjobs\/","https:\/\/x.com\/canadamotorjobs","https:\/\/www.instagram.com\/canadamotorjobs\/","https:\/\/www.linkedin.com\/company\/canadamotorjobs"]},{"@type":"Person","@id":"https:\/\/news.canadamotorjobs.com\/#\/schema\/person\/51793d1f87d44011d7bcc2ed99269a90","name":"Benoit Charette","image":{"@type":"ImageObject","inLanguage":"fr-CA","@id":"https:\/\/news.canadamotorjobs.com\/#\/schema\/person\/image\/","url":"https:\/\/secure.gravatar.com\/avatar\/45f3d2eebcccd909668d7ce7ea7267b6?s=96&d=mm&r=g","contentUrl":"https:\/\/secure.gravatar.com\/avatar\/45f3d2eebcccd909668d7ce7ea7267b6?s=96&d=mm&r=g","caption":"Benoit Charette"},"description":"Benoit Charette \/ Propri\u00e9taire et r\u00e9dacteur en chef Benoit Charette pratique le journalisme automobile depuis bient\u00f4t 30 ans. Il a fait ses classes au c\u00f4t\u00e9 de Daniel H\u00e9raud et au Carnet de route de 1992 \u00e0 2001. Il est fondateur, copropri\u00e9taire et r\u00e9dacteur en chef de L\u2019Annuel de l\u2019automobile, qu\u2019il publie depuis 2001. Il a anim\u00e9 les \u00e9missions RPM et RPM+ sur V et les L\u00e9gendes de la route sur Historia. \u00c0 la radio depuis 1986, il reprend l\u2019antenne cette ann\u00e9e sur les ondes de Cogeco et participe pour la deuxi\u00e8me ann\u00e9e \u00e0 l\u2019\u00e9mission Passion Auto sur RDS en plus de mettre en ligne le site Web officiel de L\u2019Annuel de l\u2019automobile sur annuelauto.ca.","sameAs":["https:\/\/annuelauto.ca\/"],"url":"https:\/\/news.canadamotorjobs.com\/fr\/author\/benoit-charette\/"}]}},"_links":{"self":[{"href":"https:\/\/news.canadamotorjobs.com\/fr\/wp-json\/wp\/v2\/posts\/42644"}],"collection":[{"href":"https:\/\/news.canadamotorjobs.com\/fr\/wp-json\/wp\/v2\/posts"}],"about":[{"href":"https:\/\/news.canadamotorjobs.com\/fr\/wp-json\/wp\/v2\/types\/post"}],"author":[{"embeddable":true,"href":"https:\/\/news.canadamotorjobs.com\/fr\/wp-json\/wp\/v2\/users\/8"}],"replies":[{"embeddable":true,"href":"https:\/\/news.canadamotorjobs.com\/fr\/wp-json\/wp\/v2\/comments?post=42644"}],"version-history":[{"count":0,"href":"https:\/\/news.canadamotorjobs.com\/fr\/wp-json\/wp\/v2\/posts\/42644\/revisions"}],"wp:featuredmedia":[{"embeddable":true,"href":"https:\/\/news.canadamotorjobs.com\/fr\/wp-json\/wp\/v2\/media\/42648"}],"wp:attachment":[{"href":"https:\/\/news.canadamotorjobs.com\/fr\/wp-json\/wp\/v2\/media?parent=42644"}],"wp:term":[{"taxonomy":"category","embeddable":true,"href":"https:\/\/news.canadamotorjobs.com\/fr\/wp-json\/wp\/v2\/categories?post=42644"},{"taxonomy":"post_tag","embeddable":true,"href":"https:\/\/news.canadamotorjobs.com\/fr\/wp-json\/wp\/v2\/tags?post=42644"}],"curies":[{"name":"wp","href":"https:\/\/api.w.org\/{rel}","templated":true}]}}