{"id":42632,"date":"2022-08-09T08:25:56","date_gmt":"2022-08-09T12:25:56","guid":{"rendered":"https:\/\/blog.canadamotorjobs.com\/seulement-8-mazda-mx-30-vendus-aux-etats-unis-en-juillet\/"},"modified":"2022-08-09T08:28:57","modified_gmt":"2022-08-09T12:28:57","slug":"seulement-8-mazda-mx-30-vendus-aux-etats-unis-en-juillet","status":"publish","type":"post","link":"https:\/\/news.canadamotorjobs.com\/fr\/seulement-8-mazda-mx-30-vendus-aux-etats-unis-en-juillet\/","title":{"rendered":"Seulement 8 Mazda MX-30 vendus aux \u00c9tats-Unis en juillet"},"content":{"rendered":"<\/p>\n<p>Pour la m\u00eame p\u00e9riode, le Canada en a vendu 73. Alors que la majorit\u00e9 des gens qui recherchent un v\u00e9hicule \u00e9lectrique doivent attendre entre 18 et 24 mois, parfois plus, pour leur v\u00e9hicule, Mazda n\u2019arrive pas \u00e0 vendre son MX-30. Il faut mettre le bl\u00e2me sur le prix \u00e9lev\u00e9 et la faible autonomie de 160\u00a0km (en \u00e9t\u00e9). Mazda au moment du lancement de ce mod\u00e8le a fait le pari de la voiture \u00e9lectrique de proximit\u00e9. De toute \u00e9vidence, la firme d\u2019Hiroshima a perdu ce pari.<br \/> Et maintenant, que vais-je faire\u2009?<br \/> Et maintenant que vais-je faire. Je vais en rire pour ne plus pleurer disait Gilbert B\u00e9caud. Mazda devra \u00e0 court terme prendre une d\u00e9cision. Il y a un mod\u00e8le hybride branchable qui arrive bient\u00f4t et devrait donner un coup de pouce au mod\u00e8le. Souhaitons seulement que l\u2019autonomie soit bonne. On ne peut pas dire que le MX-30 est compl\u00e8tement rat\u00e9. Mazda a r\u00e9ussi \u00e0 vendre 468 unit\u00e9s du MX-30 depuis le d\u00e9but de l\u2019ann\u00e9e 2022. Ce qui n\u2019est pas mauvais, mais consid\u00e9rant l\u2019\u00e9norme demande et le peu de mod\u00e8les disponibles, Mazda aurait pu faire beaucoup mieux.<br \/> Trop cher et pas assez d\u2019autonomie<br \/> Le probl\u00e8me est malheureusement insoluble. M\u00eame si Mazda a affirm\u00e9 qu\u2019une autonomie de 160\u00a0km r\u00e9pond \u00e0 95\u00a0% des besoins des automobilistes, la r\u00e9alit\u00e9 est que dans le monde de V\u00c9 on doit arriver sur le march\u00e9 en ce moment avec un v\u00e9hicule capable de faire 400\u00a0km au minimum avec un prix sous les 40\u00a0000$ pour attirer l\u2019attention des<\/p>\n","protected":false},"excerpt":{"rendered":"<p>Pour la m\u00eame p\u00e9riode, le Canada en a vendu 73. Alors que la majorit\u00e9 des gens qui recherchent un v\u00e9hicule \u00e9lectrique doivent attendre entre 18 et 24 mois, parfois plus, pour leur v\u00e9hicule, Mazda n\u2019arrive pas \u00e0 vendre son MX-30. Il faut mettre le bl\u00e2me sur le prix \u00e9lev\u00e9 et la faible autonomie de 160\u00a0km [&hellip;]<\/p>\n","protected":false},"author":8,"featured_media":42636,"comment_status":"close","ping_status":"closed","sticky":false,"template":"","format":"standard","meta":{"_monsterinsights_skip_tracking":false,"_monsterinsights_sitenote_active":false,"_monsterinsights_sitenote_note":"","_monsterinsights_sitenote_category":0,"footnotes":""},"categories":[101],"tags":[],"yoast_head":"<!-- This site is optimized with the Yoast SEO plugin v23.2 - https:\/\/yoast.com\/wordpress\/plugins\/seo\/ -->\n<title>Seulement 8 Mazda MX-30 vendus aux \u00c9tats-Unis en juillet - CanadaMotorJobs.com<\/title>\n<meta name=\"description\" content=\"Seulement 8 Mazda MX-30 vendus aux \u00c9tats-Unis en juillet - Benoit Charette - Annuel automobile - CanadaMotorJobs.com.\" \/>\n<meta name=\"robots\" content=\"index, follow, max-snippet:-1, max-image-preview:large, max-video-preview:-1\" \/>\n<meta property=\"og:locale\" content=\"fr_CA\" \/>\n<meta property=\"og:type\" content=\"article\" \/>\n<meta property=\"og:title\" content=\"Seulement 8 Mazda MX-30 vendus aux \u00c9tats-Unis en juillet - CanadaMotorJobs.com\" \/>\n<meta property=\"og:description\" content=\"Seulement 8 Mazda MX-30 vendus aux \u00c9tats-Unis en juillet - Benoit Charette - Annuel automobile - CanadaMotorJobs.com.\" \/>\n<meta property=\"og:url\" content=\"https:\/\/news.canadamotorjobs.com\/fr\/seulement-8-mazda-mx-30-vendus-aux-etats-unis-en-juillet\/\" \/>\n<meta property=\"og:site_name\" content=\"CanadaMotorJobs.com\" \/>\n<meta property=\"article:publisher\" content=\"https:\/\/www.facebook.com\/canadamotorjobs\/\" \/>\n<meta property=\"article:published_time\" content=\"2022-08-09T12:25:56+00:00\" \/>\n<meta property=\"article:modified_time\" content=\"2022-08-09T12:28:57+00:00\" \/>\n<meta property=\"og:image\" content=\"https:\/\/news.canadamotorjobs.com\/wp-content\/uploads\/2022\/08\/2022-Mazda-MX-30-EV_Montreal-31-1.jpg\" \/>\n\t<meta property=\"og:image:width\" content=\"1383\" \/>\n\t<meta property=\"og:image:height\" content=\"1000\" \/>\n\t<meta property=\"og:image:type\" content=\"image\/jpeg\" \/>\n<meta name=\"author\" content=\"Benoit Charette\" \/>\n<meta name=\"twitter:card\" content=\"summary_large_image\" \/>\n<meta name=\"twitter:creator\" content=\"@canadamotorjobs\" \/>\n<meta name=\"twitter:site\" content=\"@canadamotorjobs\" \/>\n<meta name=\"twitter:label1\" content=\"\u00c9crit par\" \/>\n\t<meta name=\"twitter:data1\" content=\"Benoit Charette\" \/>\n\t<meta name=\"twitter:label2\" content=\"Estimation du temps de lecture\" \/>\n\t<meta name=\"twitter:data2\" content=\"1 minute\" \/>\n<!-- \/ Yoast SEO plugin. -->","yoast_head_json":{"title":"Seulement 8 Mazda MX-30 vendus aux \u00c9tats-Unis en juillet - CanadaMotorJobs.com","description":"Seulement 8 Mazda MX-30 vendus aux \u00c9tats-Unis en juillet - Benoit Charette - Annuel automobile - CanadaMotorJobs.com.","robots":{"index":"index","follow":"follow","max-snippet":"max-snippet:-1","max-image-preview":"max-image-preview:large","max-video-preview":"max-video-preview:-1"},"og_locale":"fr_CA","og_type":"article","og_title":"Seulement 8 Mazda MX-30 vendus aux \u00c9tats-Unis en juillet - CanadaMotorJobs.com","og_description":"Seulement 8 Mazda MX-30 vendus aux \u00c9tats-Unis en juillet - Benoit Charette - Annuel automobile - CanadaMotorJobs.com.","og_url":"https:\/\/news.canadamotorjobs.com\/fr\/seulement-8-mazda-mx-30-vendus-aux-etats-unis-en-juillet\/","og_site_name":"CanadaMotorJobs.com","article_publisher":"https:\/\/www.facebook.com\/canadamotorjobs\/","article_published_time":"2022-08-09T12:25:56+00:00","article_modified_time":"2022-08-09T12:28:57+00:00","og_image":[{"width":1383,"height":1000,"url":"https:\/\/news.canadamotorjobs.com\/wp-content\/uploads\/2022\/08\/2022-Mazda-MX-30-EV_Montreal-31-1.jpg","type":"image\/jpeg"}],"author":"Benoit Charette","twitter_card":"summary_large_image","twitter_creator":"@canadamotorjobs","twitter_site":"@canadamotorjobs","twitter_misc":{"\u00c9crit par":"Benoit Charette","Estimation du temps de lecture":"1 minute"},"schema":{"@context":"https:\/\/schema.org","@graph":[{"@type":"Article","@id":"https:\/\/news.canadamotorjobs.com\/fr\/seulement-8-mazda-mx-30-vendus-aux-etats-unis-en-juillet\/#article","isPartOf":{"@id":"https:\/\/news.canadamotorjobs.com\/fr\/seulement-8-mazda-mx-30-vendus-aux-etats-unis-en-juillet\/"},"author":{"name":"Benoit Charette","@id":"https:\/\/news.canadamotorjobs.com\/#\/schema\/person\/51793d1f87d44011d7bcc2ed99269a90"},"headline":"Seulement 8 Mazda MX-30 vendus aux \u00c9tats-Unis en juillet","datePublished":"2022-08-09T12:25:56+00:00","dateModified":"2022-08-09T12:28:57+00:00","mainEntityOfPage":{"@id":"https:\/\/news.canadamotorjobs.com\/fr\/seulement-8-mazda-mx-30-vendus-aux-etats-unis-en-juillet\/"},"wordCount":279,"publisher":{"@id":"https:\/\/news.canadamotorjobs.com\/#organization"},"image":{"@id":"https:\/\/news.canadamotorjobs.com\/fr\/seulement-8-mazda-mx-30-vendus-aux-etats-unis-en-juillet\/#primaryimage"},"thumbnailUrl":"https:\/\/news.canadamotorjobs.com\/wp-content\/uploads\/2022\/08\/2022-Mazda-MX-30-EV_Montreal-31-1.jpg","articleSection":["Annuel automobile"],"inLanguage":"fr-CA"},{"@type":"WebPage","@id":"https:\/\/news.canadamotorjobs.com\/fr\/seulement-8-mazda-mx-30-vendus-aux-etats-unis-en-juillet\/","url":"https:\/\/news.canadamotorjobs.com\/fr\/seulement-8-mazda-mx-30-vendus-aux-etats-unis-en-juillet\/","name":"Seulement 8 Mazda MX-30 vendus aux \u00c9tats-Unis en juillet - CanadaMotorJobs.com","isPartOf":{"@id":"https:\/\/news.canadamotorjobs.com\/#website"},"primaryImageOfPage":{"@id":"https:\/\/news.canadamotorjobs.com\/fr\/seulement-8-mazda-mx-30-vendus-aux-etats-unis-en-juillet\/#primaryimage"},"image":{"@id":"https:\/\/news.canadamotorjobs.com\/fr\/seulement-8-mazda-mx-30-vendus-aux-etats-unis-en-juillet\/#primaryimage"},"thumbnailUrl":"https:\/\/news.canadamotorjobs.com\/wp-content\/uploads\/2022\/08\/2022-Mazda-MX-30-EV_Montreal-31-1.jpg","datePublished":"2022-08-09T12:25:56+00:00","dateModified":"2022-08-09T12:28:57+00:00","description":"Seulement 8 Mazda MX-30 vendus aux \u00c9tats-Unis en juillet - Benoit Charette - Annuel automobile - CanadaMotorJobs.com.","breadcrumb":{"@id":"https:\/\/news.canadamotorjobs.com\/fr\/seulement-8-mazda-mx-30-vendus-aux-etats-unis-en-juillet\/#breadcrumb"},"inLanguage":"fr-CA","potentialAction":[{"@type":"ReadAction","target":["https:\/\/news.canadamotorjobs.com\/fr\/seulement-8-mazda-mx-30-vendus-aux-etats-unis-en-juillet\/"]}]},{"@type":"ImageObject","inLanguage":"fr-CA","@id":"https:\/\/news.canadamotorjobs.com\/fr\/seulement-8-mazda-mx-30-vendus-aux-etats-unis-en-juillet\/#primaryimage","url":"https:\/\/news.canadamotorjobs.com\/wp-content\/uploads\/2022\/08\/2022-Mazda-MX-30-EV_Montreal-31-1.jpg","contentUrl":"https:\/\/news.canadamotorjobs.com\/wp-content\/uploads\/2022\/08\/2022-Mazda-MX-30-EV_Montreal-31-1.jpg","width":1383,"height":1000},{"@type":"BreadcrumbList","@id":"https:\/\/news.canadamotorjobs.com\/fr\/seulement-8-mazda-mx-30-vendus-aux-etats-unis-en-juillet\/#breadcrumb","itemListElement":[{"@type":"ListItem","position":1,"name":"Home","item":"https:\/\/news.canadamotorjobs.com\/fr\/blog\/"},{"@type":"ListItem","position":2,"name":"Seulement 8 Mazda MX-30 vendus aux \u00c9tats-Unis en juillet"}]},{"@type":"WebSite","@id":"https:\/\/news.canadamotorjobs.com\/#website","url":"https:\/\/news.canadamotorjobs.com\/","name":"CanadaMotorJobs.com","description":"Automotive Jobs","publisher":{"@id":"https:\/\/news.canadamotorjobs.com\/#organization"},"potentialAction":[{"@type":"SearchAction","target":{"@type":"EntryPoint","urlTemplate":"https:\/\/news.canadamotorjobs.com\/?s={search_term_string}"},"query-input":"required name=search_term_string"}],"inLanguage":"fr-CA"},{"@type":"Organization","@id":"https:\/\/news.canadamotorjobs.com\/#organization","name":"Canada Motor Jobs","url":"https:\/\/news.canadamotorjobs.com\/","logo":{"@type":"ImageObject","inLanguage":"fr-CA","@id":"https:\/\/news.canadamotorjobs.com\/#\/schema\/logo\/image\/","url":"https:\/\/news.canadamotorjobs.com\/wp-content\/uploads\/2022\/10\/logo-canada-motor-jobs-1.png","contentUrl":"https:\/\/news.canadamotorjobs.com\/wp-content\/uploads\/2022\/10\/logo-canada-motor-jobs-1.png","width":800,"height":400,"caption":"Canada Motor Jobs"},"image":{"@id":"https:\/\/news.canadamotorjobs.com\/#\/schema\/logo\/image\/"},"sameAs":["https:\/\/www.facebook.com\/canadamotorjobs\/","https:\/\/x.com\/canadamotorjobs","https:\/\/www.instagram.com\/canadamotorjobs\/","https:\/\/www.linkedin.com\/company\/canadamotorjobs"]},{"@type":"Person","@id":"https:\/\/news.canadamotorjobs.com\/#\/schema\/person\/51793d1f87d44011d7bcc2ed99269a90","name":"Benoit Charette","image":{"@type":"ImageObject","inLanguage":"fr-CA","@id":"https:\/\/news.canadamotorjobs.com\/#\/schema\/person\/image\/","url":"https:\/\/secure.gravatar.com\/avatar\/45f3d2eebcccd909668d7ce7ea7267b6?s=96&d=mm&r=g","contentUrl":"https:\/\/secure.gravatar.com\/avatar\/45f3d2eebcccd909668d7ce7ea7267b6?s=96&d=mm&r=g","caption":"Benoit Charette"},"description":"Benoit Charette \/ Propri\u00e9taire et r\u00e9dacteur en chef Benoit Charette pratique le journalisme automobile depuis bient\u00f4t 30 ans. Il a fait ses classes au c\u00f4t\u00e9 de Daniel H\u00e9raud et au Carnet de route de 1992 \u00e0 2001. Il est fondateur, copropri\u00e9taire et r\u00e9dacteur en chef de L\u2019Annuel de l\u2019automobile, qu\u2019il publie depuis 2001. Il a anim\u00e9 les \u00e9missions RPM et RPM+ sur V et les L\u00e9gendes de la route sur Historia. \u00c0 la radio depuis 1986, il reprend l\u2019antenne cette ann\u00e9e sur les ondes de Cogeco et participe pour la deuxi\u00e8me ann\u00e9e \u00e0 l\u2019\u00e9mission Passion Auto sur RDS en plus de mettre en ligne le site Web officiel de L\u2019Annuel de l\u2019automobile sur annuelauto.ca.","sameAs":["https:\/\/annuelauto.ca\/"],"url":"https:\/\/news.canadamotorjobs.com\/fr\/author\/benoit-charette\/"}]}},"_links":{"self":[{"href":"https:\/\/news.canadamotorjobs.com\/fr\/wp-json\/wp\/v2\/posts\/42632"}],"collection":[{"href":"https:\/\/news.canadamotorjobs.com\/fr\/wp-json\/wp\/v2\/posts"}],"about":[{"href":"https:\/\/news.canadamotorjobs.com\/fr\/wp-json\/wp\/v2\/types\/post"}],"author":[{"embeddable":true,"href":"https:\/\/news.canadamotorjobs.com\/fr\/wp-json\/wp\/v2\/users\/8"}],"replies":[{"embeddable":true,"href":"https:\/\/news.canadamotorjobs.com\/fr\/wp-json\/wp\/v2\/comments?post=42632"}],"version-history":[{"count":0,"href":"https:\/\/news.canadamotorjobs.com\/fr\/wp-json\/wp\/v2\/posts\/42632\/revisions"}],"wp:featuredmedia":[{"embeddable":true,"href":"https:\/\/news.canadamotorjobs.com\/fr\/wp-json\/wp\/v2\/media\/42636"}],"wp:attachment":[{"href":"https:\/\/news.canadamotorjobs.com\/fr\/wp-json\/wp\/v2\/media?parent=42632"}],"wp:term":[{"taxonomy":"category","embeddable":true,"href":"https:\/\/news.canadamotorjobs.com\/fr\/wp-json\/wp\/v2\/categories?post=42632"},{"taxonomy":"post_tag","embeddable":true,"href":"https:\/\/news.canadamotorjobs.com\/fr\/wp-json\/wp\/v2\/tags?post=42632"}],"curies":[{"name":"wp","href":"https:\/\/api.w.org\/{rel}","templated":true}]}}