{"id":42624,"date":"2022-08-09T07:48:29","date_gmt":"2022-08-09T11:48:29","guid":{"rendered":"https:\/\/blog.canadamotorjobs.com\/deux-motos-et-un-hydroptere-electrique-pour-la-societe-brp\/"},"modified":"2022-08-09T09:10:11","modified_gmt":"2022-08-09T13:10:11","slug":"deux-motos-et-un-hydroptere-electrique-pour-la-societe-brp","status":"publish","type":"post","link":"https:\/\/news.canadamotorjobs.com\/fr\/deux-motos-et-un-hydroptere-electrique-pour-la-societe-brp\/","title":{"rendered":"Deux motos et un hydropt\u00e8re \u00e9lectrique pour la soci\u00e9t\u00e9 BRP"},"content":{"rendered":"<p>La soci\u00e9t\u00e9 qu\u00e9b\u00e9coise BRP a r\u00e9v\u00e9l\u00e9 un trio de nouveaux v\u00e9hicules \u00e9lectriques de deux de ses marques, Can-Am et Sea-Doo. Can-Am pr\u00e9sente une paire de motos, et Sea-Doo une planche \u00e0 aile portante \u00e9lectrique. Les trois v\u00e9hicules sont destin\u00e9s \u00e0 la production, mais malheureusement, les marques ne partagent pas beaucoup de d\u00e9tails et nous devrons attendre un certain temps pour en savoir plus.<\/p>\n<h3>Ce que nous savons<\/h3>\n<p>Les motos Can-Am sont destin\u00e9es \u00e0 deux march\u00e9s diff\u00e9rents. L&#8217;une s&#8217;appelle Origin, et c&#8217;est une moto bi-sport con\u00e7ue \u00e0 la fois pour la route et l&#8217;aventure hors route. L&#8217;autre est la Pulse, qui est uniquement une moto de route. Elles sont toutes deux dot\u00e9es de composants biseaut\u00e9s et de phares \u00e0 DEL carr\u00e9s. Elles poss\u00e8dent \u00e9galement les accents verts fluorescents qui sont apparemment n\u00e9cessaires si vous voulez dire au monde que vous avez quelque chose d&#8217;\u00e9lectrique. Nous aimons beaucoup le design des deux motos, car elles sont modernes, sportives et uniques sans \u00eatre trop agressives. Le look l\u00e9g\u00e8rement vintage de l&#8217;Origin est \u00e9galement tr\u00e8s s\u00e9duisant. Elles sont \u00e9galement propuls\u00e9es par des moteurs \u00e9lectriques Rotax, prennent en charge la recharge de niveau 2 et sont \u00e0 transmission directe, ce qui permet de se passer d&#8217;une bo\u00eete de vitesses ou d&#8217;une CVT.<\/p>\n<h3>La planche \u00e0 aile portante<\/h3>\n<p>C&#8217;est une situation similaire avec le Sea-Doo Rise. Elle pr\u00e9sente le m\u00eame type de couleurs que les motos Can-Am, mais son design est ultra-minimal. Elle comporte \u00e9galement une aile d\u00e9ployable cr\u00e9ant de la portance et en poussant la<\/p>\n","protected":false},"excerpt":{"rendered":"<p>La soci\u00e9t\u00e9 qu\u00e9b\u00e9coise BRP a r\u00e9v\u00e9l\u00e9 un trio de nouveaux v\u00e9hicules \u00e9lectriques de deux de ses marques, Can-Am et Sea-Doo. Can-Am pr\u00e9sente une paire de motos, et Sea-Doo une planche \u00e0 aile portante \u00e9lectrique. Les trois v\u00e9hicules sont destin\u00e9s \u00e0 la production, mais malheureusement, les marques ne partagent pas beaucoup de d\u00e9tails et nous devrons [&hellip;]<\/p>\n","protected":false},"author":8,"featured_media":42628,"comment_status":"close","ping_status":"closed","sticky":false,"template":"","format":"standard","meta":{"_monsterinsights_skip_tracking":false,"_monsterinsights_sitenote_active":false,"_monsterinsights_sitenote_note":"","_monsterinsights_sitenote_category":0,"footnotes":""},"categories":[101],"tags":[131],"yoast_head":"<!-- This site is optimized with the Yoast SEO plugin v23.2 - https:\/\/yoast.com\/wordpress\/plugins\/seo\/ -->\n<title>Deux motos et un hydropt\u00e8re \u00e9lectrique pour la soci\u00e9t\u00e9 BRP - CanadaMotorJobs.com<\/title>\n<meta name=\"description\" content=\"Deux motos et un hydropt\u00e8re \u00e9lectrique pour la soci\u00e9t\u00e9 BRP - Benoit Charette - Annuel automobile - CanadaMotorJobs.com.\" \/>\n<meta name=\"robots\" content=\"index, follow, max-snippet:-1, max-image-preview:large, max-video-preview:-1\" \/>\n<meta property=\"og:locale\" content=\"fr_CA\" \/>\n<meta property=\"og:type\" content=\"article\" \/>\n<meta property=\"og:title\" content=\"Deux motos et un hydropt\u00e8re \u00e9lectrique pour la soci\u00e9t\u00e9 BRP - CanadaMotorJobs.com\" \/>\n<meta property=\"og:description\" content=\"Deux motos et un hydropt\u00e8re \u00e9lectrique pour la soci\u00e9t\u00e9 BRP - Benoit Charette - Annuel automobile - CanadaMotorJobs.com.\" \/>\n<meta property=\"og:url\" content=\"https:\/\/news.canadamotorjobs.com\/fr\/deux-motos-et-un-hydroptere-electrique-pour-la-societe-brp\/\" \/>\n<meta property=\"og:site_name\" content=\"CanadaMotorJobs.com\" \/>\n<meta property=\"article:publisher\" content=\"https:\/\/www.facebook.com\/canadamotorjobs\/\" \/>\n<meta property=\"article:published_time\" content=\"2022-08-09T11:48:29+00:00\" \/>\n<meta property=\"article:modified_time\" content=\"2022-08-09T13:10:11+00:00\" \/>\n<meta property=\"og:image\" content=\"https:\/\/news.canadamotorjobs.com\/wp-content\/uploads\/2022\/08\/Cam-Am-Origin-Pulse-1024x555-1-1.jpg\" \/>\n\t<meta property=\"og:image:width\" content=\"1024\" \/>\n\t<meta property=\"og:image:height\" content=\"555\" \/>\n\t<meta property=\"og:image:type\" content=\"image\/jpeg\" \/>\n<meta name=\"author\" content=\"Benoit Charette\" \/>\n<meta name=\"twitter:card\" content=\"summary_large_image\" \/>\n<meta name=\"twitter:creator\" content=\"@canadamotorjobs\" \/>\n<meta name=\"twitter:site\" content=\"@canadamotorjobs\" \/>\n<meta name=\"twitter:label1\" content=\"\u00c9crit par\" \/>\n\t<meta name=\"twitter:data1\" content=\"Benoit Charette\" \/>\n\t<meta name=\"twitter:label2\" content=\"Estimation du temps de lecture\" \/>\n\t<meta name=\"twitter:data2\" content=\"2 minutes\" \/>\n<!-- \/ Yoast SEO plugin. -->","yoast_head_json":{"title":"Deux motos et un hydropt\u00e8re \u00e9lectrique pour la soci\u00e9t\u00e9 BRP - CanadaMotorJobs.com","description":"Deux motos et un hydropt\u00e8re \u00e9lectrique pour la soci\u00e9t\u00e9 BRP - Benoit Charette - Annuel automobile - CanadaMotorJobs.com.","robots":{"index":"index","follow":"follow","max-snippet":"max-snippet:-1","max-image-preview":"max-image-preview:large","max-video-preview":"max-video-preview:-1"},"og_locale":"fr_CA","og_type":"article","og_title":"Deux motos et un hydropt\u00e8re \u00e9lectrique pour la soci\u00e9t\u00e9 BRP - CanadaMotorJobs.com","og_description":"Deux motos et un hydropt\u00e8re \u00e9lectrique pour la soci\u00e9t\u00e9 BRP - Benoit Charette - Annuel automobile - CanadaMotorJobs.com.","og_url":"https:\/\/news.canadamotorjobs.com\/fr\/deux-motos-et-un-hydroptere-electrique-pour-la-societe-brp\/","og_site_name":"CanadaMotorJobs.com","article_publisher":"https:\/\/www.facebook.com\/canadamotorjobs\/","article_published_time":"2022-08-09T11:48:29+00:00","article_modified_time":"2022-08-09T13:10:11+00:00","og_image":[{"width":1024,"height":555,"url":"https:\/\/news.canadamotorjobs.com\/wp-content\/uploads\/2022\/08\/Cam-Am-Origin-Pulse-1024x555-1-1.jpg","type":"image\/jpeg"}],"author":"Benoit Charette","twitter_card":"summary_large_image","twitter_creator":"@canadamotorjobs","twitter_site":"@canadamotorjobs","twitter_misc":{"\u00c9crit par":"Benoit Charette","Estimation du temps de lecture":"2 minutes"},"schema":{"@context":"https:\/\/schema.org","@graph":[{"@type":"Article","@id":"https:\/\/news.canadamotorjobs.com\/fr\/deux-motos-et-un-hydroptere-electrique-pour-la-societe-brp\/#article","isPartOf":{"@id":"https:\/\/news.canadamotorjobs.com\/fr\/deux-motos-et-un-hydroptere-electrique-pour-la-societe-brp\/"},"author":{"name":"Benoit Charette","@id":"https:\/\/news.canadamotorjobs.com\/#\/schema\/person\/51793d1f87d44011d7bcc2ed99269a90"},"headline":"Deux motos et un hydropt\u00e8re \u00e9lectrique pour la soci\u00e9t\u00e9 BRP","datePublished":"2022-08-09T11:48:29+00:00","dateModified":"2022-08-09T13:10:11+00:00","mainEntityOfPage":{"@id":"https:\/\/news.canadamotorjobs.com\/fr\/deux-motos-et-un-hydroptere-electrique-pour-la-societe-brp\/"},"wordCount":293,"publisher":{"@id":"https:\/\/news.canadamotorjobs.com\/#organization"},"image":{"@id":"https:\/\/news.canadamotorjobs.com\/fr\/deux-motos-et-un-hydroptere-electrique-pour-la-societe-brp\/#primaryimage"},"thumbnailUrl":"https:\/\/news.canadamotorjobs.com\/wp-content\/uploads\/2022\/08\/Cam-Am-Origin-Pulse-1024x555-1-1.jpg","keywords":["Newsletter"],"articleSection":["Annuel automobile"],"inLanguage":"fr-CA"},{"@type":"WebPage","@id":"https:\/\/news.canadamotorjobs.com\/fr\/deux-motos-et-un-hydroptere-electrique-pour-la-societe-brp\/","url":"https:\/\/news.canadamotorjobs.com\/fr\/deux-motos-et-un-hydroptere-electrique-pour-la-societe-brp\/","name":"Deux motos et un hydropt\u00e8re \u00e9lectrique pour la soci\u00e9t\u00e9 BRP - CanadaMotorJobs.com","isPartOf":{"@id":"https:\/\/news.canadamotorjobs.com\/#website"},"primaryImageOfPage":{"@id":"https:\/\/news.canadamotorjobs.com\/fr\/deux-motos-et-un-hydroptere-electrique-pour-la-societe-brp\/#primaryimage"},"image":{"@id":"https:\/\/news.canadamotorjobs.com\/fr\/deux-motos-et-un-hydroptere-electrique-pour-la-societe-brp\/#primaryimage"},"thumbnailUrl":"https:\/\/news.canadamotorjobs.com\/wp-content\/uploads\/2022\/08\/Cam-Am-Origin-Pulse-1024x555-1-1.jpg","datePublished":"2022-08-09T11:48:29+00:00","dateModified":"2022-08-09T13:10:11+00:00","description":"Deux motos et un hydropt\u00e8re \u00e9lectrique pour la soci\u00e9t\u00e9 BRP - Benoit Charette - Annuel automobile - CanadaMotorJobs.com.","breadcrumb":{"@id":"https:\/\/news.canadamotorjobs.com\/fr\/deux-motos-et-un-hydroptere-electrique-pour-la-societe-brp\/#breadcrumb"},"inLanguage":"fr-CA","potentialAction":[{"@type":"ReadAction","target":["https:\/\/news.canadamotorjobs.com\/fr\/deux-motos-et-un-hydroptere-electrique-pour-la-societe-brp\/"]}]},{"@type":"ImageObject","inLanguage":"fr-CA","@id":"https:\/\/news.canadamotorjobs.com\/fr\/deux-motos-et-un-hydroptere-electrique-pour-la-societe-brp\/#primaryimage","url":"https:\/\/news.canadamotorjobs.com\/wp-content\/uploads\/2022\/08\/Cam-Am-Origin-Pulse-1024x555-1-1.jpg","contentUrl":"https:\/\/news.canadamotorjobs.com\/wp-content\/uploads\/2022\/08\/Cam-Am-Origin-Pulse-1024x555-1-1.jpg","width":1024,"height":555},{"@type":"BreadcrumbList","@id":"https:\/\/news.canadamotorjobs.com\/fr\/deux-motos-et-un-hydroptere-electrique-pour-la-societe-brp\/#breadcrumb","itemListElement":[{"@type":"ListItem","position":1,"name":"Home","item":"https:\/\/news.canadamotorjobs.com\/fr\/blog\/"},{"@type":"ListItem","position":2,"name":"Deux motos et un hydropt\u00e8re \u00e9lectrique pour la soci\u00e9t\u00e9 BRP"}]},{"@type":"WebSite","@id":"https:\/\/news.canadamotorjobs.com\/#website","url":"https:\/\/news.canadamotorjobs.com\/","name":"CanadaMotorJobs.com","description":"Automotive Jobs","publisher":{"@id":"https:\/\/news.canadamotorjobs.com\/#organization"},"potentialAction":[{"@type":"SearchAction","target":{"@type":"EntryPoint","urlTemplate":"https:\/\/news.canadamotorjobs.com\/?s={search_term_string}"},"query-input":"required name=search_term_string"}],"inLanguage":"fr-CA"},{"@type":"Organization","@id":"https:\/\/news.canadamotorjobs.com\/#organization","name":"Canada Motor Jobs","url":"https:\/\/news.canadamotorjobs.com\/","logo":{"@type":"ImageObject","inLanguage":"fr-CA","@id":"https:\/\/news.canadamotorjobs.com\/#\/schema\/logo\/image\/","url":"https:\/\/news.canadamotorjobs.com\/wp-content\/uploads\/2022\/10\/logo-canada-motor-jobs-1.png","contentUrl":"https:\/\/news.canadamotorjobs.com\/wp-content\/uploads\/2022\/10\/logo-canada-motor-jobs-1.png","width":800,"height":400,"caption":"Canada Motor Jobs"},"image":{"@id":"https:\/\/news.canadamotorjobs.com\/#\/schema\/logo\/image\/"},"sameAs":["https:\/\/www.facebook.com\/canadamotorjobs\/","https:\/\/x.com\/canadamotorjobs","https:\/\/www.instagram.com\/canadamotorjobs\/","https:\/\/www.linkedin.com\/company\/canadamotorjobs"]},{"@type":"Person","@id":"https:\/\/news.canadamotorjobs.com\/#\/schema\/person\/51793d1f87d44011d7bcc2ed99269a90","name":"Benoit Charette","image":{"@type":"ImageObject","inLanguage":"fr-CA","@id":"https:\/\/news.canadamotorjobs.com\/#\/schema\/person\/image\/","url":"https:\/\/secure.gravatar.com\/avatar\/45f3d2eebcccd909668d7ce7ea7267b6?s=96&d=mm&r=g","contentUrl":"https:\/\/secure.gravatar.com\/avatar\/45f3d2eebcccd909668d7ce7ea7267b6?s=96&d=mm&r=g","caption":"Benoit Charette"},"description":"Benoit Charette \/ Propri\u00e9taire et r\u00e9dacteur en chef Benoit Charette pratique le journalisme automobile depuis bient\u00f4t 30 ans. Il a fait ses classes au c\u00f4t\u00e9 de Daniel H\u00e9raud et au Carnet de route de 1992 \u00e0 2001. Il est fondateur, copropri\u00e9taire et r\u00e9dacteur en chef de L\u2019Annuel de l\u2019automobile, qu\u2019il publie depuis 2001. Il a anim\u00e9 les \u00e9missions RPM et RPM+ sur V et les L\u00e9gendes de la route sur Historia. \u00c0 la radio depuis 1986, il reprend l\u2019antenne cette ann\u00e9e sur les ondes de Cogeco et participe pour la deuxi\u00e8me ann\u00e9e \u00e0 l\u2019\u00e9mission Passion Auto sur RDS en plus de mettre en ligne le site Web officiel de L\u2019Annuel de l\u2019automobile sur annuelauto.ca.","sameAs":["https:\/\/annuelauto.ca\/"],"url":"https:\/\/news.canadamotorjobs.com\/fr\/author\/benoit-charette\/"}]}},"_links":{"self":[{"href":"https:\/\/news.canadamotorjobs.com\/fr\/wp-json\/wp\/v2\/posts\/42624"}],"collection":[{"href":"https:\/\/news.canadamotorjobs.com\/fr\/wp-json\/wp\/v2\/posts"}],"about":[{"href":"https:\/\/news.canadamotorjobs.com\/fr\/wp-json\/wp\/v2\/types\/post"}],"author":[{"embeddable":true,"href":"https:\/\/news.canadamotorjobs.com\/fr\/wp-json\/wp\/v2\/users\/8"}],"replies":[{"embeddable":true,"href":"https:\/\/news.canadamotorjobs.com\/fr\/wp-json\/wp\/v2\/comments?post=42624"}],"version-history":[{"count":0,"href":"https:\/\/news.canadamotorjobs.com\/fr\/wp-json\/wp\/v2\/posts\/42624\/revisions"}],"wp:featuredmedia":[{"embeddable":true,"href":"https:\/\/news.canadamotorjobs.com\/fr\/wp-json\/wp\/v2\/media\/42628"}],"wp:attachment":[{"href":"https:\/\/news.canadamotorjobs.com\/fr\/wp-json\/wp\/v2\/media?parent=42624"}],"wp:term":[{"taxonomy":"category","embeddable":true,"href":"https:\/\/news.canadamotorjobs.com\/fr\/wp-json\/wp\/v2\/categories?post=42624"},{"taxonomy":"post_tag","embeddable":true,"href":"https:\/\/news.canadamotorjobs.com\/fr\/wp-json\/wp\/v2\/tags?post=42624"}],"curies":[{"name":"wp","href":"https:\/\/api.w.org\/{rel}","templated":true}]}}